{"id":1194,"date":"2022-08-17T13:07:01","date_gmt":"2022-08-17T16:07:01","guid":{"rendered":"https:\/\/brasilnoticias.org\/site\/?p=1194"},"modified":"2022-08-17T13:07:01","modified_gmt":"2022-08-17T16:07:01","slug":"enderson-lamenta-gol-no-fim-mas-elogia-o-bahia-nao-faltou-nada","status":"publish","type":"post","link":"https:\/\/brasilnoticias.org\/site\/enderson-lamenta-gol-no-fim-mas-elogia-o-bahia-nao-faltou-nada\/","title":{"rendered":"ENDERSON LAMENTA GOL NO FIM, MAS ELOGIA O BAHIA: \u201cN\u00c3O FALTOU NADA"},"content":{"rendered":"<p>O t\u00e9cnico Enderson Moreira ficou satisfeito com a atua\u00e7\u00e3o do\u00a0<a href=\"https:\/\/www.bnews.com.br\/noticias\/esporte\/tricolor-empata-com-londrina-fora-de-casa.html\" target=\"_blank\" rel=\"noopener\">Bahia no\u00a0empate com o Londrina<\/a>. Ap\u00f3s a partida, o treinador lamentou o gol sofrido no \u00faltimo minuto de jogo, mas ignorou os problemas e elogiou o desempenho da equipe.<\/p>\n<p>\u201cN\u00e3o faltou concentra\u00e7\u00e3o, n\u00e3o faltou nada. (\u2026) No \u00faltimo lance, eles foram felizes. Faz parte do futebol. Temos que procurar ter lucidez, sem procurar culpados e, acima de tudo, muita tranquilidade para poder lidar com isso. N\u00e3o fazer disso um problema maior do que foi na verdade\u201d, disse.<\/p>\n<p>O comandante tamb\u00e9m valorizou o advers\u00e1rio e gordura criada\u00a0<a href=\"https:\/\/www.bnews.com.br\/noticias\/esporte\/bahia-oficializa-contratacao-de-ytalo-seu-ultimo-reforco-da-janela-de-transferencias.html\" target=\"_blank\" rel=\"noopener\">pelo Bahi<\/a>a no G-4. \u201cFoi uma atua\u00e7\u00e3o consistente de um advers\u00e1rio direto, n\u00f3s estamos enfrentando um advers\u00e1rio direto nos seus dom\u00ednios. E a vantagem se manteve, n\u00e9? Viemos para c\u00e1 com a diferen\u00e7a de nove pontos e a gente t\u00e1 saindo com a mesma diferen\u00e7a. Podia ter aumentado? Podia. Mas faz parte do futebol, n\u00e3o vamos lamentar. O Londrina poderia ter feito o gol at\u00e9 no final do primeiro tempo, que eles tiveram pelo menos umas duas oportunidades\u201d.<\/p>\n<p>O Enderson ainda comemorou os 12 dias de intervalo para o duelo contra o Vasco. \u201cAcho que esse per\u00edodo vai ser muito importante para a gente conseguir recuperar os atletas. Precisamos num primeiro momento \u00e9 dar uma recuperada [nos jogadores] e depois teremos uma semana aberta para um cl\u00e1ssico contra o Vasco. Estamos recebendo o apoio do torcedor, que t\u00e1 acreditando, e o nosso torcedor tem sido fundamental nos jogos que a gente tem jogado na Fonte Nova. Ent\u00e3o a gente conta muito com esse apoio, vai ser um jogo muito dif\u00edcil, um jogo que a gente precisa trabalhar bem, com intelig\u00eancia, para fazermos uma grande partida\u201d.<\/p>\n<p>&nbsp;<\/p>\n<p>&nbsp;<\/p>\n<p>&nbsp;<\/p>\n<p>Bnews<\/p>\n","protected":false},"excerpt":{"rendered":"<p>O t\u00e9cnico Enderson Moreira ficou satisfeito com a atua\u00e7\u00e3o do\u00a0Bahia no\u00a0empate com o Londrina. Ap\u00f3s a partida, o treinador lamentou<\/p>\n","protected":false},"author":2,"featured_media":1195,"comment_status":"open","ping_status":"open","sticky":false,"template":"","format":"standard","meta":{"colormag_page_container_layout":"default_layout","colormag_page_sidebar_layout":"default_layout","_FSMCFIC_featured_image_caption":"","_FSMCFIC_featured_image_nocaption":"","_FSMCFIC_featured_image_hide":"","footnotes":""},"categories":[4,1],"tags":[],"class_list":["post-1194","post","type-post","status-publish","format-standard","has-post-thumbnail","hentry","category-esporte","category-ultimas"],"yoast_head":"<!-- This site is optimized with the Yoast SEO plugin v27.1.1 - https:\/\/yoast.com\/product\/yoast-seo-wordpress\/ -->\n<title>ENDERSON LAMENTA GOL NO FIM, MAS ELOGIA O BAHIA: \u201cN\u00c3O FALTOU NADA - Brasil not\u00edcias<\/title>\n<meta name=\"robots\" content=\"index, follow, max-snippet:-1, max-image-preview:large, max-video-preview:-1\" \/>\n<link rel=\"canonical\" href=\"https:\/\/brasilnoticias.org\/site\/enderson-lamenta-gol-no-fim-mas-elogia-o-bahia-nao-faltou-nada\/\" \/>\n<meta property=\"og:locale\" content=\"pt_PT\" \/>\n<meta property=\"og:type\" content=\"article\" \/>\n<meta property=\"og:title\" content=\"ENDERSON LAMENTA GOL NO FIM, MAS ELOGIA O BAHIA: \u201cN\u00c3O FALTOU NADA - Brasil not\u00edcias\" \/>\n<meta property=\"og:description\" content=\"O t\u00e9cnico Enderson Moreira ficou satisfeito com a atua\u00e7\u00e3o do\u00a0Bahia no\u00a0empate com o Londrina. Ap\u00f3s a partida, o treinador lamentou\" \/>\n<meta property=\"og:url\" content=\"https:\/\/brasilnoticias.org\/site\/enderson-lamenta-gol-no-fim-mas-elogia-o-bahia-nao-faltou-nada\/\" \/>\n<meta property=\"og:site_name\" content=\"Brasil not\u00edcias\" \/>\n<meta property=\"article:published_time\" content=\"2022-08-17T16:07:01+00:00\" \/>\n<meta property=\"og:image\" content=\"https:\/\/brasilnoticias.org\/site\/wp-content\/uploads\/2022\/08\/ec_bahia_widelg.jpg\" \/>\n\t<meta property=\"og:image:width\" content=\"420\" \/>\n\t<meta property=\"og:image:height\" content=\"262\" \/>\n\t<meta property=\"og:image:type\" content=\"image\/jpeg\" \/>\n<meta name=\"author\" content=\"Reda\u00e7\u00e3o\" \/>\n<meta name=\"twitter:card\" content=\"summary_large_image\" \/>\n<meta name=\"twitter:label1\" content=\"Escrito por\" \/>\n\t<meta name=\"twitter:data1\" content=\"Reda\u00e7\u00e3o\" \/>\n\t<meta name=\"twitter:label2\" content=\"Tempo estimado de leitura\" \/>\n\t<meta name=\"twitter:data2\" content=\"2 minutos\" \/>\n<script type=\"application\/ld+json\" class=\"yoast-schema-graph\">{\"@context\":\"https:\/\/schema.org\",\"@graph\":[{\"@type\":\"Article\",\"@id\":\"https:\/\/brasilnoticias.org\/site\/enderson-lamenta-gol-no-fim-mas-elogia-o-bahia-nao-faltou-nada\/#article\",\"isPartOf\":{\"@id\":\"https:\/\/brasilnoticias.org\/site\/enderson-lamenta-gol-no-fim-mas-elogia-o-bahia-nao-faltou-nada\/\"},\"author\":{\"name\":\"Reda\u00e7\u00e3o\",\"@id\":\"https:\/\/brasilnoticias.org\/site\/#\/schema\/person\/f609fa847b5314f1c8b983342f34c798\"},\"headline\":\"ENDERSON LAMENTA GOL NO FIM, MAS ELOGIA O BAHIA: \u201cN\u00c3O FALTOU NADA\",\"datePublished\":\"2022-08-17T16:07:01+00:00\",\"mainEntityOfPage\":{\"@id\":\"https:\/\/brasilnoticias.org\/site\/enderson-lamenta-gol-no-fim-mas-elogia-o-bahia-nao-faltou-nada\/\"},\"wordCount\":318,\"commentCount\":0,\"publisher\":{\"@id\":\"https:\/\/brasilnoticias.org\/site\/#organization\"},\"image\":{\"@id\":\"https:\/\/brasilnoticias.org\/site\/enderson-lamenta-gol-no-fim-mas-elogia-o-bahia-nao-faltou-nada\/#primaryimage\"},\"thumbnailUrl\":\"https:\/\/brasilnoticias.org\/site\/wp-content\/uploads\/2022\/08\/ec_bahia_widelg.jpg\",\"articleSection\":[\"Esporte\",\"\u00daltimas\"],\"inLanguage\":\"pt-PT\",\"potentialAction\":[{\"@type\":\"CommentAction\",\"name\":\"Comment\",\"target\":[\"https:\/\/brasilnoticias.org\/site\/enderson-lamenta-gol-no-fim-mas-elogia-o-bahia-nao-faltou-nada\/#respond\"]}]},{\"@type\":\"WebPage\",\"@id\":\"https:\/\/brasilnoticias.org\/site\/enderson-lamenta-gol-no-fim-mas-elogia-o-bahia-nao-faltou-nada\/\",\"url\":\"https:\/\/brasilnoticias.org\/site\/enderson-lamenta-gol-no-fim-mas-elogia-o-bahia-nao-faltou-nada\/\",\"name\":\"ENDERSON LAMENTA GOL NO FIM, MAS ELOGIA O BAHIA: \u201cN\u00c3O FALTOU NADA - Brasil not\u00edcias\",\"isPartOf\":{\"@id\":\"https:\/\/brasilnoticias.org\/site\/#website\"},\"primaryImageOfPage\":{\"@id\":\"https:\/\/brasilnoticias.org\/site\/enderson-lamenta-gol-no-fim-mas-elogia-o-bahia-nao-faltou-nada\/#primaryimage\"},\"image\":{\"@id\":\"https:\/\/brasilnoticias.org\/site\/enderson-lamenta-gol-no-fim-mas-elogia-o-bahia-nao-faltou-nada\/#primaryimage\"},\"thumbnailUrl\":\"https:\/\/brasilnoticias.org\/site\/wp-content\/uploads\/2022\/08\/ec_bahia_widelg.jpg\",\"datePublished\":\"2022-08-17T16:07:01+00:00\",\"breadcrumb\":{\"@id\":\"https:\/\/brasilnoticias.org\/site\/enderson-lamenta-gol-no-fim-mas-elogia-o-bahia-nao-faltou-nada\/#breadcrumb\"},\"inLanguage\":\"pt-PT\",\"potentialAction\":[{\"@type\":\"ReadAction\",\"target\":[\"https:\/\/brasilnoticias.org\/site\/enderson-lamenta-gol-no-fim-mas-elogia-o-bahia-nao-faltou-nada\/\"]}]},{\"@type\":\"ImageObject\",\"inLanguage\":\"pt-PT\",\"@id\":\"https:\/\/brasilnoticias.org\/site\/enderson-lamenta-gol-no-fim-mas-elogia-o-bahia-nao-faltou-nada\/#primaryimage\",\"url\":\"https:\/\/brasilnoticias.org\/site\/wp-content\/uploads\/2022\/08\/ec_bahia_widelg.jpg\",\"contentUrl\":\"https:\/\/brasilnoticias.org\/site\/wp-content\/uploads\/2022\/08\/ec_bahia_widelg.jpg\",\"width\":420,\"height\":262},{\"@type\":\"BreadcrumbList\",\"@id\":\"https:\/\/brasilnoticias.org\/site\/enderson-lamenta-gol-no-fim-mas-elogia-o-bahia-nao-faltou-nada\/#breadcrumb\",\"itemListElement\":[{\"@type\":\"ListItem\",\"position\":1,\"name\":\"In\u00edcio\",\"item\":\"https:\/\/brasilnoticias.org\/site\/\"},{\"@type\":\"ListItem\",\"position\":2,\"name\":\"ENDERSON LAMENTA GOL NO FIM, MAS ELOGIA O BAHIA: \u201cN\u00c3O FALTOU NADA\"}]},{\"@type\":\"WebSite\",\"@id\":\"https:\/\/brasilnoticias.org\/site\/#website\",\"url\":\"https:\/\/brasilnoticias.org\/site\/\",\"name\":\"Brasil not\u00edcias\",\"description\":\"Brasil not\u00edcias\",\"publisher\":{\"@id\":\"https:\/\/brasilnoticias.org\/site\/#organization\"},\"potentialAction\":[{\"@type\":\"SearchAction\",\"target\":{\"@type\":\"EntryPoint\",\"urlTemplate\":\"https:\/\/brasilnoticias.org\/site\/?s={search_term_string}\"},\"query-input\":{\"@type\":\"PropertyValueSpecification\",\"valueRequired\":true,\"valueName\":\"search_term_string\"}}],\"inLanguage\":\"pt-PT\"},{\"@type\":\"Organization\",\"@id\":\"https:\/\/brasilnoticias.org\/site\/#organization\",\"name\":\"Brasil not\u00edcias\",\"url\":\"https:\/\/brasilnoticias.org\/site\/\",\"logo\":{\"@type\":\"ImageObject\",\"inLanguage\":\"pt-PT\",\"@id\":\"https:\/\/brasilnoticias.org\/site\/#\/schema\/logo\/image\/\",\"url\":\"https:\/\/brasilnoticias.org\/site\/wp-content\/uploads\/2022\/05\/cropped-brasilnoticias-mini.jpg\",\"contentUrl\":\"https:\/\/brasilnoticias.org\/site\/wp-content\/uploads\/2022\/05\/cropped-brasilnoticias-mini.jpg\",\"width\":314,\"height\":86,\"caption\":\"Brasil not\u00edcias\"},\"image\":{\"@id\":\"https:\/\/brasilnoticias.org\/site\/#\/schema\/logo\/image\/\"}},{\"@type\":\"Person\",\"@id\":\"https:\/\/brasilnoticias.org\/site\/#\/schema\/person\/f609fa847b5314f1c8b983342f34c798\",\"name\":\"Reda\u00e7\u00e3o\",\"image\":{\"@type\":\"ImageObject\",\"inLanguage\":\"pt-PT\",\"@id\":\"https:\/\/brasilnoticias.org\/site\/#\/schema\/person\/image\/\",\"url\":\"https:\/\/secure.gravatar.com\/avatar\/447284c06c1ad8b46465a36de9cd0d8326b73387a22799b8b1ffb1fbcff2ed0c?s=96&d=mm&r=g\",\"contentUrl\":\"https:\/\/secure.gravatar.com\/avatar\/447284c06c1ad8b46465a36de9cd0d8326b73387a22799b8b1ffb1fbcff2ed0c?s=96&d=mm&r=g\",\"caption\":\"Reda\u00e7\u00e3o\"},\"url\":\"https:\/\/brasilnoticias.org\/site\/author\/redacao\/\"}]}<\/script>\n<!-- \/ Yoast SEO plugin. -->","yoast_head_json":{"title":"ENDERSON LAMENTA GOL NO FIM, MAS ELOGIA O BAHIA: \u201cN\u00c3O FALTOU NADA - Brasil not\u00edcias","robots":{"index":"index","follow":"follow","max-snippet":"max-snippet:-1","max-image-preview":"max-image-preview:large","max-video-preview":"max-video-preview:-1"},"canonical":"https:\/\/brasilnoticias.org\/site\/enderson-lamenta-gol-no-fim-mas-elogia-o-bahia-nao-faltou-nada\/","og_locale":"pt_PT","og_type":"article","og_title":"ENDERSON LAMENTA GOL NO FIM, MAS ELOGIA O BAHIA: \u201cN\u00c3O FALTOU NADA - Brasil not\u00edcias","og_description":"O t\u00e9cnico Enderson Moreira ficou satisfeito com a atua\u00e7\u00e3o do\u00a0Bahia no\u00a0empate com o Londrina. Ap\u00f3s a partida, o treinador lamentou","og_url":"https:\/\/brasilnoticias.org\/site\/enderson-lamenta-gol-no-fim-mas-elogia-o-bahia-nao-faltou-nada\/","og_site_name":"Brasil not\u00edcias","article_published_time":"2022-08-17T16:07:01+00:00","og_image":[{"width":420,"height":262,"url":"https:\/\/brasilnoticias.org\/site\/wp-content\/uploads\/2022\/08\/ec_bahia_widelg.jpg","type":"image\/jpeg"}],"author":"Reda\u00e7\u00e3o","twitter_card":"summary_large_image","twitter_misc":{"Escrito por":"Reda\u00e7\u00e3o","Tempo estimado de leitura":"2 minutos"},"schema":{"@context":"https:\/\/schema.org","@graph":[{"@type":"Article","@id":"https:\/\/brasilnoticias.org\/site\/enderson-lamenta-gol-no-fim-mas-elogia-o-bahia-nao-faltou-nada\/#article","isPartOf":{"@id":"https:\/\/brasilnoticias.org\/site\/enderson-lamenta-gol-no-fim-mas-elogia-o-bahia-nao-faltou-nada\/"},"author":{"name":"Reda\u00e7\u00e3o","@id":"https:\/\/brasilnoticias.org\/site\/#\/schema\/person\/f609fa847b5314f1c8b983342f34c798"},"headline":"ENDERSON LAMENTA GOL NO FIM, MAS ELOGIA O BAHIA: \u201cN\u00c3O FALTOU NADA","datePublished":"2022-08-17T16:07:01+00:00","mainEntityOfPage":{"@id":"https:\/\/brasilnoticias.org\/site\/enderson-lamenta-gol-no-fim-mas-elogia-o-bahia-nao-faltou-nada\/"},"wordCount":318,"commentCount":0,"publisher":{"@id":"https:\/\/brasilnoticias.org\/site\/#organization"},"image":{"@id":"https:\/\/brasilnoticias.org\/site\/enderson-lamenta-gol-no-fim-mas-elogia-o-bahia-nao-faltou-nada\/#primaryimage"},"thumbnailUrl":"https:\/\/brasilnoticias.org\/site\/wp-content\/uploads\/2022\/08\/ec_bahia_widelg.jpg","articleSection":["Esporte","\u00daltimas"],"inLanguage":"pt-PT","potentialAction":[{"@type":"CommentAction","name":"Comment","target":["https:\/\/brasilnoticias.org\/site\/enderson-lamenta-gol-no-fim-mas-elogia-o-bahia-nao-faltou-nada\/#respond"]}]},{"@type":"WebPage","@id":"https:\/\/brasilnoticias.org\/site\/enderson-lamenta-gol-no-fim-mas-elogia-o-bahia-nao-faltou-nada\/","url":"https:\/\/brasilnoticias.org\/site\/enderson-lamenta-gol-no-fim-mas-elogia-o-bahia-nao-faltou-nada\/","name":"ENDERSON LAMENTA GOL NO FIM, MAS ELOGIA O BAHIA: \u201cN\u00c3O FALTOU NADA - Brasil not\u00edcias","isPartOf":{"@id":"https:\/\/brasilnoticias.org\/site\/#website"},"primaryImageOfPage":{"@id":"https:\/\/brasilnoticias.org\/site\/enderson-lamenta-gol-no-fim-mas-elogia-o-bahia-nao-faltou-nada\/#primaryimage"},"image":{"@id":"https:\/\/brasilnoticias.org\/site\/enderson-lamenta-gol-no-fim-mas-elogia-o-bahia-nao-faltou-nada\/#primaryimage"},"thumbnailUrl":"https:\/\/brasilnoticias.org\/site\/wp-content\/uploads\/2022\/08\/ec_bahia_widelg.jpg","datePublished":"2022-08-17T16:07:01+00:00","breadcrumb":{"@id":"https:\/\/brasilnoticias.org\/site\/enderson-lamenta-gol-no-fim-mas-elogia-o-bahia-nao-faltou-nada\/#breadcrumb"},"inLanguage":"pt-PT","potentialAction":[{"@type":"ReadAction","target":["https:\/\/brasilnoticias.org\/site\/enderson-lamenta-gol-no-fim-mas-elogia-o-bahia-nao-faltou-nada\/"]}]},{"@type":"ImageObject","inLanguage":"pt-PT","@id":"https:\/\/brasilnoticias.org\/site\/enderson-lamenta-gol-no-fim-mas-elogia-o-bahia-nao-faltou-nada\/#primaryimage","url":"https:\/\/brasilnoticias.org\/site\/wp-content\/uploads\/2022\/08\/ec_bahia_widelg.jpg","contentUrl":"https:\/\/brasilnoticias.org\/site\/wp-content\/uploads\/2022\/08\/ec_bahia_widelg.jpg","width":420,"height":262},{"@type":"BreadcrumbList","@id":"https:\/\/brasilnoticias.org\/site\/enderson-lamenta-gol-no-fim-mas-elogia-o-bahia-nao-faltou-nada\/#breadcrumb","itemListElement":[{"@type":"ListItem","position":1,"name":"In\u00edcio","item":"https:\/\/brasilnoticias.org\/site\/"},{"@type":"ListItem","position":2,"name":"ENDERSON LAMENTA GOL NO FIM, MAS ELOGIA O BAHIA: \u201cN\u00c3O FALTOU NADA"}]},{"@type":"WebSite","@id":"https:\/\/brasilnoticias.org\/site\/#website","url":"https:\/\/brasilnoticias.org\/site\/","name":"Brasil not\u00edcias","description":"Brasil not\u00edcias","publisher":{"@id":"https:\/\/brasilnoticias.org\/site\/#organization"},"potentialAction":[{"@type":"SearchAction","target":{"@type":"EntryPoint","urlTemplate":"https:\/\/brasilnoticias.org\/site\/?s={search_term_string}"},"query-input":{"@type":"PropertyValueSpecification","valueRequired":true,"valueName":"search_term_string"}}],"inLanguage":"pt-PT"},{"@type":"Organization","@id":"https:\/\/brasilnoticias.org\/site\/#organization","name":"Brasil not\u00edcias","url":"https:\/\/brasilnoticias.org\/site\/","logo":{"@type":"ImageObject","inLanguage":"pt-PT","@id":"https:\/\/brasilnoticias.org\/site\/#\/schema\/logo\/image\/","url":"https:\/\/brasilnoticias.org\/site\/wp-content\/uploads\/2022\/05\/cropped-brasilnoticias-mini.jpg","contentUrl":"https:\/\/brasilnoticias.org\/site\/wp-content\/uploads\/2022\/05\/cropped-brasilnoticias-mini.jpg","width":314,"height":86,"caption":"Brasil not\u00edcias"},"image":{"@id":"https:\/\/brasilnoticias.org\/site\/#\/schema\/logo\/image\/"}},{"@type":"Person","@id":"https:\/\/brasilnoticias.org\/site\/#\/schema\/person\/f609fa847b5314f1c8b983342f34c798","name":"Reda\u00e7\u00e3o","image":{"@type":"ImageObject","inLanguage":"pt-PT","@id":"https:\/\/brasilnoticias.org\/site\/#\/schema\/person\/image\/","url":"https:\/\/secure.gravatar.com\/avatar\/447284c06c1ad8b46465a36de9cd0d8326b73387a22799b8b1ffb1fbcff2ed0c?s=96&d=mm&r=g","contentUrl":"https:\/\/secure.gravatar.com\/avatar\/447284c06c1ad8b46465a36de9cd0d8326b73387a22799b8b1ffb1fbcff2ed0c?s=96&d=mm&r=g","caption":"Reda\u00e7\u00e3o"},"url":"https:\/\/brasilnoticias.org\/site\/author\/redacao\/"}]}},"_links":{"self":[{"href":"https:\/\/brasilnoticias.org\/site\/wp-json\/wp\/v2\/posts\/1194","targetHints":{"allow":["GET"]}}],"collection":[{"href":"https:\/\/brasilnoticias.org\/site\/wp-json\/wp\/v2\/posts"}],"about":[{"href":"https:\/\/brasilnoticias.org\/site\/wp-json\/wp\/v2\/types\/post"}],"author":[{"embeddable":true,"href":"https:\/\/brasilnoticias.org\/site\/wp-json\/wp\/v2\/users\/2"}],"replies":[{"embeddable":true,"href":"https:\/\/brasilnoticias.org\/site\/wp-json\/wp\/v2\/comments?post=1194"}],"version-history":[{"count":1,"href":"https:\/\/brasilnoticias.org\/site\/wp-json\/wp\/v2\/posts\/1194\/revisions"}],"predecessor-version":[{"id":1196,"href":"https:\/\/brasilnoticias.org\/site\/wp-json\/wp\/v2\/posts\/1194\/revisions\/1196"}],"wp:featuredmedia":[{"embeddable":true,"href":"https:\/\/brasilnoticias.org\/site\/wp-json\/wp\/v2\/media\/1195"}],"wp:attachment":[{"href":"https:\/\/brasilnoticias.org\/site\/wp-json\/wp\/v2\/media?parent=1194"}],"wp:term":[{"taxonomy":"category","embeddable":true,"href":"https:\/\/brasilnoticias.org\/site\/wp-json\/wp\/v2\/categories?post=1194"},{"taxonomy":"post_tag","embeddable":true,"href":"https:\/\/brasilnoticias.org\/site\/wp-json\/wp\/v2\/tags?post=1194"}],"curies":[{"name":"wp","href":"https:\/\/api.w.org\/{rel}","templated":true}]}}