{"id":11948,"date":"2024-01-03T13:00:05","date_gmt":"2024-01-03T16:00:05","guid":{"rendered":"https:\/\/brasilnoticias.org\/site\/?p=11948"},"modified":"2024-01-03T13:00:05","modified_gmt":"2024-01-03T16:00:05","slug":"piloto-de-lancha-envolvido-em-acidente-na-ilha-de-boipeba-tem-prisao-convertida-para-preventiva","status":"publish","type":"post","link":"https:\/\/brasilnoticias.org\/site\/piloto-de-lancha-envolvido-em-acidente-na-ilha-de-boipeba-tem-prisao-convertida-para-preventiva\/","title":{"rendered":"Piloto de lancha envolvido em acidente na ilha de Boipeba tem pris\u00e3o convertida para preventiva"},"content":{"rendered":"<p>De acordo com a Pol\u00edcia Civil, o homem apresentava sinais de embriaguez no momento da pris\u00e3o<\/p>\n<p>O piloto que conduzia a lancha que bateu contra outra embarca\u00e7\u00e3o e causou a morte de duas pessoas na ilha de Boipeba, no sul da Bahia, teve a pris\u00e3o convertida para preventiva nesta ter\u00e7a-feira (2).<\/p>\n<p>Segundo informa\u00e7\u00f5es da Pol\u00edcia Civil, o marinheiro apresentava sinais de embriaguez no momento da pris\u00e3o e \u00e9 reincidente no crime. Testemunhas afirmaram ter visto o piloto ingerindo bebida alco\u00f3lica durante o passeio.<\/p>\n<p>O acidente ocorreu no dia 29 de dezembro, em um local conhecido como &#8220;Rio do Inferno&#8221;, nas imedia\u00e7\u00f5es do Encantado, no trecho conhecido como Cruzinha, na ilha.<\/p>\n<p>As v\u00edtimas do acidente eram turistas e foram identificadas como Larissa Laryssa Galantini, uma bi\u00f3loga de 35 anos, e M\u00e1rio Cabral, advogado de 34. Uma outra mulher chegou a ficar desaparecida, mas foi encontrada com vida.<\/p>\n<p>O piloto da lancha atingida ficou ferido, mas recebeu alta do Hospital de Valen\u00e7a no \u00faltimo s\u00e1bado (30). A embarca\u00e7\u00e3o estava com 12 passageiros.<\/p>\n<p>Foto: Reprodu\u00e7\u00e3o\/Redes sociais<br \/>\nPor: Metro1 <\/p>\n","protected":false},"excerpt":{"rendered":"<p>De acordo com a Pol\u00edcia Civil, o homem apresentava sinais de embriaguez no momento da pris\u00e3o O piloto que conduzia<\/p>\n","protected":false},"author":4,"featured_media":11949,"comment_status":"open","ping_status":"open","sticky":false,"template":"","format":"standard","meta":{"colormag_page_container_layout":"default_layout","colormag_page_sidebar_layout":"default_layout","_FSMCFIC_featured_image_caption":"","_FSMCFIC_featured_image_nocaption":"","_FSMCFIC_featured_image_hide":"","footnotes":""},"categories":[7,1],"tags":[],"class_list":["post-11948","post","type-post","status-publish","format-standard","has-post-thumbnail","hentry","category-justica","category-ultimas"],"yoast_head":"<!-- This site is optimized with the Yoast SEO plugin v27.1.1 - https:\/\/yoast.com\/product\/yoast-seo-wordpress\/ -->\n<title>Piloto de lancha envolvido em acidente na ilha de Boipeba tem pris\u00e3o convertida para preventiva - Brasil not\u00edcias<\/title>\n<meta name=\"robots\" content=\"index, follow, max-snippet:-1, max-image-preview:large, max-video-preview:-1\" \/>\n<link rel=\"canonical\" href=\"https:\/\/brasilnoticias.org\/site\/piloto-de-lancha-envolvido-em-acidente-na-ilha-de-boipeba-tem-prisao-convertida-para-preventiva\/\" \/>\n<meta property=\"og:locale\" content=\"pt_PT\" \/>\n<meta property=\"og:type\" content=\"article\" \/>\n<meta property=\"og:title\" content=\"Piloto de lancha envolvido em acidente na ilha de Boipeba tem pris\u00e3o convertida para preventiva - Brasil not\u00edcias\" \/>\n<meta property=\"og:description\" content=\"De acordo com a Pol\u00edcia Civil, o homem apresentava sinais de embriaguez no momento da pris\u00e3o O piloto que conduzia\" \/>\n<meta property=\"og:url\" content=\"https:\/\/brasilnoticias.org\/site\/piloto-de-lancha-envolvido-em-acidente-na-ilha-de-boipeba-tem-prisao-convertida-para-preventiva\/\" \/>\n<meta property=\"og:site_name\" content=\"Brasil not\u00edcias\" \/>\n<meta property=\"article:published_time\" content=\"2024-01-03T16:00:05+00:00\" \/>\n<meta property=\"og:image\" content=\"https:\/\/brasilnoticias.org\/site\/wp-content\/uploads\/2024\/01\/144854piloto-de-lancha-envolvido-em-acidente-na-ilha-de-boipeba-tem-prisao-convertida-para-preventiva-3.jpg\" \/>\n\t<meta property=\"og:image:width\" content=\"1600\" \/>\n\t<meta property=\"og:image:height\" content=\"752\" \/>\n\t<meta property=\"og:image:type\" content=\"image\/jpeg\" \/>\n<meta name=\"author\" content=\"Reda\u00e7\u00e3o\" \/>\n<meta name=\"twitter:card\" content=\"summary_large_image\" \/>\n<meta name=\"twitter:label1\" content=\"Escrito por\" \/>\n\t<meta name=\"twitter:data1\" content=\"Reda\u00e7\u00e3o\" \/>\n<script type=\"application\/ld+json\" class=\"yoast-schema-graph\">{\"@context\":\"https:\/\/schema.org\",\"@graph\":[{\"@type\":\"Article\",\"@id\":\"https:\/\/brasilnoticias.org\/site\/piloto-de-lancha-envolvido-em-acidente-na-ilha-de-boipeba-tem-prisao-convertida-para-preventiva\/#article\",\"isPartOf\":{\"@id\":\"https:\/\/brasilnoticias.org\/site\/piloto-de-lancha-envolvido-em-acidente-na-ilha-de-boipeba-tem-prisao-convertida-para-preventiva\/\"},\"author\":{\"name\":\"Reda\u00e7\u00e3o\",\"@id\":\"https:\/\/brasilnoticias.org\/site\/#\/schema\/person\/03bbbfe6c7634ad18c26444ea39049fa\"},\"headline\":\"Piloto de lancha envolvido em acidente na ilha de Boipeba tem pris\u00e3o convertida para preventiva\",\"datePublished\":\"2024-01-03T16:00:05+00:00\",\"mainEntityOfPage\":{\"@id\":\"https:\/\/brasilnoticias.org\/site\/piloto-de-lancha-envolvido-em-acidente-na-ilha-de-boipeba-tem-prisao-convertida-para-preventiva\/\"},\"wordCount\":202,\"commentCount\":0,\"publisher\":{\"@id\":\"https:\/\/brasilnoticias.org\/site\/#organization\"},\"image\":{\"@id\":\"https:\/\/brasilnoticias.org\/site\/piloto-de-lancha-envolvido-em-acidente-na-ilha-de-boipeba-tem-prisao-convertida-para-preventiva\/#primaryimage\"},\"thumbnailUrl\":\"https:\/\/brasilnoticias.org\/site\/wp-content\/uploads\/2024\/01\/144854piloto-de-lancha-envolvido-em-acidente-na-ilha-de-boipeba-tem-prisao-convertida-para-preventiva-3.jpg\",\"articleSection\":[\"Justi\u00e7a\",\"\u00daltimas\"],\"inLanguage\":\"pt-PT\",\"potentialAction\":[{\"@type\":\"CommentAction\",\"name\":\"Comment\",\"target\":[\"https:\/\/brasilnoticias.org\/site\/piloto-de-lancha-envolvido-em-acidente-na-ilha-de-boipeba-tem-prisao-convertida-para-preventiva\/#respond\"]}]},{\"@type\":\"WebPage\",\"@id\":\"https:\/\/brasilnoticias.org\/site\/piloto-de-lancha-envolvido-em-acidente-na-ilha-de-boipeba-tem-prisao-convertida-para-preventiva\/\",\"url\":\"https:\/\/brasilnoticias.org\/site\/piloto-de-lancha-envolvido-em-acidente-na-ilha-de-boipeba-tem-prisao-convertida-para-preventiva\/\",\"name\":\"Piloto de lancha envolvido em acidente na ilha de Boipeba tem pris\u00e3o convertida para preventiva - Brasil not\u00edcias\",\"isPartOf\":{\"@id\":\"https:\/\/brasilnoticias.org\/site\/#website\"},\"primaryImageOfPage\":{\"@id\":\"https:\/\/brasilnoticias.org\/site\/piloto-de-lancha-envolvido-em-acidente-na-ilha-de-boipeba-tem-prisao-convertida-para-preventiva\/#primaryimage\"},\"image\":{\"@id\":\"https:\/\/brasilnoticias.org\/site\/piloto-de-lancha-envolvido-em-acidente-na-ilha-de-boipeba-tem-prisao-convertida-para-preventiva\/#primaryimage\"},\"thumbnailUrl\":\"https:\/\/brasilnoticias.org\/site\/wp-content\/uploads\/2024\/01\/144854piloto-de-lancha-envolvido-em-acidente-na-ilha-de-boipeba-tem-prisao-convertida-para-preventiva-3.jpg\",\"datePublished\":\"2024-01-03T16:00:05+00:00\",\"breadcrumb\":{\"@id\":\"https:\/\/brasilnoticias.org\/site\/piloto-de-lancha-envolvido-em-acidente-na-ilha-de-boipeba-tem-prisao-convertida-para-preventiva\/#breadcrumb\"},\"inLanguage\":\"pt-PT\",\"potentialAction\":[{\"@type\":\"ReadAction\",\"target\":[\"https:\/\/brasilnoticias.org\/site\/piloto-de-lancha-envolvido-em-acidente-na-ilha-de-boipeba-tem-prisao-convertida-para-preventiva\/\"]}]},{\"@type\":\"ImageObject\",\"inLanguage\":\"pt-PT\",\"@id\":\"https:\/\/brasilnoticias.org\/site\/piloto-de-lancha-envolvido-em-acidente-na-ilha-de-boipeba-tem-prisao-convertida-para-preventiva\/#primaryimage\",\"url\":\"https:\/\/brasilnoticias.org\/site\/wp-content\/uploads\/2024\/01\/144854piloto-de-lancha-envolvido-em-acidente-na-ilha-de-boipeba-tem-prisao-convertida-para-preventiva-3.jpg\",\"contentUrl\":\"https:\/\/brasilnoticias.org\/site\/wp-content\/uploads\/2024\/01\/144854piloto-de-lancha-envolvido-em-acidente-na-ilha-de-boipeba-tem-prisao-convertida-para-preventiva-3.jpg\",\"width\":1600,\"height\":752},{\"@type\":\"BreadcrumbList\",\"@id\":\"https:\/\/brasilnoticias.org\/site\/piloto-de-lancha-envolvido-em-acidente-na-ilha-de-boipeba-tem-prisao-convertida-para-preventiva\/#breadcrumb\",\"itemListElement\":[{\"@type\":\"ListItem\",\"position\":1,\"name\":\"In\u00edcio\",\"item\":\"https:\/\/brasilnoticias.org\/site\/\"},{\"@type\":\"ListItem\",\"position\":2,\"name\":\"Piloto de lancha envolvido em acidente na ilha de Boipeba tem pris\u00e3o convertida para preventiva\"}]},{\"@type\":\"WebSite\",\"@id\":\"https:\/\/brasilnoticias.org\/site\/#website\",\"url\":\"https:\/\/brasilnoticias.org\/site\/\",\"name\":\"Brasil not\u00edcias\",\"description\":\"Brasil not\u00edcias\",\"publisher\":{\"@id\":\"https:\/\/brasilnoticias.org\/site\/#organization\"},\"potentialAction\":[{\"@type\":\"SearchAction\",\"target\":{\"@type\":\"EntryPoint\",\"urlTemplate\":\"https:\/\/brasilnoticias.org\/site\/?s={search_term_string}\"},\"query-input\":{\"@type\":\"PropertyValueSpecification\",\"valueRequired\":true,\"valueName\":\"search_term_string\"}}],\"inLanguage\":\"pt-PT\"},{\"@type\":\"Organization\",\"@id\":\"https:\/\/brasilnoticias.org\/site\/#organization\",\"name\":\"Brasil not\u00edcias\",\"url\":\"https:\/\/brasilnoticias.org\/site\/\",\"logo\":{\"@type\":\"ImageObject\",\"inLanguage\":\"pt-PT\",\"@id\":\"https:\/\/brasilnoticias.org\/site\/#\/schema\/logo\/image\/\",\"url\":\"https:\/\/brasilnoticias.org\/site\/wp-content\/uploads\/2022\/05\/cropped-brasilnoticias-mini.jpg\",\"contentUrl\":\"https:\/\/brasilnoticias.org\/site\/wp-content\/uploads\/2022\/05\/cropped-brasilnoticias-mini.jpg\",\"width\":314,\"height\":86,\"caption\":\"Brasil not\u00edcias\"},\"image\":{\"@id\":\"https:\/\/brasilnoticias.org\/site\/#\/schema\/logo\/image\/\"}},{\"@type\":\"Person\",\"@id\":\"https:\/\/brasilnoticias.org\/site\/#\/schema\/person\/03bbbfe6c7634ad18c26444ea39049fa\",\"name\":\"Reda\u00e7\u00e3o\",\"image\":{\"@type\":\"ImageObject\",\"inLanguage\":\"pt-PT\",\"@id\":\"https:\/\/brasilnoticias.org\/site\/#\/schema\/person\/image\/\",\"url\":\"https:\/\/secure.gravatar.com\/avatar\/9ecaf7327a696cb23ad926fedded5f1f04d7049de9e445375d55b48c001a6e42?s=96&d=mm&r=g\",\"contentUrl\":\"https:\/\/secure.gravatar.com\/avatar\/9ecaf7327a696cb23ad926fedded5f1f04d7049de9e445375d55b48c001a6e42?s=96&d=mm&r=g\",\"caption\":\"Reda\u00e7\u00e3o\"},\"url\":\"https:\/\/brasilnoticias.org\/site\/author\/henrique\/\"}]}<\/script>\n<!-- \/ Yoast SEO plugin. -->","yoast_head_json":{"title":"Piloto de lancha envolvido em acidente na ilha de Boipeba tem pris\u00e3o convertida para preventiva - Brasil not\u00edcias","robots":{"index":"index","follow":"follow","max-snippet":"max-snippet:-1","max-image-preview":"max-image-preview:large","max-video-preview":"max-video-preview:-1"},"canonical":"https:\/\/brasilnoticias.org\/site\/piloto-de-lancha-envolvido-em-acidente-na-ilha-de-boipeba-tem-prisao-convertida-para-preventiva\/","og_locale":"pt_PT","og_type":"article","og_title":"Piloto de lancha envolvido em acidente na ilha de Boipeba tem pris\u00e3o convertida para preventiva - Brasil not\u00edcias","og_description":"De acordo com a Pol\u00edcia Civil, o homem apresentava sinais de embriaguez no momento da pris\u00e3o O piloto que conduzia","og_url":"https:\/\/brasilnoticias.org\/site\/piloto-de-lancha-envolvido-em-acidente-na-ilha-de-boipeba-tem-prisao-convertida-para-preventiva\/","og_site_name":"Brasil not\u00edcias","article_published_time":"2024-01-03T16:00:05+00:00","og_image":[{"width":1600,"height":752,"url":"https:\/\/brasilnoticias.org\/site\/wp-content\/uploads\/2024\/01\/144854piloto-de-lancha-envolvido-em-acidente-na-ilha-de-boipeba-tem-prisao-convertida-para-preventiva-3.jpg","type":"image\/jpeg"}],"author":"Reda\u00e7\u00e3o","twitter_card":"summary_large_image","twitter_misc":{"Escrito por":"Reda\u00e7\u00e3o"},"schema":{"@context":"https:\/\/schema.org","@graph":[{"@type":"Article","@id":"https:\/\/brasilnoticias.org\/site\/piloto-de-lancha-envolvido-em-acidente-na-ilha-de-boipeba-tem-prisao-convertida-para-preventiva\/#article","isPartOf":{"@id":"https:\/\/brasilnoticias.org\/site\/piloto-de-lancha-envolvido-em-acidente-na-ilha-de-boipeba-tem-prisao-convertida-para-preventiva\/"},"author":{"name":"Reda\u00e7\u00e3o","@id":"https:\/\/brasilnoticias.org\/site\/#\/schema\/person\/03bbbfe6c7634ad18c26444ea39049fa"},"headline":"Piloto de lancha envolvido em acidente na ilha de Boipeba tem pris\u00e3o convertida para preventiva","datePublished":"2024-01-03T16:00:05+00:00","mainEntityOfPage":{"@id":"https:\/\/brasilnoticias.org\/site\/piloto-de-lancha-envolvido-em-acidente-na-ilha-de-boipeba-tem-prisao-convertida-para-preventiva\/"},"wordCount":202,"commentCount":0,"publisher":{"@id":"https:\/\/brasilnoticias.org\/site\/#organization"},"image":{"@id":"https:\/\/brasilnoticias.org\/site\/piloto-de-lancha-envolvido-em-acidente-na-ilha-de-boipeba-tem-prisao-convertida-para-preventiva\/#primaryimage"},"thumbnailUrl":"https:\/\/brasilnoticias.org\/site\/wp-content\/uploads\/2024\/01\/144854piloto-de-lancha-envolvido-em-acidente-na-ilha-de-boipeba-tem-prisao-convertida-para-preventiva-3.jpg","articleSection":["Justi\u00e7a","\u00daltimas"],"inLanguage":"pt-PT","potentialAction":[{"@type":"CommentAction","name":"Comment","target":["https:\/\/brasilnoticias.org\/site\/piloto-de-lancha-envolvido-em-acidente-na-ilha-de-boipeba-tem-prisao-convertida-para-preventiva\/#respond"]}]},{"@type":"WebPage","@id":"https:\/\/brasilnoticias.org\/site\/piloto-de-lancha-envolvido-em-acidente-na-ilha-de-boipeba-tem-prisao-convertida-para-preventiva\/","url":"https:\/\/brasilnoticias.org\/site\/piloto-de-lancha-envolvido-em-acidente-na-ilha-de-boipeba-tem-prisao-convertida-para-preventiva\/","name":"Piloto de lancha envolvido em acidente na ilha de Boipeba tem pris\u00e3o convertida para preventiva - Brasil not\u00edcias","isPartOf":{"@id":"https:\/\/brasilnoticias.org\/site\/#website"},"primaryImageOfPage":{"@id":"https:\/\/brasilnoticias.org\/site\/piloto-de-lancha-envolvido-em-acidente-na-ilha-de-boipeba-tem-prisao-convertida-para-preventiva\/#primaryimage"},"image":{"@id":"https:\/\/brasilnoticias.org\/site\/piloto-de-lancha-envolvido-em-acidente-na-ilha-de-boipeba-tem-prisao-convertida-para-preventiva\/#primaryimage"},"thumbnailUrl":"https:\/\/brasilnoticias.org\/site\/wp-content\/uploads\/2024\/01\/144854piloto-de-lancha-envolvido-em-acidente-na-ilha-de-boipeba-tem-prisao-convertida-para-preventiva-3.jpg","datePublished":"2024-01-03T16:00:05+00:00","breadcrumb":{"@id":"https:\/\/brasilnoticias.org\/site\/piloto-de-lancha-envolvido-em-acidente-na-ilha-de-boipeba-tem-prisao-convertida-para-preventiva\/#breadcrumb"},"inLanguage":"pt-PT","potentialAction":[{"@type":"ReadAction","target":["https:\/\/brasilnoticias.org\/site\/piloto-de-lancha-envolvido-em-acidente-na-ilha-de-boipeba-tem-prisao-convertida-para-preventiva\/"]}]},{"@type":"ImageObject","inLanguage":"pt-PT","@id":"https:\/\/brasilnoticias.org\/site\/piloto-de-lancha-envolvido-em-acidente-na-ilha-de-boipeba-tem-prisao-convertida-para-preventiva\/#primaryimage","url":"https:\/\/brasilnoticias.org\/site\/wp-content\/uploads\/2024\/01\/144854piloto-de-lancha-envolvido-em-acidente-na-ilha-de-boipeba-tem-prisao-convertida-para-preventiva-3.jpg","contentUrl":"https:\/\/brasilnoticias.org\/site\/wp-content\/uploads\/2024\/01\/144854piloto-de-lancha-envolvido-em-acidente-na-ilha-de-boipeba-tem-prisao-convertida-para-preventiva-3.jpg","width":1600,"height":752},{"@type":"BreadcrumbList","@id":"https:\/\/brasilnoticias.org\/site\/piloto-de-lancha-envolvido-em-acidente-na-ilha-de-boipeba-tem-prisao-convertida-para-preventiva\/#breadcrumb","itemListElement":[{"@type":"ListItem","position":1,"name":"In\u00edcio","item":"https:\/\/brasilnoticias.org\/site\/"},{"@type":"ListItem","position":2,"name":"Piloto de lancha envolvido em acidente na ilha de Boipeba tem pris\u00e3o convertida para preventiva"}]},{"@type":"WebSite","@id":"https:\/\/brasilnoticias.org\/site\/#website","url":"https:\/\/brasilnoticias.org\/site\/","name":"Brasil not\u00edcias","description":"Brasil not\u00edcias","publisher":{"@id":"https:\/\/brasilnoticias.org\/site\/#organization"},"potentialAction":[{"@type":"SearchAction","target":{"@type":"EntryPoint","urlTemplate":"https:\/\/brasilnoticias.org\/site\/?s={search_term_string}"},"query-input":{"@type":"PropertyValueSpecification","valueRequired":true,"valueName":"search_term_string"}}],"inLanguage":"pt-PT"},{"@type":"Organization","@id":"https:\/\/brasilnoticias.org\/site\/#organization","name":"Brasil not\u00edcias","url":"https:\/\/brasilnoticias.org\/site\/","logo":{"@type":"ImageObject","inLanguage":"pt-PT","@id":"https:\/\/brasilnoticias.org\/site\/#\/schema\/logo\/image\/","url":"https:\/\/brasilnoticias.org\/site\/wp-content\/uploads\/2022\/05\/cropped-brasilnoticias-mini.jpg","contentUrl":"https:\/\/brasilnoticias.org\/site\/wp-content\/uploads\/2022\/05\/cropped-brasilnoticias-mini.jpg","width":314,"height":86,"caption":"Brasil not\u00edcias"},"image":{"@id":"https:\/\/brasilnoticias.org\/site\/#\/schema\/logo\/image\/"}},{"@type":"Person","@id":"https:\/\/brasilnoticias.org\/site\/#\/schema\/person\/03bbbfe6c7634ad18c26444ea39049fa","name":"Reda\u00e7\u00e3o","image":{"@type":"ImageObject","inLanguage":"pt-PT","@id":"https:\/\/brasilnoticias.org\/site\/#\/schema\/person\/image\/","url":"https:\/\/secure.gravatar.com\/avatar\/9ecaf7327a696cb23ad926fedded5f1f04d7049de9e445375d55b48c001a6e42?s=96&d=mm&r=g","contentUrl":"https:\/\/secure.gravatar.com\/avatar\/9ecaf7327a696cb23ad926fedded5f1f04d7049de9e445375d55b48c001a6e42?s=96&d=mm&r=g","caption":"Reda\u00e7\u00e3o"},"url":"https:\/\/brasilnoticias.org\/site\/author\/henrique\/"}]}},"_links":{"self":[{"href":"https:\/\/brasilnoticias.org\/site\/wp-json\/wp\/v2\/posts\/11948","targetHints":{"allow":["GET"]}}],"collection":[{"href":"https:\/\/brasilnoticias.org\/site\/wp-json\/wp\/v2\/posts"}],"about":[{"href":"https:\/\/brasilnoticias.org\/site\/wp-json\/wp\/v2\/types\/post"}],"author":[{"embeddable":true,"href":"https:\/\/brasilnoticias.org\/site\/wp-json\/wp\/v2\/users\/4"}],"replies":[{"embeddable":true,"href":"https:\/\/brasilnoticias.org\/site\/wp-json\/wp\/v2\/comments?post=11948"}],"version-history":[{"count":1,"href":"https:\/\/brasilnoticias.org\/site\/wp-json\/wp\/v2\/posts\/11948\/revisions"}],"predecessor-version":[{"id":11950,"href":"https:\/\/brasilnoticias.org\/site\/wp-json\/wp\/v2\/posts\/11948\/revisions\/11950"}],"wp:featuredmedia":[{"embeddable":true,"href":"https:\/\/brasilnoticias.org\/site\/wp-json\/wp\/v2\/media\/11949"}],"wp:attachment":[{"href":"https:\/\/brasilnoticias.org\/site\/wp-json\/wp\/v2\/media?parent=11948"}],"wp:term":[{"taxonomy":"category","embeddable":true,"href":"https:\/\/brasilnoticias.org\/site\/wp-json\/wp\/v2\/categories?post=11948"},{"taxonomy":"post_tag","embeddable":true,"href":"https:\/\/brasilnoticias.org\/site\/wp-json\/wp\/v2\/tags?post=11948"}],"curies":[{"name":"wp","href":"https:\/\/api.w.org\/{rel}","templated":true}]}}