{"id":11966,"date":"2024-01-04T16:57:05","date_gmt":"2024-01-04T19:57:05","guid":{"rendered":"https:\/\/brasilnoticias.org\/site\/?p=11966"},"modified":"2024-01-04T16:57:05","modified_gmt":"2024-01-04T19:57:05","slug":"policiais-blogueiros-sao-alvo-de-processo-administrativo-por-divulgacao-de-rifas","status":"publish","type":"post","link":"https:\/\/brasilnoticias.org\/site\/policiais-blogueiros-sao-alvo-de-processo-administrativo-por-divulgacao-de-rifas\/","title":{"rendered":"Policiais \u2018blogueiros\u2019 s\u00e3o alvo de processo administrativo por divulga\u00e7\u00e3o de rifas"},"content":{"rendered":"<p>Em suas redes sociais, Alexandre &#8220;Tchaca Tchaca&#8221; foi o \u00fanico dos tr\u00eas policiais citados a se posicionar<\/p>\n<p>Os policiais L\u00e1zaro Alexandre Pereira de Andrade, conhecido como \u201cTchaca Tchaca\u201d, Jeferson Silva Fran\u00e7a, \u201cFran\u00e7a\u201d e Alexandre Santos da Concei\u00e7\u00e3o, \u201cXandy\u201d, s\u00e3o alvo de um Processo Administrativo Disciplinar (PAD) da Pol\u00edcia Militar da Bahia. A investiga\u00e7\u00e3o apura a divulga\u00e7\u00e3o de rifas e a pr\u00e1tica de atitudes que ferem o c\u00f3digo da PM, como uso de fardamento e armas nas redes sociais.<\/p>\n<p>Apenas no Instagram, o trio de amigos soma cerca de 217 mil seguidores e costuma divulgar os sorteios de azar e compartilhar o dia a dia de suas opera\u00e7\u00f5es como agentes da PM. Segundo o documento do PAD, ao qual o Aratu On teve acesso, os agentes ser\u00e3o levados at\u00e9 a Corregedoria da PM n\u00e3o apenas por usar a farda para divulgar os jogos, como tamb\u00e9m por filmar e postar em seu perfil o uso do uniforme e armamentos da corpora\u00e7\u00e3o.<\/p>\n<p>Ainda conforme o PAD, Tchaca, Fran\u00e7a e Xandy ter\u00e3o suas condutas apuradas, sendo submetidos ao Conselho de Disciplina. Os tr\u00eas podem ser afastados de suas fun\u00e7\u00f5es por 30 dias, a partir do in\u00edcio do tr\u00e2mite, tendo a suspens\u00e3o do uniforme e do uso de armamentos por um prazo que pode ser prorrogado.<\/p>\n<p>Confira trecho do documento, referente ao PAD do soldado L\u00e1zaro Alexandre, quanto \u00e0s referidas divulga\u00e7\u00f5es.<\/p>\n<p>\u201cConsoante Relat\u00f3rio de M\u00eddia Social n.\u00b0 026, oriundo da Coordena\u00e7\u00e3o de Avalia\u00e7\u00e3o e Investiga\u00e7\u00e3o da Corregedoria da PMBA, o acusado realizou postagens de forma intercalada e rotineira na rede social \u201cInstagram\u00ae*, onde aparece utilizando o uniforme da Corpora\u00e7\u00e3o, bem como realiza propagandas de produtos diversos, posta fotos e v\u00eddeos, al\u00e9m de promover rifas e sorteios similares no perfil \u201calexandrethaca\u201d \u2026 Em 18Abr23 publicou no perfil \u201c@alexandrethaca\u201d no \u201cInstagram\u00ae\u201d propaganda da rifa chamada \u201cRIFA DOS AMIGOS\u201d, ao custo de R$0,03 por bilhete, com premia\u00e7\u00e3o de RS 1.000.00 (um mil reais): no dia 21 Abr23 divulgou no perfil \u201c@alexandrethaca\u201d*, rifa de um autom\u00f3vel marca Toyota, modelo Corolla, cor preta, no valor de RS 1,50 (um real e cinquenta centavos), informando que no dia 30Abr23 divulgaria a data do sorteio pela loteria federal.\u201d<\/p>\n<p>Em suas redes sociais, Alexandre \u201cTchaca Tchaca\u201d foi o \u00fanico dos tr\u00eas citados a se posicionar. Segundo o militar, ele est\u00e1 buscando seus advogados, pois n\u00e3o tem ci\u00eancia da sua presen\u00e7a em um processo administrativo relacionado ao tema.<\/p>\n<p>Foto: Redes Sociais<br \/>\nAratu On<\/p>\n","protected":false},"excerpt":{"rendered":"<p>Em suas redes sociais, Alexandre &#8220;Tchaca Tchaca&#8221; foi o \u00fanico dos tr\u00eas policiais citados a se posicionar Os policiais L\u00e1zaro<\/p>\n","protected":false},"author":4,"featured_media":11967,"comment_status":"open","ping_status":"open","sticky":false,"template":"","format":"standard","meta":{"colormag_page_container_layout":"default_layout","colormag_page_sidebar_layout":"default_layout","_FSMCFIC_featured_image_caption":"","_FSMCFIC_featured_image_nocaption":"","_FSMCFIC_featured_image_hide":"","footnotes":""},"categories":[3,1],"tags":[],"class_list":["post-11966","post","type-post","status-publish","format-standard","has-post-thumbnail","hentry","category-policia","category-ultimas"],"yoast_head":"<!-- This site is optimized with the Yoast SEO plugin v27.1.1 - https:\/\/yoast.com\/product\/yoast-seo-wordpress\/ -->\n<title>Policiais \u2018blogueiros\u2019 s\u00e3o alvo de processo administrativo por divulga\u00e7\u00e3o de rifas - Brasil not\u00edcias<\/title>\n<meta name=\"robots\" content=\"index, follow, max-snippet:-1, max-image-preview:large, max-video-preview:-1\" \/>\n<link rel=\"canonical\" href=\"https:\/\/brasilnoticias.org\/site\/policiais-blogueiros-sao-alvo-de-processo-administrativo-por-divulgacao-de-rifas\/\" \/>\n<meta property=\"og:locale\" content=\"pt_PT\" \/>\n<meta property=\"og:type\" content=\"article\" \/>\n<meta property=\"og:title\" content=\"Policiais \u2018blogueiros\u2019 s\u00e3o alvo de processo administrativo por divulga\u00e7\u00e3o de rifas - Brasil not\u00edcias\" \/>\n<meta property=\"og:description\" content=\"Em suas redes sociais, Alexandre &#8220;Tchaca Tchaca&#8221; foi o \u00fanico dos tr\u00eas policiais citados a se posicionar Os policiais L\u00e1zaro\" \/>\n<meta property=\"og:url\" content=\"https:\/\/brasilnoticias.org\/site\/policiais-blogueiros-sao-alvo-de-processo-administrativo-por-divulgacao-de-rifas\/\" \/>\n<meta property=\"og:site_name\" content=\"Brasil not\u00edcias\" \/>\n<meta property=\"article:published_time\" content=\"2024-01-04T19:57:05+00:00\" \/>\n<meta property=\"og:image\" content=\"https:\/\/brasilnoticias.org\/site\/wp-content\/uploads\/2024\/01\/Aratu-On-79.jpg\" \/>\n\t<meta property=\"og:image:width\" content=\"740\" \/>\n\t<meta property=\"og:image:height\" content=\"470\" \/>\n\t<meta property=\"og:image:type\" content=\"image\/jpeg\" \/>\n<meta name=\"author\" content=\"Reda\u00e7\u00e3o\" \/>\n<meta name=\"twitter:card\" content=\"summary_large_image\" \/>\n<meta name=\"twitter:label1\" content=\"Escrito por\" \/>\n\t<meta name=\"twitter:data1\" content=\"Reda\u00e7\u00e3o\" \/>\n\t<meta name=\"twitter:label2\" content=\"Tempo estimado de leitura\" \/>\n\t<meta name=\"twitter:data2\" content=\"1 minuto\" \/>\n<script type=\"application\/ld+json\" class=\"yoast-schema-graph\">{\"@context\":\"https:\/\/schema.org\",\"@graph\":[{\"@type\":\"Article\",\"@id\":\"https:\/\/brasilnoticias.org\/site\/policiais-blogueiros-sao-alvo-de-processo-administrativo-por-divulgacao-de-rifas\/#article\",\"isPartOf\":{\"@id\":\"https:\/\/brasilnoticias.org\/site\/policiais-blogueiros-sao-alvo-de-processo-administrativo-por-divulgacao-de-rifas\/\"},\"author\":{\"name\":\"Reda\u00e7\u00e3o\",\"@id\":\"https:\/\/brasilnoticias.org\/site\/#\/schema\/person\/03bbbfe6c7634ad18c26444ea39049fa\"},\"headline\":\"Policiais \u2018blogueiros\u2019 s\u00e3o alvo de processo administrativo por divulga\u00e7\u00e3o de rifas\",\"datePublished\":\"2024-01-04T19:57:05+00:00\",\"mainEntityOfPage\":{\"@id\":\"https:\/\/brasilnoticias.org\/site\/policiais-blogueiros-sao-alvo-de-processo-administrativo-por-divulgacao-de-rifas\/\"},\"wordCount\":444,\"commentCount\":0,\"publisher\":{\"@id\":\"https:\/\/brasilnoticias.org\/site\/#organization\"},\"image\":{\"@id\":\"https:\/\/brasilnoticias.org\/site\/policiais-blogueiros-sao-alvo-de-processo-administrativo-por-divulgacao-de-rifas\/#primaryimage\"},\"thumbnailUrl\":\"https:\/\/brasilnoticias.org\/site\/wp-content\/uploads\/2024\/01\/Aratu-On-79.jpg\",\"articleSection\":[\"Pol\u00edcia\",\"\u00daltimas\"],\"inLanguage\":\"pt-PT\",\"potentialAction\":[{\"@type\":\"CommentAction\",\"name\":\"Comment\",\"target\":[\"https:\/\/brasilnoticias.org\/site\/policiais-blogueiros-sao-alvo-de-processo-administrativo-por-divulgacao-de-rifas\/#respond\"]}]},{\"@type\":\"WebPage\",\"@id\":\"https:\/\/brasilnoticias.org\/site\/policiais-blogueiros-sao-alvo-de-processo-administrativo-por-divulgacao-de-rifas\/\",\"url\":\"https:\/\/brasilnoticias.org\/site\/policiais-blogueiros-sao-alvo-de-processo-administrativo-por-divulgacao-de-rifas\/\",\"name\":\"Policiais \u2018blogueiros\u2019 s\u00e3o alvo de processo administrativo por divulga\u00e7\u00e3o de rifas - Brasil not\u00edcias\",\"isPartOf\":{\"@id\":\"https:\/\/brasilnoticias.org\/site\/#website\"},\"primaryImageOfPage\":{\"@id\":\"https:\/\/brasilnoticias.org\/site\/policiais-blogueiros-sao-alvo-de-processo-administrativo-por-divulgacao-de-rifas\/#primaryimage\"},\"image\":{\"@id\":\"https:\/\/brasilnoticias.org\/site\/policiais-blogueiros-sao-alvo-de-processo-administrativo-por-divulgacao-de-rifas\/#primaryimage\"},\"thumbnailUrl\":\"https:\/\/brasilnoticias.org\/site\/wp-content\/uploads\/2024\/01\/Aratu-On-79.jpg\",\"datePublished\":\"2024-01-04T19:57:05+00:00\",\"breadcrumb\":{\"@id\":\"https:\/\/brasilnoticias.org\/site\/policiais-blogueiros-sao-alvo-de-processo-administrativo-por-divulgacao-de-rifas\/#breadcrumb\"},\"inLanguage\":\"pt-PT\",\"potentialAction\":[{\"@type\":\"ReadAction\",\"target\":[\"https:\/\/brasilnoticias.org\/site\/policiais-blogueiros-sao-alvo-de-processo-administrativo-por-divulgacao-de-rifas\/\"]}]},{\"@type\":\"ImageObject\",\"inLanguage\":\"pt-PT\",\"@id\":\"https:\/\/brasilnoticias.org\/site\/policiais-blogueiros-sao-alvo-de-processo-administrativo-por-divulgacao-de-rifas\/#primaryimage\",\"url\":\"https:\/\/brasilnoticias.org\/site\/wp-content\/uploads\/2024\/01\/Aratu-On-79.jpg\",\"contentUrl\":\"https:\/\/brasilnoticias.org\/site\/wp-content\/uploads\/2024\/01\/Aratu-On-79.jpg\",\"width\":740,\"height\":470},{\"@type\":\"BreadcrumbList\",\"@id\":\"https:\/\/brasilnoticias.org\/site\/policiais-blogueiros-sao-alvo-de-processo-administrativo-por-divulgacao-de-rifas\/#breadcrumb\",\"itemListElement\":[{\"@type\":\"ListItem\",\"position\":1,\"name\":\"In\u00edcio\",\"item\":\"https:\/\/brasilnoticias.org\/site\/\"},{\"@type\":\"ListItem\",\"position\":2,\"name\":\"Policiais \u2018blogueiros\u2019 s\u00e3o alvo de processo administrativo por divulga\u00e7\u00e3o de rifas\"}]},{\"@type\":\"WebSite\",\"@id\":\"https:\/\/brasilnoticias.org\/site\/#website\",\"url\":\"https:\/\/brasilnoticias.org\/site\/\",\"name\":\"Brasil not\u00edcias\",\"description\":\"Brasil not\u00edcias\",\"publisher\":{\"@id\":\"https:\/\/brasilnoticias.org\/site\/#organization\"},\"potentialAction\":[{\"@type\":\"SearchAction\",\"target\":{\"@type\":\"EntryPoint\",\"urlTemplate\":\"https:\/\/brasilnoticias.org\/site\/?s={search_term_string}\"},\"query-input\":{\"@type\":\"PropertyValueSpecification\",\"valueRequired\":true,\"valueName\":\"search_term_string\"}}],\"inLanguage\":\"pt-PT\"},{\"@type\":\"Organization\",\"@id\":\"https:\/\/brasilnoticias.org\/site\/#organization\",\"name\":\"Brasil not\u00edcias\",\"url\":\"https:\/\/brasilnoticias.org\/site\/\",\"logo\":{\"@type\":\"ImageObject\",\"inLanguage\":\"pt-PT\",\"@id\":\"https:\/\/brasilnoticias.org\/site\/#\/schema\/logo\/image\/\",\"url\":\"https:\/\/brasilnoticias.org\/site\/wp-content\/uploads\/2022\/05\/cropped-brasilnoticias-mini.jpg\",\"contentUrl\":\"https:\/\/brasilnoticias.org\/site\/wp-content\/uploads\/2022\/05\/cropped-brasilnoticias-mini.jpg\",\"width\":314,\"height\":86,\"caption\":\"Brasil not\u00edcias\"},\"image\":{\"@id\":\"https:\/\/brasilnoticias.org\/site\/#\/schema\/logo\/image\/\"}},{\"@type\":\"Person\",\"@id\":\"https:\/\/brasilnoticias.org\/site\/#\/schema\/person\/03bbbfe6c7634ad18c26444ea39049fa\",\"name\":\"Reda\u00e7\u00e3o\",\"image\":{\"@type\":\"ImageObject\",\"inLanguage\":\"pt-PT\",\"@id\":\"https:\/\/brasilnoticias.org\/site\/#\/schema\/person\/image\/\",\"url\":\"https:\/\/secure.gravatar.com\/avatar\/9ecaf7327a696cb23ad926fedded5f1f04d7049de9e445375d55b48c001a6e42?s=96&d=mm&r=g\",\"contentUrl\":\"https:\/\/secure.gravatar.com\/avatar\/9ecaf7327a696cb23ad926fedded5f1f04d7049de9e445375d55b48c001a6e42?s=96&d=mm&r=g\",\"caption\":\"Reda\u00e7\u00e3o\"},\"url\":\"https:\/\/brasilnoticias.org\/site\/author\/henrique\/\"}]}<\/script>\n<!-- \/ Yoast SEO plugin. -->","yoast_head_json":{"title":"Policiais \u2018blogueiros\u2019 s\u00e3o alvo de processo administrativo por divulga\u00e7\u00e3o de rifas - Brasil not\u00edcias","robots":{"index":"index","follow":"follow","max-snippet":"max-snippet:-1","max-image-preview":"max-image-preview:large","max-video-preview":"max-video-preview:-1"},"canonical":"https:\/\/brasilnoticias.org\/site\/policiais-blogueiros-sao-alvo-de-processo-administrativo-por-divulgacao-de-rifas\/","og_locale":"pt_PT","og_type":"article","og_title":"Policiais \u2018blogueiros\u2019 s\u00e3o alvo de processo administrativo por divulga\u00e7\u00e3o de rifas - Brasil not\u00edcias","og_description":"Em suas redes sociais, Alexandre &#8220;Tchaca Tchaca&#8221; foi o \u00fanico dos tr\u00eas policiais citados a se posicionar Os policiais L\u00e1zaro","og_url":"https:\/\/brasilnoticias.org\/site\/policiais-blogueiros-sao-alvo-de-processo-administrativo-por-divulgacao-de-rifas\/","og_site_name":"Brasil not\u00edcias","article_published_time":"2024-01-04T19:57:05+00:00","og_image":[{"width":740,"height":470,"url":"https:\/\/brasilnoticias.org\/site\/wp-content\/uploads\/2024\/01\/Aratu-On-79.jpg","type":"image\/jpeg"}],"author":"Reda\u00e7\u00e3o","twitter_card":"summary_large_image","twitter_misc":{"Escrito por":"Reda\u00e7\u00e3o","Tempo estimado de leitura":"1 minuto"},"schema":{"@context":"https:\/\/schema.org","@graph":[{"@type":"Article","@id":"https:\/\/brasilnoticias.org\/site\/policiais-blogueiros-sao-alvo-de-processo-administrativo-por-divulgacao-de-rifas\/#article","isPartOf":{"@id":"https:\/\/brasilnoticias.org\/site\/policiais-blogueiros-sao-alvo-de-processo-administrativo-por-divulgacao-de-rifas\/"},"author":{"name":"Reda\u00e7\u00e3o","@id":"https:\/\/brasilnoticias.org\/site\/#\/schema\/person\/03bbbfe6c7634ad18c26444ea39049fa"},"headline":"Policiais \u2018blogueiros\u2019 s\u00e3o alvo de processo administrativo por divulga\u00e7\u00e3o de rifas","datePublished":"2024-01-04T19:57:05+00:00","mainEntityOfPage":{"@id":"https:\/\/brasilnoticias.org\/site\/policiais-blogueiros-sao-alvo-de-processo-administrativo-por-divulgacao-de-rifas\/"},"wordCount":444,"commentCount":0,"publisher":{"@id":"https:\/\/brasilnoticias.org\/site\/#organization"},"image":{"@id":"https:\/\/brasilnoticias.org\/site\/policiais-blogueiros-sao-alvo-de-processo-administrativo-por-divulgacao-de-rifas\/#primaryimage"},"thumbnailUrl":"https:\/\/brasilnoticias.org\/site\/wp-content\/uploads\/2024\/01\/Aratu-On-79.jpg","articleSection":["Pol\u00edcia","\u00daltimas"],"inLanguage":"pt-PT","potentialAction":[{"@type":"CommentAction","name":"Comment","target":["https:\/\/brasilnoticias.org\/site\/policiais-blogueiros-sao-alvo-de-processo-administrativo-por-divulgacao-de-rifas\/#respond"]}]},{"@type":"WebPage","@id":"https:\/\/brasilnoticias.org\/site\/policiais-blogueiros-sao-alvo-de-processo-administrativo-por-divulgacao-de-rifas\/","url":"https:\/\/brasilnoticias.org\/site\/policiais-blogueiros-sao-alvo-de-processo-administrativo-por-divulgacao-de-rifas\/","name":"Policiais \u2018blogueiros\u2019 s\u00e3o alvo de processo administrativo por divulga\u00e7\u00e3o de rifas - Brasil not\u00edcias","isPartOf":{"@id":"https:\/\/brasilnoticias.org\/site\/#website"},"primaryImageOfPage":{"@id":"https:\/\/brasilnoticias.org\/site\/policiais-blogueiros-sao-alvo-de-processo-administrativo-por-divulgacao-de-rifas\/#primaryimage"},"image":{"@id":"https:\/\/brasilnoticias.org\/site\/policiais-blogueiros-sao-alvo-de-processo-administrativo-por-divulgacao-de-rifas\/#primaryimage"},"thumbnailUrl":"https:\/\/brasilnoticias.org\/site\/wp-content\/uploads\/2024\/01\/Aratu-On-79.jpg","datePublished":"2024-01-04T19:57:05+00:00","breadcrumb":{"@id":"https:\/\/brasilnoticias.org\/site\/policiais-blogueiros-sao-alvo-de-processo-administrativo-por-divulgacao-de-rifas\/#breadcrumb"},"inLanguage":"pt-PT","potentialAction":[{"@type":"ReadAction","target":["https:\/\/brasilnoticias.org\/site\/policiais-blogueiros-sao-alvo-de-processo-administrativo-por-divulgacao-de-rifas\/"]}]},{"@type":"ImageObject","inLanguage":"pt-PT","@id":"https:\/\/brasilnoticias.org\/site\/policiais-blogueiros-sao-alvo-de-processo-administrativo-por-divulgacao-de-rifas\/#primaryimage","url":"https:\/\/brasilnoticias.org\/site\/wp-content\/uploads\/2024\/01\/Aratu-On-79.jpg","contentUrl":"https:\/\/brasilnoticias.org\/site\/wp-content\/uploads\/2024\/01\/Aratu-On-79.jpg","width":740,"height":470},{"@type":"BreadcrumbList","@id":"https:\/\/brasilnoticias.org\/site\/policiais-blogueiros-sao-alvo-de-processo-administrativo-por-divulgacao-de-rifas\/#breadcrumb","itemListElement":[{"@type":"ListItem","position":1,"name":"In\u00edcio","item":"https:\/\/brasilnoticias.org\/site\/"},{"@type":"ListItem","position":2,"name":"Policiais \u2018blogueiros\u2019 s\u00e3o alvo de processo administrativo por divulga\u00e7\u00e3o de rifas"}]},{"@type":"WebSite","@id":"https:\/\/brasilnoticias.org\/site\/#website","url":"https:\/\/brasilnoticias.org\/site\/","name":"Brasil not\u00edcias","description":"Brasil not\u00edcias","publisher":{"@id":"https:\/\/brasilnoticias.org\/site\/#organization"},"potentialAction":[{"@type":"SearchAction","target":{"@type":"EntryPoint","urlTemplate":"https:\/\/brasilnoticias.org\/site\/?s={search_term_string}"},"query-input":{"@type":"PropertyValueSpecification","valueRequired":true,"valueName":"search_term_string"}}],"inLanguage":"pt-PT"},{"@type":"Organization","@id":"https:\/\/brasilnoticias.org\/site\/#organization","name":"Brasil not\u00edcias","url":"https:\/\/brasilnoticias.org\/site\/","logo":{"@type":"ImageObject","inLanguage":"pt-PT","@id":"https:\/\/brasilnoticias.org\/site\/#\/schema\/logo\/image\/","url":"https:\/\/brasilnoticias.org\/site\/wp-content\/uploads\/2022\/05\/cropped-brasilnoticias-mini.jpg","contentUrl":"https:\/\/brasilnoticias.org\/site\/wp-content\/uploads\/2022\/05\/cropped-brasilnoticias-mini.jpg","width":314,"height":86,"caption":"Brasil not\u00edcias"},"image":{"@id":"https:\/\/brasilnoticias.org\/site\/#\/schema\/logo\/image\/"}},{"@type":"Person","@id":"https:\/\/brasilnoticias.org\/site\/#\/schema\/person\/03bbbfe6c7634ad18c26444ea39049fa","name":"Reda\u00e7\u00e3o","image":{"@type":"ImageObject","inLanguage":"pt-PT","@id":"https:\/\/brasilnoticias.org\/site\/#\/schema\/person\/image\/","url":"https:\/\/secure.gravatar.com\/avatar\/9ecaf7327a696cb23ad926fedded5f1f04d7049de9e445375d55b48c001a6e42?s=96&d=mm&r=g","contentUrl":"https:\/\/secure.gravatar.com\/avatar\/9ecaf7327a696cb23ad926fedded5f1f04d7049de9e445375d55b48c001a6e42?s=96&d=mm&r=g","caption":"Reda\u00e7\u00e3o"},"url":"https:\/\/brasilnoticias.org\/site\/author\/henrique\/"}]}},"_links":{"self":[{"href":"https:\/\/brasilnoticias.org\/site\/wp-json\/wp\/v2\/posts\/11966","targetHints":{"allow":["GET"]}}],"collection":[{"href":"https:\/\/brasilnoticias.org\/site\/wp-json\/wp\/v2\/posts"}],"about":[{"href":"https:\/\/brasilnoticias.org\/site\/wp-json\/wp\/v2\/types\/post"}],"author":[{"embeddable":true,"href":"https:\/\/brasilnoticias.org\/site\/wp-json\/wp\/v2\/users\/4"}],"replies":[{"embeddable":true,"href":"https:\/\/brasilnoticias.org\/site\/wp-json\/wp\/v2\/comments?post=11966"}],"version-history":[{"count":1,"href":"https:\/\/brasilnoticias.org\/site\/wp-json\/wp\/v2\/posts\/11966\/revisions"}],"predecessor-version":[{"id":11968,"href":"https:\/\/brasilnoticias.org\/site\/wp-json\/wp\/v2\/posts\/11966\/revisions\/11968"}],"wp:featuredmedia":[{"embeddable":true,"href":"https:\/\/brasilnoticias.org\/site\/wp-json\/wp\/v2\/media\/11967"}],"wp:attachment":[{"href":"https:\/\/brasilnoticias.org\/site\/wp-json\/wp\/v2\/media?parent=11966"}],"wp:term":[{"taxonomy":"category","embeddable":true,"href":"https:\/\/brasilnoticias.org\/site\/wp-json\/wp\/v2\/categories?post=11966"},{"taxonomy":"post_tag","embeddable":true,"href":"https:\/\/brasilnoticias.org\/site\/wp-json\/wp\/v2\/tags?post=11966"}],"curies":[{"name":"wp","href":"https:\/\/api.w.org\/{rel}","templated":true}]}}