{"id":11969,"date":"2024-01-04T16:58:44","date_gmt":"2024-01-04T19:58:44","guid":{"rendered":"https:\/\/brasilnoticias.org\/site\/?p=11969"},"modified":"2024-01-04T16:58:44","modified_gmt":"2024-01-04T19:58:44","slug":"estado-islamico-reivindica-autoria-de-ataque-que-matou-84-pessoas-no-ira","status":"publish","type":"post","link":"https:\/\/brasilnoticias.org\/site\/estado-islamico-reivindica-autoria-de-ataque-que-matou-84-pessoas-no-ira\/","title":{"rendered":"Estado Isl\u00e2mico reivindica autoria de ataque que matou 84 pessoas no Ir\u00e3"},"content":{"rendered":"<p>Atrav\u00e9s das redes sociais, o grupo assumiu a responsabilidade de duas explos\u00f5es, que chamou de \u201cdupla opera\u00e7\u00e3o de mart\u00edrio\u201d<\/p>\n<p>O Estado Isl\u00e2mico reivindicou, nesta quinta-feira (4), a autoria de duas explos\u00f5es no sul do Ir\u00e3, que resultaram em 84 mortos e 284 feridos. O ataque ocorreu nesta quarta-feira (3), durante uma prociss\u00e3o em homenagem ao general Qassem Soleimani, morto em 2020 pelos Estados Unidos. <\/p>\n<p>Atrav\u00e9s das redes sociais, o grupo assumiu a responsabilidade do ataque, que chamou de \u201cdupla opera\u00e7\u00e3o de mart\u00edrio\u201d. O Estado Isl\u00e2mico tamb\u00e9m divulgou que dois integrantes, Omar al-Mowahid e Sayefulla al-Mujahid &#8220;detonaram seus coletes de explosivos em uma grande multid\u00e3o de ap\u00f3statas perto do t\u00famulo do l\u00edder hip\u00f3crita&#8221;, em refer\u00eancia ao general Qassem Soleimani.<\/p>\n<p>Diante da repercuss\u00e3o internacional do caso, o Itamaraty tamb\u00e9m se manifestou nesta quinta-feira sobre as explos\u00f5es. Em nota, o governo brasileiro prestou condol\u00eancias aos familiares das v\u00edtimas, assim como solidariedade ao povo e ao governo do Ir\u00e3. &#8220;O Brasil reitera seu mais firme rep\u00fadio a todo e qualquer ato de terrorismo\u201d, escreveu. <\/p>\n<p>Foto: Sina Drakhshani\/Unsplash<br \/>\nPor: Metro1 <\/p>\n","protected":false},"excerpt":{"rendered":"<p>Atrav\u00e9s das redes sociais, o grupo assumiu a responsabilidade de duas explos\u00f5es, que chamou de \u201cdupla opera\u00e7\u00e3o de mart\u00edrio\u201d O<\/p>\n","protected":false},"author":4,"featured_media":11970,"comment_status":"open","ping_status":"open","sticky":false,"template":"","format":"standard","meta":{"colormag_page_container_layout":"default_layout","colormag_page_sidebar_layout":"default_layout","_FSMCFIC_featured_image_caption":"","_FSMCFIC_featured_image_nocaption":"","_FSMCFIC_featured_image_hide":"","footnotes":""},"categories":[6,1],"tags":[],"class_list":["post-11969","post","type-post","status-publish","format-standard","has-post-thumbnail","hentry","category-mundo","category-ultimas"],"yoast_head":"<!-- This site is optimized with the Yoast SEO plugin v27.1.1 - https:\/\/yoast.com\/product\/yoast-seo-wordpress\/ -->\n<title>Estado Isl\u00e2mico reivindica autoria de ataque que matou 84 pessoas no Ir\u00e3 - Brasil not\u00edcias<\/title>\n<meta name=\"robots\" content=\"index, follow, max-snippet:-1, max-image-preview:large, max-video-preview:-1\" \/>\n<link rel=\"canonical\" href=\"https:\/\/brasilnoticias.org\/site\/estado-islamico-reivindica-autoria-de-ataque-que-matou-84-pessoas-no-ira\/\" \/>\n<meta property=\"og:locale\" content=\"pt_PT\" \/>\n<meta property=\"og:type\" content=\"article\" \/>\n<meta property=\"og:title\" content=\"Estado Isl\u00e2mico reivindica autoria de ataque que matou 84 pessoas no Ir\u00e3 - Brasil not\u00edcias\" \/>\n<meta property=\"og:description\" content=\"Atrav\u00e9s das redes sociais, o grupo assumiu a responsabilidade de duas explos\u00f5es, que chamou de \u201cdupla opera\u00e7\u00e3o de mart\u00edrio\u201d O\" \/>\n<meta property=\"og:url\" content=\"https:\/\/brasilnoticias.org\/site\/estado-islamico-reivindica-autoria-de-ataque-que-matou-84-pessoas-no-ira\/\" \/>\n<meta property=\"og:site_name\" content=\"Brasil not\u00edcias\" \/>\n<meta property=\"article:published_time\" content=\"2024-01-04T19:58:44+00:00\" \/>\n<meta property=\"og:image\" content=\"https:\/\/brasilnoticias.org\/site\/wp-content\/uploads\/2024\/01\/144904estado-islamico-reivindica-autoria-de-ataque-que-matou-84-pessoas-no-ira-3.jpg\" \/>\n\t<meta property=\"og:image:width\" content=\"1600\" \/>\n\t<meta property=\"og:image:height\" content=\"752\" \/>\n\t<meta property=\"og:image:type\" content=\"image\/jpeg\" \/>\n<meta name=\"author\" content=\"Reda\u00e7\u00e3o\" \/>\n<meta name=\"twitter:card\" content=\"summary_large_image\" \/>\n<meta name=\"twitter:label1\" content=\"Escrito por\" \/>\n\t<meta name=\"twitter:data1\" content=\"Reda\u00e7\u00e3o\" \/>\n\t<meta name=\"twitter:label2\" content=\"Tempo estimado de leitura\" \/>\n\t<meta name=\"twitter:data2\" content=\"1 minuto\" \/>\n<script type=\"application\/ld+json\" class=\"yoast-schema-graph\">{\"@context\":\"https:\/\/schema.org\",\"@graph\":[{\"@type\":\"Article\",\"@id\":\"https:\/\/brasilnoticias.org\/site\/estado-islamico-reivindica-autoria-de-ataque-que-matou-84-pessoas-no-ira\/#article\",\"isPartOf\":{\"@id\":\"https:\/\/brasilnoticias.org\/site\/estado-islamico-reivindica-autoria-de-ataque-que-matou-84-pessoas-no-ira\/\"},\"author\":{\"name\":\"Reda\u00e7\u00e3o\",\"@id\":\"https:\/\/brasilnoticias.org\/site\/#\/schema\/person\/03bbbfe6c7634ad18c26444ea39049fa\"},\"headline\":\"Estado Isl\u00e2mico reivindica autoria de ataque que matou 84 pessoas no Ir\u00e3\",\"datePublished\":\"2024-01-04T19:58:44+00:00\",\"mainEntityOfPage\":{\"@id\":\"https:\/\/brasilnoticias.org\/site\/estado-islamico-reivindica-autoria-de-ataque-que-matou-84-pessoas-no-ira\/\"},\"wordCount\":207,\"commentCount\":0,\"publisher\":{\"@id\":\"https:\/\/brasilnoticias.org\/site\/#organization\"},\"image\":{\"@id\":\"https:\/\/brasilnoticias.org\/site\/estado-islamico-reivindica-autoria-de-ataque-que-matou-84-pessoas-no-ira\/#primaryimage\"},\"thumbnailUrl\":\"https:\/\/brasilnoticias.org\/site\/wp-content\/uploads\/2024\/01\/144904estado-islamico-reivindica-autoria-de-ataque-que-matou-84-pessoas-no-ira-3.jpg\",\"articleSection\":[\"Mundo\",\"\u00daltimas\"],\"inLanguage\":\"pt-PT\",\"potentialAction\":[{\"@type\":\"CommentAction\",\"name\":\"Comment\",\"target\":[\"https:\/\/brasilnoticias.org\/site\/estado-islamico-reivindica-autoria-de-ataque-que-matou-84-pessoas-no-ira\/#respond\"]}]},{\"@type\":\"WebPage\",\"@id\":\"https:\/\/brasilnoticias.org\/site\/estado-islamico-reivindica-autoria-de-ataque-que-matou-84-pessoas-no-ira\/\",\"url\":\"https:\/\/brasilnoticias.org\/site\/estado-islamico-reivindica-autoria-de-ataque-que-matou-84-pessoas-no-ira\/\",\"name\":\"Estado Isl\u00e2mico reivindica autoria de ataque que matou 84 pessoas no Ir\u00e3 - Brasil not\u00edcias\",\"isPartOf\":{\"@id\":\"https:\/\/brasilnoticias.org\/site\/#website\"},\"primaryImageOfPage\":{\"@id\":\"https:\/\/brasilnoticias.org\/site\/estado-islamico-reivindica-autoria-de-ataque-que-matou-84-pessoas-no-ira\/#primaryimage\"},\"image\":{\"@id\":\"https:\/\/brasilnoticias.org\/site\/estado-islamico-reivindica-autoria-de-ataque-que-matou-84-pessoas-no-ira\/#primaryimage\"},\"thumbnailUrl\":\"https:\/\/brasilnoticias.org\/site\/wp-content\/uploads\/2024\/01\/144904estado-islamico-reivindica-autoria-de-ataque-que-matou-84-pessoas-no-ira-3.jpg\",\"datePublished\":\"2024-01-04T19:58:44+00:00\",\"breadcrumb\":{\"@id\":\"https:\/\/brasilnoticias.org\/site\/estado-islamico-reivindica-autoria-de-ataque-que-matou-84-pessoas-no-ira\/#breadcrumb\"},\"inLanguage\":\"pt-PT\",\"potentialAction\":[{\"@type\":\"ReadAction\",\"target\":[\"https:\/\/brasilnoticias.org\/site\/estado-islamico-reivindica-autoria-de-ataque-que-matou-84-pessoas-no-ira\/\"]}]},{\"@type\":\"ImageObject\",\"inLanguage\":\"pt-PT\",\"@id\":\"https:\/\/brasilnoticias.org\/site\/estado-islamico-reivindica-autoria-de-ataque-que-matou-84-pessoas-no-ira\/#primaryimage\",\"url\":\"https:\/\/brasilnoticias.org\/site\/wp-content\/uploads\/2024\/01\/144904estado-islamico-reivindica-autoria-de-ataque-que-matou-84-pessoas-no-ira-3.jpg\",\"contentUrl\":\"https:\/\/brasilnoticias.org\/site\/wp-content\/uploads\/2024\/01\/144904estado-islamico-reivindica-autoria-de-ataque-que-matou-84-pessoas-no-ira-3.jpg\",\"width\":1600,\"height\":752},{\"@type\":\"BreadcrumbList\",\"@id\":\"https:\/\/brasilnoticias.org\/site\/estado-islamico-reivindica-autoria-de-ataque-que-matou-84-pessoas-no-ira\/#breadcrumb\",\"itemListElement\":[{\"@type\":\"ListItem\",\"position\":1,\"name\":\"In\u00edcio\",\"item\":\"https:\/\/brasilnoticias.org\/site\/\"},{\"@type\":\"ListItem\",\"position\":2,\"name\":\"Estado Isl\u00e2mico reivindica autoria de ataque que matou 84 pessoas no Ir\u00e3\"}]},{\"@type\":\"WebSite\",\"@id\":\"https:\/\/brasilnoticias.org\/site\/#website\",\"url\":\"https:\/\/brasilnoticias.org\/site\/\",\"name\":\"Brasil not\u00edcias\",\"description\":\"Brasil not\u00edcias\",\"publisher\":{\"@id\":\"https:\/\/brasilnoticias.org\/site\/#organization\"},\"potentialAction\":[{\"@type\":\"SearchAction\",\"target\":{\"@type\":\"EntryPoint\",\"urlTemplate\":\"https:\/\/brasilnoticias.org\/site\/?s={search_term_string}\"},\"query-input\":{\"@type\":\"PropertyValueSpecification\",\"valueRequired\":true,\"valueName\":\"search_term_string\"}}],\"inLanguage\":\"pt-PT\"},{\"@type\":\"Organization\",\"@id\":\"https:\/\/brasilnoticias.org\/site\/#organization\",\"name\":\"Brasil not\u00edcias\",\"url\":\"https:\/\/brasilnoticias.org\/site\/\",\"logo\":{\"@type\":\"ImageObject\",\"inLanguage\":\"pt-PT\",\"@id\":\"https:\/\/brasilnoticias.org\/site\/#\/schema\/logo\/image\/\",\"url\":\"https:\/\/brasilnoticias.org\/site\/wp-content\/uploads\/2022\/05\/cropped-brasilnoticias-mini.jpg\",\"contentUrl\":\"https:\/\/brasilnoticias.org\/site\/wp-content\/uploads\/2022\/05\/cropped-brasilnoticias-mini.jpg\",\"width\":314,\"height\":86,\"caption\":\"Brasil not\u00edcias\"},\"image\":{\"@id\":\"https:\/\/brasilnoticias.org\/site\/#\/schema\/logo\/image\/\"}},{\"@type\":\"Person\",\"@id\":\"https:\/\/brasilnoticias.org\/site\/#\/schema\/person\/03bbbfe6c7634ad18c26444ea39049fa\",\"name\":\"Reda\u00e7\u00e3o\",\"image\":{\"@type\":\"ImageObject\",\"inLanguage\":\"pt-PT\",\"@id\":\"https:\/\/brasilnoticias.org\/site\/#\/schema\/person\/image\/\",\"url\":\"https:\/\/secure.gravatar.com\/avatar\/9ecaf7327a696cb23ad926fedded5f1f04d7049de9e445375d55b48c001a6e42?s=96&d=mm&r=g\",\"contentUrl\":\"https:\/\/secure.gravatar.com\/avatar\/9ecaf7327a696cb23ad926fedded5f1f04d7049de9e445375d55b48c001a6e42?s=96&d=mm&r=g\",\"caption\":\"Reda\u00e7\u00e3o\"},\"url\":\"https:\/\/brasilnoticias.org\/site\/author\/henrique\/\"}]}<\/script>\n<!-- \/ Yoast SEO plugin. -->","yoast_head_json":{"title":"Estado Isl\u00e2mico reivindica autoria de ataque que matou 84 pessoas no Ir\u00e3 - Brasil not\u00edcias","robots":{"index":"index","follow":"follow","max-snippet":"max-snippet:-1","max-image-preview":"max-image-preview:large","max-video-preview":"max-video-preview:-1"},"canonical":"https:\/\/brasilnoticias.org\/site\/estado-islamico-reivindica-autoria-de-ataque-que-matou-84-pessoas-no-ira\/","og_locale":"pt_PT","og_type":"article","og_title":"Estado Isl\u00e2mico reivindica autoria de ataque que matou 84 pessoas no Ir\u00e3 - Brasil not\u00edcias","og_description":"Atrav\u00e9s das redes sociais, o grupo assumiu a responsabilidade de duas explos\u00f5es, que chamou de \u201cdupla opera\u00e7\u00e3o de mart\u00edrio\u201d O","og_url":"https:\/\/brasilnoticias.org\/site\/estado-islamico-reivindica-autoria-de-ataque-que-matou-84-pessoas-no-ira\/","og_site_name":"Brasil not\u00edcias","article_published_time":"2024-01-04T19:58:44+00:00","og_image":[{"width":1600,"height":752,"url":"https:\/\/brasilnoticias.org\/site\/wp-content\/uploads\/2024\/01\/144904estado-islamico-reivindica-autoria-de-ataque-que-matou-84-pessoas-no-ira-3.jpg","type":"image\/jpeg"}],"author":"Reda\u00e7\u00e3o","twitter_card":"summary_large_image","twitter_misc":{"Escrito por":"Reda\u00e7\u00e3o","Tempo estimado de leitura":"1 minuto"},"schema":{"@context":"https:\/\/schema.org","@graph":[{"@type":"Article","@id":"https:\/\/brasilnoticias.org\/site\/estado-islamico-reivindica-autoria-de-ataque-que-matou-84-pessoas-no-ira\/#article","isPartOf":{"@id":"https:\/\/brasilnoticias.org\/site\/estado-islamico-reivindica-autoria-de-ataque-que-matou-84-pessoas-no-ira\/"},"author":{"name":"Reda\u00e7\u00e3o","@id":"https:\/\/brasilnoticias.org\/site\/#\/schema\/person\/03bbbfe6c7634ad18c26444ea39049fa"},"headline":"Estado Isl\u00e2mico reivindica autoria de ataque que matou 84 pessoas no Ir\u00e3","datePublished":"2024-01-04T19:58:44+00:00","mainEntityOfPage":{"@id":"https:\/\/brasilnoticias.org\/site\/estado-islamico-reivindica-autoria-de-ataque-que-matou-84-pessoas-no-ira\/"},"wordCount":207,"commentCount":0,"publisher":{"@id":"https:\/\/brasilnoticias.org\/site\/#organization"},"image":{"@id":"https:\/\/brasilnoticias.org\/site\/estado-islamico-reivindica-autoria-de-ataque-que-matou-84-pessoas-no-ira\/#primaryimage"},"thumbnailUrl":"https:\/\/brasilnoticias.org\/site\/wp-content\/uploads\/2024\/01\/144904estado-islamico-reivindica-autoria-de-ataque-que-matou-84-pessoas-no-ira-3.jpg","articleSection":["Mundo","\u00daltimas"],"inLanguage":"pt-PT","potentialAction":[{"@type":"CommentAction","name":"Comment","target":["https:\/\/brasilnoticias.org\/site\/estado-islamico-reivindica-autoria-de-ataque-que-matou-84-pessoas-no-ira\/#respond"]}]},{"@type":"WebPage","@id":"https:\/\/brasilnoticias.org\/site\/estado-islamico-reivindica-autoria-de-ataque-que-matou-84-pessoas-no-ira\/","url":"https:\/\/brasilnoticias.org\/site\/estado-islamico-reivindica-autoria-de-ataque-que-matou-84-pessoas-no-ira\/","name":"Estado Isl\u00e2mico reivindica autoria de ataque que matou 84 pessoas no Ir\u00e3 - Brasil not\u00edcias","isPartOf":{"@id":"https:\/\/brasilnoticias.org\/site\/#website"},"primaryImageOfPage":{"@id":"https:\/\/brasilnoticias.org\/site\/estado-islamico-reivindica-autoria-de-ataque-que-matou-84-pessoas-no-ira\/#primaryimage"},"image":{"@id":"https:\/\/brasilnoticias.org\/site\/estado-islamico-reivindica-autoria-de-ataque-que-matou-84-pessoas-no-ira\/#primaryimage"},"thumbnailUrl":"https:\/\/brasilnoticias.org\/site\/wp-content\/uploads\/2024\/01\/144904estado-islamico-reivindica-autoria-de-ataque-que-matou-84-pessoas-no-ira-3.jpg","datePublished":"2024-01-04T19:58:44+00:00","breadcrumb":{"@id":"https:\/\/brasilnoticias.org\/site\/estado-islamico-reivindica-autoria-de-ataque-que-matou-84-pessoas-no-ira\/#breadcrumb"},"inLanguage":"pt-PT","potentialAction":[{"@type":"ReadAction","target":["https:\/\/brasilnoticias.org\/site\/estado-islamico-reivindica-autoria-de-ataque-que-matou-84-pessoas-no-ira\/"]}]},{"@type":"ImageObject","inLanguage":"pt-PT","@id":"https:\/\/brasilnoticias.org\/site\/estado-islamico-reivindica-autoria-de-ataque-que-matou-84-pessoas-no-ira\/#primaryimage","url":"https:\/\/brasilnoticias.org\/site\/wp-content\/uploads\/2024\/01\/144904estado-islamico-reivindica-autoria-de-ataque-que-matou-84-pessoas-no-ira-3.jpg","contentUrl":"https:\/\/brasilnoticias.org\/site\/wp-content\/uploads\/2024\/01\/144904estado-islamico-reivindica-autoria-de-ataque-que-matou-84-pessoas-no-ira-3.jpg","width":1600,"height":752},{"@type":"BreadcrumbList","@id":"https:\/\/brasilnoticias.org\/site\/estado-islamico-reivindica-autoria-de-ataque-que-matou-84-pessoas-no-ira\/#breadcrumb","itemListElement":[{"@type":"ListItem","position":1,"name":"In\u00edcio","item":"https:\/\/brasilnoticias.org\/site\/"},{"@type":"ListItem","position":2,"name":"Estado Isl\u00e2mico reivindica autoria de ataque que matou 84 pessoas no Ir\u00e3"}]},{"@type":"WebSite","@id":"https:\/\/brasilnoticias.org\/site\/#website","url":"https:\/\/brasilnoticias.org\/site\/","name":"Brasil not\u00edcias","description":"Brasil not\u00edcias","publisher":{"@id":"https:\/\/brasilnoticias.org\/site\/#organization"},"potentialAction":[{"@type":"SearchAction","target":{"@type":"EntryPoint","urlTemplate":"https:\/\/brasilnoticias.org\/site\/?s={search_term_string}"},"query-input":{"@type":"PropertyValueSpecification","valueRequired":true,"valueName":"search_term_string"}}],"inLanguage":"pt-PT"},{"@type":"Organization","@id":"https:\/\/brasilnoticias.org\/site\/#organization","name":"Brasil not\u00edcias","url":"https:\/\/brasilnoticias.org\/site\/","logo":{"@type":"ImageObject","inLanguage":"pt-PT","@id":"https:\/\/brasilnoticias.org\/site\/#\/schema\/logo\/image\/","url":"https:\/\/brasilnoticias.org\/site\/wp-content\/uploads\/2022\/05\/cropped-brasilnoticias-mini.jpg","contentUrl":"https:\/\/brasilnoticias.org\/site\/wp-content\/uploads\/2022\/05\/cropped-brasilnoticias-mini.jpg","width":314,"height":86,"caption":"Brasil not\u00edcias"},"image":{"@id":"https:\/\/brasilnoticias.org\/site\/#\/schema\/logo\/image\/"}},{"@type":"Person","@id":"https:\/\/brasilnoticias.org\/site\/#\/schema\/person\/03bbbfe6c7634ad18c26444ea39049fa","name":"Reda\u00e7\u00e3o","image":{"@type":"ImageObject","inLanguage":"pt-PT","@id":"https:\/\/brasilnoticias.org\/site\/#\/schema\/person\/image\/","url":"https:\/\/secure.gravatar.com\/avatar\/9ecaf7327a696cb23ad926fedded5f1f04d7049de9e445375d55b48c001a6e42?s=96&d=mm&r=g","contentUrl":"https:\/\/secure.gravatar.com\/avatar\/9ecaf7327a696cb23ad926fedded5f1f04d7049de9e445375d55b48c001a6e42?s=96&d=mm&r=g","caption":"Reda\u00e7\u00e3o"},"url":"https:\/\/brasilnoticias.org\/site\/author\/henrique\/"}]}},"_links":{"self":[{"href":"https:\/\/brasilnoticias.org\/site\/wp-json\/wp\/v2\/posts\/11969","targetHints":{"allow":["GET"]}}],"collection":[{"href":"https:\/\/brasilnoticias.org\/site\/wp-json\/wp\/v2\/posts"}],"about":[{"href":"https:\/\/brasilnoticias.org\/site\/wp-json\/wp\/v2\/types\/post"}],"author":[{"embeddable":true,"href":"https:\/\/brasilnoticias.org\/site\/wp-json\/wp\/v2\/users\/4"}],"replies":[{"embeddable":true,"href":"https:\/\/brasilnoticias.org\/site\/wp-json\/wp\/v2\/comments?post=11969"}],"version-history":[{"count":1,"href":"https:\/\/brasilnoticias.org\/site\/wp-json\/wp\/v2\/posts\/11969\/revisions"}],"predecessor-version":[{"id":11971,"href":"https:\/\/brasilnoticias.org\/site\/wp-json\/wp\/v2\/posts\/11969\/revisions\/11971"}],"wp:featuredmedia":[{"embeddable":true,"href":"https:\/\/brasilnoticias.org\/site\/wp-json\/wp\/v2\/media\/11970"}],"wp:attachment":[{"href":"https:\/\/brasilnoticias.org\/site\/wp-json\/wp\/v2\/media?parent=11969"}],"wp:term":[{"taxonomy":"category","embeddable":true,"href":"https:\/\/brasilnoticias.org\/site\/wp-json\/wp\/v2\/categories?post=11969"},{"taxonomy":"post_tag","embeddable":true,"href":"https:\/\/brasilnoticias.org\/site\/wp-json\/wp\/v2\/tags?post=11969"}],"curies":[{"name":"wp","href":"https:\/\/api.w.org\/{rel}","templated":true}]}}