{"id":11978,"date":"2024-01-04T17:03:26","date_gmt":"2024-01-04T20:03:26","guid":{"rendered":"https:\/\/brasilnoticias.org\/site\/?p=11978"},"modified":"2024-01-04T17:59:40","modified_gmt":"2024-01-04T20:59:40","slug":"suica-defende-padre-julio-lancellotti-e-diz-que-partidos-da-base-devem-proteger-o-ativista","status":"publish","type":"post","link":"https:\/\/brasilnoticias.org\/site\/suica-defende-padre-julio-lancellotti-e-diz-que-partidos-da-base-devem-proteger-o-ativista\/","title":{"rendered":"Su\u00edca defende padre J\u00falio Lancellotti e diz que \u201cpartidos da base devem proteger o ativista\u201d"},"content":{"rendered":"<p>O vereador petista de Salvador, Luiz Carlos Su\u00edca, saiu em defesa do padre J\u00falio Lancellotti por considerar a cria\u00e7\u00e3o de uma CPI para investigar o ativista religioso em S\u00e3o Paulo uma persegui\u00e7\u00e3o pol\u00edtica. Nesta quinta-feira (4), mesmo n\u00e3o sendo da capital paulista, o edil fez uma publica\u00e7\u00e3o, que teve colabora\u00e7\u00e3o com as redes do padre. Ao menos 500 mil pessoas j\u00e1 viram o v\u00eddeo compartilhado por Su\u00edca em defesa a Lancellotti. <\/p>\n<p>\u201cSei o que \u00e9 ser perseguido e n\u00e3o ter defesa, por isso pedimos que a unidade funcione. Que os partidos da base pol\u00edtica ajudem neste processo contra a persegui\u00e7\u00e3o ao padre J\u00falio. Ser\u00e1 poss\u00edvel que todo mundo que tentar praticar o bem essa renca de bolsominions vai para cima? Porque n\u00e3o vai fazer o que ele faz?\u201d, dispara Su\u00edca. A C\u00e2mara Municipal de S\u00e3o Paulo vai abrir a Comiss\u00e3o Parlamentar de Inqu\u00e9rito para investigar Organiza\u00e7\u00f5es N\u00e3o Governamentais (ONGs) que trabalham com pessoas em situa\u00e7\u00e3o de rua. <\/p>\n<p>Um dos alvos da investiga\u00e7\u00e3o seria o padre J\u00falio Lancellotti. A CPI foi pedida pelo vereador Rubinho Nunes (UB), um dos fundadores do Movimento Brasil Livre (MBL). Em entrevista recente \u00e0 Folha, Lancellotti negou qualquer influ\u00eancia sobre as entidades em quest\u00e3o e afirmou n\u00e3o estar envolvido em projetos conjuntos com elas.<\/p>\n<p>\u201cUm dia me perguntaram qual era tua perspectiva. E eu disse que era o fracasso! Porque se neste sistema eu n\u00e3o fracassar, \u00e9 porque eu aderi a ele. Quem est\u00e1 do lado dos rejeitados vai ser rejeitado. Quem est\u00e1 do lado dos que apanham vai apanhar. Eu n\u00e3o luto para vencer, eu sei que vou perder. Luto para ser fiel at\u00e9 o fim\u201d, declara padre J\u00falio em publica\u00e7\u00e3o. <\/p>\n","protected":false},"excerpt":{"rendered":"<p>O vereador petista de Salvador, Luiz Carlos Su\u00edca, saiu em defesa do padre J\u00falio Lancellotti por considerar a cria\u00e7\u00e3o de<\/p>\n","protected":false},"author":4,"featured_media":0,"comment_status":"open","ping_status":"open","sticky":false,"template":"","format":"standard","meta":{"colormag_page_container_layout":"default_layout","colormag_page_sidebar_layout":"default_layout","_FSMCFIC_featured_image_caption":"","_FSMCFIC_featured_image_nocaption":"","_FSMCFIC_featured_image_hide":"","footnotes":""},"categories":[5,1],"tags":[],"class_list":["post-11978","post","type-post","status-publish","format-standard","hentry","category-politica","category-ultimas"],"yoast_head":"<!-- This site is optimized with the Yoast SEO plugin v27.1.1 - https:\/\/yoast.com\/product\/yoast-seo-wordpress\/ -->\n<title>Su\u00edca defende padre J\u00falio Lancellotti e diz que \u201cpartidos da base devem proteger o ativista\u201d - Brasil not\u00edcias<\/title>\n<meta name=\"robots\" content=\"index, follow, max-snippet:-1, max-image-preview:large, max-video-preview:-1\" \/>\n<link rel=\"canonical\" href=\"https:\/\/brasilnoticias.org\/site\/suica-defende-padre-julio-lancellotti-e-diz-que-partidos-da-base-devem-proteger-o-ativista\/\" \/>\n<meta property=\"og:locale\" content=\"pt_PT\" \/>\n<meta property=\"og:type\" content=\"article\" \/>\n<meta property=\"og:title\" content=\"Su\u00edca defende padre J\u00falio Lancellotti e diz que \u201cpartidos da base devem proteger o ativista\u201d - Brasil not\u00edcias\" \/>\n<meta property=\"og:description\" content=\"O vereador petista de Salvador, Luiz Carlos Su\u00edca, saiu em defesa do padre J\u00falio Lancellotti por considerar a cria\u00e7\u00e3o de\" \/>\n<meta property=\"og:url\" content=\"https:\/\/brasilnoticias.org\/site\/suica-defende-padre-julio-lancellotti-e-diz-que-partidos-da-base-devem-proteger-o-ativista\/\" \/>\n<meta property=\"og:site_name\" content=\"Brasil not\u00edcias\" \/>\n<meta property=\"article:published_time\" content=\"2024-01-04T20:03:26+00:00\" \/>\n<meta property=\"article:modified_time\" content=\"2024-01-04T20:59:40+00:00\" \/>\n<meta name=\"author\" content=\"Reda\u00e7\u00e3o\" \/>\n<meta name=\"twitter:card\" content=\"summary_large_image\" \/>\n<meta name=\"twitter:label1\" content=\"Escrito por\" \/>\n\t<meta name=\"twitter:data1\" content=\"Reda\u00e7\u00e3o\" \/>\n\t<meta name=\"twitter:label2\" content=\"Tempo estimado de leitura\" \/>\n\t<meta name=\"twitter:data2\" content=\"2 minutos\" \/>\n<script type=\"application\/ld+json\" class=\"yoast-schema-graph\">{\"@context\":\"https:\/\/schema.org\",\"@graph\":[{\"@type\":\"Article\",\"@id\":\"https:\/\/brasilnoticias.org\/site\/suica-defende-padre-julio-lancellotti-e-diz-que-partidos-da-base-devem-proteger-o-ativista\/#article\",\"isPartOf\":{\"@id\":\"https:\/\/brasilnoticias.org\/site\/suica-defende-padre-julio-lancellotti-e-diz-que-partidos-da-base-devem-proteger-o-ativista\/\"},\"author\":{\"name\":\"Reda\u00e7\u00e3o\",\"@id\":\"https:\/\/brasilnoticias.org\/site\/#\/schema\/person\/03bbbfe6c7634ad18c26444ea39049fa\"},\"headline\":\"Su\u00edca defende padre J\u00falio Lancellotti e diz que \u201cpartidos da base devem proteger o ativista\u201d\",\"datePublished\":\"2024-01-04T20:03:26+00:00\",\"dateModified\":\"2024-01-04T20:59:40+00:00\",\"mainEntityOfPage\":{\"@id\":\"https:\/\/brasilnoticias.org\/site\/suica-defende-padre-julio-lancellotti-e-diz-que-partidos-da-base-devem-proteger-o-ativista\/\"},\"wordCount\":322,\"commentCount\":0,\"publisher\":{\"@id\":\"https:\/\/brasilnoticias.org\/site\/#organization\"},\"articleSection\":[\"Pol\u00edtica\",\"\u00daltimas\"],\"inLanguage\":\"pt-PT\",\"potentialAction\":[{\"@type\":\"CommentAction\",\"name\":\"Comment\",\"target\":[\"https:\/\/brasilnoticias.org\/site\/suica-defende-padre-julio-lancellotti-e-diz-que-partidos-da-base-devem-proteger-o-ativista\/#respond\"]}]},{\"@type\":\"WebPage\",\"@id\":\"https:\/\/brasilnoticias.org\/site\/suica-defende-padre-julio-lancellotti-e-diz-que-partidos-da-base-devem-proteger-o-ativista\/\",\"url\":\"https:\/\/brasilnoticias.org\/site\/suica-defende-padre-julio-lancellotti-e-diz-que-partidos-da-base-devem-proteger-o-ativista\/\",\"name\":\"Su\u00edca defende padre J\u00falio Lancellotti e diz que \u201cpartidos da base devem proteger o ativista\u201d - Brasil not\u00edcias\",\"isPartOf\":{\"@id\":\"https:\/\/brasilnoticias.org\/site\/#website\"},\"datePublished\":\"2024-01-04T20:03:26+00:00\",\"dateModified\":\"2024-01-04T20:59:40+00:00\",\"breadcrumb\":{\"@id\":\"https:\/\/brasilnoticias.org\/site\/suica-defende-padre-julio-lancellotti-e-diz-que-partidos-da-base-devem-proteger-o-ativista\/#breadcrumb\"},\"inLanguage\":\"pt-PT\",\"potentialAction\":[{\"@type\":\"ReadAction\",\"target\":[\"https:\/\/brasilnoticias.org\/site\/suica-defende-padre-julio-lancellotti-e-diz-que-partidos-da-base-devem-proteger-o-ativista\/\"]}]},{\"@type\":\"BreadcrumbList\",\"@id\":\"https:\/\/brasilnoticias.org\/site\/suica-defende-padre-julio-lancellotti-e-diz-que-partidos-da-base-devem-proteger-o-ativista\/#breadcrumb\",\"itemListElement\":[{\"@type\":\"ListItem\",\"position\":1,\"name\":\"In\u00edcio\",\"item\":\"https:\/\/brasilnoticias.org\/site\/\"},{\"@type\":\"ListItem\",\"position\":2,\"name\":\"Su\u00edca defende padre J\u00falio Lancellotti e diz que \u201cpartidos da base devem proteger o ativista\u201d\"}]},{\"@type\":\"WebSite\",\"@id\":\"https:\/\/brasilnoticias.org\/site\/#website\",\"url\":\"https:\/\/brasilnoticias.org\/site\/\",\"name\":\"Brasil not\u00edcias\",\"description\":\"Brasil not\u00edcias\",\"publisher\":{\"@id\":\"https:\/\/brasilnoticias.org\/site\/#organization\"},\"potentialAction\":[{\"@type\":\"SearchAction\",\"target\":{\"@type\":\"EntryPoint\",\"urlTemplate\":\"https:\/\/brasilnoticias.org\/site\/?s={search_term_string}\"},\"query-input\":{\"@type\":\"PropertyValueSpecification\",\"valueRequired\":true,\"valueName\":\"search_term_string\"}}],\"inLanguage\":\"pt-PT\"},{\"@type\":\"Organization\",\"@id\":\"https:\/\/brasilnoticias.org\/site\/#organization\",\"name\":\"Brasil not\u00edcias\",\"url\":\"https:\/\/brasilnoticias.org\/site\/\",\"logo\":{\"@type\":\"ImageObject\",\"inLanguage\":\"pt-PT\",\"@id\":\"https:\/\/brasilnoticias.org\/site\/#\/schema\/logo\/image\/\",\"url\":\"https:\/\/brasilnoticias.org\/site\/wp-content\/uploads\/2022\/05\/cropped-brasilnoticias-mini.jpg\",\"contentUrl\":\"https:\/\/brasilnoticias.org\/site\/wp-content\/uploads\/2022\/05\/cropped-brasilnoticias-mini.jpg\",\"width\":314,\"height\":86,\"caption\":\"Brasil not\u00edcias\"},\"image\":{\"@id\":\"https:\/\/brasilnoticias.org\/site\/#\/schema\/logo\/image\/\"}},{\"@type\":\"Person\",\"@id\":\"https:\/\/brasilnoticias.org\/site\/#\/schema\/person\/03bbbfe6c7634ad18c26444ea39049fa\",\"name\":\"Reda\u00e7\u00e3o\",\"image\":{\"@type\":\"ImageObject\",\"inLanguage\":\"pt-PT\",\"@id\":\"https:\/\/brasilnoticias.org\/site\/#\/schema\/person\/image\/\",\"url\":\"https:\/\/secure.gravatar.com\/avatar\/9ecaf7327a696cb23ad926fedded5f1f04d7049de9e445375d55b48c001a6e42?s=96&d=mm&r=g\",\"contentUrl\":\"https:\/\/secure.gravatar.com\/avatar\/9ecaf7327a696cb23ad926fedded5f1f04d7049de9e445375d55b48c001a6e42?s=96&d=mm&r=g\",\"caption\":\"Reda\u00e7\u00e3o\"},\"url\":\"https:\/\/brasilnoticias.org\/site\/author\/henrique\/\"}]}<\/script>\n<!-- \/ Yoast SEO plugin. -->","yoast_head_json":{"title":"Su\u00edca defende padre J\u00falio Lancellotti e diz que \u201cpartidos da base devem proteger o ativista\u201d - Brasil not\u00edcias","robots":{"index":"index","follow":"follow","max-snippet":"max-snippet:-1","max-image-preview":"max-image-preview:large","max-video-preview":"max-video-preview:-1"},"canonical":"https:\/\/brasilnoticias.org\/site\/suica-defende-padre-julio-lancellotti-e-diz-que-partidos-da-base-devem-proteger-o-ativista\/","og_locale":"pt_PT","og_type":"article","og_title":"Su\u00edca defende padre J\u00falio Lancellotti e diz que \u201cpartidos da base devem proteger o ativista\u201d - Brasil not\u00edcias","og_description":"O vereador petista de Salvador, Luiz Carlos Su\u00edca, saiu em defesa do padre J\u00falio Lancellotti por considerar a cria\u00e7\u00e3o de","og_url":"https:\/\/brasilnoticias.org\/site\/suica-defende-padre-julio-lancellotti-e-diz-que-partidos-da-base-devem-proteger-o-ativista\/","og_site_name":"Brasil not\u00edcias","article_published_time":"2024-01-04T20:03:26+00:00","article_modified_time":"2024-01-04T20:59:40+00:00","author":"Reda\u00e7\u00e3o","twitter_card":"summary_large_image","twitter_misc":{"Escrito por":"Reda\u00e7\u00e3o","Tempo estimado de leitura":"2 minutos"},"schema":{"@context":"https:\/\/schema.org","@graph":[{"@type":"Article","@id":"https:\/\/brasilnoticias.org\/site\/suica-defende-padre-julio-lancellotti-e-diz-que-partidos-da-base-devem-proteger-o-ativista\/#article","isPartOf":{"@id":"https:\/\/brasilnoticias.org\/site\/suica-defende-padre-julio-lancellotti-e-diz-que-partidos-da-base-devem-proteger-o-ativista\/"},"author":{"name":"Reda\u00e7\u00e3o","@id":"https:\/\/brasilnoticias.org\/site\/#\/schema\/person\/03bbbfe6c7634ad18c26444ea39049fa"},"headline":"Su\u00edca defende padre J\u00falio Lancellotti e diz que \u201cpartidos da base devem proteger o ativista\u201d","datePublished":"2024-01-04T20:03:26+00:00","dateModified":"2024-01-04T20:59:40+00:00","mainEntityOfPage":{"@id":"https:\/\/brasilnoticias.org\/site\/suica-defende-padre-julio-lancellotti-e-diz-que-partidos-da-base-devem-proteger-o-ativista\/"},"wordCount":322,"commentCount":0,"publisher":{"@id":"https:\/\/brasilnoticias.org\/site\/#organization"},"articleSection":["Pol\u00edtica","\u00daltimas"],"inLanguage":"pt-PT","potentialAction":[{"@type":"CommentAction","name":"Comment","target":["https:\/\/brasilnoticias.org\/site\/suica-defende-padre-julio-lancellotti-e-diz-que-partidos-da-base-devem-proteger-o-ativista\/#respond"]}]},{"@type":"WebPage","@id":"https:\/\/brasilnoticias.org\/site\/suica-defende-padre-julio-lancellotti-e-diz-que-partidos-da-base-devem-proteger-o-ativista\/","url":"https:\/\/brasilnoticias.org\/site\/suica-defende-padre-julio-lancellotti-e-diz-que-partidos-da-base-devem-proteger-o-ativista\/","name":"Su\u00edca defende padre J\u00falio Lancellotti e diz que \u201cpartidos da base devem proteger o ativista\u201d - Brasil not\u00edcias","isPartOf":{"@id":"https:\/\/brasilnoticias.org\/site\/#website"},"datePublished":"2024-01-04T20:03:26+00:00","dateModified":"2024-01-04T20:59:40+00:00","breadcrumb":{"@id":"https:\/\/brasilnoticias.org\/site\/suica-defende-padre-julio-lancellotti-e-diz-que-partidos-da-base-devem-proteger-o-ativista\/#breadcrumb"},"inLanguage":"pt-PT","potentialAction":[{"@type":"ReadAction","target":["https:\/\/brasilnoticias.org\/site\/suica-defende-padre-julio-lancellotti-e-diz-que-partidos-da-base-devem-proteger-o-ativista\/"]}]},{"@type":"BreadcrumbList","@id":"https:\/\/brasilnoticias.org\/site\/suica-defende-padre-julio-lancellotti-e-diz-que-partidos-da-base-devem-proteger-o-ativista\/#breadcrumb","itemListElement":[{"@type":"ListItem","position":1,"name":"In\u00edcio","item":"https:\/\/brasilnoticias.org\/site\/"},{"@type":"ListItem","position":2,"name":"Su\u00edca defende padre J\u00falio Lancellotti e diz que \u201cpartidos da base devem proteger o ativista\u201d"}]},{"@type":"WebSite","@id":"https:\/\/brasilnoticias.org\/site\/#website","url":"https:\/\/brasilnoticias.org\/site\/","name":"Brasil not\u00edcias","description":"Brasil not\u00edcias","publisher":{"@id":"https:\/\/brasilnoticias.org\/site\/#organization"},"potentialAction":[{"@type":"SearchAction","target":{"@type":"EntryPoint","urlTemplate":"https:\/\/brasilnoticias.org\/site\/?s={search_term_string}"},"query-input":{"@type":"PropertyValueSpecification","valueRequired":true,"valueName":"search_term_string"}}],"inLanguage":"pt-PT"},{"@type":"Organization","@id":"https:\/\/brasilnoticias.org\/site\/#organization","name":"Brasil not\u00edcias","url":"https:\/\/brasilnoticias.org\/site\/","logo":{"@type":"ImageObject","inLanguage":"pt-PT","@id":"https:\/\/brasilnoticias.org\/site\/#\/schema\/logo\/image\/","url":"https:\/\/brasilnoticias.org\/site\/wp-content\/uploads\/2022\/05\/cropped-brasilnoticias-mini.jpg","contentUrl":"https:\/\/brasilnoticias.org\/site\/wp-content\/uploads\/2022\/05\/cropped-brasilnoticias-mini.jpg","width":314,"height":86,"caption":"Brasil not\u00edcias"},"image":{"@id":"https:\/\/brasilnoticias.org\/site\/#\/schema\/logo\/image\/"}},{"@type":"Person","@id":"https:\/\/brasilnoticias.org\/site\/#\/schema\/person\/03bbbfe6c7634ad18c26444ea39049fa","name":"Reda\u00e7\u00e3o","image":{"@type":"ImageObject","inLanguage":"pt-PT","@id":"https:\/\/brasilnoticias.org\/site\/#\/schema\/person\/image\/","url":"https:\/\/secure.gravatar.com\/avatar\/9ecaf7327a696cb23ad926fedded5f1f04d7049de9e445375d55b48c001a6e42?s=96&d=mm&r=g","contentUrl":"https:\/\/secure.gravatar.com\/avatar\/9ecaf7327a696cb23ad926fedded5f1f04d7049de9e445375d55b48c001a6e42?s=96&d=mm&r=g","caption":"Reda\u00e7\u00e3o"},"url":"https:\/\/brasilnoticias.org\/site\/author\/henrique\/"}]}},"_links":{"self":[{"href":"https:\/\/brasilnoticias.org\/site\/wp-json\/wp\/v2\/posts\/11978","targetHints":{"allow":["GET"]}}],"collection":[{"href":"https:\/\/brasilnoticias.org\/site\/wp-json\/wp\/v2\/posts"}],"about":[{"href":"https:\/\/brasilnoticias.org\/site\/wp-json\/wp\/v2\/types\/post"}],"author":[{"embeddable":true,"href":"https:\/\/brasilnoticias.org\/site\/wp-json\/wp\/v2\/users\/4"}],"replies":[{"embeddable":true,"href":"https:\/\/brasilnoticias.org\/site\/wp-json\/wp\/v2\/comments?post=11978"}],"version-history":[{"count":1,"href":"https:\/\/brasilnoticias.org\/site\/wp-json\/wp\/v2\/posts\/11978\/revisions"}],"predecessor-version":[{"id":11980,"href":"https:\/\/brasilnoticias.org\/site\/wp-json\/wp\/v2\/posts\/11978\/revisions\/11980"}],"wp:attachment":[{"href":"https:\/\/brasilnoticias.org\/site\/wp-json\/wp\/v2\/media?parent=11978"}],"wp:term":[{"taxonomy":"category","embeddable":true,"href":"https:\/\/brasilnoticias.org\/site\/wp-json\/wp\/v2\/categories?post=11978"},{"taxonomy":"post_tag","embeddable":true,"href":"https:\/\/brasilnoticias.org\/site\/wp-json\/wp\/v2\/tags?post=11978"}],"curies":[{"name":"wp","href":"https:\/\/api.w.org\/{rel}","templated":true}]}}