{"id":11982,"date":"2024-01-04T22:01:43","date_gmt":"2024-01-05T01:01:43","guid":{"rendered":"https:\/\/brasilnoticias.org\/site\/?p=11982"},"modified":"2024-01-04T22:07:02","modified_gmt":"2024-01-05T01:07:02","slug":"marivalda-encerra-2023-na-lideranca-e-firma-pre-candidatura-do-pt-em-candeias","status":"publish","type":"post","link":"https:\/\/brasilnoticias.org\/site\/marivalda-encerra-2023-na-lideranca-e-firma-pre-candidatura-do-pt-em-candeias\/","title":{"rendered":"Marivalda encerra 2023 na lideran\u00e7a e firma pr\u00e9-candidatura do PT em Candeias"},"content":{"rendered":"<p>Vice-prefeita consolidou sua posi\u00e7\u00e3o \u00e0 frente das sondagens internas e busca unir a cidade em torno de um projeto amplo<\/p>\n<p>As elei\u00e7\u00f5es deste ano em Candeias j\u00e1 est\u00e3o movimentando a cidade desde o in\u00edcio do ano passado. Marivalda da Silva (PT), vice-prefeita e militante ativa em movimentos sindicais e sociais, encerrou o ano de 2023 consolidando sua lideran\u00e7a nas sondagens internas para a Prefeitura de Candeias. A pr\u00e9-candidatura, ancorada na expressiva vit\u00f3ria do PT na cidade com Lula e Jer\u00f4nimo, promete unir a comunidade em prol de um projeto que visa criar oportunidades e cuidar das fam\u00edlias.<\/p>\n<p>Marivalda, que j\u00e1 ocupou cargos de vereadora, secret\u00e1ria e lider de governo, ressalta a import\u00e2ncia de ir al\u00e9m das obriga\u00e7\u00f5es municipais, como a constru\u00e7\u00e3o de pra\u00e7as e ruas, e focar no desenvolvimento humano. &#8220;Como pr\u00e9-candidata, a nossa proposta \u00e9 unir a cidade e as lideran\u00e7as em torno deste projeto que cria oportunidades para todos e todas, que cuide das fam\u00edlias, das pessoas da porta de casa para dentro, porque fizemos pra\u00e7as, ruas, mas isso \u00e9 obriga\u00e7\u00e3o da gest\u00e3o municipal. Sabemos que Candeias pode e ir\u00e1 fazer muito mais por sua gente&#8221;, afirma.<br \/>\nA pr\u00e9-candidata petista acredita que, com o apoio de Lula e Jer\u00f4nimo, Candeias pode se tornar a principal cidade da regi\u00e3o metropolitana de Salvador. &#8220;Pelo andar da carruagem e apoios que estamos recebendo de diversas lideran\u00e7as pol\u00edticas e da comunidade, n\u00f3s conseguiremos com o apoio do presidente Lula e do governador Jer\u00f4nimo alinhar os programas e projetos vindos do Governo Federal e Estadual que poder\u00e1 promover o munic\u00edpio \u00e0 principal cidade da Regi\u00e3o metropolitana de Salvador&#8221;, finalizou.<\/p>\n<p>Marivalda Silva, de 51 anos, \u00e9 advogada, administradora, p\u00f3s-doutoranda em economia e administra\u00e7\u00e3o p\u00fablica. Caso seja eleita, ser\u00e1 a quarta mulher a administrar a cidade em seus 65 anos de emancipa\u00e7\u00e3o pol\u00edtica, destacando sua trajet\u00f3ria e comprometimento com o desenvolvimento local.<\/p>\n<p>Foto: Reprodu\u00e7\u00e3o<br \/>\nPanorama da Bahia<\/p>\n","protected":false},"excerpt":{"rendered":"<p>Vice-prefeita consolidou sua posi\u00e7\u00e3o \u00e0 frente das sondagens internas e busca unir a cidade em torno de um projeto amplo<\/p>\n","protected":false},"author":4,"featured_media":11983,"comment_status":"open","ping_status":"open","sticky":false,"template":"","format":"standard","meta":{"colormag_page_container_layout":"default_layout","colormag_page_sidebar_layout":"default_layout","_FSMCFIC_featured_image_caption":"","_FSMCFIC_featured_image_nocaption":"","_FSMCFIC_featured_image_hide":"","footnotes":""},"categories":[5,1],"tags":[],"class_list":["post-11982","post","type-post","status-publish","format-standard","has-post-thumbnail","hentry","category-politica","category-ultimas"],"yoast_head":"<!-- This site is optimized with the Yoast SEO plugin v27.1.1 - https:\/\/yoast.com\/product\/yoast-seo-wordpress\/ -->\n<title>Marivalda encerra 2023 na lideran\u00e7a e firma pr\u00e9-candidatura do PT em Candeias - Brasil not\u00edcias<\/title>\n<meta name=\"robots\" content=\"index, follow, max-snippet:-1, max-image-preview:large, max-video-preview:-1\" \/>\n<link rel=\"canonical\" href=\"https:\/\/brasilnoticias.org\/site\/marivalda-encerra-2023-na-lideranca-e-firma-pre-candidatura-do-pt-em-candeias\/\" \/>\n<meta property=\"og:locale\" content=\"pt_PT\" \/>\n<meta property=\"og:type\" content=\"article\" \/>\n<meta property=\"og:title\" content=\"Marivalda encerra 2023 na lideran\u00e7a e firma pr\u00e9-candidatura do PT em Candeias - Brasil not\u00edcias\" \/>\n<meta property=\"og:description\" content=\"Vice-prefeita consolidou sua posi\u00e7\u00e3o \u00e0 frente das sondagens internas e busca unir a cidade em torno de um projeto amplo\" \/>\n<meta property=\"og:url\" content=\"https:\/\/brasilnoticias.org\/site\/marivalda-encerra-2023-na-lideranca-e-firma-pre-candidatura-do-pt-em-candeias\/\" \/>\n<meta property=\"og:site_name\" content=\"Brasil not\u00edcias\" \/>\n<meta property=\"article:published_time\" content=\"2024-01-05T01:01:43+00:00\" \/>\n<meta property=\"article:modified_time\" content=\"2024-01-05T01:07:02+00:00\" \/>\n<meta property=\"og:image\" content=\"https:\/\/brasilnoticias.org\/site\/wp-content\/uploads\/2024\/01\/transferir.jpg\" \/>\n\t<meta property=\"og:image:width\" content=\"275\" \/>\n\t<meta property=\"og:image:height\" content=\"183\" \/>\n\t<meta property=\"og:image:type\" content=\"image\/jpeg\" \/>\n<meta name=\"author\" content=\"Reda\u00e7\u00e3o\" \/>\n<meta name=\"twitter:card\" content=\"summary_large_image\" \/>\n<meta name=\"twitter:label1\" content=\"Escrito por\" \/>\n\t<meta name=\"twitter:data1\" content=\"Reda\u00e7\u00e3o\" \/>\n\t<meta name=\"twitter:label2\" content=\"Tempo estimado de leitura\" \/>\n\t<meta name=\"twitter:data2\" content=\"2 minutos\" \/>\n<script type=\"application\/ld+json\" class=\"yoast-schema-graph\">{\"@context\":\"https:\/\/schema.org\",\"@graph\":[{\"@type\":\"Article\",\"@id\":\"https:\/\/brasilnoticias.org\/site\/marivalda-encerra-2023-na-lideranca-e-firma-pre-candidatura-do-pt-em-candeias\/#article\",\"isPartOf\":{\"@id\":\"https:\/\/brasilnoticias.org\/site\/marivalda-encerra-2023-na-lideranca-e-firma-pre-candidatura-do-pt-em-candeias\/\"},\"author\":{\"name\":\"Reda\u00e7\u00e3o\",\"@id\":\"https:\/\/brasilnoticias.org\/site\/#\/schema\/person\/03bbbfe6c7634ad18c26444ea39049fa\"},\"headline\":\"Marivalda encerra 2023 na lideran\u00e7a e firma pr\u00e9-candidatura do PT em Candeias\",\"datePublished\":\"2024-01-05T01:01:43+00:00\",\"dateModified\":\"2024-01-05T01:07:02+00:00\",\"mainEntityOfPage\":{\"@id\":\"https:\/\/brasilnoticias.org\/site\/marivalda-encerra-2023-na-lideranca-e-firma-pre-candidatura-do-pt-em-candeias\/\"},\"wordCount\":354,\"commentCount\":0,\"publisher\":{\"@id\":\"https:\/\/brasilnoticias.org\/site\/#organization\"},\"image\":{\"@id\":\"https:\/\/brasilnoticias.org\/site\/marivalda-encerra-2023-na-lideranca-e-firma-pre-candidatura-do-pt-em-candeias\/#primaryimage\"},\"thumbnailUrl\":\"https:\/\/brasilnoticias.org\/site\/wp-content\/uploads\/2024\/01\/transferir.jpg\",\"articleSection\":[\"Pol\u00edtica\",\"\u00daltimas\"],\"inLanguage\":\"pt-PT\",\"potentialAction\":[{\"@type\":\"CommentAction\",\"name\":\"Comment\",\"target\":[\"https:\/\/brasilnoticias.org\/site\/marivalda-encerra-2023-na-lideranca-e-firma-pre-candidatura-do-pt-em-candeias\/#respond\"]}]},{\"@type\":\"WebPage\",\"@id\":\"https:\/\/brasilnoticias.org\/site\/marivalda-encerra-2023-na-lideranca-e-firma-pre-candidatura-do-pt-em-candeias\/\",\"url\":\"https:\/\/brasilnoticias.org\/site\/marivalda-encerra-2023-na-lideranca-e-firma-pre-candidatura-do-pt-em-candeias\/\",\"name\":\"Marivalda encerra 2023 na lideran\u00e7a e firma pr\u00e9-candidatura do PT em Candeias - Brasil not\u00edcias\",\"isPartOf\":{\"@id\":\"https:\/\/brasilnoticias.org\/site\/#website\"},\"primaryImageOfPage\":{\"@id\":\"https:\/\/brasilnoticias.org\/site\/marivalda-encerra-2023-na-lideranca-e-firma-pre-candidatura-do-pt-em-candeias\/#primaryimage\"},\"image\":{\"@id\":\"https:\/\/brasilnoticias.org\/site\/marivalda-encerra-2023-na-lideranca-e-firma-pre-candidatura-do-pt-em-candeias\/#primaryimage\"},\"thumbnailUrl\":\"https:\/\/brasilnoticias.org\/site\/wp-content\/uploads\/2024\/01\/transferir.jpg\",\"datePublished\":\"2024-01-05T01:01:43+00:00\",\"dateModified\":\"2024-01-05T01:07:02+00:00\",\"breadcrumb\":{\"@id\":\"https:\/\/brasilnoticias.org\/site\/marivalda-encerra-2023-na-lideranca-e-firma-pre-candidatura-do-pt-em-candeias\/#breadcrumb\"},\"inLanguage\":\"pt-PT\",\"potentialAction\":[{\"@type\":\"ReadAction\",\"target\":[\"https:\/\/brasilnoticias.org\/site\/marivalda-encerra-2023-na-lideranca-e-firma-pre-candidatura-do-pt-em-candeias\/\"]}]},{\"@type\":\"ImageObject\",\"inLanguage\":\"pt-PT\",\"@id\":\"https:\/\/brasilnoticias.org\/site\/marivalda-encerra-2023-na-lideranca-e-firma-pre-candidatura-do-pt-em-candeias\/#primaryimage\",\"url\":\"https:\/\/brasilnoticias.org\/site\/wp-content\/uploads\/2024\/01\/transferir.jpg\",\"contentUrl\":\"https:\/\/brasilnoticias.org\/site\/wp-content\/uploads\/2024\/01\/transferir.jpg\",\"width\":275,\"height\":183},{\"@type\":\"BreadcrumbList\",\"@id\":\"https:\/\/brasilnoticias.org\/site\/marivalda-encerra-2023-na-lideranca-e-firma-pre-candidatura-do-pt-em-candeias\/#breadcrumb\",\"itemListElement\":[{\"@type\":\"ListItem\",\"position\":1,\"name\":\"In\u00edcio\",\"item\":\"https:\/\/brasilnoticias.org\/site\/\"},{\"@type\":\"ListItem\",\"position\":2,\"name\":\"Marivalda encerra 2023 na lideran\u00e7a e firma pr\u00e9-candidatura do PT em Candeias\"}]},{\"@type\":\"WebSite\",\"@id\":\"https:\/\/brasilnoticias.org\/site\/#website\",\"url\":\"https:\/\/brasilnoticias.org\/site\/\",\"name\":\"Brasil not\u00edcias\",\"description\":\"Brasil not\u00edcias\",\"publisher\":{\"@id\":\"https:\/\/brasilnoticias.org\/site\/#organization\"},\"potentialAction\":[{\"@type\":\"SearchAction\",\"target\":{\"@type\":\"EntryPoint\",\"urlTemplate\":\"https:\/\/brasilnoticias.org\/site\/?s={search_term_string}\"},\"query-input\":{\"@type\":\"PropertyValueSpecification\",\"valueRequired\":true,\"valueName\":\"search_term_string\"}}],\"inLanguage\":\"pt-PT\"},{\"@type\":\"Organization\",\"@id\":\"https:\/\/brasilnoticias.org\/site\/#organization\",\"name\":\"Brasil not\u00edcias\",\"url\":\"https:\/\/brasilnoticias.org\/site\/\",\"logo\":{\"@type\":\"ImageObject\",\"inLanguage\":\"pt-PT\",\"@id\":\"https:\/\/brasilnoticias.org\/site\/#\/schema\/logo\/image\/\",\"url\":\"https:\/\/brasilnoticias.org\/site\/wp-content\/uploads\/2022\/05\/cropped-brasilnoticias-mini.jpg\",\"contentUrl\":\"https:\/\/brasilnoticias.org\/site\/wp-content\/uploads\/2022\/05\/cropped-brasilnoticias-mini.jpg\",\"width\":314,\"height\":86,\"caption\":\"Brasil not\u00edcias\"},\"image\":{\"@id\":\"https:\/\/brasilnoticias.org\/site\/#\/schema\/logo\/image\/\"}},{\"@type\":\"Person\",\"@id\":\"https:\/\/brasilnoticias.org\/site\/#\/schema\/person\/03bbbfe6c7634ad18c26444ea39049fa\",\"name\":\"Reda\u00e7\u00e3o\",\"image\":{\"@type\":\"ImageObject\",\"inLanguage\":\"pt-PT\",\"@id\":\"https:\/\/brasilnoticias.org\/site\/#\/schema\/person\/image\/\",\"url\":\"https:\/\/secure.gravatar.com\/avatar\/9ecaf7327a696cb23ad926fedded5f1f04d7049de9e445375d55b48c001a6e42?s=96&d=mm&r=g\",\"contentUrl\":\"https:\/\/secure.gravatar.com\/avatar\/9ecaf7327a696cb23ad926fedded5f1f04d7049de9e445375d55b48c001a6e42?s=96&d=mm&r=g\",\"caption\":\"Reda\u00e7\u00e3o\"},\"url\":\"https:\/\/brasilnoticias.org\/site\/author\/henrique\/\"}]}<\/script>\n<!-- \/ Yoast SEO plugin. -->","yoast_head_json":{"title":"Marivalda encerra 2023 na lideran\u00e7a e firma pr\u00e9-candidatura do PT em Candeias - Brasil not\u00edcias","robots":{"index":"index","follow":"follow","max-snippet":"max-snippet:-1","max-image-preview":"max-image-preview:large","max-video-preview":"max-video-preview:-1"},"canonical":"https:\/\/brasilnoticias.org\/site\/marivalda-encerra-2023-na-lideranca-e-firma-pre-candidatura-do-pt-em-candeias\/","og_locale":"pt_PT","og_type":"article","og_title":"Marivalda encerra 2023 na lideran\u00e7a e firma pr\u00e9-candidatura do PT em Candeias - Brasil not\u00edcias","og_description":"Vice-prefeita consolidou sua posi\u00e7\u00e3o \u00e0 frente das sondagens internas e busca unir a cidade em torno de um projeto amplo","og_url":"https:\/\/brasilnoticias.org\/site\/marivalda-encerra-2023-na-lideranca-e-firma-pre-candidatura-do-pt-em-candeias\/","og_site_name":"Brasil not\u00edcias","article_published_time":"2024-01-05T01:01:43+00:00","article_modified_time":"2024-01-05T01:07:02+00:00","og_image":[{"width":275,"height":183,"url":"https:\/\/brasilnoticias.org\/site\/wp-content\/uploads\/2024\/01\/transferir.jpg","type":"image\/jpeg"}],"author":"Reda\u00e7\u00e3o","twitter_card":"summary_large_image","twitter_misc":{"Escrito por":"Reda\u00e7\u00e3o","Tempo estimado de leitura":"2 minutos"},"schema":{"@context":"https:\/\/schema.org","@graph":[{"@type":"Article","@id":"https:\/\/brasilnoticias.org\/site\/marivalda-encerra-2023-na-lideranca-e-firma-pre-candidatura-do-pt-em-candeias\/#article","isPartOf":{"@id":"https:\/\/brasilnoticias.org\/site\/marivalda-encerra-2023-na-lideranca-e-firma-pre-candidatura-do-pt-em-candeias\/"},"author":{"name":"Reda\u00e7\u00e3o","@id":"https:\/\/brasilnoticias.org\/site\/#\/schema\/person\/03bbbfe6c7634ad18c26444ea39049fa"},"headline":"Marivalda encerra 2023 na lideran\u00e7a e firma pr\u00e9-candidatura do PT em Candeias","datePublished":"2024-01-05T01:01:43+00:00","dateModified":"2024-01-05T01:07:02+00:00","mainEntityOfPage":{"@id":"https:\/\/brasilnoticias.org\/site\/marivalda-encerra-2023-na-lideranca-e-firma-pre-candidatura-do-pt-em-candeias\/"},"wordCount":354,"commentCount":0,"publisher":{"@id":"https:\/\/brasilnoticias.org\/site\/#organization"},"image":{"@id":"https:\/\/brasilnoticias.org\/site\/marivalda-encerra-2023-na-lideranca-e-firma-pre-candidatura-do-pt-em-candeias\/#primaryimage"},"thumbnailUrl":"https:\/\/brasilnoticias.org\/site\/wp-content\/uploads\/2024\/01\/transferir.jpg","articleSection":["Pol\u00edtica","\u00daltimas"],"inLanguage":"pt-PT","potentialAction":[{"@type":"CommentAction","name":"Comment","target":["https:\/\/brasilnoticias.org\/site\/marivalda-encerra-2023-na-lideranca-e-firma-pre-candidatura-do-pt-em-candeias\/#respond"]}]},{"@type":"WebPage","@id":"https:\/\/brasilnoticias.org\/site\/marivalda-encerra-2023-na-lideranca-e-firma-pre-candidatura-do-pt-em-candeias\/","url":"https:\/\/brasilnoticias.org\/site\/marivalda-encerra-2023-na-lideranca-e-firma-pre-candidatura-do-pt-em-candeias\/","name":"Marivalda encerra 2023 na lideran\u00e7a e firma pr\u00e9-candidatura do PT em Candeias - Brasil not\u00edcias","isPartOf":{"@id":"https:\/\/brasilnoticias.org\/site\/#website"},"primaryImageOfPage":{"@id":"https:\/\/brasilnoticias.org\/site\/marivalda-encerra-2023-na-lideranca-e-firma-pre-candidatura-do-pt-em-candeias\/#primaryimage"},"image":{"@id":"https:\/\/brasilnoticias.org\/site\/marivalda-encerra-2023-na-lideranca-e-firma-pre-candidatura-do-pt-em-candeias\/#primaryimage"},"thumbnailUrl":"https:\/\/brasilnoticias.org\/site\/wp-content\/uploads\/2024\/01\/transferir.jpg","datePublished":"2024-01-05T01:01:43+00:00","dateModified":"2024-01-05T01:07:02+00:00","breadcrumb":{"@id":"https:\/\/brasilnoticias.org\/site\/marivalda-encerra-2023-na-lideranca-e-firma-pre-candidatura-do-pt-em-candeias\/#breadcrumb"},"inLanguage":"pt-PT","potentialAction":[{"@type":"ReadAction","target":["https:\/\/brasilnoticias.org\/site\/marivalda-encerra-2023-na-lideranca-e-firma-pre-candidatura-do-pt-em-candeias\/"]}]},{"@type":"ImageObject","inLanguage":"pt-PT","@id":"https:\/\/brasilnoticias.org\/site\/marivalda-encerra-2023-na-lideranca-e-firma-pre-candidatura-do-pt-em-candeias\/#primaryimage","url":"https:\/\/brasilnoticias.org\/site\/wp-content\/uploads\/2024\/01\/transferir.jpg","contentUrl":"https:\/\/brasilnoticias.org\/site\/wp-content\/uploads\/2024\/01\/transferir.jpg","width":275,"height":183},{"@type":"BreadcrumbList","@id":"https:\/\/brasilnoticias.org\/site\/marivalda-encerra-2023-na-lideranca-e-firma-pre-candidatura-do-pt-em-candeias\/#breadcrumb","itemListElement":[{"@type":"ListItem","position":1,"name":"In\u00edcio","item":"https:\/\/brasilnoticias.org\/site\/"},{"@type":"ListItem","position":2,"name":"Marivalda encerra 2023 na lideran\u00e7a e firma pr\u00e9-candidatura do PT em Candeias"}]},{"@type":"WebSite","@id":"https:\/\/brasilnoticias.org\/site\/#website","url":"https:\/\/brasilnoticias.org\/site\/","name":"Brasil not\u00edcias","description":"Brasil not\u00edcias","publisher":{"@id":"https:\/\/brasilnoticias.org\/site\/#organization"},"potentialAction":[{"@type":"SearchAction","target":{"@type":"EntryPoint","urlTemplate":"https:\/\/brasilnoticias.org\/site\/?s={search_term_string}"},"query-input":{"@type":"PropertyValueSpecification","valueRequired":true,"valueName":"search_term_string"}}],"inLanguage":"pt-PT"},{"@type":"Organization","@id":"https:\/\/brasilnoticias.org\/site\/#organization","name":"Brasil not\u00edcias","url":"https:\/\/brasilnoticias.org\/site\/","logo":{"@type":"ImageObject","inLanguage":"pt-PT","@id":"https:\/\/brasilnoticias.org\/site\/#\/schema\/logo\/image\/","url":"https:\/\/brasilnoticias.org\/site\/wp-content\/uploads\/2022\/05\/cropped-brasilnoticias-mini.jpg","contentUrl":"https:\/\/brasilnoticias.org\/site\/wp-content\/uploads\/2022\/05\/cropped-brasilnoticias-mini.jpg","width":314,"height":86,"caption":"Brasil not\u00edcias"},"image":{"@id":"https:\/\/brasilnoticias.org\/site\/#\/schema\/logo\/image\/"}},{"@type":"Person","@id":"https:\/\/brasilnoticias.org\/site\/#\/schema\/person\/03bbbfe6c7634ad18c26444ea39049fa","name":"Reda\u00e7\u00e3o","image":{"@type":"ImageObject","inLanguage":"pt-PT","@id":"https:\/\/brasilnoticias.org\/site\/#\/schema\/person\/image\/","url":"https:\/\/secure.gravatar.com\/avatar\/9ecaf7327a696cb23ad926fedded5f1f04d7049de9e445375d55b48c001a6e42?s=96&d=mm&r=g","contentUrl":"https:\/\/secure.gravatar.com\/avatar\/9ecaf7327a696cb23ad926fedded5f1f04d7049de9e445375d55b48c001a6e42?s=96&d=mm&r=g","caption":"Reda\u00e7\u00e3o"},"url":"https:\/\/brasilnoticias.org\/site\/author\/henrique\/"}]}},"_links":{"self":[{"href":"https:\/\/brasilnoticias.org\/site\/wp-json\/wp\/v2\/posts\/11982","targetHints":{"allow":["GET"]}}],"collection":[{"href":"https:\/\/brasilnoticias.org\/site\/wp-json\/wp\/v2\/posts"}],"about":[{"href":"https:\/\/brasilnoticias.org\/site\/wp-json\/wp\/v2\/types\/post"}],"author":[{"embeddable":true,"href":"https:\/\/brasilnoticias.org\/site\/wp-json\/wp\/v2\/users\/4"}],"replies":[{"embeddable":true,"href":"https:\/\/brasilnoticias.org\/site\/wp-json\/wp\/v2\/comments?post=11982"}],"version-history":[{"count":2,"href":"https:\/\/brasilnoticias.org\/site\/wp-json\/wp\/v2\/posts\/11982\/revisions"}],"predecessor-version":[{"id":11985,"href":"https:\/\/brasilnoticias.org\/site\/wp-json\/wp\/v2\/posts\/11982\/revisions\/11985"}],"wp:featuredmedia":[{"embeddable":true,"href":"https:\/\/brasilnoticias.org\/site\/wp-json\/wp\/v2\/media\/11983"}],"wp:attachment":[{"href":"https:\/\/brasilnoticias.org\/site\/wp-json\/wp\/v2\/media?parent=11982"}],"wp:term":[{"taxonomy":"category","embeddable":true,"href":"https:\/\/brasilnoticias.org\/site\/wp-json\/wp\/v2\/categories?post=11982"},{"taxonomy":"post_tag","embeddable":true,"href":"https:\/\/brasilnoticias.org\/site\/wp-json\/wp\/v2\/tags?post=11982"}],"curies":[{"name":"wp","href":"https:\/\/api.w.org\/{rel}","templated":true}]}}