{"id":11994,"date":"2024-01-05T18:22:12","date_gmt":"2024-01-05T21:22:12","guid":{"rendered":"https:\/\/brasilnoticias.org\/site\/?p=11994"},"modified":"2024-01-05T18:22:12","modified_gmt":"2024-01-05T21:22:12","slug":"2024-comeca-como-terminou-2023-sem-politicas-publicas-para-combater-bandidagem-diz-neto-apos-morte-de-jovem","status":"publish","type":"post","link":"https:\/\/brasilnoticias.org\/site\/2024-comeca-como-terminou-2023-sem-politicas-publicas-para-combater-bandidagem-diz-neto-apos-morte-de-jovem\/","title":{"rendered":"\u20192024 come\u00e7a como terminou 2023: sem pol\u00edticas p\u00fablicas para combater bandidagem\u2019, diz Neto ap\u00f3s morte de jovem"},"content":{"rendered":"<p>Ap\u00f3s a morte de um jovem de 18 anos na \u00faltima quarta-feira (3), na Praia de Cabu\u00e7u, distrito de Saubara, no Rec\u00f4ncavo baiano, o ex-prefeito de Salvador e secret\u00e1rio-geral do Uni\u00e3o Brasil, ACM Neto, cobrou ao governador da Bahia, Jer\u00f4nimo Rodrigues (PT), a implanta\u00e7\u00e3o de pol\u00edticas p\u00fablicas para a \u00e1rea de seguran\u00e7a p\u00fablica. A v\u00edtima foi assassinada por utilizar uma camisa do desenho animado Mickey Mouse.<\/p>\n<p>\u201c2024 come\u00e7a da mesma forma que terminou 2023: com aus\u00eancia de pol\u00edticas p\u00fablicas para combater a bandidagem na Bahia. Um jovem de 18 anos foi morto em plena praia de Cabu\u00e7u por utilizar uma camisa de desenho animado. Isso \u00e9 inadmiss\u00edvel\u201d, afirmou, em suas redes sociais.<\/p>\n<p>Neto tamb\u00e9m prop\u00f4s a constru\u00e7\u00e3o de pres\u00eddios de seguran\u00e7a m\u00e1xima no estado. \u201cO governador precisa chamar para si a responsabilidade, construir pres\u00eddios de seguran\u00e7a m\u00e1xima e investir em tecnologia para evitar que atos terr\u00edveis continuem tirando a vida dos baianos\u201d, completou.<\/p>\n<p>Segundo a pol\u00edcia, a v\u00edtima teria sido assassinada por um grupo de seis suspeitos. A corpora\u00e7\u00e3o afirmou que o s\u00edmbolo do rato (Mickey) seria vinculado a uma fac\u00e7\u00e3o criminosa. A principal suspeita \u00e9 de que o jovem tenha sido v\u00edtima de um grupo rival.<\/p>\n<p>Foto: Divulga\u00e7\u00e3o<\/p>\n","protected":false},"excerpt":{"rendered":"<p>Ap\u00f3s a morte de um jovem de 18 anos na \u00faltima quarta-feira (3), na Praia de Cabu\u00e7u, distrito de Saubara,<\/p>\n","protected":false},"author":4,"featured_media":11995,"comment_status":"open","ping_status":"open","sticky":false,"template":"","format":"standard","meta":{"colormag_page_container_layout":"default_layout","colormag_page_sidebar_layout":"default_layout","_FSMCFIC_featured_image_caption":"","_FSMCFIC_featured_image_nocaption":"","_FSMCFIC_featured_image_hide":"","footnotes":""},"categories":[2,1],"tags":[],"class_list":["post-11994","post","type-post","status-publish","format-standard","has-post-thumbnail","hentry","category-noticias","category-ultimas"],"yoast_head":"<!-- This site is optimized with the Yoast SEO plugin v27.1.1 - https:\/\/yoast.com\/product\/yoast-seo-wordpress\/ -->\n<title>\u20192024 come\u00e7a como terminou 2023: sem pol\u00edticas p\u00fablicas para combater bandidagem\u2019, diz Neto ap\u00f3s morte de jovem - Brasil not\u00edcias<\/title>\n<meta name=\"robots\" content=\"index, follow, max-snippet:-1, max-image-preview:large, max-video-preview:-1\" \/>\n<link rel=\"canonical\" href=\"https:\/\/brasilnoticias.org\/site\/2024-comeca-como-terminou-2023-sem-politicas-publicas-para-combater-bandidagem-diz-neto-apos-morte-de-jovem\/\" \/>\n<meta property=\"og:locale\" content=\"pt_PT\" \/>\n<meta property=\"og:type\" content=\"article\" \/>\n<meta property=\"og:title\" content=\"\u20192024 come\u00e7a como terminou 2023: sem pol\u00edticas p\u00fablicas para combater bandidagem\u2019, diz Neto ap\u00f3s morte de jovem - Brasil not\u00edcias\" \/>\n<meta property=\"og:description\" content=\"Ap\u00f3s a morte de um jovem de 18 anos na \u00faltima quarta-feira (3), na Praia de Cabu\u00e7u, distrito de Saubara,\" \/>\n<meta property=\"og:url\" content=\"https:\/\/brasilnoticias.org\/site\/2024-comeca-como-terminou-2023-sem-politicas-publicas-para-combater-bandidagem-diz-neto-apos-morte-de-jovem\/\" \/>\n<meta property=\"og:site_name\" content=\"Brasil not\u00edcias\" \/>\n<meta property=\"article:published_time\" content=\"2024-01-05T21:22:12+00:00\" \/>\n<meta property=\"og:image\" content=\"https:\/\/brasilnoticias.org\/site\/wp-content\/uploads\/2024\/01\/IMAGEM_NOTICIA_2-1.jpg\" \/>\n\t<meta property=\"og:image:width\" content=\"300\" \/>\n\t<meta property=\"og:image:height\" content=\"200\" \/>\n\t<meta property=\"og:image:type\" content=\"image\/jpeg\" \/>\n<meta name=\"author\" content=\"Reda\u00e7\u00e3o\" \/>\n<meta name=\"twitter:card\" content=\"summary_large_image\" \/>\n<meta name=\"twitter:label1\" content=\"Escrito por\" \/>\n\t<meta name=\"twitter:data1\" content=\"Reda\u00e7\u00e3o\" \/>\n\t<meta name=\"twitter:label2\" content=\"Tempo estimado de leitura\" \/>\n\t<meta name=\"twitter:data2\" content=\"1 minuto\" \/>\n<script type=\"application\/ld+json\" class=\"yoast-schema-graph\">{\"@context\":\"https:\/\/schema.org\",\"@graph\":[{\"@type\":\"Article\",\"@id\":\"https:\/\/brasilnoticias.org\/site\/2024-comeca-como-terminou-2023-sem-politicas-publicas-para-combater-bandidagem-diz-neto-apos-morte-de-jovem\/#article\",\"isPartOf\":{\"@id\":\"https:\/\/brasilnoticias.org\/site\/2024-comeca-como-terminou-2023-sem-politicas-publicas-para-combater-bandidagem-diz-neto-apos-morte-de-jovem\/\"},\"author\":{\"name\":\"Reda\u00e7\u00e3o\",\"@id\":\"https:\/\/brasilnoticias.org\/site\/#\/schema\/person\/03bbbfe6c7634ad18c26444ea39049fa\"},\"headline\":\"\u20192024 come\u00e7a como terminou 2023: sem pol\u00edticas p\u00fablicas para combater bandidagem\u2019, diz Neto ap\u00f3s morte de jovem\",\"datePublished\":\"2024-01-05T21:22:12+00:00\",\"mainEntityOfPage\":{\"@id\":\"https:\/\/brasilnoticias.org\/site\/2024-comeca-como-terminou-2023-sem-politicas-publicas-para-combater-bandidagem-diz-neto-apos-morte-de-jovem\/\"},\"wordCount\":246,\"commentCount\":0,\"publisher\":{\"@id\":\"https:\/\/brasilnoticias.org\/site\/#organization\"},\"image\":{\"@id\":\"https:\/\/brasilnoticias.org\/site\/2024-comeca-como-terminou-2023-sem-politicas-publicas-para-combater-bandidagem-diz-neto-apos-morte-de-jovem\/#primaryimage\"},\"thumbnailUrl\":\"https:\/\/brasilnoticias.org\/site\/wp-content\/uploads\/2024\/01\/IMAGEM_NOTICIA_2-1.jpg\",\"articleSection\":[\"Not\u00edcias\",\"\u00daltimas\"],\"inLanguage\":\"pt-PT\",\"potentialAction\":[{\"@type\":\"CommentAction\",\"name\":\"Comment\",\"target\":[\"https:\/\/brasilnoticias.org\/site\/2024-comeca-como-terminou-2023-sem-politicas-publicas-para-combater-bandidagem-diz-neto-apos-morte-de-jovem\/#respond\"]}]},{\"@type\":\"WebPage\",\"@id\":\"https:\/\/brasilnoticias.org\/site\/2024-comeca-como-terminou-2023-sem-politicas-publicas-para-combater-bandidagem-diz-neto-apos-morte-de-jovem\/\",\"url\":\"https:\/\/brasilnoticias.org\/site\/2024-comeca-como-terminou-2023-sem-politicas-publicas-para-combater-bandidagem-diz-neto-apos-morte-de-jovem\/\",\"name\":\"\u20192024 come\u00e7a como terminou 2023: sem pol\u00edticas p\u00fablicas para combater bandidagem\u2019, diz Neto ap\u00f3s morte de jovem - Brasil not\u00edcias\",\"isPartOf\":{\"@id\":\"https:\/\/brasilnoticias.org\/site\/#website\"},\"primaryImageOfPage\":{\"@id\":\"https:\/\/brasilnoticias.org\/site\/2024-comeca-como-terminou-2023-sem-politicas-publicas-para-combater-bandidagem-diz-neto-apos-morte-de-jovem\/#primaryimage\"},\"image\":{\"@id\":\"https:\/\/brasilnoticias.org\/site\/2024-comeca-como-terminou-2023-sem-politicas-publicas-para-combater-bandidagem-diz-neto-apos-morte-de-jovem\/#primaryimage\"},\"thumbnailUrl\":\"https:\/\/brasilnoticias.org\/site\/wp-content\/uploads\/2024\/01\/IMAGEM_NOTICIA_2-1.jpg\",\"datePublished\":\"2024-01-05T21:22:12+00:00\",\"breadcrumb\":{\"@id\":\"https:\/\/brasilnoticias.org\/site\/2024-comeca-como-terminou-2023-sem-politicas-publicas-para-combater-bandidagem-diz-neto-apos-morte-de-jovem\/#breadcrumb\"},\"inLanguage\":\"pt-PT\",\"potentialAction\":[{\"@type\":\"ReadAction\",\"target\":[\"https:\/\/brasilnoticias.org\/site\/2024-comeca-como-terminou-2023-sem-politicas-publicas-para-combater-bandidagem-diz-neto-apos-morte-de-jovem\/\"]}]},{\"@type\":\"ImageObject\",\"inLanguage\":\"pt-PT\",\"@id\":\"https:\/\/brasilnoticias.org\/site\/2024-comeca-como-terminou-2023-sem-politicas-publicas-para-combater-bandidagem-diz-neto-apos-morte-de-jovem\/#primaryimage\",\"url\":\"https:\/\/brasilnoticias.org\/site\/wp-content\/uploads\/2024\/01\/IMAGEM_NOTICIA_2-1.jpg\",\"contentUrl\":\"https:\/\/brasilnoticias.org\/site\/wp-content\/uploads\/2024\/01\/IMAGEM_NOTICIA_2-1.jpg\",\"width\":300,\"height\":200},{\"@type\":\"BreadcrumbList\",\"@id\":\"https:\/\/brasilnoticias.org\/site\/2024-comeca-como-terminou-2023-sem-politicas-publicas-para-combater-bandidagem-diz-neto-apos-morte-de-jovem\/#breadcrumb\",\"itemListElement\":[{\"@type\":\"ListItem\",\"position\":1,\"name\":\"In\u00edcio\",\"item\":\"https:\/\/brasilnoticias.org\/site\/\"},{\"@type\":\"ListItem\",\"position\":2,\"name\":\"\u20192024 come\u00e7a como terminou 2023: sem pol\u00edticas p\u00fablicas para combater bandidagem\u2019, diz Neto ap\u00f3s morte de jovem\"}]},{\"@type\":\"WebSite\",\"@id\":\"https:\/\/brasilnoticias.org\/site\/#website\",\"url\":\"https:\/\/brasilnoticias.org\/site\/\",\"name\":\"Brasil not\u00edcias\",\"description\":\"Brasil not\u00edcias\",\"publisher\":{\"@id\":\"https:\/\/brasilnoticias.org\/site\/#organization\"},\"potentialAction\":[{\"@type\":\"SearchAction\",\"target\":{\"@type\":\"EntryPoint\",\"urlTemplate\":\"https:\/\/brasilnoticias.org\/site\/?s={search_term_string}\"},\"query-input\":{\"@type\":\"PropertyValueSpecification\",\"valueRequired\":true,\"valueName\":\"search_term_string\"}}],\"inLanguage\":\"pt-PT\"},{\"@type\":\"Organization\",\"@id\":\"https:\/\/brasilnoticias.org\/site\/#organization\",\"name\":\"Brasil not\u00edcias\",\"url\":\"https:\/\/brasilnoticias.org\/site\/\",\"logo\":{\"@type\":\"ImageObject\",\"inLanguage\":\"pt-PT\",\"@id\":\"https:\/\/brasilnoticias.org\/site\/#\/schema\/logo\/image\/\",\"url\":\"https:\/\/brasilnoticias.org\/site\/wp-content\/uploads\/2022\/05\/cropped-brasilnoticias-mini.jpg\",\"contentUrl\":\"https:\/\/brasilnoticias.org\/site\/wp-content\/uploads\/2022\/05\/cropped-brasilnoticias-mini.jpg\",\"width\":314,\"height\":86,\"caption\":\"Brasil not\u00edcias\"},\"image\":{\"@id\":\"https:\/\/brasilnoticias.org\/site\/#\/schema\/logo\/image\/\"}},{\"@type\":\"Person\",\"@id\":\"https:\/\/brasilnoticias.org\/site\/#\/schema\/person\/03bbbfe6c7634ad18c26444ea39049fa\",\"name\":\"Reda\u00e7\u00e3o\",\"image\":{\"@type\":\"ImageObject\",\"inLanguage\":\"pt-PT\",\"@id\":\"https:\/\/brasilnoticias.org\/site\/#\/schema\/person\/image\/\",\"url\":\"https:\/\/secure.gravatar.com\/avatar\/9ecaf7327a696cb23ad926fedded5f1f04d7049de9e445375d55b48c001a6e42?s=96&d=mm&r=g\",\"contentUrl\":\"https:\/\/secure.gravatar.com\/avatar\/9ecaf7327a696cb23ad926fedded5f1f04d7049de9e445375d55b48c001a6e42?s=96&d=mm&r=g\",\"caption\":\"Reda\u00e7\u00e3o\"},\"url\":\"https:\/\/brasilnoticias.org\/site\/author\/henrique\/\"}]}<\/script>\n<!-- \/ Yoast SEO plugin. -->","yoast_head_json":{"title":"\u20192024 come\u00e7a como terminou 2023: sem pol\u00edticas p\u00fablicas para combater bandidagem\u2019, diz Neto ap\u00f3s morte de jovem - Brasil not\u00edcias","robots":{"index":"index","follow":"follow","max-snippet":"max-snippet:-1","max-image-preview":"max-image-preview:large","max-video-preview":"max-video-preview:-1"},"canonical":"https:\/\/brasilnoticias.org\/site\/2024-comeca-como-terminou-2023-sem-politicas-publicas-para-combater-bandidagem-diz-neto-apos-morte-de-jovem\/","og_locale":"pt_PT","og_type":"article","og_title":"\u20192024 come\u00e7a como terminou 2023: sem pol\u00edticas p\u00fablicas para combater bandidagem\u2019, diz Neto ap\u00f3s morte de jovem - Brasil not\u00edcias","og_description":"Ap\u00f3s a morte de um jovem de 18 anos na \u00faltima quarta-feira (3), na Praia de Cabu\u00e7u, distrito de Saubara,","og_url":"https:\/\/brasilnoticias.org\/site\/2024-comeca-como-terminou-2023-sem-politicas-publicas-para-combater-bandidagem-diz-neto-apos-morte-de-jovem\/","og_site_name":"Brasil not\u00edcias","article_published_time":"2024-01-05T21:22:12+00:00","og_image":[{"width":300,"height":200,"url":"https:\/\/brasilnoticias.org\/site\/wp-content\/uploads\/2024\/01\/IMAGEM_NOTICIA_2-1.jpg","type":"image\/jpeg"}],"author":"Reda\u00e7\u00e3o","twitter_card":"summary_large_image","twitter_misc":{"Escrito por":"Reda\u00e7\u00e3o","Tempo estimado de leitura":"1 minuto"},"schema":{"@context":"https:\/\/schema.org","@graph":[{"@type":"Article","@id":"https:\/\/brasilnoticias.org\/site\/2024-comeca-como-terminou-2023-sem-politicas-publicas-para-combater-bandidagem-diz-neto-apos-morte-de-jovem\/#article","isPartOf":{"@id":"https:\/\/brasilnoticias.org\/site\/2024-comeca-como-terminou-2023-sem-politicas-publicas-para-combater-bandidagem-diz-neto-apos-morte-de-jovem\/"},"author":{"name":"Reda\u00e7\u00e3o","@id":"https:\/\/brasilnoticias.org\/site\/#\/schema\/person\/03bbbfe6c7634ad18c26444ea39049fa"},"headline":"\u20192024 come\u00e7a como terminou 2023: sem pol\u00edticas p\u00fablicas para combater bandidagem\u2019, diz Neto ap\u00f3s morte de jovem","datePublished":"2024-01-05T21:22:12+00:00","mainEntityOfPage":{"@id":"https:\/\/brasilnoticias.org\/site\/2024-comeca-como-terminou-2023-sem-politicas-publicas-para-combater-bandidagem-diz-neto-apos-morte-de-jovem\/"},"wordCount":246,"commentCount":0,"publisher":{"@id":"https:\/\/brasilnoticias.org\/site\/#organization"},"image":{"@id":"https:\/\/brasilnoticias.org\/site\/2024-comeca-como-terminou-2023-sem-politicas-publicas-para-combater-bandidagem-diz-neto-apos-morte-de-jovem\/#primaryimage"},"thumbnailUrl":"https:\/\/brasilnoticias.org\/site\/wp-content\/uploads\/2024\/01\/IMAGEM_NOTICIA_2-1.jpg","articleSection":["Not\u00edcias","\u00daltimas"],"inLanguage":"pt-PT","potentialAction":[{"@type":"CommentAction","name":"Comment","target":["https:\/\/brasilnoticias.org\/site\/2024-comeca-como-terminou-2023-sem-politicas-publicas-para-combater-bandidagem-diz-neto-apos-morte-de-jovem\/#respond"]}]},{"@type":"WebPage","@id":"https:\/\/brasilnoticias.org\/site\/2024-comeca-como-terminou-2023-sem-politicas-publicas-para-combater-bandidagem-diz-neto-apos-morte-de-jovem\/","url":"https:\/\/brasilnoticias.org\/site\/2024-comeca-como-terminou-2023-sem-politicas-publicas-para-combater-bandidagem-diz-neto-apos-morte-de-jovem\/","name":"\u20192024 come\u00e7a como terminou 2023: sem pol\u00edticas p\u00fablicas para combater bandidagem\u2019, diz Neto ap\u00f3s morte de jovem - Brasil not\u00edcias","isPartOf":{"@id":"https:\/\/brasilnoticias.org\/site\/#website"},"primaryImageOfPage":{"@id":"https:\/\/brasilnoticias.org\/site\/2024-comeca-como-terminou-2023-sem-politicas-publicas-para-combater-bandidagem-diz-neto-apos-morte-de-jovem\/#primaryimage"},"image":{"@id":"https:\/\/brasilnoticias.org\/site\/2024-comeca-como-terminou-2023-sem-politicas-publicas-para-combater-bandidagem-diz-neto-apos-morte-de-jovem\/#primaryimage"},"thumbnailUrl":"https:\/\/brasilnoticias.org\/site\/wp-content\/uploads\/2024\/01\/IMAGEM_NOTICIA_2-1.jpg","datePublished":"2024-01-05T21:22:12+00:00","breadcrumb":{"@id":"https:\/\/brasilnoticias.org\/site\/2024-comeca-como-terminou-2023-sem-politicas-publicas-para-combater-bandidagem-diz-neto-apos-morte-de-jovem\/#breadcrumb"},"inLanguage":"pt-PT","potentialAction":[{"@type":"ReadAction","target":["https:\/\/brasilnoticias.org\/site\/2024-comeca-como-terminou-2023-sem-politicas-publicas-para-combater-bandidagem-diz-neto-apos-morte-de-jovem\/"]}]},{"@type":"ImageObject","inLanguage":"pt-PT","@id":"https:\/\/brasilnoticias.org\/site\/2024-comeca-como-terminou-2023-sem-politicas-publicas-para-combater-bandidagem-diz-neto-apos-morte-de-jovem\/#primaryimage","url":"https:\/\/brasilnoticias.org\/site\/wp-content\/uploads\/2024\/01\/IMAGEM_NOTICIA_2-1.jpg","contentUrl":"https:\/\/brasilnoticias.org\/site\/wp-content\/uploads\/2024\/01\/IMAGEM_NOTICIA_2-1.jpg","width":300,"height":200},{"@type":"BreadcrumbList","@id":"https:\/\/brasilnoticias.org\/site\/2024-comeca-como-terminou-2023-sem-politicas-publicas-para-combater-bandidagem-diz-neto-apos-morte-de-jovem\/#breadcrumb","itemListElement":[{"@type":"ListItem","position":1,"name":"In\u00edcio","item":"https:\/\/brasilnoticias.org\/site\/"},{"@type":"ListItem","position":2,"name":"\u20192024 come\u00e7a como terminou 2023: sem pol\u00edticas p\u00fablicas para combater bandidagem\u2019, diz Neto ap\u00f3s morte de jovem"}]},{"@type":"WebSite","@id":"https:\/\/brasilnoticias.org\/site\/#website","url":"https:\/\/brasilnoticias.org\/site\/","name":"Brasil not\u00edcias","description":"Brasil not\u00edcias","publisher":{"@id":"https:\/\/brasilnoticias.org\/site\/#organization"},"potentialAction":[{"@type":"SearchAction","target":{"@type":"EntryPoint","urlTemplate":"https:\/\/brasilnoticias.org\/site\/?s={search_term_string}"},"query-input":{"@type":"PropertyValueSpecification","valueRequired":true,"valueName":"search_term_string"}}],"inLanguage":"pt-PT"},{"@type":"Organization","@id":"https:\/\/brasilnoticias.org\/site\/#organization","name":"Brasil not\u00edcias","url":"https:\/\/brasilnoticias.org\/site\/","logo":{"@type":"ImageObject","inLanguage":"pt-PT","@id":"https:\/\/brasilnoticias.org\/site\/#\/schema\/logo\/image\/","url":"https:\/\/brasilnoticias.org\/site\/wp-content\/uploads\/2022\/05\/cropped-brasilnoticias-mini.jpg","contentUrl":"https:\/\/brasilnoticias.org\/site\/wp-content\/uploads\/2022\/05\/cropped-brasilnoticias-mini.jpg","width":314,"height":86,"caption":"Brasil not\u00edcias"},"image":{"@id":"https:\/\/brasilnoticias.org\/site\/#\/schema\/logo\/image\/"}},{"@type":"Person","@id":"https:\/\/brasilnoticias.org\/site\/#\/schema\/person\/03bbbfe6c7634ad18c26444ea39049fa","name":"Reda\u00e7\u00e3o","image":{"@type":"ImageObject","inLanguage":"pt-PT","@id":"https:\/\/brasilnoticias.org\/site\/#\/schema\/person\/image\/","url":"https:\/\/secure.gravatar.com\/avatar\/9ecaf7327a696cb23ad926fedded5f1f04d7049de9e445375d55b48c001a6e42?s=96&d=mm&r=g","contentUrl":"https:\/\/secure.gravatar.com\/avatar\/9ecaf7327a696cb23ad926fedded5f1f04d7049de9e445375d55b48c001a6e42?s=96&d=mm&r=g","caption":"Reda\u00e7\u00e3o"},"url":"https:\/\/brasilnoticias.org\/site\/author\/henrique\/"}]}},"_links":{"self":[{"href":"https:\/\/brasilnoticias.org\/site\/wp-json\/wp\/v2\/posts\/11994","targetHints":{"allow":["GET"]}}],"collection":[{"href":"https:\/\/brasilnoticias.org\/site\/wp-json\/wp\/v2\/posts"}],"about":[{"href":"https:\/\/brasilnoticias.org\/site\/wp-json\/wp\/v2\/types\/post"}],"author":[{"embeddable":true,"href":"https:\/\/brasilnoticias.org\/site\/wp-json\/wp\/v2\/users\/4"}],"replies":[{"embeddable":true,"href":"https:\/\/brasilnoticias.org\/site\/wp-json\/wp\/v2\/comments?post=11994"}],"version-history":[{"count":1,"href":"https:\/\/brasilnoticias.org\/site\/wp-json\/wp\/v2\/posts\/11994\/revisions"}],"predecessor-version":[{"id":11996,"href":"https:\/\/brasilnoticias.org\/site\/wp-json\/wp\/v2\/posts\/11994\/revisions\/11996"}],"wp:featuredmedia":[{"embeddable":true,"href":"https:\/\/brasilnoticias.org\/site\/wp-json\/wp\/v2\/media\/11995"}],"wp:attachment":[{"href":"https:\/\/brasilnoticias.org\/site\/wp-json\/wp\/v2\/media?parent=11994"}],"wp:term":[{"taxonomy":"category","embeddable":true,"href":"https:\/\/brasilnoticias.org\/site\/wp-json\/wp\/v2\/categories?post=11994"},{"taxonomy":"post_tag","embeddable":true,"href":"https:\/\/brasilnoticias.org\/site\/wp-json\/wp\/v2\/tags?post=11994"}],"curies":[{"name":"wp","href":"https:\/\/api.w.org\/{rel}","templated":true}]}}