{"id":11997,"date":"2024-01-05T18:23:09","date_gmt":"2024-01-05T21:23:09","guid":{"rendered":"https:\/\/brasilnoticias.org\/site\/?p=11997"},"modified":"2024-01-05T18:23:39","modified_gmt":"2024-01-05T21:23:39","slug":"bolsonaro-lula-despreza-parlamento-e-governa-com-seu-judiciario","status":"publish","type":"post","link":"https:\/\/brasilnoticias.org\/site\/bolsonaro-lula-despreza-parlamento-e-governa-com-seu-judiciario\/","title":{"rendered":"Bolsonaro: Lula despreza Parlamento e governa com \u2018seu\u2019 Judici\u00e1rio"},"content":{"rendered":"<p>O ex-presidente Jair Bolsonaro (PL) criticou o governo de Lula (PT) por amea\u00e7ar ir \u00e0 Justi\u00e7a caso o Congresso Nacional devolva a medida provis\u00f3ria (MP) 1202\/2023do atual presidente que reonera folha e revoga benef\u00edcios fiscais para setores da economia. Para o rival do petista, a rea\u00e7\u00e3o de Lula \u00e0 insatisfa\u00e7\u00e3o de deputados e senadores evidencia desprezo ao Parlamento e uma inger\u00eancia do governo junto ao Judici\u00e1rio.<\/p>\n<p>\u201cRecorrer \u00e0 Justi\u00e7a contra uma medida exaustivamente debatida e deliberada pelo Congresso, apenas explicita que Lula cada vez mais despreza o Parlamento e governa com o \u2018seu\u2019 Judici\u00e1rio\u201d, condenou Bolsonaro, em publica\u00e7\u00e3o nas redes sociais.<\/p>\n<p>O antecessor de Lula no Pal\u00e1cio do Planalto considerou a MP do governo uma \u201ceconomia suicida\u201d que busca ampliar tributa\u00e7\u00e3o para aumentar a arrecada\u00e7\u00e3o, operada pelo petista e por seu ministro da Fazenda, Fernando Haddad, com base no contrassenso \u201cMenos vacas, mais leite\u201d.<\/p>\n<p>\u201cO atual mandat\u00e1rio volta com a cobran\u00e7a dos impostos dos combust\u00edveis que, associado com a reonera\u00e7\u00e3o da folha, trar\u00e1 desemprego, infla\u00e7\u00e3o e queda de arrecada\u00e7\u00e3o\u201d, avaliou Bolsonaro.<\/p>\n<p>O ex-presidente relatou ainda medidas de seu governo, entre 2029 e 2022, a exemplo como a prorroga\u00e7\u00e3o da desonera\u00e7\u00e3o da folha, que levaria a sa\u00fade a ser o 18\u00b0 setor a ser beneficiado em 2024. E ressaltou que sua equipe Econ\u00f4mica, liderada por Paulo Guedes, \u201cadotou v\u00e1rias outras medidas tirando o peso do Estado dos ombros dos trabalhadores e empregadores\u201d, como zerar impostos sobre os combust\u00edveis, quando o mundo todo sofria com o aumento de pre\u00e7os por causa da pandemia de covid-19 e da guerra da R\u00fassia contra a Ucr\u00e2nia.<\/p>\n<p>Informa\u00e7\u00f5es do DI\u00e1rio do Poder \/ Foto: Reprodu\u00e7\u00e3o\/Facebook <\/p>\n","protected":false},"excerpt":{"rendered":"<p>O ex-presidente Jair Bolsonaro (PL) criticou o governo de Lula (PT) por amea\u00e7ar ir \u00e0 Justi\u00e7a caso o Congresso Nacional<\/p>\n","protected":false},"author":4,"featured_media":11998,"comment_status":"open","ping_status":"open","sticky":false,"template":"","format":"standard","meta":{"colormag_page_container_layout":"default_layout","colormag_page_sidebar_layout":"default_layout","_FSMCFIC_featured_image_caption":"","_FSMCFIC_featured_image_nocaption":"","_FSMCFIC_featured_image_hide":"","footnotes":""},"categories":[5,1],"tags":[],"class_list":["post-11997","post","type-post","status-publish","format-standard","has-post-thumbnail","hentry","category-politica","category-ultimas"],"yoast_head":"<!-- This site is optimized with the Yoast SEO plugin v27.1.1 - https:\/\/yoast.com\/product\/yoast-seo-wordpress\/ -->\n<title>Bolsonaro: Lula despreza Parlamento e governa com \u2018seu\u2019 Judici\u00e1rio - Brasil not\u00edcias<\/title>\n<meta name=\"robots\" content=\"index, follow, max-snippet:-1, max-image-preview:large, max-video-preview:-1\" \/>\n<link rel=\"canonical\" href=\"https:\/\/brasilnoticias.org\/site\/bolsonaro-lula-despreza-parlamento-e-governa-com-seu-judiciario\/\" \/>\n<meta property=\"og:locale\" content=\"pt_PT\" \/>\n<meta property=\"og:type\" content=\"article\" \/>\n<meta property=\"og:title\" content=\"Bolsonaro: Lula despreza Parlamento e governa com \u2018seu\u2019 Judici\u00e1rio - Brasil not\u00edcias\" \/>\n<meta property=\"og:description\" content=\"O ex-presidente Jair Bolsonaro (PL) criticou o governo de Lula (PT) por amea\u00e7ar ir \u00e0 Justi\u00e7a caso o Congresso Nacional\" \/>\n<meta property=\"og:url\" content=\"https:\/\/brasilnoticias.org\/site\/bolsonaro-lula-despreza-parlamento-e-governa-com-seu-judiciario\/\" \/>\n<meta property=\"og:site_name\" content=\"Brasil not\u00edcias\" \/>\n<meta property=\"article:published_time\" content=\"2024-01-05T21:23:09+00:00\" \/>\n<meta property=\"article:modified_time\" content=\"2024-01-05T21:23:39+00:00\" \/>\n<meta property=\"og:image\" content=\"https:\/\/brasilnoticias.org\/site\/wp-content\/uploads\/2024\/01\/IMAGEM_NOTICIA_2-2.jpg\" \/>\n\t<meta property=\"og:image:width\" content=\"300\" \/>\n\t<meta property=\"og:image:height\" content=\"200\" \/>\n\t<meta property=\"og:image:type\" content=\"image\/jpeg\" \/>\n<meta name=\"author\" content=\"Reda\u00e7\u00e3o\" \/>\n<meta name=\"twitter:card\" content=\"summary_large_image\" \/>\n<meta name=\"twitter:label1\" content=\"Escrito por\" \/>\n\t<meta name=\"twitter:data1\" content=\"Reda\u00e7\u00e3o\" \/>\n\t<meta name=\"twitter:label2\" content=\"Tempo estimado de leitura\" \/>\n\t<meta name=\"twitter:data2\" content=\"2 minutos\" \/>\n<script type=\"application\/ld+json\" class=\"yoast-schema-graph\">{\"@context\":\"https:\/\/schema.org\",\"@graph\":[{\"@type\":\"Article\",\"@id\":\"https:\/\/brasilnoticias.org\/site\/bolsonaro-lula-despreza-parlamento-e-governa-com-seu-judiciario\/#article\",\"isPartOf\":{\"@id\":\"https:\/\/brasilnoticias.org\/site\/bolsonaro-lula-despreza-parlamento-e-governa-com-seu-judiciario\/\"},\"author\":{\"name\":\"Reda\u00e7\u00e3o\",\"@id\":\"https:\/\/brasilnoticias.org\/site\/#\/schema\/person\/03bbbfe6c7634ad18c26444ea39049fa\"},\"headline\":\"Bolsonaro: Lula despreza Parlamento e governa com \u2018seu\u2019 Judici\u00e1rio\",\"datePublished\":\"2024-01-05T21:23:09+00:00\",\"dateModified\":\"2024-01-05T21:23:39+00:00\",\"mainEntityOfPage\":{\"@id\":\"https:\/\/brasilnoticias.org\/site\/bolsonaro-lula-despreza-parlamento-e-governa-com-seu-judiciario\/\"},\"wordCount\":304,\"commentCount\":0,\"publisher\":{\"@id\":\"https:\/\/brasilnoticias.org\/site\/#organization\"},\"image\":{\"@id\":\"https:\/\/brasilnoticias.org\/site\/bolsonaro-lula-despreza-parlamento-e-governa-com-seu-judiciario\/#primaryimage\"},\"thumbnailUrl\":\"https:\/\/brasilnoticias.org\/site\/wp-content\/uploads\/2024\/01\/IMAGEM_NOTICIA_2-2.jpg\",\"articleSection\":[\"Pol\u00edtica\",\"\u00daltimas\"],\"inLanguage\":\"pt-PT\",\"potentialAction\":[{\"@type\":\"CommentAction\",\"name\":\"Comment\",\"target\":[\"https:\/\/brasilnoticias.org\/site\/bolsonaro-lula-despreza-parlamento-e-governa-com-seu-judiciario\/#respond\"]}]},{\"@type\":\"WebPage\",\"@id\":\"https:\/\/brasilnoticias.org\/site\/bolsonaro-lula-despreza-parlamento-e-governa-com-seu-judiciario\/\",\"url\":\"https:\/\/brasilnoticias.org\/site\/bolsonaro-lula-despreza-parlamento-e-governa-com-seu-judiciario\/\",\"name\":\"Bolsonaro: Lula despreza Parlamento e governa com \u2018seu\u2019 Judici\u00e1rio - Brasil not\u00edcias\",\"isPartOf\":{\"@id\":\"https:\/\/brasilnoticias.org\/site\/#website\"},\"primaryImageOfPage\":{\"@id\":\"https:\/\/brasilnoticias.org\/site\/bolsonaro-lula-despreza-parlamento-e-governa-com-seu-judiciario\/#primaryimage\"},\"image\":{\"@id\":\"https:\/\/brasilnoticias.org\/site\/bolsonaro-lula-despreza-parlamento-e-governa-com-seu-judiciario\/#primaryimage\"},\"thumbnailUrl\":\"https:\/\/brasilnoticias.org\/site\/wp-content\/uploads\/2024\/01\/IMAGEM_NOTICIA_2-2.jpg\",\"datePublished\":\"2024-01-05T21:23:09+00:00\",\"dateModified\":\"2024-01-05T21:23:39+00:00\",\"breadcrumb\":{\"@id\":\"https:\/\/brasilnoticias.org\/site\/bolsonaro-lula-despreza-parlamento-e-governa-com-seu-judiciario\/#breadcrumb\"},\"inLanguage\":\"pt-PT\",\"potentialAction\":[{\"@type\":\"ReadAction\",\"target\":[\"https:\/\/brasilnoticias.org\/site\/bolsonaro-lula-despreza-parlamento-e-governa-com-seu-judiciario\/\"]}]},{\"@type\":\"ImageObject\",\"inLanguage\":\"pt-PT\",\"@id\":\"https:\/\/brasilnoticias.org\/site\/bolsonaro-lula-despreza-parlamento-e-governa-com-seu-judiciario\/#primaryimage\",\"url\":\"https:\/\/brasilnoticias.org\/site\/wp-content\/uploads\/2024\/01\/IMAGEM_NOTICIA_2-2.jpg\",\"contentUrl\":\"https:\/\/brasilnoticias.org\/site\/wp-content\/uploads\/2024\/01\/IMAGEM_NOTICIA_2-2.jpg\",\"width\":300,\"height\":200},{\"@type\":\"BreadcrumbList\",\"@id\":\"https:\/\/brasilnoticias.org\/site\/bolsonaro-lula-despreza-parlamento-e-governa-com-seu-judiciario\/#breadcrumb\",\"itemListElement\":[{\"@type\":\"ListItem\",\"position\":1,\"name\":\"In\u00edcio\",\"item\":\"https:\/\/brasilnoticias.org\/site\/\"},{\"@type\":\"ListItem\",\"position\":2,\"name\":\"Bolsonaro: Lula despreza Parlamento e governa com \u2018seu\u2019 Judici\u00e1rio\"}]},{\"@type\":\"WebSite\",\"@id\":\"https:\/\/brasilnoticias.org\/site\/#website\",\"url\":\"https:\/\/brasilnoticias.org\/site\/\",\"name\":\"Brasil not\u00edcias\",\"description\":\"Brasil not\u00edcias\",\"publisher\":{\"@id\":\"https:\/\/brasilnoticias.org\/site\/#organization\"},\"potentialAction\":[{\"@type\":\"SearchAction\",\"target\":{\"@type\":\"EntryPoint\",\"urlTemplate\":\"https:\/\/brasilnoticias.org\/site\/?s={search_term_string}\"},\"query-input\":{\"@type\":\"PropertyValueSpecification\",\"valueRequired\":true,\"valueName\":\"search_term_string\"}}],\"inLanguage\":\"pt-PT\"},{\"@type\":\"Organization\",\"@id\":\"https:\/\/brasilnoticias.org\/site\/#organization\",\"name\":\"Brasil not\u00edcias\",\"url\":\"https:\/\/brasilnoticias.org\/site\/\",\"logo\":{\"@type\":\"ImageObject\",\"inLanguage\":\"pt-PT\",\"@id\":\"https:\/\/brasilnoticias.org\/site\/#\/schema\/logo\/image\/\",\"url\":\"https:\/\/brasilnoticias.org\/site\/wp-content\/uploads\/2022\/05\/cropped-brasilnoticias-mini.jpg\",\"contentUrl\":\"https:\/\/brasilnoticias.org\/site\/wp-content\/uploads\/2022\/05\/cropped-brasilnoticias-mini.jpg\",\"width\":314,\"height\":86,\"caption\":\"Brasil not\u00edcias\"},\"image\":{\"@id\":\"https:\/\/brasilnoticias.org\/site\/#\/schema\/logo\/image\/\"}},{\"@type\":\"Person\",\"@id\":\"https:\/\/brasilnoticias.org\/site\/#\/schema\/person\/03bbbfe6c7634ad18c26444ea39049fa\",\"name\":\"Reda\u00e7\u00e3o\",\"image\":{\"@type\":\"ImageObject\",\"inLanguage\":\"pt-PT\",\"@id\":\"https:\/\/brasilnoticias.org\/site\/#\/schema\/person\/image\/\",\"url\":\"https:\/\/secure.gravatar.com\/avatar\/9ecaf7327a696cb23ad926fedded5f1f04d7049de9e445375d55b48c001a6e42?s=96&d=mm&r=g\",\"contentUrl\":\"https:\/\/secure.gravatar.com\/avatar\/9ecaf7327a696cb23ad926fedded5f1f04d7049de9e445375d55b48c001a6e42?s=96&d=mm&r=g\",\"caption\":\"Reda\u00e7\u00e3o\"},\"url\":\"https:\/\/brasilnoticias.org\/site\/author\/henrique\/\"}]}<\/script>\n<!-- \/ Yoast SEO plugin. -->","yoast_head_json":{"title":"Bolsonaro: Lula despreza Parlamento e governa com \u2018seu\u2019 Judici\u00e1rio - Brasil not\u00edcias","robots":{"index":"index","follow":"follow","max-snippet":"max-snippet:-1","max-image-preview":"max-image-preview:large","max-video-preview":"max-video-preview:-1"},"canonical":"https:\/\/brasilnoticias.org\/site\/bolsonaro-lula-despreza-parlamento-e-governa-com-seu-judiciario\/","og_locale":"pt_PT","og_type":"article","og_title":"Bolsonaro: Lula despreza Parlamento e governa com \u2018seu\u2019 Judici\u00e1rio - Brasil not\u00edcias","og_description":"O ex-presidente Jair Bolsonaro (PL) criticou o governo de Lula (PT) por amea\u00e7ar ir \u00e0 Justi\u00e7a caso o Congresso Nacional","og_url":"https:\/\/brasilnoticias.org\/site\/bolsonaro-lula-despreza-parlamento-e-governa-com-seu-judiciario\/","og_site_name":"Brasil not\u00edcias","article_published_time":"2024-01-05T21:23:09+00:00","article_modified_time":"2024-01-05T21:23:39+00:00","og_image":[{"width":300,"height":200,"url":"https:\/\/brasilnoticias.org\/site\/wp-content\/uploads\/2024\/01\/IMAGEM_NOTICIA_2-2.jpg","type":"image\/jpeg"}],"author":"Reda\u00e7\u00e3o","twitter_card":"summary_large_image","twitter_misc":{"Escrito por":"Reda\u00e7\u00e3o","Tempo estimado de leitura":"2 minutos"},"schema":{"@context":"https:\/\/schema.org","@graph":[{"@type":"Article","@id":"https:\/\/brasilnoticias.org\/site\/bolsonaro-lula-despreza-parlamento-e-governa-com-seu-judiciario\/#article","isPartOf":{"@id":"https:\/\/brasilnoticias.org\/site\/bolsonaro-lula-despreza-parlamento-e-governa-com-seu-judiciario\/"},"author":{"name":"Reda\u00e7\u00e3o","@id":"https:\/\/brasilnoticias.org\/site\/#\/schema\/person\/03bbbfe6c7634ad18c26444ea39049fa"},"headline":"Bolsonaro: Lula despreza Parlamento e governa com \u2018seu\u2019 Judici\u00e1rio","datePublished":"2024-01-05T21:23:09+00:00","dateModified":"2024-01-05T21:23:39+00:00","mainEntityOfPage":{"@id":"https:\/\/brasilnoticias.org\/site\/bolsonaro-lula-despreza-parlamento-e-governa-com-seu-judiciario\/"},"wordCount":304,"commentCount":0,"publisher":{"@id":"https:\/\/brasilnoticias.org\/site\/#organization"},"image":{"@id":"https:\/\/brasilnoticias.org\/site\/bolsonaro-lula-despreza-parlamento-e-governa-com-seu-judiciario\/#primaryimage"},"thumbnailUrl":"https:\/\/brasilnoticias.org\/site\/wp-content\/uploads\/2024\/01\/IMAGEM_NOTICIA_2-2.jpg","articleSection":["Pol\u00edtica","\u00daltimas"],"inLanguage":"pt-PT","potentialAction":[{"@type":"CommentAction","name":"Comment","target":["https:\/\/brasilnoticias.org\/site\/bolsonaro-lula-despreza-parlamento-e-governa-com-seu-judiciario\/#respond"]}]},{"@type":"WebPage","@id":"https:\/\/brasilnoticias.org\/site\/bolsonaro-lula-despreza-parlamento-e-governa-com-seu-judiciario\/","url":"https:\/\/brasilnoticias.org\/site\/bolsonaro-lula-despreza-parlamento-e-governa-com-seu-judiciario\/","name":"Bolsonaro: Lula despreza Parlamento e governa com \u2018seu\u2019 Judici\u00e1rio - Brasil not\u00edcias","isPartOf":{"@id":"https:\/\/brasilnoticias.org\/site\/#website"},"primaryImageOfPage":{"@id":"https:\/\/brasilnoticias.org\/site\/bolsonaro-lula-despreza-parlamento-e-governa-com-seu-judiciario\/#primaryimage"},"image":{"@id":"https:\/\/brasilnoticias.org\/site\/bolsonaro-lula-despreza-parlamento-e-governa-com-seu-judiciario\/#primaryimage"},"thumbnailUrl":"https:\/\/brasilnoticias.org\/site\/wp-content\/uploads\/2024\/01\/IMAGEM_NOTICIA_2-2.jpg","datePublished":"2024-01-05T21:23:09+00:00","dateModified":"2024-01-05T21:23:39+00:00","breadcrumb":{"@id":"https:\/\/brasilnoticias.org\/site\/bolsonaro-lula-despreza-parlamento-e-governa-com-seu-judiciario\/#breadcrumb"},"inLanguage":"pt-PT","potentialAction":[{"@type":"ReadAction","target":["https:\/\/brasilnoticias.org\/site\/bolsonaro-lula-despreza-parlamento-e-governa-com-seu-judiciario\/"]}]},{"@type":"ImageObject","inLanguage":"pt-PT","@id":"https:\/\/brasilnoticias.org\/site\/bolsonaro-lula-despreza-parlamento-e-governa-com-seu-judiciario\/#primaryimage","url":"https:\/\/brasilnoticias.org\/site\/wp-content\/uploads\/2024\/01\/IMAGEM_NOTICIA_2-2.jpg","contentUrl":"https:\/\/brasilnoticias.org\/site\/wp-content\/uploads\/2024\/01\/IMAGEM_NOTICIA_2-2.jpg","width":300,"height":200},{"@type":"BreadcrumbList","@id":"https:\/\/brasilnoticias.org\/site\/bolsonaro-lula-despreza-parlamento-e-governa-com-seu-judiciario\/#breadcrumb","itemListElement":[{"@type":"ListItem","position":1,"name":"In\u00edcio","item":"https:\/\/brasilnoticias.org\/site\/"},{"@type":"ListItem","position":2,"name":"Bolsonaro: Lula despreza Parlamento e governa com \u2018seu\u2019 Judici\u00e1rio"}]},{"@type":"WebSite","@id":"https:\/\/brasilnoticias.org\/site\/#website","url":"https:\/\/brasilnoticias.org\/site\/","name":"Brasil not\u00edcias","description":"Brasil not\u00edcias","publisher":{"@id":"https:\/\/brasilnoticias.org\/site\/#organization"},"potentialAction":[{"@type":"SearchAction","target":{"@type":"EntryPoint","urlTemplate":"https:\/\/brasilnoticias.org\/site\/?s={search_term_string}"},"query-input":{"@type":"PropertyValueSpecification","valueRequired":true,"valueName":"search_term_string"}}],"inLanguage":"pt-PT"},{"@type":"Organization","@id":"https:\/\/brasilnoticias.org\/site\/#organization","name":"Brasil not\u00edcias","url":"https:\/\/brasilnoticias.org\/site\/","logo":{"@type":"ImageObject","inLanguage":"pt-PT","@id":"https:\/\/brasilnoticias.org\/site\/#\/schema\/logo\/image\/","url":"https:\/\/brasilnoticias.org\/site\/wp-content\/uploads\/2022\/05\/cropped-brasilnoticias-mini.jpg","contentUrl":"https:\/\/brasilnoticias.org\/site\/wp-content\/uploads\/2022\/05\/cropped-brasilnoticias-mini.jpg","width":314,"height":86,"caption":"Brasil not\u00edcias"},"image":{"@id":"https:\/\/brasilnoticias.org\/site\/#\/schema\/logo\/image\/"}},{"@type":"Person","@id":"https:\/\/brasilnoticias.org\/site\/#\/schema\/person\/03bbbfe6c7634ad18c26444ea39049fa","name":"Reda\u00e7\u00e3o","image":{"@type":"ImageObject","inLanguage":"pt-PT","@id":"https:\/\/brasilnoticias.org\/site\/#\/schema\/person\/image\/","url":"https:\/\/secure.gravatar.com\/avatar\/9ecaf7327a696cb23ad926fedded5f1f04d7049de9e445375d55b48c001a6e42?s=96&d=mm&r=g","contentUrl":"https:\/\/secure.gravatar.com\/avatar\/9ecaf7327a696cb23ad926fedded5f1f04d7049de9e445375d55b48c001a6e42?s=96&d=mm&r=g","caption":"Reda\u00e7\u00e3o"},"url":"https:\/\/brasilnoticias.org\/site\/author\/henrique\/"}]}},"_links":{"self":[{"href":"https:\/\/brasilnoticias.org\/site\/wp-json\/wp\/v2\/posts\/11997","targetHints":{"allow":["GET"]}}],"collection":[{"href":"https:\/\/brasilnoticias.org\/site\/wp-json\/wp\/v2\/posts"}],"about":[{"href":"https:\/\/brasilnoticias.org\/site\/wp-json\/wp\/v2\/types\/post"}],"author":[{"embeddable":true,"href":"https:\/\/brasilnoticias.org\/site\/wp-json\/wp\/v2\/users\/4"}],"replies":[{"embeddable":true,"href":"https:\/\/brasilnoticias.org\/site\/wp-json\/wp\/v2\/comments?post=11997"}],"version-history":[{"count":1,"href":"https:\/\/brasilnoticias.org\/site\/wp-json\/wp\/v2\/posts\/11997\/revisions"}],"predecessor-version":[{"id":11999,"href":"https:\/\/brasilnoticias.org\/site\/wp-json\/wp\/v2\/posts\/11997\/revisions\/11999"}],"wp:featuredmedia":[{"embeddable":true,"href":"https:\/\/brasilnoticias.org\/site\/wp-json\/wp\/v2\/media\/11998"}],"wp:attachment":[{"href":"https:\/\/brasilnoticias.org\/site\/wp-json\/wp\/v2\/media?parent=11997"}],"wp:term":[{"taxonomy":"category","embeddable":true,"href":"https:\/\/brasilnoticias.org\/site\/wp-json\/wp\/v2\/categories?post=11997"},{"taxonomy":"post_tag","embeddable":true,"href":"https:\/\/brasilnoticias.org\/site\/wp-json\/wp\/v2\/tags?post=11997"}],"curies":[{"name":"wp","href":"https:\/\/api.w.org\/{rel}","templated":true}]}}