{"id":12024,"date":"2024-01-06T07:00:16","date_gmt":"2024-01-06T10:00:16","guid":{"rendered":"https:\/\/brasilnoticias.org\/site\/?p=12024"},"modified":"2024-01-05T18:40:56","modified_gmt":"2024-01-05T21:40:56","slug":"apos-se-tornar-alvo-de-cpi-padre-julio-lancellotti-diz-que-moraes-telefonou-para-demonstrar-solidariedade","status":"publish","type":"post","link":"https:\/\/brasilnoticias.org\/site\/apos-se-tornar-alvo-de-cpi-padre-julio-lancellotti-diz-que-moraes-telefonou-para-demonstrar-solidariedade\/","title":{"rendered":"Ap\u00f3s se tornar alvo de CPI, padre J\u00falio Lancellotti diz que Moraes telefonou para demonstrar solidariedade"},"content":{"rendered":"<p>Proposta da CPI \u00e9 do vereador Rubinho Nunes, que pretende investigar a atua\u00e7\u00e3o de ONGs na Cracol\u00e2ndia<\/p>\n<p>O padre Julio Lancellotti revelou que o ministro do Supremo Tribunal Federal (STF), Alexandre de Moraes, telefonou para ele e prestou  \u201csolidariedade e apoio\u201d, ap\u00f3s o nome do religioso ser apontado como alvo de um pedido de Comiss\u00e3o Parlamentar de Inqu\u00e9rito (CPI) na C\u00e2mara Municipal de S\u00e3o Paulo.<\/p>\n<p>A declara\u00e7\u00e3o foi feita \u00e0 CNN Brasil, nesta sexta-feira (5). \u201cOntem \u00e0 noite, o ministro Alexandre de Moraes me ligou, eu fiquei muito sensibilizado com essa liga\u00e7\u00e3o. Eu conhe\u00e7o o ministro Alexandre de Moraes h\u00e1 mais de 30 anos [&#8230;] Ele disse que est\u00e1 juntando todas as informa\u00e7\u00f5es e, para isso tamb\u00e9m, ia conversar com o presidente da C\u00e2mara Municipal de S\u00e3o Paulo, que manifestava apoio e solidariedade e, naquilo que fosse necess\u00e1rio, que n\u00f3s o acion\u00e1ssemos\u201d, disse.<\/p>\n<p>Ainda de acordo com o padre, o objetivo da conversa de Moraes com o presidente da Casa, vereador Milton Leite (Uni\u00e3o), \u00e9 \u201centender como \u00e9 que est\u00e1 funcionando\u201d o processo de instala\u00e7\u00e3o da CPI.<\/p>\n<p>A proposta da CPI \u00e9 do vereador Rubinho Nunes (Uni\u00e3o Brasil), ex-integrante do Movimento Brasil Livre (MBL). Ele pretende investigar as Organiza\u00e7\u00f5es N\u00e3o Governamentais (ONGs) que atuam na regi\u00e3o da Cracol\u00e2ndia, no centro de S\u00e3o Paulo. <\/p>\n<p>O padre Julio atua como coordenador na Pastoral do Povo da Rua da Arquidiocese de S\u00e3o Paulo, uma organiza\u00e7\u00e3o de amparo \u00e0s pessoas em situa\u00e7\u00e3o de rua, al\u00e9m de ser p\u00e1roco na Par\u00f3quia S\u00e3o Miguel Arcanjo. Em 2023, ele virou nome da lei que pro\u00edbe a aporofobia (medo e rejei\u00e7\u00e3o aos pobres) por meio da arquitetura hostil.<\/p>\n<p>Foto: Reprodu\u00e7\u00e3o\/Redes sociais<br \/>\nPor: Metro1 <\/p>\n","protected":false},"excerpt":{"rendered":"<p>Proposta da CPI \u00e9 do vereador Rubinho Nunes, que pretende investigar a atua\u00e7\u00e3o de ONGs na Cracol\u00e2ndia O padre Julio<\/p>\n","protected":false},"author":4,"featured_media":12025,"comment_status":"open","ping_status":"open","sticky":false,"template":"","format":"standard","meta":{"colormag_page_container_layout":"default_layout","colormag_page_sidebar_layout":"default_layout","_FSMCFIC_featured_image_caption":"","_FSMCFIC_featured_image_nocaption":"","_FSMCFIC_featured_image_hide":"","footnotes":""},"categories":[5,1],"tags":[],"class_list":["post-12024","post","type-post","status-publish","format-standard","has-post-thumbnail","hentry","category-politica","category-ultimas"],"yoast_head":"<!-- This site is optimized with the Yoast SEO plugin v27.1.1 - https:\/\/yoast.com\/product\/yoast-seo-wordpress\/ -->\n<title>Ap\u00f3s se tornar alvo de CPI, padre J\u00falio Lancellotti diz que Moraes telefonou para demonstrar solidariedade - Brasil not\u00edcias<\/title>\n<meta name=\"robots\" content=\"index, follow, max-snippet:-1, max-image-preview:large, max-video-preview:-1\" \/>\n<link rel=\"canonical\" href=\"https:\/\/brasilnoticias.org\/site\/apos-se-tornar-alvo-de-cpi-padre-julio-lancellotti-diz-que-moraes-telefonou-para-demonstrar-solidariedade\/\" \/>\n<meta property=\"og:locale\" content=\"pt_PT\" \/>\n<meta property=\"og:type\" content=\"article\" \/>\n<meta property=\"og:title\" content=\"Ap\u00f3s se tornar alvo de CPI, padre J\u00falio Lancellotti diz que Moraes telefonou para demonstrar solidariedade - Brasil not\u00edcias\" \/>\n<meta property=\"og:description\" content=\"Proposta da CPI \u00e9 do vereador Rubinho Nunes, que pretende investigar a atua\u00e7\u00e3o de ONGs na Cracol\u00e2ndia O padre Julio\" \/>\n<meta property=\"og:url\" content=\"https:\/\/brasilnoticias.org\/site\/apos-se-tornar-alvo-de-cpi-padre-julio-lancellotti-diz-que-moraes-telefonou-para-demonstrar-solidariedade\/\" \/>\n<meta property=\"og:site_name\" content=\"Brasil not\u00edcias\" \/>\n<meta property=\"article:published_time\" content=\"2024-01-06T10:00:16+00:00\" \/>\n<meta property=\"og:image\" content=\"https:\/\/brasilnoticias.org\/site\/wp-content\/uploads\/2024\/01\/144929apos-se-tornar-alvo-de-cpi-padre-julio-lancellotti-diz-que-moraes-telefonou-para-demonstrar-solidariedade-3.jpg\" \/>\n\t<meta property=\"og:image:width\" content=\"1600\" \/>\n\t<meta property=\"og:image:height\" content=\"752\" \/>\n\t<meta property=\"og:image:type\" content=\"image\/jpeg\" \/>\n<meta name=\"author\" content=\"Reda\u00e7\u00e3o\" \/>\n<meta name=\"twitter:card\" content=\"summary_large_image\" \/>\n<meta name=\"twitter:label1\" content=\"Escrito por\" \/>\n\t<meta name=\"twitter:data1\" content=\"Reda\u00e7\u00e3o\" \/>\n\t<meta name=\"twitter:label2\" content=\"Tempo estimado de leitura\" \/>\n\t<meta name=\"twitter:data2\" content=\"1 minuto\" \/>\n<script type=\"application\/ld+json\" class=\"yoast-schema-graph\">{\"@context\":\"https:\/\/schema.org\",\"@graph\":[{\"@type\":\"Article\",\"@id\":\"https:\/\/brasilnoticias.org\/site\/apos-se-tornar-alvo-de-cpi-padre-julio-lancellotti-diz-que-moraes-telefonou-para-demonstrar-solidariedade\/#article\",\"isPartOf\":{\"@id\":\"https:\/\/brasilnoticias.org\/site\/apos-se-tornar-alvo-de-cpi-padre-julio-lancellotti-diz-que-moraes-telefonou-para-demonstrar-solidariedade\/\"},\"author\":{\"name\":\"Reda\u00e7\u00e3o\",\"@id\":\"https:\/\/brasilnoticias.org\/site\/#\/schema\/person\/03bbbfe6c7634ad18c26444ea39049fa\"},\"headline\":\"Ap\u00f3s se tornar alvo de CPI, padre J\u00falio Lancellotti diz que Moraes telefonou para demonstrar solidariedade\",\"datePublished\":\"2024-01-06T10:00:16+00:00\",\"mainEntityOfPage\":{\"@id\":\"https:\/\/brasilnoticias.org\/site\/apos-se-tornar-alvo-de-cpi-padre-julio-lancellotti-diz-que-moraes-telefonou-para-demonstrar-solidariedade\/\"},\"wordCount\":319,\"commentCount\":0,\"publisher\":{\"@id\":\"https:\/\/brasilnoticias.org\/site\/#organization\"},\"image\":{\"@id\":\"https:\/\/brasilnoticias.org\/site\/apos-se-tornar-alvo-de-cpi-padre-julio-lancellotti-diz-que-moraes-telefonou-para-demonstrar-solidariedade\/#primaryimage\"},\"thumbnailUrl\":\"https:\/\/brasilnoticias.org\/site\/wp-content\/uploads\/2024\/01\/144929apos-se-tornar-alvo-de-cpi-padre-julio-lancellotti-diz-que-moraes-telefonou-para-demonstrar-solidariedade-3.jpg\",\"articleSection\":[\"Pol\u00edtica\",\"\u00daltimas\"],\"inLanguage\":\"pt-PT\",\"potentialAction\":[{\"@type\":\"CommentAction\",\"name\":\"Comment\",\"target\":[\"https:\/\/brasilnoticias.org\/site\/apos-se-tornar-alvo-de-cpi-padre-julio-lancellotti-diz-que-moraes-telefonou-para-demonstrar-solidariedade\/#respond\"]}]},{\"@type\":\"WebPage\",\"@id\":\"https:\/\/brasilnoticias.org\/site\/apos-se-tornar-alvo-de-cpi-padre-julio-lancellotti-diz-que-moraes-telefonou-para-demonstrar-solidariedade\/\",\"url\":\"https:\/\/brasilnoticias.org\/site\/apos-se-tornar-alvo-de-cpi-padre-julio-lancellotti-diz-que-moraes-telefonou-para-demonstrar-solidariedade\/\",\"name\":\"Ap\u00f3s se tornar alvo de CPI, padre J\u00falio Lancellotti diz que Moraes telefonou para demonstrar solidariedade - Brasil not\u00edcias\",\"isPartOf\":{\"@id\":\"https:\/\/brasilnoticias.org\/site\/#website\"},\"primaryImageOfPage\":{\"@id\":\"https:\/\/brasilnoticias.org\/site\/apos-se-tornar-alvo-de-cpi-padre-julio-lancellotti-diz-que-moraes-telefonou-para-demonstrar-solidariedade\/#primaryimage\"},\"image\":{\"@id\":\"https:\/\/brasilnoticias.org\/site\/apos-se-tornar-alvo-de-cpi-padre-julio-lancellotti-diz-que-moraes-telefonou-para-demonstrar-solidariedade\/#primaryimage\"},\"thumbnailUrl\":\"https:\/\/brasilnoticias.org\/site\/wp-content\/uploads\/2024\/01\/144929apos-se-tornar-alvo-de-cpi-padre-julio-lancellotti-diz-que-moraes-telefonou-para-demonstrar-solidariedade-3.jpg\",\"datePublished\":\"2024-01-06T10:00:16+00:00\",\"breadcrumb\":{\"@id\":\"https:\/\/brasilnoticias.org\/site\/apos-se-tornar-alvo-de-cpi-padre-julio-lancellotti-diz-que-moraes-telefonou-para-demonstrar-solidariedade\/#breadcrumb\"},\"inLanguage\":\"pt-PT\",\"potentialAction\":[{\"@type\":\"ReadAction\",\"target\":[\"https:\/\/brasilnoticias.org\/site\/apos-se-tornar-alvo-de-cpi-padre-julio-lancellotti-diz-que-moraes-telefonou-para-demonstrar-solidariedade\/\"]}]},{\"@type\":\"ImageObject\",\"inLanguage\":\"pt-PT\",\"@id\":\"https:\/\/brasilnoticias.org\/site\/apos-se-tornar-alvo-de-cpi-padre-julio-lancellotti-diz-que-moraes-telefonou-para-demonstrar-solidariedade\/#primaryimage\",\"url\":\"https:\/\/brasilnoticias.org\/site\/wp-content\/uploads\/2024\/01\/144929apos-se-tornar-alvo-de-cpi-padre-julio-lancellotti-diz-que-moraes-telefonou-para-demonstrar-solidariedade-3.jpg\",\"contentUrl\":\"https:\/\/brasilnoticias.org\/site\/wp-content\/uploads\/2024\/01\/144929apos-se-tornar-alvo-de-cpi-padre-julio-lancellotti-diz-que-moraes-telefonou-para-demonstrar-solidariedade-3.jpg\",\"width\":1600,\"height\":752},{\"@type\":\"BreadcrumbList\",\"@id\":\"https:\/\/brasilnoticias.org\/site\/apos-se-tornar-alvo-de-cpi-padre-julio-lancellotti-diz-que-moraes-telefonou-para-demonstrar-solidariedade\/#breadcrumb\",\"itemListElement\":[{\"@type\":\"ListItem\",\"position\":1,\"name\":\"In\u00edcio\",\"item\":\"https:\/\/brasilnoticias.org\/site\/\"},{\"@type\":\"ListItem\",\"position\":2,\"name\":\"Ap\u00f3s se tornar alvo de CPI, padre J\u00falio Lancellotti diz que Moraes telefonou para demonstrar solidariedade\"}]},{\"@type\":\"WebSite\",\"@id\":\"https:\/\/brasilnoticias.org\/site\/#website\",\"url\":\"https:\/\/brasilnoticias.org\/site\/\",\"name\":\"Brasil not\u00edcias\",\"description\":\"Brasil not\u00edcias\",\"publisher\":{\"@id\":\"https:\/\/brasilnoticias.org\/site\/#organization\"},\"potentialAction\":[{\"@type\":\"SearchAction\",\"target\":{\"@type\":\"EntryPoint\",\"urlTemplate\":\"https:\/\/brasilnoticias.org\/site\/?s={search_term_string}\"},\"query-input\":{\"@type\":\"PropertyValueSpecification\",\"valueRequired\":true,\"valueName\":\"search_term_string\"}}],\"inLanguage\":\"pt-PT\"},{\"@type\":\"Organization\",\"@id\":\"https:\/\/brasilnoticias.org\/site\/#organization\",\"name\":\"Brasil not\u00edcias\",\"url\":\"https:\/\/brasilnoticias.org\/site\/\",\"logo\":{\"@type\":\"ImageObject\",\"inLanguage\":\"pt-PT\",\"@id\":\"https:\/\/brasilnoticias.org\/site\/#\/schema\/logo\/image\/\",\"url\":\"https:\/\/brasilnoticias.org\/site\/wp-content\/uploads\/2022\/05\/cropped-brasilnoticias-mini.jpg\",\"contentUrl\":\"https:\/\/brasilnoticias.org\/site\/wp-content\/uploads\/2022\/05\/cropped-brasilnoticias-mini.jpg\",\"width\":314,\"height\":86,\"caption\":\"Brasil not\u00edcias\"},\"image\":{\"@id\":\"https:\/\/brasilnoticias.org\/site\/#\/schema\/logo\/image\/\"}},{\"@type\":\"Person\",\"@id\":\"https:\/\/brasilnoticias.org\/site\/#\/schema\/person\/03bbbfe6c7634ad18c26444ea39049fa\",\"name\":\"Reda\u00e7\u00e3o\",\"image\":{\"@type\":\"ImageObject\",\"inLanguage\":\"pt-PT\",\"@id\":\"https:\/\/brasilnoticias.org\/site\/#\/schema\/person\/image\/\",\"url\":\"https:\/\/secure.gravatar.com\/avatar\/9ecaf7327a696cb23ad926fedded5f1f04d7049de9e445375d55b48c001a6e42?s=96&d=mm&r=g\",\"contentUrl\":\"https:\/\/secure.gravatar.com\/avatar\/9ecaf7327a696cb23ad926fedded5f1f04d7049de9e445375d55b48c001a6e42?s=96&d=mm&r=g\",\"caption\":\"Reda\u00e7\u00e3o\"},\"url\":\"https:\/\/brasilnoticias.org\/site\/author\/henrique\/\"}]}<\/script>\n<!-- \/ Yoast SEO plugin. -->","yoast_head_json":{"title":"Ap\u00f3s se tornar alvo de CPI, padre J\u00falio Lancellotti diz que Moraes telefonou para demonstrar solidariedade - Brasil not\u00edcias","robots":{"index":"index","follow":"follow","max-snippet":"max-snippet:-1","max-image-preview":"max-image-preview:large","max-video-preview":"max-video-preview:-1"},"canonical":"https:\/\/brasilnoticias.org\/site\/apos-se-tornar-alvo-de-cpi-padre-julio-lancellotti-diz-que-moraes-telefonou-para-demonstrar-solidariedade\/","og_locale":"pt_PT","og_type":"article","og_title":"Ap\u00f3s se tornar alvo de CPI, padre J\u00falio Lancellotti diz que Moraes telefonou para demonstrar solidariedade - Brasil not\u00edcias","og_description":"Proposta da CPI \u00e9 do vereador Rubinho Nunes, que pretende investigar a atua\u00e7\u00e3o de ONGs na Cracol\u00e2ndia O padre Julio","og_url":"https:\/\/brasilnoticias.org\/site\/apos-se-tornar-alvo-de-cpi-padre-julio-lancellotti-diz-que-moraes-telefonou-para-demonstrar-solidariedade\/","og_site_name":"Brasil not\u00edcias","article_published_time":"2024-01-06T10:00:16+00:00","og_image":[{"width":1600,"height":752,"url":"https:\/\/brasilnoticias.org\/site\/wp-content\/uploads\/2024\/01\/144929apos-se-tornar-alvo-de-cpi-padre-julio-lancellotti-diz-que-moraes-telefonou-para-demonstrar-solidariedade-3.jpg","type":"image\/jpeg"}],"author":"Reda\u00e7\u00e3o","twitter_card":"summary_large_image","twitter_misc":{"Escrito por":"Reda\u00e7\u00e3o","Tempo estimado de leitura":"1 minuto"},"schema":{"@context":"https:\/\/schema.org","@graph":[{"@type":"Article","@id":"https:\/\/brasilnoticias.org\/site\/apos-se-tornar-alvo-de-cpi-padre-julio-lancellotti-diz-que-moraes-telefonou-para-demonstrar-solidariedade\/#article","isPartOf":{"@id":"https:\/\/brasilnoticias.org\/site\/apos-se-tornar-alvo-de-cpi-padre-julio-lancellotti-diz-que-moraes-telefonou-para-demonstrar-solidariedade\/"},"author":{"name":"Reda\u00e7\u00e3o","@id":"https:\/\/brasilnoticias.org\/site\/#\/schema\/person\/03bbbfe6c7634ad18c26444ea39049fa"},"headline":"Ap\u00f3s se tornar alvo de CPI, padre J\u00falio Lancellotti diz que Moraes telefonou para demonstrar solidariedade","datePublished":"2024-01-06T10:00:16+00:00","mainEntityOfPage":{"@id":"https:\/\/brasilnoticias.org\/site\/apos-se-tornar-alvo-de-cpi-padre-julio-lancellotti-diz-que-moraes-telefonou-para-demonstrar-solidariedade\/"},"wordCount":319,"commentCount":0,"publisher":{"@id":"https:\/\/brasilnoticias.org\/site\/#organization"},"image":{"@id":"https:\/\/brasilnoticias.org\/site\/apos-se-tornar-alvo-de-cpi-padre-julio-lancellotti-diz-que-moraes-telefonou-para-demonstrar-solidariedade\/#primaryimage"},"thumbnailUrl":"https:\/\/brasilnoticias.org\/site\/wp-content\/uploads\/2024\/01\/144929apos-se-tornar-alvo-de-cpi-padre-julio-lancellotti-diz-que-moraes-telefonou-para-demonstrar-solidariedade-3.jpg","articleSection":["Pol\u00edtica","\u00daltimas"],"inLanguage":"pt-PT","potentialAction":[{"@type":"CommentAction","name":"Comment","target":["https:\/\/brasilnoticias.org\/site\/apos-se-tornar-alvo-de-cpi-padre-julio-lancellotti-diz-que-moraes-telefonou-para-demonstrar-solidariedade\/#respond"]}]},{"@type":"WebPage","@id":"https:\/\/brasilnoticias.org\/site\/apos-se-tornar-alvo-de-cpi-padre-julio-lancellotti-diz-que-moraes-telefonou-para-demonstrar-solidariedade\/","url":"https:\/\/brasilnoticias.org\/site\/apos-se-tornar-alvo-de-cpi-padre-julio-lancellotti-diz-que-moraes-telefonou-para-demonstrar-solidariedade\/","name":"Ap\u00f3s se tornar alvo de CPI, padre J\u00falio Lancellotti diz que Moraes telefonou para demonstrar solidariedade - Brasil not\u00edcias","isPartOf":{"@id":"https:\/\/brasilnoticias.org\/site\/#website"},"primaryImageOfPage":{"@id":"https:\/\/brasilnoticias.org\/site\/apos-se-tornar-alvo-de-cpi-padre-julio-lancellotti-diz-que-moraes-telefonou-para-demonstrar-solidariedade\/#primaryimage"},"image":{"@id":"https:\/\/brasilnoticias.org\/site\/apos-se-tornar-alvo-de-cpi-padre-julio-lancellotti-diz-que-moraes-telefonou-para-demonstrar-solidariedade\/#primaryimage"},"thumbnailUrl":"https:\/\/brasilnoticias.org\/site\/wp-content\/uploads\/2024\/01\/144929apos-se-tornar-alvo-de-cpi-padre-julio-lancellotti-diz-que-moraes-telefonou-para-demonstrar-solidariedade-3.jpg","datePublished":"2024-01-06T10:00:16+00:00","breadcrumb":{"@id":"https:\/\/brasilnoticias.org\/site\/apos-se-tornar-alvo-de-cpi-padre-julio-lancellotti-diz-que-moraes-telefonou-para-demonstrar-solidariedade\/#breadcrumb"},"inLanguage":"pt-PT","potentialAction":[{"@type":"ReadAction","target":["https:\/\/brasilnoticias.org\/site\/apos-se-tornar-alvo-de-cpi-padre-julio-lancellotti-diz-que-moraes-telefonou-para-demonstrar-solidariedade\/"]}]},{"@type":"ImageObject","inLanguage":"pt-PT","@id":"https:\/\/brasilnoticias.org\/site\/apos-se-tornar-alvo-de-cpi-padre-julio-lancellotti-diz-que-moraes-telefonou-para-demonstrar-solidariedade\/#primaryimage","url":"https:\/\/brasilnoticias.org\/site\/wp-content\/uploads\/2024\/01\/144929apos-se-tornar-alvo-de-cpi-padre-julio-lancellotti-diz-que-moraes-telefonou-para-demonstrar-solidariedade-3.jpg","contentUrl":"https:\/\/brasilnoticias.org\/site\/wp-content\/uploads\/2024\/01\/144929apos-se-tornar-alvo-de-cpi-padre-julio-lancellotti-diz-que-moraes-telefonou-para-demonstrar-solidariedade-3.jpg","width":1600,"height":752},{"@type":"BreadcrumbList","@id":"https:\/\/brasilnoticias.org\/site\/apos-se-tornar-alvo-de-cpi-padre-julio-lancellotti-diz-que-moraes-telefonou-para-demonstrar-solidariedade\/#breadcrumb","itemListElement":[{"@type":"ListItem","position":1,"name":"In\u00edcio","item":"https:\/\/brasilnoticias.org\/site\/"},{"@type":"ListItem","position":2,"name":"Ap\u00f3s se tornar alvo de CPI, padre J\u00falio Lancellotti diz que Moraes telefonou para demonstrar solidariedade"}]},{"@type":"WebSite","@id":"https:\/\/brasilnoticias.org\/site\/#website","url":"https:\/\/brasilnoticias.org\/site\/","name":"Brasil not\u00edcias","description":"Brasil not\u00edcias","publisher":{"@id":"https:\/\/brasilnoticias.org\/site\/#organization"},"potentialAction":[{"@type":"SearchAction","target":{"@type":"EntryPoint","urlTemplate":"https:\/\/brasilnoticias.org\/site\/?s={search_term_string}"},"query-input":{"@type":"PropertyValueSpecification","valueRequired":true,"valueName":"search_term_string"}}],"inLanguage":"pt-PT"},{"@type":"Organization","@id":"https:\/\/brasilnoticias.org\/site\/#organization","name":"Brasil not\u00edcias","url":"https:\/\/brasilnoticias.org\/site\/","logo":{"@type":"ImageObject","inLanguage":"pt-PT","@id":"https:\/\/brasilnoticias.org\/site\/#\/schema\/logo\/image\/","url":"https:\/\/brasilnoticias.org\/site\/wp-content\/uploads\/2022\/05\/cropped-brasilnoticias-mini.jpg","contentUrl":"https:\/\/brasilnoticias.org\/site\/wp-content\/uploads\/2022\/05\/cropped-brasilnoticias-mini.jpg","width":314,"height":86,"caption":"Brasil not\u00edcias"},"image":{"@id":"https:\/\/brasilnoticias.org\/site\/#\/schema\/logo\/image\/"}},{"@type":"Person","@id":"https:\/\/brasilnoticias.org\/site\/#\/schema\/person\/03bbbfe6c7634ad18c26444ea39049fa","name":"Reda\u00e7\u00e3o","image":{"@type":"ImageObject","inLanguage":"pt-PT","@id":"https:\/\/brasilnoticias.org\/site\/#\/schema\/person\/image\/","url":"https:\/\/secure.gravatar.com\/avatar\/9ecaf7327a696cb23ad926fedded5f1f04d7049de9e445375d55b48c001a6e42?s=96&d=mm&r=g","contentUrl":"https:\/\/secure.gravatar.com\/avatar\/9ecaf7327a696cb23ad926fedded5f1f04d7049de9e445375d55b48c001a6e42?s=96&d=mm&r=g","caption":"Reda\u00e7\u00e3o"},"url":"https:\/\/brasilnoticias.org\/site\/author\/henrique\/"}]}},"_links":{"self":[{"href":"https:\/\/brasilnoticias.org\/site\/wp-json\/wp\/v2\/posts\/12024","targetHints":{"allow":["GET"]}}],"collection":[{"href":"https:\/\/brasilnoticias.org\/site\/wp-json\/wp\/v2\/posts"}],"about":[{"href":"https:\/\/brasilnoticias.org\/site\/wp-json\/wp\/v2\/types\/post"}],"author":[{"embeddable":true,"href":"https:\/\/brasilnoticias.org\/site\/wp-json\/wp\/v2\/users\/4"}],"replies":[{"embeddable":true,"href":"https:\/\/brasilnoticias.org\/site\/wp-json\/wp\/v2\/comments?post=12024"}],"version-history":[{"count":1,"href":"https:\/\/brasilnoticias.org\/site\/wp-json\/wp\/v2\/posts\/12024\/revisions"}],"predecessor-version":[{"id":12026,"href":"https:\/\/brasilnoticias.org\/site\/wp-json\/wp\/v2\/posts\/12024\/revisions\/12026"}],"wp:featuredmedia":[{"embeddable":true,"href":"https:\/\/brasilnoticias.org\/site\/wp-json\/wp\/v2\/media\/12025"}],"wp:attachment":[{"href":"https:\/\/brasilnoticias.org\/site\/wp-json\/wp\/v2\/media?parent=12024"}],"wp:term":[{"taxonomy":"category","embeddable":true,"href":"https:\/\/brasilnoticias.org\/site\/wp-json\/wp\/v2\/categories?post=12024"},{"taxonomy":"post_tag","embeddable":true,"href":"https:\/\/brasilnoticias.org\/site\/wp-json\/wp\/v2\/tags?post=12024"}],"curies":[{"name":"wp","href":"https:\/\/api.w.org\/{rel}","templated":true}]}}