{"id":12042,"date":"2024-01-07T18:12:29","date_gmt":"2024-01-07T21:12:29","guid":{"rendered":"https:\/\/brasilnoticias.org\/site\/?p=12042"},"modified":"2024-01-08T16:50:32","modified_gmt":"2024-01-08T19:50:32","slug":"stf-marca-para-fevereiro-julgamento-de-denuncia-contra-ex-cupula-da-pmdf-por-omissao-no-8-1","status":"publish","type":"post","link":"https:\/\/brasilnoticias.org\/site\/stf-marca-para-fevereiro-julgamento-de-denuncia-contra-ex-cupula-da-pmdf-por-omissao-no-8-1\/","title":{"rendered":"STF marca para fevereiro julgamento de den\u00fancia contra ex-c\u00fapula da PMDF por omiss\u00e3o no 8\/1"},"content":{"rendered":"<p>Investigados foram denunciados pela PGR; julgamento ser\u00e1 realizado em plen\u00e1rio virtual, nos dias 9 e 20<\/p>\n<p>O Supremo Tribunal Federal (STF) marcou para os dias 9 e 20 de fevereiro o julgamento de sete ex-integrantes da c\u00fapula da Pol\u00edcia Militar do Distrito Federal (PMDF). O relator do caso \u00e9 o ministro Alexandre de Moraes.<\/p>\n<p>Os investigados foram denunciados pela Procuradoria-Geral da Rep\u00fablica (PGR) por omiss\u00e3o nos ataques golpistas do 8 de janeiro, que completam um ano nesta segunda-feira, quando as sedes dos Tr\u00eas Poderes em Bras\u00edlia foram invadidas e depredadas.<\/p>\n<p>O julgamento ser\u00e1 realizado em plen\u00e1rio virtual, onde os votos s\u00e3o inseridos no sistema eletr\u00f4nico e n\u00e3o h\u00e1 sess\u00f5es de debates. Os ministros v\u00e3o decidir se os denunciados ser\u00e3o r\u00e9us e passam a responder a uma a\u00e7\u00e3o penal.<\/p>\n<p>Os denunciados s\u00e3o: F\u00e1bio Augusto Vieira (comandante-geral da Pol\u00edcia Militar do Distrito Federal \u00e0 \u00e9poca dos fatos), Klepter Rosa Gon\u00e7alves (subcomandante-geral), Jorge Eduardo Barreto Naime (Coronel da PMDF), Paulo Jos\u00e9 Ferreira de Sousa Bezerra (Coronel da PMDF), Marcelo, Casimiro Vasconcelos (Coronel da PMDF), Fl\u00e1vio Silvestre de Alencar (Major da PMDF) e Rafael Pereira Martins (Tenente da PMDF).<\/p>\n<p>Eles est\u00e3o presos e foram acusados pela PGR pelos crimes de omiss\u00e3o, aboli\u00e7\u00e3o violenta do Estado Democr\u00e1tico de Direito, golpe de estado, dano qualificado pela viol\u00eancia e grave amea\u00e7a, deteriora\u00e7\u00e3o de patrim\u00f4nio tombado e viola\u00e7\u00e3o de deveres funcionais.<\/p>\n<p>Segundo as investiga\u00e7\u00f5es, os militares tinham informa\u00e7\u00f5es sobre o risco de invas\u00e3o de pr\u00e9dios p\u00fablicos e, propositalmente, n\u00e3o agiram para evitar os ataques. As defesas dos PMs negam as acusa\u00e7\u00f5es.<\/p>\n<p>Foto: Marcelo Camargo \/ Ag\u00eancia Brasil<br \/>\nPor: Metro1<\/p>\n","protected":false},"excerpt":{"rendered":"<p>Investigados foram denunciados pela PGR; julgamento ser\u00e1 realizado em plen\u00e1rio virtual, nos dias 9 e 20 O Supremo Tribunal Federal<\/p>\n","protected":false},"author":4,"featured_media":12043,"comment_status":"open","ping_status":"open","sticky":false,"template":"","format":"standard","meta":{"colormag_page_container_layout":"default_layout","colormag_page_sidebar_layout":"default_layout","_FSMCFIC_featured_image_caption":"","_FSMCFIC_featured_image_nocaption":"","_FSMCFIC_featured_image_hide":"","footnotes":""},"categories":[5,1],"tags":[],"class_list":["post-12042","post","type-post","status-publish","format-standard","has-post-thumbnail","hentry","category-politica","category-ultimas"],"yoast_head":"<!-- This site is optimized with the Yoast SEO plugin v27.1.1 - https:\/\/yoast.com\/product\/yoast-seo-wordpress\/ -->\n<title>STF marca para fevereiro julgamento de den\u00fancia contra ex-c\u00fapula da PMDF por omiss\u00e3o no 8\/1 - Brasil not\u00edcias<\/title>\n<meta name=\"robots\" content=\"index, follow, max-snippet:-1, max-image-preview:large, max-video-preview:-1\" \/>\n<link rel=\"canonical\" href=\"https:\/\/brasilnoticias.org\/site\/stf-marca-para-fevereiro-julgamento-de-denuncia-contra-ex-cupula-da-pmdf-por-omissao-no-8-1\/\" \/>\n<meta property=\"og:locale\" content=\"pt_PT\" \/>\n<meta property=\"og:type\" content=\"article\" \/>\n<meta property=\"og:title\" content=\"STF marca para fevereiro julgamento de den\u00fancia contra ex-c\u00fapula da PMDF por omiss\u00e3o no 8\/1 - Brasil not\u00edcias\" \/>\n<meta property=\"og:description\" content=\"Investigados foram denunciados pela PGR; julgamento ser\u00e1 realizado em plen\u00e1rio virtual, nos dias 9 e 20 O Supremo Tribunal Federal\" \/>\n<meta property=\"og:url\" content=\"https:\/\/brasilnoticias.org\/site\/stf-marca-para-fevereiro-julgamento-de-denuncia-contra-ex-cupula-da-pmdf-por-omissao-no-8-1\/\" \/>\n<meta property=\"og:site_name\" content=\"Brasil not\u00edcias\" \/>\n<meta property=\"article:published_time\" content=\"2024-01-07T21:12:29+00:00\" \/>\n<meta property=\"article:modified_time\" content=\"2024-01-08T19:50:32+00:00\" \/>\n<meta property=\"og:image\" content=\"https:\/\/brasilnoticias.org\/site\/wp-content\/uploads\/2024\/01\/144981stf-marca-para-fevereiro-julgamento-de-denuncia-contra-ex-cupula-da-pmdf-por-omissao-no-81-3.jpg\" \/>\n\t<meta property=\"og:image:width\" content=\"1600\" \/>\n\t<meta property=\"og:image:height\" content=\"752\" \/>\n\t<meta property=\"og:image:type\" content=\"image\/jpeg\" \/>\n<meta name=\"author\" content=\"Reda\u00e7\u00e3o\" \/>\n<meta name=\"twitter:card\" content=\"summary_large_image\" \/>\n<meta name=\"twitter:label1\" content=\"Escrito por\" \/>\n\t<meta name=\"twitter:data1\" content=\"Reda\u00e7\u00e3o\" \/>\n\t<meta name=\"twitter:label2\" content=\"Tempo estimado de leitura\" \/>\n\t<meta name=\"twitter:data2\" content=\"2 minutos\" \/>\n<script type=\"application\/ld+json\" class=\"yoast-schema-graph\">{\"@context\":\"https:\/\/schema.org\",\"@graph\":[{\"@type\":\"Article\",\"@id\":\"https:\/\/brasilnoticias.org\/site\/stf-marca-para-fevereiro-julgamento-de-denuncia-contra-ex-cupula-da-pmdf-por-omissao-no-8-1\/#article\",\"isPartOf\":{\"@id\":\"https:\/\/brasilnoticias.org\/site\/stf-marca-para-fevereiro-julgamento-de-denuncia-contra-ex-cupula-da-pmdf-por-omissao-no-8-1\/\"},\"author\":{\"name\":\"Reda\u00e7\u00e3o\",\"@id\":\"https:\/\/brasilnoticias.org\/site\/#\/schema\/person\/03bbbfe6c7634ad18c26444ea39049fa\"},\"headline\":\"STF marca para fevereiro julgamento de den\u00fancia contra ex-c\u00fapula da PMDF por omiss\u00e3o no 8\/1\",\"datePublished\":\"2024-01-07T21:12:29+00:00\",\"dateModified\":\"2024-01-08T19:50:32+00:00\",\"mainEntityOfPage\":{\"@id\":\"https:\/\/brasilnoticias.org\/site\/stf-marca-para-fevereiro-julgamento-de-denuncia-contra-ex-cupula-da-pmdf-por-omissao-no-8-1\/\"},\"wordCount\":308,\"commentCount\":0,\"publisher\":{\"@id\":\"https:\/\/brasilnoticias.org\/site\/#organization\"},\"image\":{\"@id\":\"https:\/\/brasilnoticias.org\/site\/stf-marca-para-fevereiro-julgamento-de-denuncia-contra-ex-cupula-da-pmdf-por-omissao-no-8-1\/#primaryimage\"},\"thumbnailUrl\":\"https:\/\/brasilnoticias.org\/site\/wp-content\/uploads\/2024\/01\/144981stf-marca-para-fevereiro-julgamento-de-denuncia-contra-ex-cupula-da-pmdf-por-omissao-no-81-3.jpg\",\"articleSection\":[\"Pol\u00edtica\",\"\u00daltimas\"],\"inLanguage\":\"pt-PT\",\"potentialAction\":[{\"@type\":\"CommentAction\",\"name\":\"Comment\",\"target\":[\"https:\/\/brasilnoticias.org\/site\/stf-marca-para-fevereiro-julgamento-de-denuncia-contra-ex-cupula-da-pmdf-por-omissao-no-8-1\/#respond\"]}]},{\"@type\":\"WebPage\",\"@id\":\"https:\/\/brasilnoticias.org\/site\/stf-marca-para-fevereiro-julgamento-de-denuncia-contra-ex-cupula-da-pmdf-por-omissao-no-8-1\/\",\"url\":\"https:\/\/brasilnoticias.org\/site\/stf-marca-para-fevereiro-julgamento-de-denuncia-contra-ex-cupula-da-pmdf-por-omissao-no-8-1\/\",\"name\":\"STF marca para fevereiro julgamento de den\u00fancia contra ex-c\u00fapula da PMDF por omiss\u00e3o no 8\/1 - Brasil not\u00edcias\",\"isPartOf\":{\"@id\":\"https:\/\/brasilnoticias.org\/site\/#website\"},\"primaryImageOfPage\":{\"@id\":\"https:\/\/brasilnoticias.org\/site\/stf-marca-para-fevereiro-julgamento-de-denuncia-contra-ex-cupula-da-pmdf-por-omissao-no-8-1\/#primaryimage\"},\"image\":{\"@id\":\"https:\/\/brasilnoticias.org\/site\/stf-marca-para-fevereiro-julgamento-de-denuncia-contra-ex-cupula-da-pmdf-por-omissao-no-8-1\/#primaryimage\"},\"thumbnailUrl\":\"https:\/\/brasilnoticias.org\/site\/wp-content\/uploads\/2024\/01\/144981stf-marca-para-fevereiro-julgamento-de-denuncia-contra-ex-cupula-da-pmdf-por-omissao-no-81-3.jpg\",\"datePublished\":\"2024-01-07T21:12:29+00:00\",\"dateModified\":\"2024-01-08T19:50:32+00:00\",\"breadcrumb\":{\"@id\":\"https:\/\/brasilnoticias.org\/site\/stf-marca-para-fevereiro-julgamento-de-denuncia-contra-ex-cupula-da-pmdf-por-omissao-no-8-1\/#breadcrumb\"},\"inLanguage\":\"pt-PT\",\"potentialAction\":[{\"@type\":\"ReadAction\",\"target\":[\"https:\/\/brasilnoticias.org\/site\/stf-marca-para-fevereiro-julgamento-de-denuncia-contra-ex-cupula-da-pmdf-por-omissao-no-8-1\/\"]}]},{\"@type\":\"ImageObject\",\"inLanguage\":\"pt-PT\",\"@id\":\"https:\/\/brasilnoticias.org\/site\/stf-marca-para-fevereiro-julgamento-de-denuncia-contra-ex-cupula-da-pmdf-por-omissao-no-8-1\/#primaryimage\",\"url\":\"https:\/\/brasilnoticias.org\/site\/wp-content\/uploads\/2024\/01\/144981stf-marca-para-fevereiro-julgamento-de-denuncia-contra-ex-cupula-da-pmdf-por-omissao-no-81-3.jpg\",\"contentUrl\":\"https:\/\/brasilnoticias.org\/site\/wp-content\/uploads\/2024\/01\/144981stf-marca-para-fevereiro-julgamento-de-denuncia-contra-ex-cupula-da-pmdf-por-omissao-no-81-3.jpg\",\"width\":1600,\"height\":752},{\"@type\":\"BreadcrumbList\",\"@id\":\"https:\/\/brasilnoticias.org\/site\/stf-marca-para-fevereiro-julgamento-de-denuncia-contra-ex-cupula-da-pmdf-por-omissao-no-8-1\/#breadcrumb\",\"itemListElement\":[{\"@type\":\"ListItem\",\"position\":1,\"name\":\"In\u00edcio\",\"item\":\"https:\/\/brasilnoticias.org\/site\/\"},{\"@type\":\"ListItem\",\"position\":2,\"name\":\"STF marca para fevereiro julgamento de den\u00fancia contra ex-c\u00fapula da PMDF por omiss\u00e3o no 8\/1\"}]},{\"@type\":\"WebSite\",\"@id\":\"https:\/\/brasilnoticias.org\/site\/#website\",\"url\":\"https:\/\/brasilnoticias.org\/site\/\",\"name\":\"Brasil not\u00edcias\",\"description\":\"Brasil not\u00edcias\",\"publisher\":{\"@id\":\"https:\/\/brasilnoticias.org\/site\/#organization\"},\"potentialAction\":[{\"@type\":\"SearchAction\",\"target\":{\"@type\":\"EntryPoint\",\"urlTemplate\":\"https:\/\/brasilnoticias.org\/site\/?s={search_term_string}\"},\"query-input\":{\"@type\":\"PropertyValueSpecification\",\"valueRequired\":true,\"valueName\":\"search_term_string\"}}],\"inLanguage\":\"pt-PT\"},{\"@type\":\"Organization\",\"@id\":\"https:\/\/brasilnoticias.org\/site\/#organization\",\"name\":\"Brasil not\u00edcias\",\"url\":\"https:\/\/brasilnoticias.org\/site\/\",\"logo\":{\"@type\":\"ImageObject\",\"inLanguage\":\"pt-PT\",\"@id\":\"https:\/\/brasilnoticias.org\/site\/#\/schema\/logo\/image\/\",\"url\":\"https:\/\/brasilnoticias.org\/site\/wp-content\/uploads\/2022\/05\/cropped-brasilnoticias-mini.jpg\",\"contentUrl\":\"https:\/\/brasilnoticias.org\/site\/wp-content\/uploads\/2022\/05\/cropped-brasilnoticias-mini.jpg\",\"width\":314,\"height\":86,\"caption\":\"Brasil not\u00edcias\"},\"image\":{\"@id\":\"https:\/\/brasilnoticias.org\/site\/#\/schema\/logo\/image\/\"}},{\"@type\":\"Person\",\"@id\":\"https:\/\/brasilnoticias.org\/site\/#\/schema\/person\/03bbbfe6c7634ad18c26444ea39049fa\",\"name\":\"Reda\u00e7\u00e3o\",\"image\":{\"@type\":\"ImageObject\",\"inLanguage\":\"pt-PT\",\"@id\":\"https:\/\/brasilnoticias.org\/site\/#\/schema\/person\/image\/\",\"url\":\"https:\/\/secure.gravatar.com\/avatar\/9ecaf7327a696cb23ad926fedded5f1f04d7049de9e445375d55b48c001a6e42?s=96&d=mm&r=g\",\"contentUrl\":\"https:\/\/secure.gravatar.com\/avatar\/9ecaf7327a696cb23ad926fedded5f1f04d7049de9e445375d55b48c001a6e42?s=96&d=mm&r=g\",\"caption\":\"Reda\u00e7\u00e3o\"},\"url\":\"https:\/\/brasilnoticias.org\/site\/author\/henrique\/\"}]}<\/script>\n<!-- \/ Yoast SEO plugin. -->","yoast_head_json":{"title":"STF marca para fevereiro julgamento de den\u00fancia contra ex-c\u00fapula da PMDF por omiss\u00e3o no 8\/1 - Brasil not\u00edcias","robots":{"index":"index","follow":"follow","max-snippet":"max-snippet:-1","max-image-preview":"max-image-preview:large","max-video-preview":"max-video-preview:-1"},"canonical":"https:\/\/brasilnoticias.org\/site\/stf-marca-para-fevereiro-julgamento-de-denuncia-contra-ex-cupula-da-pmdf-por-omissao-no-8-1\/","og_locale":"pt_PT","og_type":"article","og_title":"STF marca para fevereiro julgamento de den\u00fancia contra ex-c\u00fapula da PMDF por omiss\u00e3o no 8\/1 - Brasil not\u00edcias","og_description":"Investigados foram denunciados pela PGR; julgamento ser\u00e1 realizado em plen\u00e1rio virtual, nos dias 9 e 20 O Supremo Tribunal Federal","og_url":"https:\/\/brasilnoticias.org\/site\/stf-marca-para-fevereiro-julgamento-de-denuncia-contra-ex-cupula-da-pmdf-por-omissao-no-8-1\/","og_site_name":"Brasil not\u00edcias","article_published_time":"2024-01-07T21:12:29+00:00","article_modified_time":"2024-01-08T19:50:32+00:00","og_image":[{"width":1600,"height":752,"url":"https:\/\/brasilnoticias.org\/site\/wp-content\/uploads\/2024\/01\/144981stf-marca-para-fevereiro-julgamento-de-denuncia-contra-ex-cupula-da-pmdf-por-omissao-no-81-3.jpg","type":"image\/jpeg"}],"author":"Reda\u00e7\u00e3o","twitter_card":"summary_large_image","twitter_misc":{"Escrito por":"Reda\u00e7\u00e3o","Tempo estimado de leitura":"2 minutos"},"schema":{"@context":"https:\/\/schema.org","@graph":[{"@type":"Article","@id":"https:\/\/brasilnoticias.org\/site\/stf-marca-para-fevereiro-julgamento-de-denuncia-contra-ex-cupula-da-pmdf-por-omissao-no-8-1\/#article","isPartOf":{"@id":"https:\/\/brasilnoticias.org\/site\/stf-marca-para-fevereiro-julgamento-de-denuncia-contra-ex-cupula-da-pmdf-por-omissao-no-8-1\/"},"author":{"name":"Reda\u00e7\u00e3o","@id":"https:\/\/brasilnoticias.org\/site\/#\/schema\/person\/03bbbfe6c7634ad18c26444ea39049fa"},"headline":"STF marca para fevereiro julgamento de den\u00fancia contra ex-c\u00fapula da PMDF por omiss\u00e3o no 8\/1","datePublished":"2024-01-07T21:12:29+00:00","dateModified":"2024-01-08T19:50:32+00:00","mainEntityOfPage":{"@id":"https:\/\/brasilnoticias.org\/site\/stf-marca-para-fevereiro-julgamento-de-denuncia-contra-ex-cupula-da-pmdf-por-omissao-no-8-1\/"},"wordCount":308,"commentCount":0,"publisher":{"@id":"https:\/\/brasilnoticias.org\/site\/#organization"},"image":{"@id":"https:\/\/brasilnoticias.org\/site\/stf-marca-para-fevereiro-julgamento-de-denuncia-contra-ex-cupula-da-pmdf-por-omissao-no-8-1\/#primaryimage"},"thumbnailUrl":"https:\/\/brasilnoticias.org\/site\/wp-content\/uploads\/2024\/01\/144981stf-marca-para-fevereiro-julgamento-de-denuncia-contra-ex-cupula-da-pmdf-por-omissao-no-81-3.jpg","articleSection":["Pol\u00edtica","\u00daltimas"],"inLanguage":"pt-PT","potentialAction":[{"@type":"CommentAction","name":"Comment","target":["https:\/\/brasilnoticias.org\/site\/stf-marca-para-fevereiro-julgamento-de-denuncia-contra-ex-cupula-da-pmdf-por-omissao-no-8-1\/#respond"]}]},{"@type":"WebPage","@id":"https:\/\/brasilnoticias.org\/site\/stf-marca-para-fevereiro-julgamento-de-denuncia-contra-ex-cupula-da-pmdf-por-omissao-no-8-1\/","url":"https:\/\/brasilnoticias.org\/site\/stf-marca-para-fevereiro-julgamento-de-denuncia-contra-ex-cupula-da-pmdf-por-omissao-no-8-1\/","name":"STF marca para fevereiro julgamento de den\u00fancia contra ex-c\u00fapula da PMDF por omiss\u00e3o no 8\/1 - Brasil not\u00edcias","isPartOf":{"@id":"https:\/\/brasilnoticias.org\/site\/#website"},"primaryImageOfPage":{"@id":"https:\/\/brasilnoticias.org\/site\/stf-marca-para-fevereiro-julgamento-de-denuncia-contra-ex-cupula-da-pmdf-por-omissao-no-8-1\/#primaryimage"},"image":{"@id":"https:\/\/brasilnoticias.org\/site\/stf-marca-para-fevereiro-julgamento-de-denuncia-contra-ex-cupula-da-pmdf-por-omissao-no-8-1\/#primaryimage"},"thumbnailUrl":"https:\/\/brasilnoticias.org\/site\/wp-content\/uploads\/2024\/01\/144981stf-marca-para-fevereiro-julgamento-de-denuncia-contra-ex-cupula-da-pmdf-por-omissao-no-81-3.jpg","datePublished":"2024-01-07T21:12:29+00:00","dateModified":"2024-01-08T19:50:32+00:00","breadcrumb":{"@id":"https:\/\/brasilnoticias.org\/site\/stf-marca-para-fevereiro-julgamento-de-denuncia-contra-ex-cupula-da-pmdf-por-omissao-no-8-1\/#breadcrumb"},"inLanguage":"pt-PT","potentialAction":[{"@type":"ReadAction","target":["https:\/\/brasilnoticias.org\/site\/stf-marca-para-fevereiro-julgamento-de-denuncia-contra-ex-cupula-da-pmdf-por-omissao-no-8-1\/"]}]},{"@type":"ImageObject","inLanguage":"pt-PT","@id":"https:\/\/brasilnoticias.org\/site\/stf-marca-para-fevereiro-julgamento-de-denuncia-contra-ex-cupula-da-pmdf-por-omissao-no-8-1\/#primaryimage","url":"https:\/\/brasilnoticias.org\/site\/wp-content\/uploads\/2024\/01\/144981stf-marca-para-fevereiro-julgamento-de-denuncia-contra-ex-cupula-da-pmdf-por-omissao-no-81-3.jpg","contentUrl":"https:\/\/brasilnoticias.org\/site\/wp-content\/uploads\/2024\/01\/144981stf-marca-para-fevereiro-julgamento-de-denuncia-contra-ex-cupula-da-pmdf-por-omissao-no-81-3.jpg","width":1600,"height":752},{"@type":"BreadcrumbList","@id":"https:\/\/brasilnoticias.org\/site\/stf-marca-para-fevereiro-julgamento-de-denuncia-contra-ex-cupula-da-pmdf-por-omissao-no-8-1\/#breadcrumb","itemListElement":[{"@type":"ListItem","position":1,"name":"In\u00edcio","item":"https:\/\/brasilnoticias.org\/site\/"},{"@type":"ListItem","position":2,"name":"STF marca para fevereiro julgamento de den\u00fancia contra ex-c\u00fapula da PMDF por omiss\u00e3o no 8\/1"}]},{"@type":"WebSite","@id":"https:\/\/brasilnoticias.org\/site\/#website","url":"https:\/\/brasilnoticias.org\/site\/","name":"Brasil not\u00edcias","description":"Brasil not\u00edcias","publisher":{"@id":"https:\/\/brasilnoticias.org\/site\/#organization"},"potentialAction":[{"@type":"SearchAction","target":{"@type":"EntryPoint","urlTemplate":"https:\/\/brasilnoticias.org\/site\/?s={search_term_string}"},"query-input":{"@type":"PropertyValueSpecification","valueRequired":true,"valueName":"search_term_string"}}],"inLanguage":"pt-PT"},{"@type":"Organization","@id":"https:\/\/brasilnoticias.org\/site\/#organization","name":"Brasil not\u00edcias","url":"https:\/\/brasilnoticias.org\/site\/","logo":{"@type":"ImageObject","inLanguage":"pt-PT","@id":"https:\/\/brasilnoticias.org\/site\/#\/schema\/logo\/image\/","url":"https:\/\/brasilnoticias.org\/site\/wp-content\/uploads\/2022\/05\/cropped-brasilnoticias-mini.jpg","contentUrl":"https:\/\/brasilnoticias.org\/site\/wp-content\/uploads\/2022\/05\/cropped-brasilnoticias-mini.jpg","width":314,"height":86,"caption":"Brasil not\u00edcias"},"image":{"@id":"https:\/\/brasilnoticias.org\/site\/#\/schema\/logo\/image\/"}},{"@type":"Person","@id":"https:\/\/brasilnoticias.org\/site\/#\/schema\/person\/03bbbfe6c7634ad18c26444ea39049fa","name":"Reda\u00e7\u00e3o","image":{"@type":"ImageObject","inLanguage":"pt-PT","@id":"https:\/\/brasilnoticias.org\/site\/#\/schema\/person\/image\/","url":"https:\/\/secure.gravatar.com\/avatar\/9ecaf7327a696cb23ad926fedded5f1f04d7049de9e445375d55b48c001a6e42?s=96&d=mm&r=g","contentUrl":"https:\/\/secure.gravatar.com\/avatar\/9ecaf7327a696cb23ad926fedded5f1f04d7049de9e445375d55b48c001a6e42?s=96&d=mm&r=g","caption":"Reda\u00e7\u00e3o"},"url":"https:\/\/brasilnoticias.org\/site\/author\/henrique\/"}]}},"_links":{"self":[{"href":"https:\/\/brasilnoticias.org\/site\/wp-json\/wp\/v2\/posts\/12042","targetHints":{"allow":["GET"]}}],"collection":[{"href":"https:\/\/brasilnoticias.org\/site\/wp-json\/wp\/v2\/posts"}],"about":[{"href":"https:\/\/brasilnoticias.org\/site\/wp-json\/wp\/v2\/types\/post"}],"author":[{"embeddable":true,"href":"https:\/\/brasilnoticias.org\/site\/wp-json\/wp\/v2\/users\/4"}],"replies":[{"embeddable":true,"href":"https:\/\/brasilnoticias.org\/site\/wp-json\/wp\/v2\/comments?post=12042"}],"version-history":[{"count":1,"href":"https:\/\/brasilnoticias.org\/site\/wp-json\/wp\/v2\/posts\/12042\/revisions"}],"predecessor-version":[{"id":12044,"href":"https:\/\/brasilnoticias.org\/site\/wp-json\/wp\/v2\/posts\/12042\/revisions\/12044"}],"wp:featuredmedia":[{"embeddable":true,"href":"https:\/\/brasilnoticias.org\/site\/wp-json\/wp\/v2\/media\/12043"}],"wp:attachment":[{"href":"https:\/\/brasilnoticias.org\/site\/wp-json\/wp\/v2\/media?parent=12042"}],"wp:term":[{"taxonomy":"category","embeddable":true,"href":"https:\/\/brasilnoticias.org\/site\/wp-json\/wp\/v2\/categories?post=12042"},{"taxonomy":"post_tag","embeddable":true,"href":"https:\/\/brasilnoticias.org\/site\/wp-json\/wp\/v2\/tags?post=12042"}],"curies":[{"name":"wp","href":"https:\/\/api.w.org\/{rel}","templated":true}]}}