{"id":12045,"date":"2024-01-07T18:29:15","date_gmt":"2024-01-07T21:29:15","guid":{"rendered":"https:\/\/brasilnoticias.org\/site\/?p=12045"},"modified":"2024-01-08T16:50:31","modified_gmt":"2024-01-08T19:50:31","slug":"imagem-de-nosso-senhor-do-bonfim-segue-em-procissao-maritima-para-basilica-da-conceicao-da-praia","status":"publish","type":"post","link":"https:\/\/brasilnoticias.org\/site\/imagem-de-nosso-senhor-do-bonfim-segue-em-procissao-maritima-para-basilica-da-conceicao-da-praia\/","title":{"rendered":"Imagem de Nosso Senhor do Bonfim segue em prociss\u00e3o mar\u00edtima para Bas\u00edlica da Concei\u00e7\u00e3o da Praia"},"content":{"rendered":"<p>De acordo com a Arquidiocese de Salvador, a missa campal ocorre \u00e0s 17h<\/p>\n<p>Cat\u00f3licos e fi\u00e9is de Senhor do Bonfim participaram de uma prociss\u00e3o mar\u00edtima na manh\u00e3 deste domingo (7). Nas v\u00e9speras da Lavagem do Bonfim, a mais tradicional festa religiosa e popular da Bahia, o ato faz parte da programa\u00e7\u00e3o para o festejo.<\/p>\n<p>A cerim\u00f4nia come\u00e7ou cedo, saindo da Baus\u00edlica Santu\u00e1rio Nosso Senhor Bom Jesus do Bonfim em carreata em dire\u00e7\u00e3o \u00e0 Marina da Ribeira. Ao chegar no local, a imagem embarcou em dire\u00e7\u00e3o \u00e0 Igreja da Penha, acompannhada de diversos fi\u00e9is.<\/p>\n<p>Por volta de 8h, teve in\u00edcio a missa no mar em frente \u00e0 Igreja Nossa Senhora da Penha, na Ribeira.<\/p>\n<p>Ap\u00f3s a Celebra\u00e7\u00e3o Eucar\u00edstica, a prociss\u00e3o mar\u00edtima seguiu em dire\u00e7\u00e3o ao Porto da Barra, retornando para ao Cais da Pra\u00e7a Cairu, onde a imagem foi recebida pelos fi\u00e9is e seguiu para a Bas\u00edlica de Nossa Senhora da Concei\u00e7\u00e3o da Praia, no bairro do Com\u00e9rcio.<\/p>\n<p>De acordo com a Arquidiocese de Salvador, a missa campal ocorre \u00e0s 17h. O tema deste ano ser\u00e1: \u201cCom Jesus, o amado Senhor do Bonfim, aprendemos a caminhar juntos como irm\u00e3os\u201d.<\/p>\n<p>Foto: Divulga\u00e7\u00e3o<br \/>\nPor: Metro1<\/p>\n","protected":false},"excerpt":{"rendered":"<p>De acordo com a Arquidiocese de Salvador, a missa campal ocorre \u00e0s 17h Cat\u00f3licos e fi\u00e9is de Senhor do Bonfim<\/p>\n","protected":false},"author":4,"featured_media":12046,"comment_status":"open","ping_status":"open","sticky":false,"template":"","format":"standard","meta":{"colormag_page_container_layout":"default_layout","colormag_page_sidebar_layout":"default_layout","_FSMCFIC_featured_image_caption":"","_FSMCFIC_featured_image_nocaption":"","_FSMCFIC_featured_image_hide":"","footnotes":""},"categories":[2,1],"tags":[],"class_list":["post-12045","post","type-post","status-publish","format-standard","has-post-thumbnail","hentry","category-noticias","category-ultimas"],"yoast_head":"<!-- This site is optimized with the Yoast SEO plugin v27.1.1 - https:\/\/yoast.com\/product\/yoast-seo-wordpress\/ -->\n<title>Imagem de Nosso Senhor do Bonfim segue em prociss\u00e3o mar\u00edtima para Bas\u00edlica da Concei\u00e7\u00e3o da Praia - Brasil not\u00edcias<\/title>\n<meta name=\"robots\" content=\"index, follow, max-snippet:-1, max-image-preview:large, max-video-preview:-1\" \/>\n<link rel=\"canonical\" href=\"https:\/\/brasilnoticias.org\/site\/imagem-de-nosso-senhor-do-bonfim-segue-em-procissao-maritima-para-basilica-da-conceicao-da-praia\/\" \/>\n<meta property=\"og:locale\" content=\"pt_PT\" \/>\n<meta property=\"og:type\" content=\"article\" \/>\n<meta property=\"og:title\" content=\"Imagem de Nosso Senhor do Bonfim segue em prociss\u00e3o mar\u00edtima para Bas\u00edlica da Concei\u00e7\u00e3o da Praia - Brasil not\u00edcias\" \/>\n<meta property=\"og:description\" content=\"De acordo com a Arquidiocese de Salvador, a missa campal ocorre \u00e0s 17h Cat\u00f3licos e fi\u00e9is de Senhor do Bonfim\" \/>\n<meta property=\"og:url\" content=\"https:\/\/brasilnoticias.org\/site\/imagem-de-nosso-senhor-do-bonfim-segue-em-procissao-maritima-para-basilica-da-conceicao-da-praia\/\" \/>\n<meta property=\"og:site_name\" content=\"Brasil not\u00edcias\" \/>\n<meta property=\"article:published_time\" content=\"2024-01-07T21:29:15+00:00\" \/>\n<meta property=\"article:modified_time\" content=\"2024-01-08T19:50:31+00:00\" \/>\n<meta property=\"og:image\" content=\"https:\/\/brasilnoticias.org\/site\/wp-content\/uploads\/2024\/01\/144984imagem-de-nosso-senhor-do-bonfim-segue-em-procissao-maritima-para-basilica-da-conceicao-da-praia-3.jpg\" \/>\n\t<meta property=\"og:image:width\" content=\"1600\" \/>\n\t<meta property=\"og:image:height\" content=\"752\" \/>\n\t<meta property=\"og:image:type\" content=\"image\/jpeg\" \/>\n<meta name=\"author\" content=\"Reda\u00e7\u00e3o\" \/>\n<meta name=\"twitter:card\" content=\"summary_large_image\" \/>\n<meta name=\"twitter:label1\" content=\"Escrito por\" \/>\n\t<meta name=\"twitter:data1\" content=\"Reda\u00e7\u00e3o\" \/>\n\t<meta name=\"twitter:label2\" content=\"Tempo estimado de leitura\" \/>\n\t<meta name=\"twitter:data2\" content=\"2 minutos\" \/>\n<script type=\"application\/ld+json\" class=\"yoast-schema-graph\">{\"@context\":\"https:\/\/schema.org\",\"@graph\":[{\"@type\":\"Article\",\"@id\":\"https:\/\/brasilnoticias.org\/site\/imagem-de-nosso-senhor-do-bonfim-segue-em-procissao-maritima-para-basilica-da-conceicao-da-praia\/#article\",\"isPartOf\":{\"@id\":\"https:\/\/brasilnoticias.org\/site\/imagem-de-nosso-senhor-do-bonfim-segue-em-procissao-maritima-para-basilica-da-conceicao-da-praia\/\"},\"author\":{\"name\":\"Reda\u00e7\u00e3o\",\"@id\":\"https:\/\/brasilnoticias.org\/site\/#\/schema\/person\/03bbbfe6c7634ad18c26444ea39049fa\"},\"headline\":\"Imagem de Nosso Senhor do Bonfim segue em prociss\u00e3o mar\u00edtima para Bas\u00edlica da Concei\u00e7\u00e3o da Praia\",\"datePublished\":\"2024-01-07T21:29:15+00:00\",\"dateModified\":\"2024-01-08T19:50:31+00:00\",\"mainEntityOfPage\":{\"@id\":\"https:\/\/brasilnoticias.org\/site\/imagem-de-nosso-senhor-do-bonfim-segue-em-procissao-maritima-para-basilica-da-conceicao-da-praia\/\"},\"wordCount\":235,\"commentCount\":0,\"publisher\":{\"@id\":\"https:\/\/brasilnoticias.org\/site\/#organization\"},\"image\":{\"@id\":\"https:\/\/brasilnoticias.org\/site\/imagem-de-nosso-senhor-do-bonfim-segue-em-procissao-maritima-para-basilica-da-conceicao-da-praia\/#primaryimage\"},\"thumbnailUrl\":\"https:\/\/brasilnoticias.org\/site\/wp-content\/uploads\/2024\/01\/144984imagem-de-nosso-senhor-do-bonfim-segue-em-procissao-maritima-para-basilica-da-conceicao-da-praia-3.jpg\",\"articleSection\":[\"Not\u00edcias\",\"\u00daltimas\"],\"inLanguage\":\"pt-PT\",\"potentialAction\":[{\"@type\":\"CommentAction\",\"name\":\"Comment\",\"target\":[\"https:\/\/brasilnoticias.org\/site\/imagem-de-nosso-senhor-do-bonfim-segue-em-procissao-maritima-para-basilica-da-conceicao-da-praia\/#respond\"]}]},{\"@type\":\"WebPage\",\"@id\":\"https:\/\/brasilnoticias.org\/site\/imagem-de-nosso-senhor-do-bonfim-segue-em-procissao-maritima-para-basilica-da-conceicao-da-praia\/\",\"url\":\"https:\/\/brasilnoticias.org\/site\/imagem-de-nosso-senhor-do-bonfim-segue-em-procissao-maritima-para-basilica-da-conceicao-da-praia\/\",\"name\":\"Imagem de Nosso Senhor do Bonfim segue em prociss\u00e3o mar\u00edtima para Bas\u00edlica da Concei\u00e7\u00e3o da Praia - Brasil not\u00edcias\",\"isPartOf\":{\"@id\":\"https:\/\/brasilnoticias.org\/site\/#website\"},\"primaryImageOfPage\":{\"@id\":\"https:\/\/brasilnoticias.org\/site\/imagem-de-nosso-senhor-do-bonfim-segue-em-procissao-maritima-para-basilica-da-conceicao-da-praia\/#primaryimage\"},\"image\":{\"@id\":\"https:\/\/brasilnoticias.org\/site\/imagem-de-nosso-senhor-do-bonfim-segue-em-procissao-maritima-para-basilica-da-conceicao-da-praia\/#primaryimage\"},\"thumbnailUrl\":\"https:\/\/brasilnoticias.org\/site\/wp-content\/uploads\/2024\/01\/144984imagem-de-nosso-senhor-do-bonfim-segue-em-procissao-maritima-para-basilica-da-conceicao-da-praia-3.jpg\",\"datePublished\":\"2024-01-07T21:29:15+00:00\",\"dateModified\":\"2024-01-08T19:50:31+00:00\",\"breadcrumb\":{\"@id\":\"https:\/\/brasilnoticias.org\/site\/imagem-de-nosso-senhor-do-bonfim-segue-em-procissao-maritima-para-basilica-da-conceicao-da-praia\/#breadcrumb\"},\"inLanguage\":\"pt-PT\",\"potentialAction\":[{\"@type\":\"ReadAction\",\"target\":[\"https:\/\/brasilnoticias.org\/site\/imagem-de-nosso-senhor-do-bonfim-segue-em-procissao-maritima-para-basilica-da-conceicao-da-praia\/\"]}]},{\"@type\":\"ImageObject\",\"inLanguage\":\"pt-PT\",\"@id\":\"https:\/\/brasilnoticias.org\/site\/imagem-de-nosso-senhor-do-bonfim-segue-em-procissao-maritima-para-basilica-da-conceicao-da-praia\/#primaryimage\",\"url\":\"https:\/\/brasilnoticias.org\/site\/wp-content\/uploads\/2024\/01\/144984imagem-de-nosso-senhor-do-bonfim-segue-em-procissao-maritima-para-basilica-da-conceicao-da-praia-3.jpg\",\"contentUrl\":\"https:\/\/brasilnoticias.org\/site\/wp-content\/uploads\/2024\/01\/144984imagem-de-nosso-senhor-do-bonfim-segue-em-procissao-maritima-para-basilica-da-conceicao-da-praia-3.jpg\",\"width\":1600,\"height\":752},{\"@type\":\"BreadcrumbList\",\"@id\":\"https:\/\/brasilnoticias.org\/site\/imagem-de-nosso-senhor-do-bonfim-segue-em-procissao-maritima-para-basilica-da-conceicao-da-praia\/#breadcrumb\",\"itemListElement\":[{\"@type\":\"ListItem\",\"position\":1,\"name\":\"In\u00edcio\",\"item\":\"https:\/\/brasilnoticias.org\/site\/\"},{\"@type\":\"ListItem\",\"position\":2,\"name\":\"Imagem de Nosso Senhor do Bonfim segue em prociss\u00e3o mar\u00edtima para Bas\u00edlica da Concei\u00e7\u00e3o da Praia\"}]},{\"@type\":\"WebSite\",\"@id\":\"https:\/\/brasilnoticias.org\/site\/#website\",\"url\":\"https:\/\/brasilnoticias.org\/site\/\",\"name\":\"Brasil not\u00edcias\",\"description\":\"Brasil not\u00edcias\",\"publisher\":{\"@id\":\"https:\/\/brasilnoticias.org\/site\/#organization\"},\"potentialAction\":[{\"@type\":\"SearchAction\",\"target\":{\"@type\":\"EntryPoint\",\"urlTemplate\":\"https:\/\/brasilnoticias.org\/site\/?s={search_term_string}\"},\"query-input\":{\"@type\":\"PropertyValueSpecification\",\"valueRequired\":true,\"valueName\":\"search_term_string\"}}],\"inLanguage\":\"pt-PT\"},{\"@type\":\"Organization\",\"@id\":\"https:\/\/brasilnoticias.org\/site\/#organization\",\"name\":\"Brasil not\u00edcias\",\"url\":\"https:\/\/brasilnoticias.org\/site\/\",\"logo\":{\"@type\":\"ImageObject\",\"inLanguage\":\"pt-PT\",\"@id\":\"https:\/\/brasilnoticias.org\/site\/#\/schema\/logo\/image\/\",\"url\":\"https:\/\/brasilnoticias.org\/site\/wp-content\/uploads\/2022\/05\/cropped-brasilnoticias-mini.jpg\",\"contentUrl\":\"https:\/\/brasilnoticias.org\/site\/wp-content\/uploads\/2022\/05\/cropped-brasilnoticias-mini.jpg\",\"width\":314,\"height\":86,\"caption\":\"Brasil not\u00edcias\"},\"image\":{\"@id\":\"https:\/\/brasilnoticias.org\/site\/#\/schema\/logo\/image\/\"}},{\"@type\":\"Person\",\"@id\":\"https:\/\/brasilnoticias.org\/site\/#\/schema\/person\/03bbbfe6c7634ad18c26444ea39049fa\",\"name\":\"Reda\u00e7\u00e3o\",\"image\":{\"@type\":\"ImageObject\",\"inLanguage\":\"pt-PT\",\"@id\":\"https:\/\/brasilnoticias.org\/site\/#\/schema\/person\/image\/\",\"url\":\"https:\/\/secure.gravatar.com\/avatar\/9ecaf7327a696cb23ad926fedded5f1f04d7049de9e445375d55b48c001a6e42?s=96&d=mm&r=g\",\"contentUrl\":\"https:\/\/secure.gravatar.com\/avatar\/9ecaf7327a696cb23ad926fedded5f1f04d7049de9e445375d55b48c001a6e42?s=96&d=mm&r=g\",\"caption\":\"Reda\u00e7\u00e3o\"},\"url\":\"https:\/\/brasilnoticias.org\/site\/author\/henrique\/\"}]}<\/script>\n<!-- \/ Yoast SEO plugin. -->","yoast_head_json":{"title":"Imagem de Nosso Senhor do Bonfim segue em prociss\u00e3o mar\u00edtima para Bas\u00edlica da Concei\u00e7\u00e3o da Praia - Brasil not\u00edcias","robots":{"index":"index","follow":"follow","max-snippet":"max-snippet:-1","max-image-preview":"max-image-preview:large","max-video-preview":"max-video-preview:-1"},"canonical":"https:\/\/brasilnoticias.org\/site\/imagem-de-nosso-senhor-do-bonfim-segue-em-procissao-maritima-para-basilica-da-conceicao-da-praia\/","og_locale":"pt_PT","og_type":"article","og_title":"Imagem de Nosso Senhor do Bonfim segue em prociss\u00e3o mar\u00edtima para Bas\u00edlica da Concei\u00e7\u00e3o da Praia - Brasil not\u00edcias","og_description":"De acordo com a Arquidiocese de Salvador, a missa campal ocorre \u00e0s 17h Cat\u00f3licos e fi\u00e9is de Senhor do Bonfim","og_url":"https:\/\/brasilnoticias.org\/site\/imagem-de-nosso-senhor-do-bonfim-segue-em-procissao-maritima-para-basilica-da-conceicao-da-praia\/","og_site_name":"Brasil not\u00edcias","article_published_time":"2024-01-07T21:29:15+00:00","article_modified_time":"2024-01-08T19:50:31+00:00","og_image":[{"width":1600,"height":752,"url":"https:\/\/brasilnoticias.org\/site\/wp-content\/uploads\/2024\/01\/144984imagem-de-nosso-senhor-do-bonfim-segue-em-procissao-maritima-para-basilica-da-conceicao-da-praia-3.jpg","type":"image\/jpeg"}],"author":"Reda\u00e7\u00e3o","twitter_card":"summary_large_image","twitter_misc":{"Escrito por":"Reda\u00e7\u00e3o","Tempo estimado de leitura":"2 minutos"},"schema":{"@context":"https:\/\/schema.org","@graph":[{"@type":"Article","@id":"https:\/\/brasilnoticias.org\/site\/imagem-de-nosso-senhor-do-bonfim-segue-em-procissao-maritima-para-basilica-da-conceicao-da-praia\/#article","isPartOf":{"@id":"https:\/\/brasilnoticias.org\/site\/imagem-de-nosso-senhor-do-bonfim-segue-em-procissao-maritima-para-basilica-da-conceicao-da-praia\/"},"author":{"name":"Reda\u00e7\u00e3o","@id":"https:\/\/brasilnoticias.org\/site\/#\/schema\/person\/03bbbfe6c7634ad18c26444ea39049fa"},"headline":"Imagem de Nosso Senhor do Bonfim segue em prociss\u00e3o mar\u00edtima para Bas\u00edlica da Concei\u00e7\u00e3o da Praia","datePublished":"2024-01-07T21:29:15+00:00","dateModified":"2024-01-08T19:50:31+00:00","mainEntityOfPage":{"@id":"https:\/\/brasilnoticias.org\/site\/imagem-de-nosso-senhor-do-bonfim-segue-em-procissao-maritima-para-basilica-da-conceicao-da-praia\/"},"wordCount":235,"commentCount":0,"publisher":{"@id":"https:\/\/brasilnoticias.org\/site\/#organization"},"image":{"@id":"https:\/\/brasilnoticias.org\/site\/imagem-de-nosso-senhor-do-bonfim-segue-em-procissao-maritima-para-basilica-da-conceicao-da-praia\/#primaryimage"},"thumbnailUrl":"https:\/\/brasilnoticias.org\/site\/wp-content\/uploads\/2024\/01\/144984imagem-de-nosso-senhor-do-bonfim-segue-em-procissao-maritima-para-basilica-da-conceicao-da-praia-3.jpg","articleSection":["Not\u00edcias","\u00daltimas"],"inLanguage":"pt-PT","potentialAction":[{"@type":"CommentAction","name":"Comment","target":["https:\/\/brasilnoticias.org\/site\/imagem-de-nosso-senhor-do-bonfim-segue-em-procissao-maritima-para-basilica-da-conceicao-da-praia\/#respond"]}]},{"@type":"WebPage","@id":"https:\/\/brasilnoticias.org\/site\/imagem-de-nosso-senhor-do-bonfim-segue-em-procissao-maritima-para-basilica-da-conceicao-da-praia\/","url":"https:\/\/brasilnoticias.org\/site\/imagem-de-nosso-senhor-do-bonfim-segue-em-procissao-maritima-para-basilica-da-conceicao-da-praia\/","name":"Imagem de Nosso Senhor do Bonfim segue em prociss\u00e3o mar\u00edtima para Bas\u00edlica da Concei\u00e7\u00e3o da Praia - Brasil not\u00edcias","isPartOf":{"@id":"https:\/\/brasilnoticias.org\/site\/#website"},"primaryImageOfPage":{"@id":"https:\/\/brasilnoticias.org\/site\/imagem-de-nosso-senhor-do-bonfim-segue-em-procissao-maritima-para-basilica-da-conceicao-da-praia\/#primaryimage"},"image":{"@id":"https:\/\/brasilnoticias.org\/site\/imagem-de-nosso-senhor-do-bonfim-segue-em-procissao-maritima-para-basilica-da-conceicao-da-praia\/#primaryimage"},"thumbnailUrl":"https:\/\/brasilnoticias.org\/site\/wp-content\/uploads\/2024\/01\/144984imagem-de-nosso-senhor-do-bonfim-segue-em-procissao-maritima-para-basilica-da-conceicao-da-praia-3.jpg","datePublished":"2024-01-07T21:29:15+00:00","dateModified":"2024-01-08T19:50:31+00:00","breadcrumb":{"@id":"https:\/\/brasilnoticias.org\/site\/imagem-de-nosso-senhor-do-bonfim-segue-em-procissao-maritima-para-basilica-da-conceicao-da-praia\/#breadcrumb"},"inLanguage":"pt-PT","potentialAction":[{"@type":"ReadAction","target":["https:\/\/brasilnoticias.org\/site\/imagem-de-nosso-senhor-do-bonfim-segue-em-procissao-maritima-para-basilica-da-conceicao-da-praia\/"]}]},{"@type":"ImageObject","inLanguage":"pt-PT","@id":"https:\/\/brasilnoticias.org\/site\/imagem-de-nosso-senhor-do-bonfim-segue-em-procissao-maritima-para-basilica-da-conceicao-da-praia\/#primaryimage","url":"https:\/\/brasilnoticias.org\/site\/wp-content\/uploads\/2024\/01\/144984imagem-de-nosso-senhor-do-bonfim-segue-em-procissao-maritima-para-basilica-da-conceicao-da-praia-3.jpg","contentUrl":"https:\/\/brasilnoticias.org\/site\/wp-content\/uploads\/2024\/01\/144984imagem-de-nosso-senhor-do-bonfim-segue-em-procissao-maritima-para-basilica-da-conceicao-da-praia-3.jpg","width":1600,"height":752},{"@type":"BreadcrumbList","@id":"https:\/\/brasilnoticias.org\/site\/imagem-de-nosso-senhor-do-bonfim-segue-em-procissao-maritima-para-basilica-da-conceicao-da-praia\/#breadcrumb","itemListElement":[{"@type":"ListItem","position":1,"name":"In\u00edcio","item":"https:\/\/brasilnoticias.org\/site\/"},{"@type":"ListItem","position":2,"name":"Imagem de Nosso Senhor do Bonfim segue em prociss\u00e3o mar\u00edtima para Bas\u00edlica da Concei\u00e7\u00e3o da Praia"}]},{"@type":"WebSite","@id":"https:\/\/brasilnoticias.org\/site\/#website","url":"https:\/\/brasilnoticias.org\/site\/","name":"Brasil not\u00edcias","description":"Brasil not\u00edcias","publisher":{"@id":"https:\/\/brasilnoticias.org\/site\/#organization"},"potentialAction":[{"@type":"SearchAction","target":{"@type":"EntryPoint","urlTemplate":"https:\/\/brasilnoticias.org\/site\/?s={search_term_string}"},"query-input":{"@type":"PropertyValueSpecification","valueRequired":true,"valueName":"search_term_string"}}],"inLanguage":"pt-PT"},{"@type":"Organization","@id":"https:\/\/brasilnoticias.org\/site\/#organization","name":"Brasil not\u00edcias","url":"https:\/\/brasilnoticias.org\/site\/","logo":{"@type":"ImageObject","inLanguage":"pt-PT","@id":"https:\/\/brasilnoticias.org\/site\/#\/schema\/logo\/image\/","url":"https:\/\/brasilnoticias.org\/site\/wp-content\/uploads\/2022\/05\/cropped-brasilnoticias-mini.jpg","contentUrl":"https:\/\/brasilnoticias.org\/site\/wp-content\/uploads\/2022\/05\/cropped-brasilnoticias-mini.jpg","width":314,"height":86,"caption":"Brasil not\u00edcias"},"image":{"@id":"https:\/\/brasilnoticias.org\/site\/#\/schema\/logo\/image\/"}},{"@type":"Person","@id":"https:\/\/brasilnoticias.org\/site\/#\/schema\/person\/03bbbfe6c7634ad18c26444ea39049fa","name":"Reda\u00e7\u00e3o","image":{"@type":"ImageObject","inLanguage":"pt-PT","@id":"https:\/\/brasilnoticias.org\/site\/#\/schema\/person\/image\/","url":"https:\/\/secure.gravatar.com\/avatar\/9ecaf7327a696cb23ad926fedded5f1f04d7049de9e445375d55b48c001a6e42?s=96&d=mm&r=g","contentUrl":"https:\/\/secure.gravatar.com\/avatar\/9ecaf7327a696cb23ad926fedded5f1f04d7049de9e445375d55b48c001a6e42?s=96&d=mm&r=g","caption":"Reda\u00e7\u00e3o"},"url":"https:\/\/brasilnoticias.org\/site\/author\/henrique\/"}]}},"_links":{"self":[{"href":"https:\/\/brasilnoticias.org\/site\/wp-json\/wp\/v2\/posts\/12045","targetHints":{"allow":["GET"]}}],"collection":[{"href":"https:\/\/brasilnoticias.org\/site\/wp-json\/wp\/v2\/posts"}],"about":[{"href":"https:\/\/brasilnoticias.org\/site\/wp-json\/wp\/v2\/types\/post"}],"author":[{"embeddable":true,"href":"https:\/\/brasilnoticias.org\/site\/wp-json\/wp\/v2\/users\/4"}],"replies":[{"embeddable":true,"href":"https:\/\/brasilnoticias.org\/site\/wp-json\/wp\/v2\/comments?post=12045"}],"version-history":[{"count":2,"href":"https:\/\/brasilnoticias.org\/site\/wp-json\/wp\/v2\/posts\/12045\/revisions"}],"predecessor-version":[{"id":12051,"href":"https:\/\/brasilnoticias.org\/site\/wp-json\/wp\/v2\/posts\/12045\/revisions\/12051"}],"wp:featuredmedia":[{"embeddable":true,"href":"https:\/\/brasilnoticias.org\/site\/wp-json\/wp\/v2\/media\/12046"}],"wp:attachment":[{"href":"https:\/\/brasilnoticias.org\/site\/wp-json\/wp\/v2\/media?parent=12045"}],"wp:term":[{"taxonomy":"category","embeddable":true,"href":"https:\/\/brasilnoticias.org\/site\/wp-json\/wp\/v2\/categories?post=12045"},{"taxonomy":"post_tag","embeddable":true,"href":"https:\/\/brasilnoticias.org\/site\/wp-json\/wp\/v2\/tags?post=12045"}],"curies":[{"name":"wp","href":"https:\/\/api.w.org\/{rel}","templated":true}]}}