{"id":12054,"date":"2024-01-08T23:12:37","date_gmt":"2024-01-09T02:12:37","guid":{"rendered":"https:\/\/brasilnoticias.org\/site\/?p=12054"},"modified":"2024-01-08T23:12:37","modified_gmt":"2024-01-09T02:12:37","slug":"lula-afirma-que-perdao-a-golpistas-soaria-como-impunidade","status":"publish","type":"post","link":"https:\/\/brasilnoticias.org\/site\/lula-afirma-que-perdao-a-golpistas-soaria-como-impunidade\/","title":{"rendered":"Lula afirma que perd\u00e3o a golpistas soaria como impunidade"},"content":{"rendered":"<p>Presidente discursou em evento sobre os atos antidemocr\u00e1ticos de 8\/1<\/p>\n<p>Ag\u00eancia Brasil<\/p>\n<p>O presidente Luiz In\u00e1cio Lula da Silva defendeu, nesta segunda-feira (8\/1), uma puni\u00e7\u00e3o exemplar para quem teve qualquer participa\u00e7\u00e3o nos atos golpistas de 8 de janeiro do ano passado. Em discurso, Lula afirmou que o perd\u00e3o a essas pessoas \u201csoaria como impunidade\u201d. A declara\u00e7\u00e3o foi dada durante ato em defesa da democracia, realizado no Sal\u00e3o Negro do Congresso Nacional. O evento marcou um ano da depreda\u00e7\u00e3o dos pal\u00e1cios da Pra\u00e7a dos Tr\u00eas Poderes, em Bras\u00edlia.<\/p>\n<p>\u201cTodos aqueles que financiaram, planejaram e executaram a tentativa de golpe devem ser exemplarmente punidos. N\u00e3o h\u00e1 perd\u00e3o para quem atenta contra a democracia, contra seu pa\u00eds e contra o seu pr\u00f3prio povo. O perd\u00e3o soaria como impunidade. E a impunidade, como salvo conduto para novos atos terroristas\u201d, destacou Lula. Ele fez coro \u00e0 mensagem das autoridades presentes no ato.<\/p>\n<p>O evento Democracia Inabalada teve, al\u00e9m de Lula, a presen\u00e7a dos presidentes do Congresso Nacional, Rodrigo Pacheco (PSD-MG), e do Supremo Tribunal Federal (STF), Lu\u00eds Roberto Barroso, al\u00e9m de parlamentares, ministros, ex-ministros e representantes da sociedade civil. A governadora do Rio Grande do Norte, F\u00e1tima Bezerra, foi a primeira a discursar, falando em nome dos governadores do pa\u00eds.<\/p>\n<p>Lula tamb\u00e9m observou que a tentativa de deposi\u00e7\u00e3o da democracia, que se baseia no desrespeito ao resultado das elei\u00e7\u00f5es, teria consequ\u00eancias dr\u00e1sticas para a estabilidade pol\u00edtica do pa\u00eds.<\/p>\n<p>\u201cSe a tentativa de golpe fosse bem-sucedida, muito mais do que vidra\u00e7as, m\u00f3veis, obras de arte e objetos hist\u00f3ricos teriam sido roubados ou destru\u00eddos. A vontade soberana do povo brasileiro, expressa nas urnas, teria sido roubada. E a democracia, destru\u00edda. A esta altura, o Brasil estaria mergulhado no caos econ\u00f4mico e social. O combate \u00e0 fome e \u00e0s desigualdades teria voltado \u00e0 estaca zero\u201d, afirmou.<\/p>\n<p>O presidente ainda elogiou a \u201ccoragem de parlamentares, governadores e governadoras, ministros e ministras da Suprema Corte, ministros e ministras de Estado, militares legalistas e, sobretudo, da maioria do povo brasileiro\u201d. Para o presidente, essa coragem garantiu que o dia de hoje fosse de \u201ccelebra\u00e7\u00e3o da vit\u00f3ria da democracia sobre o autoritarismo\u201d.<\/p>\n<p>Aproveitando a presen\u00e7a no Senado, Lula ainda fez men\u00e7\u00e3o aos trabalhadores Pol\u00edcia Legislativa, que se recusaram a aderir ao golpe e defenderam o pr\u00e9dio do Congresso Nacional durante a invas\u00e3o, mesmo em minoria.<\/p>\n<p>Foto: Arquivo\/Ag\u00eancia Brasil<br \/>\nAratu On <\/p>\n","protected":false},"excerpt":{"rendered":"<p>Presidente discursou em evento sobre os atos antidemocr\u00e1ticos de 8\/1 Ag\u00eancia Brasil O presidente Luiz In\u00e1cio Lula da Silva defendeu,<\/p>\n","protected":false},"author":4,"featured_media":12055,"comment_status":"open","ping_status":"open","sticky":false,"template":"","format":"standard","meta":{"colormag_page_container_layout":"default_layout","colormag_page_sidebar_layout":"default_layout","_FSMCFIC_featured_image_caption":"","_FSMCFIC_featured_image_nocaption":"","_FSMCFIC_featured_image_hide":"","footnotes":""},"categories":[5,1],"tags":[],"class_list":["post-12054","post","type-post","status-publish","format-standard","has-post-thumbnail","hentry","category-politica","category-ultimas"],"yoast_head":"<!-- This site is optimized with the Yoast SEO plugin v27.1.1 - https:\/\/yoast.com\/product\/yoast-seo-wordpress\/ -->\n<title>Lula afirma que perd\u00e3o a golpistas soaria como impunidade - Brasil not\u00edcias<\/title>\n<meta name=\"robots\" content=\"index, follow, max-snippet:-1, max-image-preview:large, max-video-preview:-1\" \/>\n<link rel=\"canonical\" href=\"https:\/\/brasilnoticias.org\/site\/lula-afirma-que-perdao-a-golpistas-soaria-como-impunidade\/\" \/>\n<meta property=\"og:locale\" content=\"pt_PT\" \/>\n<meta property=\"og:type\" content=\"article\" \/>\n<meta property=\"og:title\" content=\"Lula afirma que perd\u00e3o a golpistas soaria como impunidade - Brasil not\u00edcias\" \/>\n<meta property=\"og:description\" content=\"Presidente discursou em evento sobre os atos antidemocr\u00e1ticos de 8\/1 Ag\u00eancia Brasil O presidente Luiz In\u00e1cio Lula da Silva defendeu,\" \/>\n<meta property=\"og:url\" content=\"https:\/\/brasilnoticias.org\/site\/lula-afirma-que-perdao-a-golpistas-soaria-como-impunidade\/\" \/>\n<meta property=\"og:site_name\" content=\"Brasil not\u00edcias\" \/>\n<meta property=\"article:published_time\" content=\"2024-01-09T02:12:37+00:00\" \/>\n<meta property=\"og:image\" content=\"https:\/\/brasilnoticias.org\/site\/wp-content\/uploads\/2024\/01\/lula-ag-brasil.jpg\" \/>\n\t<meta property=\"og:image:width\" content=\"740\" \/>\n\t<meta property=\"og:image:height\" content=\"470\" \/>\n\t<meta property=\"og:image:type\" content=\"image\/jpeg\" \/>\n<meta name=\"author\" content=\"Reda\u00e7\u00e3o\" \/>\n<meta name=\"twitter:card\" content=\"summary_large_image\" \/>\n<meta name=\"twitter:label1\" content=\"Escrito por\" \/>\n\t<meta name=\"twitter:data1\" content=\"Reda\u00e7\u00e3o\" \/>\n\t<meta name=\"twitter:label2\" content=\"Tempo estimado de leitura\" \/>\n\t<meta name=\"twitter:data2\" content=\"1 minuto\" \/>\n<script type=\"application\/ld+json\" class=\"yoast-schema-graph\">{\"@context\":\"https:\/\/schema.org\",\"@graph\":[{\"@type\":\"Article\",\"@id\":\"https:\/\/brasilnoticias.org\/site\/lula-afirma-que-perdao-a-golpistas-soaria-como-impunidade\/#article\",\"isPartOf\":{\"@id\":\"https:\/\/brasilnoticias.org\/site\/lula-afirma-que-perdao-a-golpistas-soaria-como-impunidade\/\"},\"author\":{\"name\":\"Reda\u00e7\u00e3o\",\"@id\":\"https:\/\/brasilnoticias.org\/site\/#\/schema\/person\/03bbbfe6c7634ad18c26444ea39049fa\"},\"headline\":\"Lula afirma que perd\u00e3o a golpistas soaria como impunidade\",\"datePublished\":\"2024-01-09T02:12:37+00:00\",\"mainEntityOfPage\":{\"@id\":\"https:\/\/brasilnoticias.org\/site\/lula-afirma-que-perdao-a-golpistas-soaria-como-impunidade\/\"},\"wordCount\":438,\"commentCount\":0,\"publisher\":{\"@id\":\"https:\/\/brasilnoticias.org\/site\/#organization\"},\"image\":{\"@id\":\"https:\/\/brasilnoticias.org\/site\/lula-afirma-que-perdao-a-golpistas-soaria-como-impunidade\/#primaryimage\"},\"thumbnailUrl\":\"https:\/\/brasilnoticias.org\/site\/wp-content\/uploads\/2024\/01\/lula-ag-brasil.jpg\",\"articleSection\":[\"Pol\u00edtica\",\"\u00daltimas\"],\"inLanguage\":\"pt-PT\",\"potentialAction\":[{\"@type\":\"CommentAction\",\"name\":\"Comment\",\"target\":[\"https:\/\/brasilnoticias.org\/site\/lula-afirma-que-perdao-a-golpistas-soaria-como-impunidade\/#respond\"]}]},{\"@type\":\"WebPage\",\"@id\":\"https:\/\/brasilnoticias.org\/site\/lula-afirma-que-perdao-a-golpistas-soaria-como-impunidade\/\",\"url\":\"https:\/\/brasilnoticias.org\/site\/lula-afirma-que-perdao-a-golpistas-soaria-como-impunidade\/\",\"name\":\"Lula afirma que perd\u00e3o a golpistas soaria como impunidade - Brasil not\u00edcias\",\"isPartOf\":{\"@id\":\"https:\/\/brasilnoticias.org\/site\/#website\"},\"primaryImageOfPage\":{\"@id\":\"https:\/\/brasilnoticias.org\/site\/lula-afirma-que-perdao-a-golpistas-soaria-como-impunidade\/#primaryimage\"},\"image\":{\"@id\":\"https:\/\/brasilnoticias.org\/site\/lula-afirma-que-perdao-a-golpistas-soaria-como-impunidade\/#primaryimage\"},\"thumbnailUrl\":\"https:\/\/brasilnoticias.org\/site\/wp-content\/uploads\/2024\/01\/lula-ag-brasil.jpg\",\"datePublished\":\"2024-01-09T02:12:37+00:00\",\"breadcrumb\":{\"@id\":\"https:\/\/brasilnoticias.org\/site\/lula-afirma-que-perdao-a-golpistas-soaria-como-impunidade\/#breadcrumb\"},\"inLanguage\":\"pt-PT\",\"potentialAction\":[{\"@type\":\"ReadAction\",\"target\":[\"https:\/\/brasilnoticias.org\/site\/lula-afirma-que-perdao-a-golpistas-soaria-como-impunidade\/\"]}]},{\"@type\":\"ImageObject\",\"inLanguage\":\"pt-PT\",\"@id\":\"https:\/\/brasilnoticias.org\/site\/lula-afirma-que-perdao-a-golpistas-soaria-como-impunidade\/#primaryimage\",\"url\":\"https:\/\/brasilnoticias.org\/site\/wp-content\/uploads\/2024\/01\/lula-ag-brasil.jpg\",\"contentUrl\":\"https:\/\/brasilnoticias.org\/site\/wp-content\/uploads\/2024\/01\/lula-ag-brasil.jpg\",\"width\":740,\"height\":470},{\"@type\":\"BreadcrumbList\",\"@id\":\"https:\/\/brasilnoticias.org\/site\/lula-afirma-que-perdao-a-golpistas-soaria-como-impunidade\/#breadcrumb\",\"itemListElement\":[{\"@type\":\"ListItem\",\"position\":1,\"name\":\"In\u00edcio\",\"item\":\"https:\/\/brasilnoticias.org\/site\/\"},{\"@type\":\"ListItem\",\"position\":2,\"name\":\"Lula afirma que perd\u00e3o a golpistas soaria como impunidade\"}]},{\"@type\":\"WebSite\",\"@id\":\"https:\/\/brasilnoticias.org\/site\/#website\",\"url\":\"https:\/\/brasilnoticias.org\/site\/\",\"name\":\"Brasil not\u00edcias\",\"description\":\"Brasil not\u00edcias\",\"publisher\":{\"@id\":\"https:\/\/brasilnoticias.org\/site\/#organization\"},\"potentialAction\":[{\"@type\":\"SearchAction\",\"target\":{\"@type\":\"EntryPoint\",\"urlTemplate\":\"https:\/\/brasilnoticias.org\/site\/?s={search_term_string}\"},\"query-input\":{\"@type\":\"PropertyValueSpecification\",\"valueRequired\":true,\"valueName\":\"search_term_string\"}}],\"inLanguage\":\"pt-PT\"},{\"@type\":\"Organization\",\"@id\":\"https:\/\/brasilnoticias.org\/site\/#organization\",\"name\":\"Brasil not\u00edcias\",\"url\":\"https:\/\/brasilnoticias.org\/site\/\",\"logo\":{\"@type\":\"ImageObject\",\"inLanguage\":\"pt-PT\",\"@id\":\"https:\/\/brasilnoticias.org\/site\/#\/schema\/logo\/image\/\",\"url\":\"https:\/\/brasilnoticias.org\/site\/wp-content\/uploads\/2022\/05\/cropped-brasilnoticias-mini.jpg\",\"contentUrl\":\"https:\/\/brasilnoticias.org\/site\/wp-content\/uploads\/2022\/05\/cropped-brasilnoticias-mini.jpg\",\"width\":314,\"height\":86,\"caption\":\"Brasil not\u00edcias\"},\"image\":{\"@id\":\"https:\/\/brasilnoticias.org\/site\/#\/schema\/logo\/image\/\"}},{\"@type\":\"Person\",\"@id\":\"https:\/\/brasilnoticias.org\/site\/#\/schema\/person\/03bbbfe6c7634ad18c26444ea39049fa\",\"name\":\"Reda\u00e7\u00e3o\",\"image\":{\"@type\":\"ImageObject\",\"inLanguage\":\"pt-PT\",\"@id\":\"https:\/\/brasilnoticias.org\/site\/#\/schema\/person\/image\/\",\"url\":\"https:\/\/secure.gravatar.com\/avatar\/9ecaf7327a696cb23ad926fedded5f1f04d7049de9e445375d55b48c001a6e42?s=96&d=mm&r=g\",\"contentUrl\":\"https:\/\/secure.gravatar.com\/avatar\/9ecaf7327a696cb23ad926fedded5f1f04d7049de9e445375d55b48c001a6e42?s=96&d=mm&r=g\",\"caption\":\"Reda\u00e7\u00e3o\"},\"url\":\"https:\/\/brasilnoticias.org\/site\/author\/henrique\/\"}]}<\/script>\n<!-- \/ Yoast SEO plugin. -->","yoast_head_json":{"title":"Lula afirma que perd\u00e3o a golpistas soaria como impunidade - Brasil not\u00edcias","robots":{"index":"index","follow":"follow","max-snippet":"max-snippet:-1","max-image-preview":"max-image-preview:large","max-video-preview":"max-video-preview:-1"},"canonical":"https:\/\/brasilnoticias.org\/site\/lula-afirma-que-perdao-a-golpistas-soaria-como-impunidade\/","og_locale":"pt_PT","og_type":"article","og_title":"Lula afirma que perd\u00e3o a golpistas soaria como impunidade - Brasil not\u00edcias","og_description":"Presidente discursou em evento sobre os atos antidemocr\u00e1ticos de 8\/1 Ag\u00eancia Brasil O presidente Luiz In\u00e1cio Lula da Silva defendeu,","og_url":"https:\/\/brasilnoticias.org\/site\/lula-afirma-que-perdao-a-golpistas-soaria-como-impunidade\/","og_site_name":"Brasil not\u00edcias","article_published_time":"2024-01-09T02:12:37+00:00","og_image":[{"width":740,"height":470,"url":"https:\/\/brasilnoticias.org\/site\/wp-content\/uploads\/2024\/01\/lula-ag-brasil.jpg","type":"image\/jpeg"}],"author":"Reda\u00e7\u00e3o","twitter_card":"summary_large_image","twitter_misc":{"Escrito por":"Reda\u00e7\u00e3o","Tempo estimado de leitura":"1 minuto"},"schema":{"@context":"https:\/\/schema.org","@graph":[{"@type":"Article","@id":"https:\/\/brasilnoticias.org\/site\/lula-afirma-que-perdao-a-golpistas-soaria-como-impunidade\/#article","isPartOf":{"@id":"https:\/\/brasilnoticias.org\/site\/lula-afirma-que-perdao-a-golpistas-soaria-como-impunidade\/"},"author":{"name":"Reda\u00e7\u00e3o","@id":"https:\/\/brasilnoticias.org\/site\/#\/schema\/person\/03bbbfe6c7634ad18c26444ea39049fa"},"headline":"Lula afirma que perd\u00e3o a golpistas soaria como impunidade","datePublished":"2024-01-09T02:12:37+00:00","mainEntityOfPage":{"@id":"https:\/\/brasilnoticias.org\/site\/lula-afirma-que-perdao-a-golpistas-soaria-como-impunidade\/"},"wordCount":438,"commentCount":0,"publisher":{"@id":"https:\/\/brasilnoticias.org\/site\/#organization"},"image":{"@id":"https:\/\/brasilnoticias.org\/site\/lula-afirma-que-perdao-a-golpistas-soaria-como-impunidade\/#primaryimage"},"thumbnailUrl":"https:\/\/brasilnoticias.org\/site\/wp-content\/uploads\/2024\/01\/lula-ag-brasil.jpg","articleSection":["Pol\u00edtica","\u00daltimas"],"inLanguage":"pt-PT","potentialAction":[{"@type":"CommentAction","name":"Comment","target":["https:\/\/brasilnoticias.org\/site\/lula-afirma-que-perdao-a-golpistas-soaria-como-impunidade\/#respond"]}]},{"@type":"WebPage","@id":"https:\/\/brasilnoticias.org\/site\/lula-afirma-que-perdao-a-golpistas-soaria-como-impunidade\/","url":"https:\/\/brasilnoticias.org\/site\/lula-afirma-que-perdao-a-golpistas-soaria-como-impunidade\/","name":"Lula afirma que perd\u00e3o a golpistas soaria como impunidade - Brasil not\u00edcias","isPartOf":{"@id":"https:\/\/brasilnoticias.org\/site\/#website"},"primaryImageOfPage":{"@id":"https:\/\/brasilnoticias.org\/site\/lula-afirma-que-perdao-a-golpistas-soaria-como-impunidade\/#primaryimage"},"image":{"@id":"https:\/\/brasilnoticias.org\/site\/lula-afirma-que-perdao-a-golpistas-soaria-como-impunidade\/#primaryimage"},"thumbnailUrl":"https:\/\/brasilnoticias.org\/site\/wp-content\/uploads\/2024\/01\/lula-ag-brasil.jpg","datePublished":"2024-01-09T02:12:37+00:00","breadcrumb":{"@id":"https:\/\/brasilnoticias.org\/site\/lula-afirma-que-perdao-a-golpistas-soaria-como-impunidade\/#breadcrumb"},"inLanguage":"pt-PT","potentialAction":[{"@type":"ReadAction","target":["https:\/\/brasilnoticias.org\/site\/lula-afirma-que-perdao-a-golpistas-soaria-como-impunidade\/"]}]},{"@type":"ImageObject","inLanguage":"pt-PT","@id":"https:\/\/brasilnoticias.org\/site\/lula-afirma-que-perdao-a-golpistas-soaria-como-impunidade\/#primaryimage","url":"https:\/\/brasilnoticias.org\/site\/wp-content\/uploads\/2024\/01\/lula-ag-brasil.jpg","contentUrl":"https:\/\/brasilnoticias.org\/site\/wp-content\/uploads\/2024\/01\/lula-ag-brasil.jpg","width":740,"height":470},{"@type":"BreadcrumbList","@id":"https:\/\/brasilnoticias.org\/site\/lula-afirma-que-perdao-a-golpistas-soaria-como-impunidade\/#breadcrumb","itemListElement":[{"@type":"ListItem","position":1,"name":"In\u00edcio","item":"https:\/\/brasilnoticias.org\/site\/"},{"@type":"ListItem","position":2,"name":"Lula afirma que perd\u00e3o a golpistas soaria como impunidade"}]},{"@type":"WebSite","@id":"https:\/\/brasilnoticias.org\/site\/#website","url":"https:\/\/brasilnoticias.org\/site\/","name":"Brasil not\u00edcias","description":"Brasil not\u00edcias","publisher":{"@id":"https:\/\/brasilnoticias.org\/site\/#organization"},"potentialAction":[{"@type":"SearchAction","target":{"@type":"EntryPoint","urlTemplate":"https:\/\/brasilnoticias.org\/site\/?s={search_term_string}"},"query-input":{"@type":"PropertyValueSpecification","valueRequired":true,"valueName":"search_term_string"}}],"inLanguage":"pt-PT"},{"@type":"Organization","@id":"https:\/\/brasilnoticias.org\/site\/#organization","name":"Brasil not\u00edcias","url":"https:\/\/brasilnoticias.org\/site\/","logo":{"@type":"ImageObject","inLanguage":"pt-PT","@id":"https:\/\/brasilnoticias.org\/site\/#\/schema\/logo\/image\/","url":"https:\/\/brasilnoticias.org\/site\/wp-content\/uploads\/2022\/05\/cropped-brasilnoticias-mini.jpg","contentUrl":"https:\/\/brasilnoticias.org\/site\/wp-content\/uploads\/2022\/05\/cropped-brasilnoticias-mini.jpg","width":314,"height":86,"caption":"Brasil not\u00edcias"},"image":{"@id":"https:\/\/brasilnoticias.org\/site\/#\/schema\/logo\/image\/"}},{"@type":"Person","@id":"https:\/\/brasilnoticias.org\/site\/#\/schema\/person\/03bbbfe6c7634ad18c26444ea39049fa","name":"Reda\u00e7\u00e3o","image":{"@type":"ImageObject","inLanguage":"pt-PT","@id":"https:\/\/brasilnoticias.org\/site\/#\/schema\/person\/image\/","url":"https:\/\/secure.gravatar.com\/avatar\/9ecaf7327a696cb23ad926fedded5f1f04d7049de9e445375d55b48c001a6e42?s=96&d=mm&r=g","contentUrl":"https:\/\/secure.gravatar.com\/avatar\/9ecaf7327a696cb23ad926fedded5f1f04d7049de9e445375d55b48c001a6e42?s=96&d=mm&r=g","caption":"Reda\u00e7\u00e3o"},"url":"https:\/\/brasilnoticias.org\/site\/author\/henrique\/"}]}},"_links":{"self":[{"href":"https:\/\/brasilnoticias.org\/site\/wp-json\/wp\/v2\/posts\/12054","targetHints":{"allow":["GET"]}}],"collection":[{"href":"https:\/\/brasilnoticias.org\/site\/wp-json\/wp\/v2\/posts"}],"about":[{"href":"https:\/\/brasilnoticias.org\/site\/wp-json\/wp\/v2\/types\/post"}],"author":[{"embeddable":true,"href":"https:\/\/brasilnoticias.org\/site\/wp-json\/wp\/v2\/users\/4"}],"replies":[{"embeddable":true,"href":"https:\/\/brasilnoticias.org\/site\/wp-json\/wp\/v2\/comments?post=12054"}],"version-history":[{"count":1,"href":"https:\/\/brasilnoticias.org\/site\/wp-json\/wp\/v2\/posts\/12054\/revisions"}],"predecessor-version":[{"id":12056,"href":"https:\/\/brasilnoticias.org\/site\/wp-json\/wp\/v2\/posts\/12054\/revisions\/12056"}],"wp:featuredmedia":[{"embeddable":true,"href":"https:\/\/brasilnoticias.org\/site\/wp-json\/wp\/v2\/media\/12055"}],"wp:attachment":[{"href":"https:\/\/brasilnoticias.org\/site\/wp-json\/wp\/v2\/media?parent=12054"}],"wp:term":[{"taxonomy":"category","embeddable":true,"href":"https:\/\/brasilnoticias.org\/site\/wp-json\/wp\/v2\/categories?post=12054"},{"taxonomy":"post_tag","embeddable":true,"href":"https:\/\/brasilnoticias.org\/site\/wp-json\/wp\/v2\/tags?post=12054"}],"curies":[{"name":"wp","href":"https:\/\/api.w.org\/{rel}","templated":true}]}}