{"id":12057,"date":"2024-01-08T23:16:01","date_gmt":"2024-01-09T02:16:01","guid":{"rendered":"https:\/\/brasilnoticias.org\/site\/?p=12057"},"modified":"2024-01-08T23:16:01","modified_gmt":"2024-01-09T02:16:01","slug":"com-destaque-da-base-bahia-viaja-para-pre-temporada-em-manchester-confira-a-lista","status":"publish","type":"post","link":"https:\/\/brasilnoticias.org\/site\/com-destaque-da-base-bahia-viaja-para-pre-temporada-em-manchester-confira-a-lista\/","title":{"rendered":"Com destaque da base, Bahia viaja para pr\u00e9-temporada em Manchester; Confira a lista"},"content":{"rendered":"<p>Ao todo, 24 atletas viajar\u00e3o para as instala\u00e7\u00f5es do Manchester City<\/p>\n<p>Na pr\u00f3xima ter\u00e7a-feira (9\/1), o Bahia inicia a sua pr\u00e9-temporada na cidade de Manchester e ficar\u00e1 em territ\u00f3rio ingl\u00eas at\u00e9 o dia 21 de janeiro, quando retorna a Salvador. Mas quem s\u00e3o os atletas que viajar\u00e3o para o solo brit\u00e2nico com o treinador Rog\u00e9rio Ceni? <\/p>\n<p>Al\u00e9m dos rec\u00e9m-contratados Everton Ribeiro e Jean Lucas, que ainda n\u00e3o foi anunciado oficialmente pelo clube, um dos destaques da lista vai para o jovem Sidney, de apenas 17 anos. Membro da base tricolor, o atleta estava na disputa da Copa S\u00e3o Paulo de Futebol J\u00fanior e deixou a competi\u00e7\u00e3o para integrar o grupo principal na pr\u00e9-temporada<\/p>\n<p>Ao todo, 24 atletas viajar\u00e3o para as instala\u00e7\u00f5es do Manchester City, equipe que pertence ao mesmo grupo que gere o Bahia e outros clubes pelo mundo. Por conta das datas e o n\u00famero de jogadores que ir\u00e3o a Inglaterra, o Esquadr\u00e3o realizar\u00e1 suas primeiras partidas da temporada com uma equipe alternativa, mesclando jogadores da base com outros do grupo principal que seguir\u00e3o em Salvador.<\/p>\n<p>Veja a lista de jogadores que v\u00e3o para Manchester:<\/p>\n<p>Goleiros: Adriel, Danilo Fernandes e Marcos Felipe<\/p>\n<p>Laterais: Andr\u00e9, Cicinho, Gilberto e Ryan<\/p>\n<p>Zagueiros: David Duarte, Gabriel Xavier, Kanu, Marcos Victor e Vitor Hugo<\/p>\n<p>Meio-campistas: Cauly, Everton Ribeiro, Jean Lucas, Rezende, Sidney, Thaciano e Yago Felipe<\/p>\n<p>Atacantes: Ademir, Biel, Everaldo, Luciano Juba e Rafael Rat\u00e3o<\/p>\n<p>Foto: Divulga\u00e7\u00e3o\/Bahia<br \/>\nAratu On<\/p>\n","protected":false},"excerpt":{"rendered":"<p>Ao todo, 24 atletas viajar\u00e3o para as instala\u00e7\u00f5es do Manchester City Na pr\u00f3xima ter\u00e7a-feira (9\/1), o Bahia inicia a sua<\/p>\n","protected":false},"author":4,"featured_media":12058,"comment_status":"open","ping_status":"open","sticky":false,"template":"","format":"standard","meta":{"colormag_page_container_layout":"default_layout","colormag_page_sidebar_layout":"default_layout","_FSMCFIC_featured_image_caption":"","_FSMCFIC_featured_image_nocaption":"","_FSMCFIC_featured_image_hide":"","footnotes":""},"categories":[4,1],"tags":[],"class_list":["post-12057","post","type-post","status-publish","format-standard","has-post-thumbnail","hentry","category-esporte","category-ultimas"],"yoast_head":"<!-- This site is optimized with the Yoast SEO plugin v27.1.1 - https:\/\/yoast.com\/product\/yoast-seo-wordpress\/ -->\n<title>Com destaque da base, Bahia viaja para pr\u00e9-temporada em Manchester; Confira a lista - Brasil not\u00edcias<\/title>\n<meta name=\"robots\" content=\"index, follow, max-snippet:-1, max-image-preview:large, max-video-preview:-1\" \/>\n<link rel=\"canonical\" href=\"https:\/\/brasilnoticias.org\/site\/com-destaque-da-base-bahia-viaja-para-pre-temporada-em-manchester-confira-a-lista\/\" \/>\n<meta property=\"og:locale\" content=\"pt_PT\" \/>\n<meta property=\"og:type\" content=\"article\" \/>\n<meta property=\"og:title\" content=\"Com destaque da base, Bahia viaja para pr\u00e9-temporada em Manchester; Confira a lista - Brasil not\u00edcias\" \/>\n<meta property=\"og:description\" content=\"Ao todo, 24 atletas viajar\u00e3o para as instala\u00e7\u00f5es do Manchester City Na pr\u00f3xima ter\u00e7a-feira (9\/1), o Bahia inicia a sua\" \/>\n<meta property=\"og:url\" content=\"https:\/\/brasilnoticias.org\/site\/com-destaque-da-base-bahia-viaja-para-pre-temporada-em-manchester-confira-a-lista\/\" \/>\n<meta property=\"og:site_name\" content=\"Brasil not\u00edcias\" \/>\n<meta property=\"article:published_time\" content=\"2024-01-09T02:16:01+00:00\" \/>\n<meta property=\"og:image\" content=\"https:\/\/brasilnoticias.org\/site\/wp-content\/uploads\/2024\/01\/GDV7EUlXAAAWoyh-740x470-1.jpeg\" \/>\n\t<meta property=\"og:image:width\" content=\"740\" \/>\n\t<meta property=\"og:image:height\" content=\"470\" \/>\n\t<meta property=\"og:image:type\" content=\"image\/jpeg\" \/>\n<meta name=\"author\" content=\"Reda\u00e7\u00e3o\" \/>\n<meta name=\"twitter:card\" content=\"summary_large_image\" \/>\n<meta name=\"twitter:label1\" content=\"Escrito por\" \/>\n\t<meta name=\"twitter:data1\" content=\"Reda\u00e7\u00e3o\" \/>\n\t<meta name=\"twitter:label2\" content=\"Tempo estimado de leitura\" \/>\n\t<meta name=\"twitter:data2\" content=\"1 minuto\" \/>\n<script type=\"application\/ld+json\" class=\"yoast-schema-graph\">{\"@context\":\"https:\/\/schema.org\",\"@graph\":[{\"@type\":\"Article\",\"@id\":\"https:\/\/brasilnoticias.org\/site\/com-destaque-da-base-bahia-viaja-para-pre-temporada-em-manchester-confira-a-lista\/#article\",\"isPartOf\":{\"@id\":\"https:\/\/brasilnoticias.org\/site\/com-destaque-da-base-bahia-viaja-para-pre-temporada-em-manchester-confira-a-lista\/\"},\"author\":{\"name\":\"Reda\u00e7\u00e3o\",\"@id\":\"https:\/\/brasilnoticias.org\/site\/#\/schema\/person\/03bbbfe6c7634ad18c26444ea39049fa\"},\"headline\":\"Com destaque da base, Bahia viaja para pr\u00e9-temporada em Manchester; Confira a lista\",\"datePublished\":\"2024-01-09T02:16:01+00:00\",\"mainEntityOfPage\":{\"@id\":\"https:\/\/brasilnoticias.org\/site\/com-destaque-da-base-bahia-viaja-para-pre-temporada-em-manchester-confira-a-lista\/\"},\"wordCount\":272,\"commentCount\":0,\"publisher\":{\"@id\":\"https:\/\/brasilnoticias.org\/site\/#organization\"},\"image\":{\"@id\":\"https:\/\/brasilnoticias.org\/site\/com-destaque-da-base-bahia-viaja-para-pre-temporada-em-manchester-confira-a-lista\/#primaryimage\"},\"thumbnailUrl\":\"https:\/\/brasilnoticias.org\/site\/wp-content\/uploads\/2024\/01\/GDV7EUlXAAAWoyh-740x470-1.jpeg\",\"articleSection\":[\"Esporte\",\"\u00daltimas\"],\"inLanguage\":\"pt-PT\",\"potentialAction\":[{\"@type\":\"CommentAction\",\"name\":\"Comment\",\"target\":[\"https:\/\/brasilnoticias.org\/site\/com-destaque-da-base-bahia-viaja-para-pre-temporada-em-manchester-confira-a-lista\/#respond\"]}]},{\"@type\":\"WebPage\",\"@id\":\"https:\/\/brasilnoticias.org\/site\/com-destaque-da-base-bahia-viaja-para-pre-temporada-em-manchester-confira-a-lista\/\",\"url\":\"https:\/\/brasilnoticias.org\/site\/com-destaque-da-base-bahia-viaja-para-pre-temporada-em-manchester-confira-a-lista\/\",\"name\":\"Com destaque da base, Bahia viaja para pr\u00e9-temporada em Manchester; Confira a lista - Brasil not\u00edcias\",\"isPartOf\":{\"@id\":\"https:\/\/brasilnoticias.org\/site\/#website\"},\"primaryImageOfPage\":{\"@id\":\"https:\/\/brasilnoticias.org\/site\/com-destaque-da-base-bahia-viaja-para-pre-temporada-em-manchester-confira-a-lista\/#primaryimage\"},\"image\":{\"@id\":\"https:\/\/brasilnoticias.org\/site\/com-destaque-da-base-bahia-viaja-para-pre-temporada-em-manchester-confira-a-lista\/#primaryimage\"},\"thumbnailUrl\":\"https:\/\/brasilnoticias.org\/site\/wp-content\/uploads\/2024\/01\/GDV7EUlXAAAWoyh-740x470-1.jpeg\",\"datePublished\":\"2024-01-09T02:16:01+00:00\",\"breadcrumb\":{\"@id\":\"https:\/\/brasilnoticias.org\/site\/com-destaque-da-base-bahia-viaja-para-pre-temporada-em-manchester-confira-a-lista\/#breadcrumb\"},\"inLanguage\":\"pt-PT\",\"potentialAction\":[{\"@type\":\"ReadAction\",\"target\":[\"https:\/\/brasilnoticias.org\/site\/com-destaque-da-base-bahia-viaja-para-pre-temporada-em-manchester-confira-a-lista\/\"]}]},{\"@type\":\"ImageObject\",\"inLanguage\":\"pt-PT\",\"@id\":\"https:\/\/brasilnoticias.org\/site\/com-destaque-da-base-bahia-viaja-para-pre-temporada-em-manchester-confira-a-lista\/#primaryimage\",\"url\":\"https:\/\/brasilnoticias.org\/site\/wp-content\/uploads\/2024\/01\/GDV7EUlXAAAWoyh-740x470-1.jpeg\",\"contentUrl\":\"https:\/\/brasilnoticias.org\/site\/wp-content\/uploads\/2024\/01\/GDV7EUlXAAAWoyh-740x470-1.jpeg\",\"width\":740,\"height\":470},{\"@type\":\"BreadcrumbList\",\"@id\":\"https:\/\/brasilnoticias.org\/site\/com-destaque-da-base-bahia-viaja-para-pre-temporada-em-manchester-confira-a-lista\/#breadcrumb\",\"itemListElement\":[{\"@type\":\"ListItem\",\"position\":1,\"name\":\"In\u00edcio\",\"item\":\"https:\/\/brasilnoticias.org\/site\/\"},{\"@type\":\"ListItem\",\"position\":2,\"name\":\"Com destaque da base, Bahia viaja para pr\u00e9-temporada em Manchester; Confira a lista\"}]},{\"@type\":\"WebSite\",\"@id\":\"https:\/\/brasilnoticias.org\/site\/#website\",\"url\":\"https:\/\/brasilnoticias.org\/site\/\",\"name\":\"Brasil not\u00edcias\",\"description\":\"Brasil not\u00edcias\",\"publisher\":{\"@id\":\"https:\/\/brasilnoticias.org\/site\/#organization\"},\"potentialAction\":[{\"@type\":\"SearchAction\",\"target\":{\"@type\":\"EntryPoint\",\"urlTemplate\":\"https:\/\/brasilnoticias.org\/site\/?s={search_term_string}\"},\"query-input\":{\"@type\":\"PropertyValueSpecification\",\"valueRequired\":true,\"valueName\":\"search_term_string\"}}],\"inLanguage\":\"pt-PT\"},{\"@type\":\"Organization\",\"@id\":\"https:\/\/brasilnoticias.org\/site\/#organization\",\"name\":\"Brasil not\u00edcias\",\"url\":\"https:\/\/brasilnoticias.org\/site\/\",\"logo\":{\"@type\":\"ImageObject\",\"inLanguage\":\"pt-PT\",\"@id\":\"https:\/\/brasilnoticias.org\/site\/#\/schema\/logo\/image\/\",\"url\":\"https:\/\/brasilnoticias.org\/site\/wp-content\/uploads\/2022\/05\/cropped-brasilnoticias-mini.jpg\",\"contentUrl\":\"https:\/\/brasilnoticias.org\/site\/wp-content\/uploads\/2022\/05\/cropped-brasilnoticias-mini.jpg\",\"width\":314,\"height\":86,\"caption\":\"Brasil not\u00edcias\"},\"image\":{\"@id\":\"https:\/\/brasilnoticias.org\/site\/#\/schema\/logo\/image\/\"}},{\"@type\":\"Person\",\"@id\":\"https:\/\/brasilnoticias.org\/site\/#\/schema\/person\/03bbbfe6c7634ad18c26444ea39049fa\",\"name\":\"Reda\u00e7\u00e3o\",\"image\":{\"@type\":\"ImageObject\",\"inLanguage\":\"pt-PT\",\"@id\":\"https:\/\/brasilnoticias.org\/site\/#\/schema\/person\/image\/\",\"url\":\"https:\/\/secure.gravatar.com\/avatar\/9ecaf7327a696cb23ad926fedded5f1f04d7049de9e445375d55b48c001a6e42?s=96&d=mm&r=g\",\"contentUrl\":\"https:\/\/secure.gravatar.com\/avatar\/9ecaf7327a696cb23ad926fedded5f1f04d7049de9e445375d55b48c001a6e42?s=96&d=mm&r=g\",\"caption\":\"Reda\u00e7\u00e3o\"},\"url\":\"https:\/\/brasilnoticias.org\/site\/author\/henrique\/\"}]}<\/script>\n<!-- \/ Yoast SEO plugin. -->","yoast_head_json":{"title":"Com destaque da base, Bahia viaja para pr\u00e9-temporada em Manchester; Confira a lista - Brasil not\u00edcias","robots":{"index":"index","follow":"follow","max-snippet":"max-snippet:-1","max-image-preview":"max-image-preview:large","max-video-preview":"max-video-preview:-1"},"canonical":"https:\/\/brasilnoticias.org\/site\/com-destaque-da-base-bahia-viaja-para-pre-temporada-em-manchester-confira-a-lista\/","og_locale":"pt_PT","og_type":"article","og_title":"Com destaque da base, Bahia viaja para pr\u00e9-temporada em Manchester; Confira a lista - Brasil not\u00edcias","og_description":"Ao todo, 24 atletas viajar\u00e3o para as instala\u00e7\u00f5es do Manchester City Na pr\u00f3xima ter\u00e7a-feira (9\/1), o Bahia inicia a sua","og_url":"https:\/\/brasilnoticias.org\/site\/com-destaque-da-base-bahia-viaja-para-pre-temporada-em-manchester-confira-a-lista\/","og_site_name":"Brasil not\u00edcias","article_published_time":"2024-01-09T02:16:01+00:00","og_image":[{"width":740,"height":470,"url":"https:\/\/brasilnoticias.org\/site\/wp-content\/uploads\/2024\/01\/GDV7EUlXAAAWoyh-740x470-1.jpeg","type":"image\/jpeg"}],"author":"Reda\u00e7\u00e3o","twitter_card":"summary_large_image","twitter_misc":{"Escrito por":"Reda\u00e7\u00e3o","Tempo estimado de leitura":"1 minuto"},"schema":{"@context":"https:\/\/schema.org","@graph":[{"@type":"Article","@id":"https:\/\/brasilnoticias.org\/site\/com-destaque-da-base-bahia-viaja-para-pre-temporada-em-manchester-confira-a-lista\/#article","isPartOf":{"@id":"https:\/\/brasilnoticias.org\/site\/com-destaque-da-base-bahia-viaja-para-pre-temporada-em-manchester-confira-a-lista\/"},"author":{"name":"Reda\u00e7\u00e3o","@id":"https:\/\/brasilnoticias.org\/site\/#\/schema\/person\/03bbbfe6c7634ad18c26444ea39049fa"},"headline":"Com destaque da base, Bahia viaja para pr\u00e9-temporada em Manchester; Confira a lista","datePublished":"2024-01-09T02:16:01+00:00","mainEntityOfPage":{"@id":"https:\/\/brasilnoticias.org\/site\/com-destaque-da-base-bahia-viaja-para-pre-temporada-em-manchester-confira-a-lista\/"},"wordCount":272,"commentCount":0,"publisher":{"@id":"https:\/\/brasilnoticias.org\/site\/#organization"},"image":{"@id":"https:\/\/brasilnoticias.org\/site\/com-destaque-da-base-bahia-viaja-para-pre-temporada-em-manchester-confira-a-lista\/#primaryimage"},"thumbnailUrl":"https:\/\/brasilnoticias.org\/site\/wp-content\/uploads\/2024\/01\/GDV7EUlXAAAWoyh-740x470-1.jpeg","articleSection":["Esporte","\u00daltimas"],"inLanguage":"pt-PT","potentialAction":[{"@type":"CommentAction","name":"Comment","target":["https:\/\/brasilnoticias.org\/site\/com-destaque-da-base-bahia-viaja-para-pre-temporada-em-manchester-confira-a-lista\/#respond"]}]},{"@type":"WebPage","@id":"https:\/\/brasilnoticias.org\/site\/com-destaque-da-base-bahia-viaja-para-pre-temporada-em-manchester-confira-a-lista\/","url":"https:\/\/brasilnoticias.org\/site\/com-destaque-da-base-bahia-viaja-para-pre-temporada-em-manchester-confira-a-lista\/","name":"Com destaque da base, Bahia viaja para pr\u00e9-temporada em Manchester; Confira a lista - Brasil not\u00edcias","isPartOf":{"@id":"https:\/\/brasilnoticias.org\/site\/#website"},"primaryImageOfPage":{"@id":"https:\/\/brasilnoticias.org\/site\/com-destaque-da-base-bahia-viaja-para-pre-temporada-em-manchester-confira-a-lista\/#primaryimage"},"image":{"@id":"https:\/\/brasilnoticias.org\/site\/com-destaque-da-base-bahia-viaja-para-pre-temporada-em-manchester-confira-a-lista\/#primaryimage"},"thumbnailUrl":"https:\/\/brasilnoticias.org\/site\/wp-content\/uploads\/2024\/01\/GDV7EUlXAAAWoyh-740x470-1.jpeg","datePublished":"2024-01-09T02:16:01+00:00","breadcrumb":{"@id":"https:\/\/brasilnoticias.org\/site\/com-destaque-da-base-bahia-viaja-para-pre-temporada-em-manchester-confira-a-lista\/#breadcrumb"},"inLanguage":"pt-PT","potentialAction":[{"@type":"ReadAction","target":["https:\/\/brasilnoticias.org\/site\/com-destaque-da-base-bahia-viaja-para-pre-temporada-em-manchester-confira-a-lista\/"]}]},{"@type":"ImageObject","inLanguage":"pt-PT","@id":"https:\/\/brasilnoticias.org\/site\/com-destaque-da-base-bahia-viaja-para-pre-temporada-em-manchester-confira-a-lista\/#primaryimage","url":"https:\/\/brasilnoticias.org\/site\/wp-content\/uploads\/2024\/01\/GDV7EUlXAAAWoyh-740x470-1.jpeg","contentUrl":"https:\/\/brasilnoticias.org\/site\/wp-content\/uploads\/2024\/01\/GDV7EUlXAAAWoyh-740x470-1.jpeg","width":740,"height":470},{"@type":"BreadcrumbList","@id":"https:\/\/brasilnoticias.org\/site\/com-destaque-da-base-bahia-viaja-para-pre-temporada-em-manchester-confira-a-lista\/#breadcrumb","itemListElement":[{"@type":"ListItem","position":1,"name":"In\u00edcio","item":"https:\/\/brasilnoticias.org\/site\/"},{"@type":"ListItem","position":2,"name":"Com destaque da base, Bahia viaja para pr\u00e9-temporada em Manchester; Confira a lista"}]},{"@type":"WebSite","@id":"https:\/\/brasilnoticias.org\/site\/#website","url":"https:\/\/brasilnoticias.org\/site\/","name":"Brasil not\u00edcias","description":"Brasil not\u00edcias","publisher":{"@id":"https:\/\/brasilnoticias.org\/site\/#organization"},"potentialAction":[{"@type":"SearchAction","target":{"@type":"EntryPoint","urlTemplate":"https:\/\/brasilnoticias.org\/site\/?s={search_term_string}"},"query-input":{"@type":"PropertyValueSpecification","valueRequired":true,"valueName":"search_term_string"}}],"inLanguage":"pt-PT"},{"@type":"Organization","@id":"https:\/\/brasilnoticias.org\/site\/#organization","name":"Brasil not\u00edcias","url":"https:\/\/brasilnoticias.org\/site\/","logo":{"@type":"ImageObject","inLanguage":"pt-PT","@id":"https:\/\/brasilnoticias.org\/site\/#\/schema\/logo\/image\/","url":"https:\/\/brasilnoticias.org\/site\/wp-content\/uploads\/2022\/05\/cropped-brasilnoticias-mini.jpg","contentUrl":"https:\/\/brasilnoticias.org\/site\/wp-content\/uploads\/2022\/05\/cropped-brasilnoticias-mini.jpg","width":314,"height":86,"caption":"Brasil not\u00edcias"},"image":{"@id":"https:\/\/brasilnoticias.org\/site\/#\/schema\/logo\/image\/"}},{"@type":"Person","@id":"https:\/\/brasilnoticias.org\/site\/#\/schema\/person\/03bbbfe6c7634ad18c26444ea39049fa","name":"Reda\u00e7\u00e3o","image":{"@type":"ImageObject","inLanguage":"pt-PT","@id":"https:\/\/brasilnoticias.org\/site\/#\/schema\/person\/image\/","url":"https:\/\/secure.gravatar.com\/avatar\/9ecaf7327a696cb23ad926fedded5f1f04d7049de9e445375d55b48c001a6e42?s=96&d=mm&r=g","contentUrl":"https:\/\/secure.gravatar.com\/avatar\/9ecaf7327a696cb23ad926fedded5f1f04d7049de9e445375d55b48c001a6e42?s=96&d=mm&r=g","caption":"Reda\u00e7\u00e3o"},"url":"https:\/\/brasilnoticias.org\/site\/author\/henrique\/"}]}},"_links":{"self":[{"href":"https:\/\/brasilnoticias.org\/site\/wp-json\/wp\/v2\/posts\/12057","targetHints":{"allow":["GET"]}}],"collection":[{"href":"https:\/\/brasilnoticias.org\/site\/wp-json\/wp\/v2\/posts"}],"about":[{"href":"https:\/\/brasilnoticias.org\/site\/wp-json\/wp\/v2\/types\/post"}],"author":[{"embeddable":true,"href":"https:\/\/brasilnoticias.org\/site\/wp-json\/wp\/v2\/users\/4"}],"replies":[{"embeddable":true,"href":"https:\/\/brasilnoticias.org\/site\/wp-json\/wp\/v2\/comments?post=12057"}],"version-history":[{"count":1,"href":"https:\/\/brasilnoticias.org\/site\/wp-json\/wp\/v2\/posts\/12057\/revisions"}],"predecessor-version":[{"id":12059,"href":"https:\/\/brasilnoticias.org\/site\/wp-json\/wp\/v2\/posts\/12057\/revisions\/12059"}],"wp:featuredmedia":[{"embeddable":true,"href":"https:\/\/brasilnoticias.org\/site\/wp-json\/wp\/v2\/media\/12058"}],"wp:attachment":[{"href":"https:\/\/brasilnoticias.org\/site\/wp-json\/wp\/v2\/media?parent=12057"}],"wp:term":[{"taxonomy":"category","embeddable":true,"href":"https:\/\/brasilnoticias.org\/site\/wp-json\/wp\/v2\/categories?post=12057"},{"taxonomy":"post_tag","embeddable":true,"href":"https:\/\/brasilnoticias.org\/site\/wp-json\/wp\/v2\/tags?post=12057"}],"curies":[{"name":"wp","href":"https:\/\/api.w.org\/{rel}","templated":true}]}}