{"id":12060,"date":"2024-01-08T23:17:20","date_gmt":"2024-01-09T02:17:20","guid":{"rendered":"https:\/\/brasilnoticias.org\/site\/?p=12060"},"modified":"2024-01-08T23:17:20","modified_gmt":"2024-01-09T02:17:20","slug":"lucas-esteves-e-apresentado-e-se-torna-o-10o-reforco-do-vitoria-na-temporada","status":"publish","type":"post","link":"https:\/\/brasilnoticias.org\/site\/lucas-esteves-e-apresentado-e-se-torna-o-10o-reforco-do-vitoria-na-temporada\/","title":{"rendered":"Lucas Esteves \u00e9 apresentado e se torna o 10\u00ba refor\u00e7o do Vit\u00f3ria na temporada"},"content":{"rendered":"<p>Com passagens por Fortaleza e Atl\u00e9tico-GO, atleta chega para a temporada 2024<\/p>\n<p>O Vit\u00f3ria segue se refor\u00e7ando para a temporada 2024 e nesta segunda-feira (8\/1) o clube apresentou o seu mais novo contratado: o lateral-esquerdo Lucas Esteves, que passou por exames m\u00e9dicos e dever\u00e1 fazer o primeiro treino na pr\u00f3xima ter\u00e7a (9\/1) na Toca do Le\u00e3o.<\/p>\n<p>Revelado pelo Palmeiras, o atleta teve passagens por equipes como Colorado Rapids, Fortaleza e Atl\u00e9tico Goianiense, equipe em que disputou a S\u00e9rie B do ano passado. O lateral \u00e9 o 10\u00ba refor\u00e7o do Le\u00e3o para a atual temporada. <\/p>\n<p>O Vit\u00f3ria inicia a temporada no dia 17 de janeiro, uma quarta-feira, quando enfrenta o Jacuipense pelo Baian\u00e3o 2024.<\/p>\n<p>Foto: Victor Ferreira\/ECV<br \/>\nAratu On<\/p>\n","protected":false},"excerpt":{"rendered":"<p>Com passagens por Fortaleza e Atl\u00e9tico-GO, atleta chega para a temporada 2024 O Vit\u00f3ria segue se refor\u00e7ando para a temporada<\/p>\n","protected":false},"author":4,"featured_media":12061,"comment_status":"open","ping_status":"open","sticky":false,"template":"","format":"standard","meta":{"colormag_page_container_layout":"default_layout","colormag_page_sidebar_layout":"default_layout","_FSMCFIC_featured_image_caption":"","_FSMCFIC_featured_image_nocaption":"","_FSMCFIC_featured_image_hide":"","footnotes":""},"categories":[4,1],"tags":[],"class_list":["post-12060","post","type-post","status-publish","format-standard","has-post-thumbnail","hentry","category-esporte","category-ultimas"],"yoast_head":"<!-- This site is optimized with the Yoast SEO plugin v27.1.1 - https:\/\/yoast.com\/product\/yoast-seo-wordpress\/ -->\n<title>Lucas Esteves \u00e9 apresentado e se torna o 10\u00ba refor\u00e7o do Vit\u00f3ria na temporada - Brasil not\u00edcias<\/title>\n<meta name=\"robots\" content=\"index, follow, max-snippet:-1, max-image-preview:large, max-video-preview:-1\" \/>\n<link rel=\"canonical\" href=\"https:\/\/brasilnoticias.org\/site\/lucas-esteves-e-apresentado-e-se-torna-o-10o-reforco-do-vitoria-na-temporada\/\" \/>\n<meta property=\"og:locale\" content=\"pt_PT\" \/>\n<meta property=\"og:type\" content=\"article\" \/>\n<meta property=\"og:title\" content=\"Lucas Esteves \u00e9 apresentado e se torna o 10\u00ba refor\u00e7o do Vit\u00f3ria na temporada - Brasil not\u00edcias\" \/>\n<meta property=\"og:description\" content=\"Com passagens por Fortaleza e Atl\u00e9tico-GO, atleta chega para a temporada 2024 O Vit\u00f3ria segue se refor\u00e7ando para a temporada\" \/>\n<meta property=\"og:url\" content=\"https:\/\/brasilnoticias.org\/site\/lucas-esteves-e-apresentado-e-se-torna-o-10o-reforco-do-vitoria-na-temporada\/\" \/>\n<meta property=\"og:site_name\" content=\"Brasil not\u00edcias\" \/>\n<meta property=\"article:published_time\" content=\"2024-01-09T02:17:20+00:00\" \/>\n<meta property=\"og:image\" content=\"https:\/\/brasilnoticias.org\/site\/wp-content\/uploads\/2024\/01\/otimizada-1-740x470-1.webp\" \/>\n\t<meta property=\"og:image:width\" content=\"740\" \/>\n\t<meta property=\"og:image:height\" content=\"470\" \/>\n\t<meta property=\"og:image:type\" content=\"image\/webp\" \/>\n<meta name=\"author\" content=\"Reda\u00e7\u00e3o\" \/>\n<meta name=\"twitter:card\" content=\"summary_large_image\" \/>\n<meta name=\"twitter:label1\" content=\"Escrito por\" \/>\n\t<meta name=\"twitter:data1\" content=\"Reda\u00e7\u00e3o\" \/>\n\t<meta name=\"twitter:label2\" content=\"Tempo estimado de leitura\" \/>\n\t<meta name=\"twitter:data2\" content=\"1 minuto\" \/>\n<script type=\"application\/ld+json\" class=\"yoast-schema-graph\">{\"@context\":\"https:\/\/schema.org\",\"@graph\":[{\"@type\":\"Article\",\"@id\":\"https:\/\/brasilnoticias.org\/site\/lucas-esteves-e-apresentado-e-se-torna-o-10o-reforco-do-vitoria-na-temporada\/#article\",\"isPartOf\":{\"@id\":\"https:\/\/brasilnoticias.org\/site\/lucas-esteves-e-apresentado-e-se-torna-o-10o-reforco-do-vitoria-na-temporada\/\"},\"author\":{\"name\":\"Reda\u00e7\u00e3o\",\"@id\":\"https:\/\/brasilnoticias.org\/site\/#\/schema\/person\/03bbbfe6c7634ad18c26444ea39049fa\"},\"headline\":\"Lucas Esteves \u00e9 apresentado e se torna o 10\u00ba refor\u00e7o do Vit\u00f3ria na temporada\",\"datePublished\":\"2024-01-09T02:17:20+00:00\",\"mainEntityOfPage\":{\"@id\":\"https:\/\/brasilnoticias.org\/site\/lucas-esteves-e-apresentado-e-se-torna-o-10o-reforco-do-vitoria-na-temporada\/\"},\"wordCount\":138,\"commentCount\":0,\"publisher\":{\"@id\":\"https:\/\/brasilnoticias.org\/site\/#organization\"},\"image\":{\"@id\":\"https:\/\/brasilnoticias.org\/site\/lucas-esteves-e-apresentado-e-se-torna-o-10o-reforco-do-vitoria-na-temporada\/#primaryimage\"},\"thumbnailUrl\":\"https:\/\/brasilnoticias.org\/site\/wp-content\/uploads\/2024\/01\/otimizada-1-740x470-1.webp\",\"articleSection\":[\"Esporte\",\"\u00daltimas\"],\"inLanguage\":\"pt-PT\",\"potentialAction\":[{\"@type\":\"CommentAction\",\"name\":\"Comment\",\"target\":[\"https:\/\/brasilnoticias.org\/site\/lucas-esteves-e-apresentado-e-se-torna-o-10o-reforco-do-vitoria-na-temporada\/#respond\"]}]},{\"@type\":\"WebPage\",\"@id\":\"https:\/\/brasilnoticias.org\/site\/lucas-esteves-e-apresentado-e-se-torna-o-10o-reforco-do-vitoria-na-temporada\/\",\"url\":\"https:\/\/brasilnoticias.org\/site\/lucas-esteves-e-apresentado-e-se-torna-o-10o-reforco-do-vitoria-na-temporada\/\",\"name\":\"Lucas Esteves \u00e9 apresentado e se torna o 10\u00ba refor\u00e7o do Vit\u00f3ria na temporada - Brasil not\u00edcias\",\"isPartOf\":{\"@id\":\"https:\/\/brasilnoticias.org\/site\/#website\"},\"primaryImageOfPage\":{\"@id\":\"https:\/\/brasilnoticias.org\/site\/lucas-esteves-e-apresentado-e-se-torna-o-10o-reforco-do-vitoria-na-temporada\/#primaryimage\"},\"image\":{\"@id\":\"https:\/\/brasilnoticias.org\/site\/lucas-esteves-e-apresentado-e-se-torna-o-10o-reforco-do-vitoria-na-temporada\/#primaryimage\"},\"thumbnailUrl\":\"https:\/\/brasilnoticias.org\/site\/wp-content\/uploads\/2024\/01\/otimizada-1-740x470-1.webp\",\"datePublished\":\"2024-01-09T02:17:20+00:00\",\"breadcrumb\":{\"@id\":\"https:\/\/brasilnoticias.org\/site\/lucas-esteves-e-apresentado-e-se-torna-o-10o-reforco-do-vitoria-na-temporada\/#breadcrumb\"},\"inLanguage\":\"pt-PT\",\"potentialAction\":[{\"@type\":\"ReadAction\",\"target\":[\"https:\/\/brasilnoticias.org\/site\/lucas-esteves-e-apresentado-e-se-torna-o-10o-reforco-do-vitoria-na-temporada\/\"]}]},{\"@type\":\"ImageObject\",\"inLanguage\":\"pt-PT\",\"@id\":\"https:\/\/brasilnoticias.org\/site\/lucas-esteves-e-apresentado-e-se-torna-o-10o-reforco-do-vitoria-na-temporada\/#primaryimage\",\"url\":\"https:\/\/brasilnoticias.org\/site\/wp-content\/uploads\/2024\/01\/otimizada-1-740x470-1.webp\",\"contentUrl\":\"https:\/\/brasilnoticias.org\/site\/wp-content\/uploads\/2024\/01\/otimizada-1-740x470-1.webp\",\"width\":740,\"height\":470},{\"@type\":\"BreadcrumbList\",\"@id\":\"https:\/\/brasilnoticias.org\/site\/lucas-esteves-e-apresentado-e-se-torna-o-10o-reforco-do-vitoria-na-temporada\/#breadcrumb\",\"itemListElement\":[{\"@type\":\"ListItem\",\"position\":1,\"name\":\"In\u00edcio\",\"item\":\"https:\/\/brasilnoticias.org\/site\/\"},{\"@type\":\"ListItem\",\"position\":2,\"name\":\"Lucas Esteves \u00e9 apresentado e se torna o 10\u00ba refor\u00e7o do Vit\u00f3ria na temporada\"}]},{\"@type\":\"WebSite\",\"@id\":\"https:\/\/brasilnoticias.org\/site\/#website\",\"url\":\"https:\/\/brasilnoticias.org\/site\/\",\"name\":\"Brasil not\u00edcias\",\"description\":\"Brasil not\u00edcias\",\"publisher\":{\"@id\":\"https:\/\/brasilnoticias.org\/site\/#organization\"},\"potentialAction\":[{\"@type\":\"SearchAction\",\"target\":{\"@type\":\"EntryPoint\",\"urlTemplate\":\"https:\/\/brasilnoticias.org\/site\/?s={search_term_string}\"},\"query-input\":{\"@type\":\"PropertyValueSpecification\",\"valueRequired\":true,\"valueName\":\"search_term_string\"}}],\"inLanguage\":\"pt-PT\"},{\"@type\":\"Organization\",\"@id\":\"https:\/\/brasilnoticias.org\/site\/#organization\",\"name\":\"Brasil not\u00edcias\",\"url\":\"https:\/\/brasilnoticias.org\/site\/\",\"logo\":{\"@type\":\"ImageObject\",\"inLanguage\":\"pt-PT\",\"@id\":\"https:\/\/brasilnoticias.org\/site\/#\/schema\/logo\/image\/\",\"url\":\"https:\/\/brasilnoticias.org\/site\/wp-content\/uploads\/2022\/05\/cropped-brasilnoticias-mini.jpg\",\"contentUrl\":\"https:\/\/brasilnoticias.org\/site\/wp-content\/uploads\/2022\/05\/cropped-brasilnoticias-mini.jpg\",\"width\":314,\"height\":86,\"caption\":\"Brasil not\u00edcias\"},\"image\":{\"@id\":\"https:\/\/brasilnoticias.org\/site\/#\/schema\/logo\/image\/\"}},{\"@type\":\"Person\",\"@id\":\"https:\/\/brasilnoticias.org\/site\/#\/schema\/person\/03bbbfe6c7634ad18c26444ea39049fa\",\"name\":\"Reda\u00e7\u00e3o\",\"image\":{\"@type\":\"ImageObject\",\"inLanguage\":\"pt-PT\",\"@id\":\"https:\/\/brasilnoticias.org\/site\/#\/schema\/person\/image\/\",\"url\":\"https:\/\/secure.gravatar.com\/avatar\/9ecaf7327a696cb23ad926fedded5f1f04d7049de9e445375d55b48c001a6e42?s=96&d=mm&r=g\",\"contentUrl\":\"https:\/\/secure.gravatar.com\/avatar\/9ecaf7327a696cb23ad926fedded5f1f04d7049de9e445375d55b48c001a6e42?s=96&d=mm&r=g\",\"caption\":\"Reda\u00e7\u00e3o\"},\"url\":\"https:\/\/brasilnoticias.org\/site\/author\/henrique\/\"}]}<\/script>\n<!-- \/ Yoast SEO plugin. -->","yoast_head_json":{"title":"Lucas Esteves \u00e9 apresentado e se torna o 10\u00ba refor\u00e7o do Vit\u00f3ria na temporada - Brasil not\u00edcias","robots":{"index":"index","follow":"follow","max-snippet":"max-snippet:-1","max-image-preview":"max-image-preview:large","max-video-preview":"max-video-preview:-1"},"canonical":"https:\/\/brasilnoticias.org\/site\/lucas-esteves-e-apresentado-e-se-torna-o-10o-reforco-do-vitoria-na-temporada\/","og_locale":"pt_PT","og_type":"article","og_title":"Lucas Esteves \u00e9 apresentado e se torna o 10\u00ba refor\u00e7o do Vit\u00f3ria na temporada - Brasil not\u00edcias","og_description":"Com passagens por Fortaleza e Atl\u00e9tico-GO, atleta chega para a temporada 2024 O Vit\u00f3ria segue se refor\u00e7ando para a temporada","og_url":"https:\/\/brasilnoticias.org\/site\/lucas-esteves-e-apresentado-e-se-torna-o-10o-reforco-do-vitoria-na-temporada\/","og_site_name":"Brasil not\u00edcias","article_published_time":"2024-01-09T02:17:20+00:00","og_image":[{"width":740,"height":470,"url":"https:\/\/brasilnoticias.org\/site\/wp-content\/uploads\/2024\/01\/otimizada-1-740x470-1.webp","type":"image\/webp"}],"author":"Reda\u00e7\u00e3o","twitter_card":"summary_large_image","twitter_misc":{"Escrito por":"Reda\u00e7\u00e3o","Tempo estimado de leitura":"1 minuto"},"schema":{"@context":"https:\/\/schema.org","@graph":[{"@type":"Article","@id":"https:\/\/brasilnoticias.org\/site\/lucas-esteves-e-apresentado-e-se-torna-o-10o-reforco-do-vitoria-na-temporada\/#article","isPartOf":{"@id":"https:\/\/brasilnoticias.org\/site\/lucas-esteves-e-apresentado-e-se-torna-o-10o-reforco-do-vitoria-na-temporada\/"},"author":{"name":"Reda\u00e7\u00e3o","@id":"https:\/\/brasilnoticias.org\/site\/#\/schema\/person\/03bbbfe6c7634ad18c26444ea39049fa"},"headline":"Lucas Esteves \u00e9 apresentado e se torna o 10\u00ba refor\u00e7o do Vit\u00f3ria na temporada","datePublished":"2024-01-09T02:17:20+00:00","mainEntityOfPage":{"@id":"https:\/\/brasilnoticias.org\/site\/lucas-esteves-e-apresentado-e-se-torna-o-10o-reforco-do-vitoria-na-temporada\/"},"wordCount":138,"commentCount":0,"publisher":{"@id":"https:\/\/brasilnoticias.org\/site\/#organization"},"image":{"@id":"https:\/\/brasilnoticias.org\/site\/lucas-esteves-e-apresentado-e-se-torna-o-10o-reforco-do-vitoria-na-temporada\/#primaryimage"},"thumbnailUrl":"https:\/\/brasilnoticias.org\/site\/wp-content\/uploads\/2024\/01\/otimizada-1-740x470-1.webp","articleSection":["Esporte","\u00daltimas"],"inLanguage":"pt-PT","potentialAction":[{"@type":"CommentAction","name":"Comment","target":["https:\/\/brasilnoticias.org\/site\/lucas-esteves-e-apresentado-e-se-torna-o-10o-reforco-do-vitoria-na-temporada\/#respond"]}]},{"@type":"WebPage","@id":"https:\/\/brasilnoticias.org\/site\/lucas-esteves-e-apresentado-e-se-torna-o-10o-reforco-do-vitoria-na-temporada\/","url":"https:\/\/brasilnoticias.org\/site\/lucas-esteves-e-apresentado-e-se-torna-o-10o-reforco-do-vitoria-na-temporada\/","name":"Lucas Esteves \u00e9 apresentado e se torna o 10\u00ba refor\u00e7o do Vit\u00f3ria na temporada - Brasil not\u00edcias","isPartOf":{"@id":"https:\/\/brasilnoticias.org\/site\/#website"},"primaryImageOfPage":{"@id":"https:\/\/brasilnoticias.org\/site\/lucas-esteves-e-apresentado-e-se-torna-o-10o-reforco-do-vitoria-na-temporada\/#primaryimage"},"image":{"@id":"https:\/\/brasilnoticias.org\/site\/lucas-esteves-e-apresentado-e-se-torna-o-10o-reforco-do-vitoria-na-temporada\/#primaryimage"},"thumbnailUrl":"https:\/\/brasilnoticias.org\/site\/wp-content\/uploads\/2024\/01\/otimizada-1-740x470-1.webp","datePublished":"2024-01-09T02:17:20+00:00","breadcrumb":{"@id":"https:\/\/brasilnoticias.org\/site\/lucas-esteves-e-apresentado-e-se-torna-o-10o-reforco-do-vitoria-na-temporada\/#breadcrumb"},"inLanguage":"pt-PT","potentialAction":[{"@type":"ReadAction","target":["https:\/\/brasilnoticias.org\/site\/lucas-esteves-e-apresentado-e-se-torna-o-10o-reforco-do-vitoria-na-temporada\/"]}]},{"@type":"ImageObject","inLanguage":"pt-PT","@id":"https:\/\/brasilnoticias.org\/site\/lucas-esteves-e-apresentado-e-se-torna-o-10o-reforco-do-vitoria-na-temporada\/#primaryimage","url":"https:\/\/brasilnoticias.org\/site\/wp-content\/uploads\/2024\/01\/otimizada-1-740x470-1.webp","contentUrl":"https:\/\/brasilnoticias.org\/site\/wp-content\/uploads\/2024\/01\/otimizada-1-740x470-1.webp","width":740,"height":470},{"@type":"BreadcrumbList","@id":"https:\/\/brasilnoticias.org\/site\/lucas-esteves-e-apresentado-e-se-torna-o-10o-reforco-do-vitoria-na-temporada\/#breadcrumb","itemListElement":[{"@type":"ListItem","position":1,"name":"In\u00edcio","item":"https:\/\/brasilnoticias.org\/site\/"},{"@type":"ListItem","position":2,"name":"Lucas Esteves \u00e9 apresentado e se torna o 10\u00ba refor\u00e7o do Vit\u00f3ria na temporada"}]},{"@type":"WebSite","@id":"https:\/\/brasilnoticias.org\/site\/#website","url":"https:\/\/brasilnoticias.org\/site\/","name":"Brasil not\u00edcias","description":"Brasil not\u00edcias","publisher":{"@id":"https:\/\/brasilnoticias.org\/site\/#organization"},"potentialAction":[{"@type":"SearchAction","target":{"@type":"EntryPoint","urlTemplate":"https:\/\/brasilnoticias.org\/site\/?s={search_term_string}"},"query-input":{"@type":"PropertyValueSpecification","valueRequired":true,"valueName":"search_term_string"}}],"inLanguage":"pt-PT"},{"@type":"Organization","@id":"https:\/\/brasilnoticias.org\/site\/#organization","name":"Brasil not\u00edcias","url":"https:\/\/brasilnoticias.org\/site\/","logo":{"@type":"ImageObject","inLanguage":"pt-PT","@id":"https:\/\/brasilnoticias.org\/site\/#\/schema\/logo\/image\/","url":"https:\/\/brasilnoticias.org\/site\/wp-content\/uploads\/2022\/05\/cropped-brasilnoticias-mini.jpg","contentUrl":"https:\/\/brasilnoticias.org\/site\/wp-content\/uploads\/2022\/05\/cropped-brasilnoticias-mini.jpg","width":314,"height":86,"caption":"Brasil not\u00edcias"},"image":{"@id":"https:\/\/brasilnoticias.org\/site\/#\/schema\/logo\/image\/"}},{"@type":"Person","@id":"https:\/\/brasilnoticias.org\/site\/#\/schema\/person\/03bbbfe6c7634ad18c26444ea39049fa","name":"Reda\u00e7\u00e3o","image":{"@type":"ImageObject","inLanguage":"pt-PT","@id":"https:\/\/brasilnoticias.org\/site\/#\/schema\/person\/image\/","url":"https:\/\/secure.gravatar.com\/avatar\/9ecaf7327a696cb23ad926fedded5f1f04d7049de9e445375d55b48c001a6e42?s=96&d=mm&r=g","contentUrl":"https:\/\/secure.gravatar.com\/avatar\/9ecaf7327a696cb23ad926fedded5f1f04d7049de9e445375d55b48c001a6e42?s=96&d=mm&r=g","caption":"Reda\u00e7\u00e3o"},"url":"https:\/\/brasilnoticias.org\/site\/author\/henrique\/"}]}},"_links":{"self":[{"href":"https:\/\/brasilnoticias.org\/site\/wp-json\/wp\/v2\/posts\/12060","targetHints":{"allow":["GET"]}}],"collection":[{"href":"https:\/\/brasilnoticias.org\/site\/wp-json\/wp\/v2\/posts"}],"about":[{"href":"https:\/\/brasilnoticias.org\/site\/wp-json\/wp\/v2\/types\/post"}],"author":[{"embeddable":true,"href":"https:\/\/brasilnoticias.org\/site\/wp-json\/wp\/v2\/users\/4"}],"replies":[{"embeddable":true,"href":"https:\/\/brasilnoticias.org\/site\/wp-json\/wp\/v2\/comments?post=12060"}],"version-history":[{"count":1,"href":"https:\/\/brasilnoticias.org\/site\/wp-json\/wp\/v2\/posts\/12060\/revisions"}],"predecessor-version":[{"id":12062,"href":"https:\/\/brasilnoticias.org\/site\/wp-json\/wp\/v2\/posts\/12060\/revisions\/12062"}],"wp:featuredmedia":[{"embeddable":true,"href":"https:\/\/brasilnoticias.org\/site\/wp-json\/wp\/v2\/media\/12061"}],"wp:attachment":[{"href":"https:\/\/brasilnoticias.org\/site\/wp-json\/wp\/v2\/media?parent=12060"}],"wp:term":[{"taxonomy":"category","embeddable":true,"href":"https:\/\/brasilnoticias.org\/site\/wp-json\/wp\/v2\/categories?post=12060"},{"taxonomy":"post_tag","embeddable":true,"href":"https:\/\/brasilnoticias.org\/site\/wp-json\/wp\/v2\/tags?post=12060"}],"curies":[{"name":"wp","href":"https:\/\/api.w.org\/{rel}","templated":true}]}}