{"id":12075,"date":"2024-01-08T23:24:24","date_gmt":"2024-01-09T02:24:24","guid":{"rendered":"https:\/\/brasilnoticias.org\/site\/?p=12075"},"modified":"2024-01-08T23:24:24","modified_gmt":"2024-01-09T02:24:24","slug":"brasil-pode-registrar-numero-recorde-de-casos-de-dengue-em-2024-alerta-ministerio-da-saude","status":"publish","type":"post","link":"https:\/\/brasilnoticias.org\/site\/brasil-pode-registrar-numero-recorde-de-casos-de-dengue-em-2024-alerta-ministerio-da-saude\/","title":{"rendered":"Brasil pode registrar n\u00famero recorde de casos de dengue em 2024, alerta Minist\u00e9rio da Sa\u00fade"},"content":{"rendered":"<p>Em 2023, o Brasil bateu o recorde de ano com mais mortes causadas pela dengue<\/p>\n<p>Segundo estimativa do Minist\u00e9rio da Sa\u00fade, o n\u00famero de casos de dengue no Brasil pode chegar a 5 milh\u00f5es em 2024. A secretaria de Vigil\u00e2ncia em Sa\u00fade, Ethel Maciel, afirmou em coletiva de imprensa realizada em dezembro, que a proje\u00e7\u00e3o do n\u00famero de casos da doen\u00e7a este ano no pa\u00eds varia de 1,7 milh\u00e3o at\u00e9 5 milh\u00f5es, com uma m\u00e9dia de 3 milh\u00f5es.<\/p>\n<p>As proje\u00e7\u00f5es foram feitas em uma parceria entre a pasta e o InfoDengue, da Fiocruz, e mostram que o aumento de casos se deve a uma combina\u00e7\u00e3o de fatores, em especial calor e chuva intensos, e ao ressurgimento dos sorotipos 3 e 4 do v\u00edrus no Brasil. Atualmente, os quatro sorotipos da doen\u00e7a (1, 2, 3 e 4) circulam no pa\u00eds, em uma situa\u00e7\u00e3o considerada &#8220;incomum&#8221;, segundo Maciel.<\/p>\n<p>O Minist\u00e9rio da Sa\u00fade informou que o Centro-Oeste deve encarar um cen\u00e1rio epid\u00eamico. Tamb\u00e9m h\u00e1 risco de epidemia no Sudeste, em especial Minas Gerais e Esp\u00edrito Santo. No Sul, o principal estado de risco \u00e9 o Paran\u00e1. J\u00e1 no Nordeste, a expectativa \u00e9 que o cen\u00e1rio n\u00e3o chegue a um n\u00edvel epid\u00eamico, apesar do aumento dos casos.<\/p>\n<p>Em 2023, o Brasil bateu o recorde de ano com mais mortes causadas pela dengue. De acordo com o painel de monitoramento das arboviroses, mantido pelo Minist\u00e9rio da Sa\u00fade, s\u00e3o 1.079 \u00f3bitos confirmados at\u00e9 o \u00faltimo dia 27, al\u00e9m de outros 211 que est\u00e3o em investiga\u00e7\u00e3o. A ministra da Sa\u00fade, N\u00edsia Trindade, alertou, em coletiva de imprensa realizada em dezembro, que cerca de 74% das larvas do mosquito s\u00e3o encontradas pr\u00f3ximas \u00e0s resid\u00eancias e no entorno das casas. <\/p>\n<p>Foto: Arquivo\/Ag\u00eancia Brasil<br \/>\nPor: Metro1<\/p>\n","protected":false},"excerpt":{"rendered":"<p>Em 2023, o Brasil bateu o recorde de ano com mais mortes causadas pela dengue Segundo estimativa do Minist\u00e9rio da<\/p>\n","protected":false},"author":4,"featured_media":12076,"comment_status":"open","ping_status":"open","sticky":false,"template":"","format":"standard","meta":{"colormag_page_container_layout":"default_layout","colormag_page_sidebar_layout":"default_layout","_FSMCFIC_featured_image_caption":"","_FSMCFIC_featured_image_nocaption":"","_FSMCFIC_featured_image_hide":"","footnotes":""},"categories":[2,1],"tags":[],"class_list":["post-12075","post","type-post","status-publish","format-standard","has-post-thumbnail","hentry","category-noticias","category-ultimas"],"yoast_head":"<!-- This site is optimized with the Yoast SEO plugin v27.1.1 - https:\/\/yoast.com\/product\/yoast-seo-wordpress\/ -->\n<title>Brasil pode registrar n\u00famero recorde de casos de dengue em 2024, alerta Minist\u00e9rio da Sa\u00fade - Brasil not\u00edcias<\/title>\n<meta name=\"robots\" content=\"index, follow, max-snippet:-1, max-image-preview:large, max-video-preview:-1\" \/>\n<link rel=\"canonical\" href=\"https:\/\/brasilnoticias.org\/site\/brasil-pode-registrar-numero-recorde-de-casos-de-dengue-em-2024-alerta-ministerio-da-saude\/\" \/>\n<meta property=\"og:locale\" content=\"pt_PT\" \/>\n<meta property=\"og:type\" content=\"article\" \/>\n<meta property=\"og:title\" content=\"Brasil pode registrar n\u00famero recorde de casos de dengue em 2024, alerta Minist\u00e9rio da Sa\u00fade - Brasil not\u00edcias\" \/>\n<meta property=\"og:description\" content=\"Em 2023, o Brasil bateu o recorde de ano com mais mortes causadas pela dengue Segundo estimativa do Minist\u00e9rio da\" \/>\n<meta property=\"og:url\" content=\"https:\/\/brasilnoticias.org\/site\/brasil-pode-registrar-numero-recorde-de-casos-de-dengue-em-2024-alerta-ministerio-da-saude\/\" \/>\n<meta property=\"og:site_name\" content=\"Brasil not\u00edcias\" \/>\n<meta property=\"article:published_time\" content=\"2024-01-09T02:24:24+00:00\" \/>\n<meta property=\"og:image\" content=\"https:\/\/brasilnoticias.org\/site\/wp-content\/uploads\/2024\/01\/145011brasil-pode-registrar-numero-recorde-de-casos-de-dengue-em-2024-alerta-ministerio-da-saude-3.jpg\" \/>\n\t<meta property=\"og:image:width\" content=\"1600\" \/>\n\t<meta property=\"og:image:height\" content=\"752\" \/>\n\t<meta property=\"og:image:type\" content=\"image\/jpeg\" \/>\n<meta name=\"author\" content=\"Reda\u00e7\u00e3o\" \/>\n<meta name=\"twitter:card\" content=\"summary_large_image\" \/>\n<meta name=\"twitter:label1\" content=\"Escrito por\" \/>\n\t<meta name=\"twitter:data1\" content=\"Reda\u00e7\u00e3o\" \/>\n\t<meta name=\"twitter:label2\" content=\"Tempo estimado de leitura\" \/>\n\t<meta name=\"twitter:data2\" content=\"1 minuto\" \/>\n<script type=\"application\/ld+json\" class=\"yoast-schema-graph\">{\"@context\":\"https:\/\/schema.org\",\"@graph\":[{\"@type\":\"Article\",\"@id\":\"https:\/\/brasilnoticias.org\/site\/brasil-pode-registrar-numero-recorde-de-casos-de-dengue-em-2024-alerta-ministerio-da-saude\/#article\",\"isPartOf\":{\"@id\":\"https:\/\/brasilnoticias.org\/site\/brasil-pode-registrar-numero-recorde-de-casos-de-dengue-em-2024-alerta-ministerio-da-saude\/\"},\"author\":{\"name\":\"Reda\u00e7\u00e3o\",\"@id\":\"https:\/\/brasilnoticias.org\/site\/#\/schema\/person\/03bbbfe6c7634ad18c26444ea39049fa\"},\"headline\":\"Brasil pode registrar n\u00famero recorde de casos de dengue em 2024, alerta Minist\u00e9rio da Sa\u00fade\",\"datePublished\":\"2024-01-09T02:24:24+00:00\",\"mainEntityOfPage\":{\"@id\":\"https:\/\/brasilnoticias.org\/site\/brasil-pode-registrar-numero-recorde-de-casos-de-dengue-em-2024-alerta-ministerio-da-saude\/\"},\"wordCount\":327,\"commentCount\":0,\"publisher\":{\"@id\":\"https:\/\/brasilnoticias.org\/site\/#organization\"},\"image\":{\"@id\":\"https:\/\/brasilnoticias.org\/site\/brasil-pode-registrar-numero-recorde-de-casos-de-dengue-em-2024-alerta-ministerio-da-saude\/#primaryimage\"},\"thumbnailUrl\":\"https:\/\/brasilnoticias.org\/site\/wp-content\/uploads\/2024\/01\/145011brasil-pode-registrar-numero-recorde-de-casos-de-dengue-em-2024-alerta-ministerio-da-saude-3.jpg\",\"articleSection\":[\"Not\u00edcias\",\"\u00daltimas\"],\"inLanguage\":\"pt-PT\",\"potentialAction\":[{\"@type\":\"CommentAction\",\"name\":\"Comment\",\"target\":[\"https:\/\/brasilnoticias.org\/site\/brasil-pode-registrar-numero-recorde-de-casos-de-dengue-em-2024-alerta-ministerio-da-saude\/#respond\"]}]},{\"@type\":\"WebPage\",\"@id\":\"https:\/\/brasilnoticias.org\/site\/brasil-pode-registrar-numero-recorde-de-casos-de-dengue-em-2024-alerta-ministerio-da-saude\/\",\"url\":\"https:\/\/brasilnoticias.org\/site\/brasil-pode-registrar-numero-recorde-de-casos-de-dengue-em-2024-alerta-ministerio-da-saude\/\",\"name\":\"Brasil pode registrar n\u00famero recorde de casos de dengue em 2024, alerta Minist\u00e9rio da Sa\u00fade - Brasil not\u00edcias\",\"isPartOf\":{\"@id\":\"https:\/\/brasilnoticias.org\/site\/#website\"},\"primaryImageOfPage\":{\"@id\":\"https:\/\/brasilnoticias.org\/site\/brasil-pode-registrar-numero-recorde-de-casos-de-dengue-em-2024-alerta-ministerio-da-saude\/#primaryimage\"},\"image\":{\"@id\":\"https:\/\/brasilnoticias.org\/site\/brasil-pode-registrar-numero-recorde-de-casos-de-dengue-em-2024-alerta-ministerio-da-saude\/#primaryimage\"},\"thumbnailUrl\":\"https:\/\/brasilnoticias.org\/site\/wp-content\/uploads\/2024\/01\/145011brasil-pode-registrar-numero-recorde-de-casos-de-dengue-em-2024-alerta-ministerio-da-saude-3.jpg\",\"datePublished\":\"2024-01-09T02:24:24+00:00\",\"breadcrumb\":{\"@id\":\"https:\/\/brasilnoticias.org\/site\/brasil-pode-registrar-numero-recorde-de-casos-de-dengue-em-2024-alerta-ministerio-da-saude\/#breadcrumb\"},\"inLanguage\":\"pt-PT\",\"potentialAction\":[{\"@type\":\"ReadAction\",\"target\":[\"https:\/\/brasilnoticias.org\/site\/brasil-pode-registrar-numero-recorde-de-casos-de-dengue-em-2024-alerta-ministerio-da-saude\/\"]}]},{\"@type\":\"ImageObject\",\"inLanguage\":\"pt-PT\",\"@id\":\"https:\/\/brasilnoticias.org\/site\/brasil-pode-registrar-numero-recorde-de-casos-de-dengue-em-2024-alerta-ministerio-da-saude\/#primaryimage\",\"url\":\"https:\/\/brasilnoticias.org\/site\/wp-content\/uploads\/2024\/01\/145011brasil-pode-registrar-numero-recorde-de-casos-de-dengue-em-2024-alerta-ministerio-da-saude-3.jpg\",\"contentUrl\":\"https:\/\/brasilnoticias.org\/site\/wp-content\/uploads\/2024\/01\/145011brasil-pode-registrar-numero-recorde-de-casos-de-dengue-em-2024-alerta-ministerio-da-saude-3.jpg\",\"width\":1600,\"height\":752},{\"@type\":\"BreadcrumbList\",\"@id\":\"https:\/\/brasilnoticias.org\/site\/brasil-pode-registrar-numero-recorde-de-casos-de-dengue-em-2024-alerta-ministerio-da-saude\/#breadcrumb\",\"itemListElement\":[{\"@type\":\"ListItem\",\"position\":1,\"name\":\"In\u00edcio\",\"item\":\"https:\/\/brasilnoticias.org\/site\/\"},{\"@type\":\"ListItem\",\"position\":2,\"name\":\"Brasil pode registrar n\u00famero recorde de casos de dengue em 2024, alerta Minist\u00e9rio da Sa\u00fade\"}]},{\"@type\":\"WebSite\",\"@id\":\"https:\/\/brasilnoticias.org\/site\/#website\",\"url\":\"https:\/\/brasilnoticias.org\/site\/\",\"name\":\"Brasil not\u00edcias\",\"description\":\"Brasil not\u00edcias\",\"publisher\":{\"@id\":\"https:\/\/brasilnoticias.org\/site\/#organization\"},\"potentialAction\":[{\"@type\":\"SearchAction\",\"target\":{\"@type\":\"EntryPoint\",\"urlTemplate\":\"https:\/\/brasilnoticias.org\/site\/?s={search_term_string}\"},\"query-input\":{\"@type\":\"PropertyValueSpecification\",\"valueRequired\":true,\"valueName\":\"search_term_string\"}}],\"inLanguage\":\"pt-PT\"},{\"@type\":\"Organization\",\"@id\":\"https:\/\/brasilnoticias.org\/site\/#organization\",\"name\":\"Brasil not\u00edcias\",\"url\":\"https:\/\/brasilnoticias.org\/site\/\",\"logo\":{\"@type\":\"ImageObject\",\"inLanguage\":\"pt-PT\",\"@id\":\"https:\/\/brasilnoticias.org\/site\/#\/schema\/logo\/image\/\",\"url\":\"https:\/\/brasilnoticias.org\/site\/wp-content\/uploads\/2022\/05\/cropped-brasilnoticias-mini.jpg\",\"contentUrl\":\"https:\/\/brasilnoticias.org\/site\/wp-content\/uploads\/2022\/05\/cropped-brasilnoticias-mini.jpg\",\"width\":314,\"height\":86,\"caption\":\"Brasil not\u00edcias\"},\"image\":{\"@id\":\"https:\/\/brasilnoticias.org\/site\/#\/schema\/logo\/image\/\"}},{\"@type\":\"Person\",\"@id\":\"https:\/\/brasilnoticias.org\/site\/#\/schema\/person\/03bbbfe6c7634ad18c26444ea39049fa\",\"name\":\"Reda\u00e7\u00e3o\",\"image\":{\"@type\":\"ImageObject\",\"inLanguage\":\"pt-PT\",\"@id\":\"https:\/\/brasilnoticias.org\/site\/#\/schema\/person\/image\/\",\"url\":\"https:\/\/secure.gravatar.com\/avatar\/9ecaf7327a696cb23ad926fedded5f1f04d7049de9e445375d55b48c001a6e42?s=96&d=mm&r=g\",\"contentUrl\":\"https:\/\/secure.gravatar.com\/avatar\/9ecaf7327a696cb23ad926fedded5f1f04d7049de9e445375d55b48c001a6e42?s=96&d=mm&r=g\",\"caption\":\"Reda\u00e7\u00e3o\"},\"url\":\"https:\/\/brasilnoticias.org\/site\/author\/henrique\/\"}]}<\/script>\n<!-- \/ Yoast SEO plugin. -->","yoast_head_json":{"title":"Brasil pode registrar n\u00famero recorde de casos de dengue em 2024, alerta Minist\u00e9rio da Sa\u00fade - Brasil not\u00edcias","robots":{"index":"index","follow":"follow","max-snippet":"max-snippet:-1","max-image-preview":"max-image-preview:large","max-video-preview":"max-video-preview:-1"},"canonical":"https:\/\/brasilnoticias.org\/site\/brasil-pode-registrar-numero-recorde-de-casos-de-dengue-em-2024-alerta-ministerio-da-saude\/","og_locale":"pt_PT","og_type":"article","og_title":"Brasil pode registrar n\u00famero recorde de casos de dengue em 2024, alerta Minist\u00e9rio da Sa\u00fade - Brasil not\u00edcias","og_description":"Em 2023, o Brasil bateu o recorde de ano com mais mortes causadas pela dengue Segundo estimativa do Minist\u00e9rio da","og_url":"https:\/\/brasilnoticias.org\/site\/brasil-pode-registrar-numero-recorde-de-casos-de-dengue-em-2024-alerta-ministerio-da-saude\/","og_site_name":"Brasil not\u00edcias","article_published_time":"2024-01-09T02:24:24+00:00","og_image":[{"width":1600,"height":752,"url":"https:\/\/brasilnoticias.org\/site\/wp-content\/uploads\/2024\/01\/145011brasil-pode-registrar-numero-recorde-de-casos-de-dengue-em-2024-alerta-ministerio-da-saude-3.jpg","type":"image\/jpeg"}],"author":"Reda\u00e7\u00e3o","twitter_card":"summary_large_image","twitter_misc":{"Escrito por":"Reda\u00e7\u00e3o","Tempo estimado de leitura":"1 minuto"},"schema":{"@context":"https:\/\/schema.org","@graph":[{"@type":"Article","@id":"https:\/\/brasilnoticias.org\/site\/brasil-pode-registrar-numero-recorde-de-casos-de-dengue-em-2024-alerta-ministerio-da-saude\/#article","isPartOf":{"@id":"https:\/\/brasilnoticias.org\/site\/brasil-pode-registrar-numero-recorde-de-casos-de-dengue-em-2024-alerta-ministerio-da-saude\/"},"author":{"name":"Reda\u00e7\u00e3o","@id":"https:\/\/brasilnoticias.org\/site\/#\/schema\/person\/03bbbfe6c7634ad18c26444ea39049fa"},"headline":"Brasil pode registrar n\u00famero recorde de casos de dengue em 2024, alerta Minist\u00e9rio da Sa\u00fade","datePublished":"2024-01-09T02:24:24+00:00","mainEntityOfPage":{"@id":"https:\/\/brasilnoticias.org\/site\/brasil-pode-registrar-numero-recorde-de-casos-de-dengue-em-2024-alerta-ministerio-da-saude\/"},"wordCount":327,"commentCount":0,"publisher":{"@id":"https:\/\/brasilnoticias.org\/site\/#organization"},"image":{"@id":"https:\/\/brasilnoticias.org\/site\/brasil-pode-registrar-numero-recorde-de-casos-de-dengue-em-2024-alerta-ministerio-da-saude\/#primaryimage"},"thumbnailUrl":"https:\/\/brasilnoticias.org\/site\/wp-content\/uploads\/2024\/01\/145011brasil-pode-registrar-numero-recorde-de-casos-de-dengue-em-2024-alerta-ministerio-da-saude-3.jpg","articleSection":["Not\u00edcias","\u00daltimas"],"inLanguage":"pt-PT","potentialAction":[{"@type":"CommentAction","name":"Comment","target":["https:\/\/brasilnoticias.org\/site\/brasil-pode-registrar-numero-recorde-de-casos-de-dengue-em-2024-alerta-ministerio-da-saude\/#respond"]}]},{"@type":"WebPage","@id":"https:\/\/brasilnoticias.org\/site\/brasil-pode-registrar-numero-recorde-de-casos-de-dengue-em-2024-alerta-ministerio-da-saude\/","url":"https:\/\/brasilnoticias.org\/site\/brasil-pode-registrar-numero-recorde-de-casos-de-dengue-em-2024-alerta-ministerio-da-saude\/","name":"Brasil pode registrar n\u00famero recorde de casos de dengue em 2024, alerta Minist\u00e9rio da Sa\u00fade - Brasil not\u00edcias","isPartOf":{"@id":"https:\/\/brasilnoticias.org\/site\/#website"},"primaryImageOfPage":{"@id":"https:\/\/brasilnoticias.org\/site\/brasil-pode-registrar-numero-recorde-de-casos-de-dengue-em-2024-alerta-ministerio-da-saude\/#primaryimage"},"image":{"@id":"https:\/\/brasilnoticias.org\/site\/brasil-pode-registrar-numero-recorde-de-casos-de-dengue-em-2024-alerta-ministerio-da-saude\/#primaryimage"},"thumbnailUrl":"https:\/\/brasilnoticias.org\/site\/wp-content\/uploads\/2024\/01\/145011brasil-pode-registrar-numero-recorde-de-casos-de-dengue-em-2024-alerta-ministerio-da-saude-3.jpg","datePublished":"2024-01-09T02:24:24+00:00","breadcrumb":{"@id":"https:\/\/brasilnoticias.org\/site\/brasil-pode-registrar-numero-recorde-de-casos-de-dengue-em-2024-alerta-ministerio-da-saude\/#breadcrumb"},"inLanguage":"pt-PT","potentialAction":[{"@type":"ReadAction","target":["https:\/\/brasilnoticias.org\/site\/brasil-pode-registrar-numero-recorde-de-casos-de-dengue-em-2024-alerta-ministerio-da-saude\/"]}]},{"@type":"ImageObject","inLanguage":"pt-PT","@id":"https:\/\/brasilnoticias.org\/site\/brasil-pode-registrar-numero-recorde-de-casos-de-dengue-em-2024-alerta-ministerio-da-saude\/#primaryimage","url":"https:\/\/brasilnoticias.org\/site\/wp-content\/uploads\/2024\/01\/145011brasil-pode-registrar-numero-recorde-de-casos-de-dengue-em-2024-alerta-ministerio-da-saude-3.jpg","contentUrl":"https:\/\/brasilnoticias.org\/site\/wp-content\/uploads\/2024\/01\/145011brasil-pode-registrar-numero-recorde-de-casos-de-dengue-em-2024-alerta-ministerio-da-saude-3.jpg","width":1600,"height":752},{"@type":"BreadcrumbList","@id":"https:\/\/brasilnoticias.org\/site\/brasil-pode-registrar-numero-recorde-de-casos-de-dengue-em-2024-alerta-ministerio-da-saude\/#breadcrumb","itemListElement":[{"@type":"ListItem","position":1,"name":"In\u00edcio","item":"https:\/\/brasilnoticias.org\/site\/"},{"@type":"ListItem","position":2,"name":"Brasil pode registrar n\u00famero recorde de casos de dengue em 2024, alerta Minist\u00e9rio da Sa\u00fade"}]},{"@type":"WebSite","@id":"https:\/\/brasilnoticias.org\/site\/#website","url":"https:\/\/brasilnoticias.org\/site\/","name":"Brasil not\u00edcias","description":"Brasil not\u00edcias","publisher":{"@id":"https:\/\/brasilnoticias.org\/site\/#organization"},"potentialAction":[{"@type":"SearchAction","target":{"@type":"EntryPoint","urlTemplate":"https:\/\/brasilnoticias.org\/site\/?s={search_term_string}"},"query-input":{"@type":"PropertyValueSpecification","valueRequired":true,"valueName":"search_term_string"}}],"inLanguage":"pt-PT"},{"@type":"Organization","@id":"https:\/\/brasilnoticias.org\/site\/#organization","name":"Brasil not\u00edcias","url":"https:\/\/brasilnoticias.org\/site\/","logo":{"@type":"ImageObject","inLanguage":"pt-PT","@id":"https:\/\/brasilnoticias.org\/site\/#\/schema\/logo\/image\/","url":"https:\/\/brasilnoticias.org\/site\/wp-content\/uploads\/2022\/05\/cropped-brasilnoticias-mini.jpg","contentUrl":"https:\/\/brasilnoticias.org\/site\/wp-content\/uploads\/2022\/05\/cropped-brasilnoticias-mini.jpg","width":314,"height":86,"caption":"Brasil not\u00edcias"},"image":{"@id":"https:\/\/brasilnoticias.org\/site\/#\/schema\/logo\/image\/"}},{"@type":"Person","@id":"https:\/\/brasilnoticias.org\/site\/#\/schema\/person\/03bbbfe6c7634ad18c26444ea39049fa","name":"Reda\u00e7\u00e3o","image":{"@type":"ImageObject","inLanguage":"pt-PT","@id":"https:\/\/brasilnoticias.org\/site\/#\/schema\/person\/image\/","url":"https:\/\/secure.gravatar.com\/avatar\/9ecaf7327a696cb23ad926fedded5f1f04d7049de9e445375d55b48c001a6e42?s=96&d=mm&r=g","contentUrl":"https:\/\/secure.gravatar.com\/avatar\/9ecaf7327a696cb23ad926fedded5f1f04d7049de9e445375d55b48c001a6e42?s=96&d=mm&r=g","caption":"Reda\u00e7\u00e3o"},"url":"https:\/\/brasilnoticias.org\/site\/author\/henrique\/"}]}},"_links":{"self":[{"href":"https:\/\/brasilnoticias.org\/site\/wp-json\/wp\/v2\/posts\/12075","targetHints":{"allow":["GET"]}}],"collection":[{"href":"https:\/\/brasilnoticias.org\/site\/wp-json\/wp\/v2\/posts"}],"about":[{"href":"https:\/\/brasilnoticias.org\/site\/wp-json\/wp\/v2\/types\/post"}],"author":[{"embeddable":true,"href":"https:\/\/brasilnoticias.org\/site\/wp-json\/wp\/v2\/users\/4"}],"replies":[{"embeddable":true,"href":"https:\/\/brasilnoticias.org\/site\/wp-json\/wp\/v2\/comments?post=12075"}],"version-history":[{"count":1,"href":"https:\/\/brasilnoticias.org\/site\/wp-json\/wp\/v2\/posts\/12075\/revisions"}],"predecessor-version":[{"id":12077,"href":"https:\/\/brasilnoticias.org\/site\/wp-json\/wp\/v2\/posts\/12075\/revisions\/12077"}],"wp:featuredmedia":[{"embeddable":true,"href":"https:\/\/brasilnoticias.org\/site\/wp-json\/wp\/v2\/media\/12076"}],"wp:attachment":[{"href":"https:\/\/brasilnoticias.org\/site\/wp-json\/wp\/v2\/media?parent=12075"}],"wp:term":[{"taxonomy":"category","embeddable":true,"href":"https:\/\/brasilnoticias.org\/site\/wp-json\/wp\/v2\/categories?post=12075"},{"taxonomy":"post_tag","embeddable":true,"href":"https:\/\/brasilnoticias.org\/site\/wp-json\/wp\/v2\/tags?post=12075"}],"curies":[{"name":"wp","href":"https:\/\/api.w.org\/{rel}","templated":true}]}}