{"id":12084,"date":"2024-01-09T21:08:36","date_gmt":"2024-01-10T00:08:36","guid":{"rendered":"https:\/\/brasilnoticias.org\/site\/?p=12084"},"modified":"2024-01-09T21:08:36","modified_gmt":"2024-01-10T00:08:36","slug":"acidente-entre-caminhao-e-onibus-na-br-324-e-o-mais-fatal-dos-ultimos-10-anos-na-bahia","status":"publish","type":"post","link":"https:\/\/brasilnoticias.org\/site\/acidente-entre-caminhao-e-onibus-na-br-324-e-o-mais-fatal-dos-ultimos-10-anos-na-bahia\/","title":{"rendered":"Acidente entre caminh\u00e3o e \u00f4nibus na BR-324 \u00e9 o mais fatal dos \u00faltimos 10 anos na Bahia"},"content":{"rendered":"<p>N\u00famero de v\u00edtimas representa quase 66% de todas as mortes registradas nos trechos pr\u00f3ximos ao local do acidente, em 2023<\/p>\n<p>O acidente envolvendo um caminh\u00e3o carregado de mangas e um \u00f4nibus de turismo, na BR-324, na noite do \u00faltimo domingo (7\/1), foi o mais fatal dos \u00faltimos dez anos, na Bahia, com 24 mortos. O levantamento \u00e9 do Aratu On. O \u00f4nibus envolvido no acidente de domingo tinha sa\u00eddo de Guarajuba com destino \u00e0 cidade de Jacobina.<\/p>\n<p>O n\u00famero de v\u00edtimas representa quase 66% de todoas as mortes registradas, em 2023, nos trechos pr\u00f3ximos ao Km 381 da rodovia, na regi\u00e3o norte do estado. Segundo a Pol\u00edcia Rodovi\u00e1ria Federal (PRF), entre 1\u00ba de janeiro e 31 de dezembro do ano passado foram registrados 133 acidentes na altura do posto da PRF de Senhor do Bonfim, (regi\u00e3o do acidente do \u00faltimo domingo), resultando na morte de 38 pessoas, al\u00e9m de 200 feridos.<\/p>\n<p>Depois dessa recente colis\u00e3o na BR-324, pr\u00f3xima \u00e0s cidades de Gavi\u00e3o e Senhor do Bonfim, o acidente que mais deixou mortos, na Bahia, nos \u00faltimos dez anos, ocorreu em janeiro de 2014. Um \u00f4nibus que vinha de S\u00e3o Paulo com destino a Paulo Afonso, transportando 31 pessoas, bateu de frente com um trator \u2013 que caiu de uma carreta \u2013 e deixou 14 mortos na BR-110.<\/p>\n<p>O terceiro acidente mais fatal, nesse mesmo per\u00edodo, tamb\u00e9m foi em 2014, no m\u00eas de novembro, quando oito pessoas morreram em um acidente entre dois carros. Seis das v\u00edtimas eram adolescentes e estudantes de um mesmo col\u00e9gio, do munic\u00edpio de Entre Rios, e os outros dois mortos foram o motorista e a m\u00e3e de dois dos jovens.<\/p>\n<p>Esse acidente ocorreu pr\u00f3ximo \u00e0 cidade de Esplanada, a 165 km de Salvador. \u00c0 \u00e9poca, a diretora do col\u00e9gio falou que os estudantes \u2013 que viviam em uma comunidade rural no distrito de Cangurito, pertencente ao Conde, sa\u00edram da escola em dois carros, mas seis deles estavam em um mesmo ve\u00edculo na hora do acidente. \u201cA gente n\u00e3o consegue entender como foram parar juntos num carro s\u00f3\u201d, disse a educadora N\u00fabia, ao g1. Outros tr\u00eas estudantes foram socorridos com vida.<\/p>\n<p>MAIORES TRAG\u00c9DIAS NAS ESTRADAS BAIANAS<\/p>\n<p>O acidente mais fatal em rodovias brasileiras aconteceu na Bahia, em 1988. Logo, pode ser considerado como a maior trag\u00e9dia do estado. Naquele ano, um caminh\u00e3o pau-de-arara capotou e caiu em um precip\u00edcio na cidade de Cachoeira, no Rec\u00f4ncavo Baiano, matando 67 romeiros que seguiam de Cora\u00e7\u00e3o de Maria, no sert\u00e3o baiano, para S\u00e3o F\u00e9lix, tamb\u00e9m no Rec\u00f4ncavo.<\/p>\n<p>A segunda trag\u00e9dia com mais \u00f3bitos foi registrada em dezembro de 2011, na BR-116, trecho de Milagres, a 240 km de Salvador. Foram 36 mortos e 11 feridos ap\u00f3s colis\u00e3o entre um \u00f4nibus que levava trabalhadores do corte de cana, um caminh\u00e3o e uma carreta transportando materiais de escrit\u00f3rio.<\/p>\n<p>Os trabalhadores sa\u00edram do munic\u00edpio de Jate\u00ed, no Mato Grosso do Sul, para Pedra e Bu\u00edque, no Agreste de Pernambuco. Informa\u00e7\u00f5es da \u00e9poca d\u00e3o conta de que o acidente ocorreu logo ap\u00f3s uma curva. O motorista da carreta teria perdido o controle e o semi-reboque que ela transportava invadiu a pista contr\u00e1ria, atingindo o \u00f4nibus, que foi jogado para fora da pista.<\/p>\n<p>ACIDENTE NA BR-324<\/p>\n<p>A prefeitura de Jacobina decretou luto oficial de sete dias ap\u00f3s a trag\u00e9dia e organizou, nessa segunda-feira (8\/1), um vel\u00f3rio coletivo para as v\u00edtimas em um gin\u00e1sio de esportes da cidade.<\/p>\n<p>Foto: Divulga\u00e7\u00e3o<br \/>\nAratu On<\/p>\n","protected":false},"excerpt":{"rendered":"<p>N\u00famero de v\u00edtimas representa quase 66% de todas as mortes registradas nos trechos pr\u00f3ximos ao local do acidente, em 2023<\/p>\n","protected":false},"author":4,"featured_media":12085,"comment_status":"open","ping_status":"open","sticky":false,"template":"","format":"standard","meta":{"colormag_page_container_layout":"default_layout","colormag_page_sidebar_layout":"default_layout","_FSMCFIC_featured_image_caption":"","_FSMCFIC_featured_image_nocaption":"","_FSMCFIC_featured_image_hide":"","footnotes":""},"categories":[2,1],"tags":[],"class_list":["post-12084","post","type-post","status-publish","format-standard","has-post-thumbnail","hentry","category-noticias","category-ultimas"],"yoast_head":"<!-- This site is optimized with the Yoast SEO plugin v27.1.1 - https:\/\/yoast.com\/product\/yoast-seo-wordpress\/ -->\n<title>Acidente entre caminh\u00e3o e \u00f4nibus na BR-324 \u00e9 o mais fatal dos \u00faltimos 10 anos na Bahia - Brasil not\u00edcias<\/title>\n<meta name=\"robots\" content=\"index, follow, max-snippet:-1, max-image-preview:large, max-video-preview:-1\" \/>\n<link rel=\"canonical\" href=\"https:\/\/brasilnoticias.org\/site\/acidente-entre-caminhao-e-onibus-na-br-324-e-o-mais-fatal-dos-ultimos-10-anos-na-bahia\/\" \/>\n<meta property=\"og:locale\" content=\"pt_PT\" \/>\n<meta property=\"og:type\" content=\"article\" \/>\n<meta property=\"og:title\" content=\"Acidente entre caminh\u00e3o e \u00f4nibus na BR-324 \u00e9 o mais fatal dos \u00faltimos 10 anos na Bahia - Brasil not\u00edcias\" \/>\n<meta property=\"og:description\" content=\"N\u00famero de v\u00edtimas representa quase 66% de todas as mortes registradas nos trechos pr\u00f3ximos ao local do acidente, em 2023\" \/>\n<meta property=\"og:url\" content=\"https:\/\/brasilnoticias.org\/site\/acidente-entre-caminhao-e-onibus-na-br-324-e-o-mais-fatal-dos-ultimos-10-anos-na-bahia\/\" \/>\n<meta property=\"og:site_name\" content=\"Brasil not\u00edcias\" \/>\n<meta property=\"article:published_time\" content=\"2024-01-10T00:08:36+00:00\" \/>\n<meta property=\"og:image\" content=\"https:\/\/brasilnoticias.org\/site\/wp-content\/uploads\/2024\/01\/ACIDENTE-JACOBINA.jpg\" \/>\n\t<meta property=\"og:image:width\" content=\"740\" \/>\n\t<meta property=\"og:image:height\" content=\"470\" \/>\n\t<meta property=\"og:image:type\" content=\"image\/jpeg\" \/>\n<meta name=\"author\" content=\"Reda\u00e7\u00e3o\" \/>\n<meta name=\"twitter:card\" content=\"summary_large_image\" \/>\n<meta name=\"twitter:label1\" content=\"Escrito por\" \/>\n\t<meta name=\"twitter:data1\" content=\"Reda\u00e7\u00e3o\" \/>\n\t<meta name=\"twitter:label2\" content=\"Tempo estimado de leitura\" \/>\n\t<meta name=\"twitter:data2\" content=\"1 minuto\" \/>\n<script type=\"application\/ld+json\" class=\"yoast-schema-graph\">{\"@context\":\"https:\/\/schema.org\",\"@graph\":[{\"@type\":\"Article\",\"@id\":\"https:\/\/brasilnoticias.org\/site\/acidente-entre-caminhao-e-onibus-na-br-324-e-o-mais-fatal-dos-ultimos-10-anos-na-bahia\/#article\",\"isPartOf\":{\"@id\":\"https:\/\/brasilnoticias.org\/site\/acidente-entre-caminhao-e-onibus-na-br-324-e-o-mais-fatal-dos-ultimos-10-anos-na-bahia\/\"},\"author\":{\"name\":\"Reda\u00e7\u00e3o\",\"@id\":\"https:\/\/brasilnoticias.org\/site\/#\/schema\/person\/03bbbfe6c7634ad18c26444ea39049fa\"},\"headline\":\"Acidente entre caminh\u00e3o e \u00f4nibus na BR-324 \u00e9 o mais fatal dos \u00faltimos 10 anos na Bahia\",\"datePublished\":\"2024-01-10T00:08:36+00:00\",\"mainEntityOfPage\":{\"@id\":\"https:\/\/brasilnoticias.org\/site\/acidente-entre-caminhao-e-onibus-na-br-324-e-o-mais-fatal-dos-ultimos-10-anos-na-bahia\/\"},\"wordCount\":611,\"commentCount\":0,\"publisher\":{\"@id\":\"https:\/\/brasilnoticias.org\/site\/#organization\"},\"image\":{\"@id\":\"https:\/\/brasilnoticias.org\/site\/acidente-entre-caminhao-e-onibus-na-br-324-e-o-mais-fatal-dos-ultimos-10-anos-na-bahia\/#primaryimage\"},\"thumbnailUrl\":\"https:\/\/brasilnoticias.org\/site\/wp-content\/uploads\/2024\/01\/ACIDENTE-JACOBINA.jpg\",\"articleSection\":[\"Not\u00edcias\",\"\u00daltimas\"],\"inLanguage\":\"pt-PT\",\"potentialAction\":[{\"@type\":\"CommentAction\",\"name\":\"Comment\",\"target\":[\"https:\/\/brasilnoticias.org\/site\/acidente-entre-caminhao-e-onibus-na-br-324-e-o-mais-fatal-dos-ultimos-10-anos-na-bahia\/#respond\"]}]},{\"@type\":\"WebPage\",\"@id\":\"https:\/\/brasilnoticias.org\/site\/acidente-entre-caminhao-e-onibus-na-br-324-e-o-mais-fatal-dos-ultimos-10-anos-na-bahia\/\",\"url\":\"https:\/\/brasilnoticias.org\/site\/acidente-entre-caminhao-e-onibus-na-br-324-e-o-mais-fatal-dos-ultimos-10-anos-na-bahia\/\",\"name\":\"Acidente entre caminh\u00e3o e \u00f4nibus na BR-324 \u00e9 o mais fatal dos \u00faltimos 10 anos na Bahia - Brasil not\u00edcias\",\"isPartOf\":{\"@id\":\"https:\/\/brasilnoticias.org\/site\/#website\"},\"primaryImageOfPage\":{\"@id\":\"https:\/\/brasilnoticias.org\/site\/acidente-entre-caminhao-e-onibus-na-br-324-e-o-mais-fatal-dos-ultimos-10-anos-na-bahia\/#primaryimage\"},\"image\":{\"@id\":\"https:\/\/brasilnoticias.org\/site\/acidente-entre-caminhao-e-onibus-na-br-324-e-o-mais-fatal-dos-ultimos-10-anos-na-bahia\/#primaryimage\"},\"thumbnailUrl\":\"https:\/\/brasilnoticias.org\/site\/wp-content\/uploads\/2024\/01\/ACIDENTE-JACOBINA.jpg\",\"datePublished\":\"2024-01-10T00:08:36+00:00\",\"breadcrumb\":{\"@id\":\"https:\/\/brasilnoticias.org\/site\/acidente-entre-caminhao-e-onibus-na-br-324-e-o-mais-fatal-dos-ultimos-10-anos-na-bahia\/#breadcrumb\"},\"inLanguage\":\"pt-PT\",\"potentialAction\":[{\"@type\":\"ReadAction\",\"target\":[\"https:\/\/brasilnoticias.org\/site\/acidente-entre-caminhao-e-onibus-na-br-324-e-o-mais-fatal-dos-ultimos-10-anos-na-bahia\/\"]}]},{\"@type\":\"ImageObject\",\"inLanguage\":\"pt-PT\",\"@id\":\"https:\/\/brasilnoticias.org\/site\/acidente-entre-caminhao-e-onibus-na-br-324-e-o-mais-fatal-dos-ultimos-10-anos-na-bahia\/#primaryimage\",\"url\":\"https:\/\/brasilnoticias.org\/site\/wp-content\/uploads\/2024\/01\/ACIDENTE-JACOBINA.jpg\",\"contentUrl\":\"https:\/\/brasilnoticias.org\/site\/wp-content\/uploads\/2024\/01\/ACIDENTE-JACOBINA.jpg\",\"width\":740,\"height\":470},{\"@type\":\"BreadcrumbList\",\"@id\":\"https:\/\/brasilnoticias.org\/site\/acidente-entre-caminhao-e-onibus-na-br-324-e-o-mais-fatal-dos-ultimos-10-anos-na-bahia\/#breadcrumb\",\"itemListElement\":[{\"@type\":\"ListItem\",\"position\":1,\"name\":\"In\u00edcio\",\"item\":\"https:\/\/brasilnoticias.org\/site\/\"},{\"@type\":\"ListItem\",\"position\":2,\"name\":\"Acidente entre caminh\u00e3o e \u00f4nibus na BR-324 \u00e9 o mais fatal dos \u00faltimos 10 anos na Bahia\"}]},{\"@type\":\"WebSite\",\"@id\":\"https:\/\/brasilnoticias.org\/site\/#website\",\"url\":\"https:\/\/brasilnoticias.org\/site\/\",\"name\":\"Brasil not\u00edcias\",\"description\":\"Brasil not\u00edcias\",\"publisher\":{\"@id\":\"https:\/\/brasilnoticias.org\/site\/#organization\"},\"potentialAction\":[{\"@type\":\"SearchAction\",\"target\":{\"@type\":\"EntryPoint\",\"urlTemplate\":\"https:\/\/brasilnoticias.org\/site\/?s={search_term_string}\"},\"query-input\":{\"@type\":\"PropertyValueSpecification\",\"valueRequired\":true,\"valueName\":\"search_term_string\"}}],\"inLanguage\":\"pt-PT\"},{\"@type\":\"Organization\",\"@id\":\"https:\/\/brasilnoticias.org\/site\/#organization\",\"name\":\"Brasil not\u00edcias\",\"url\":\"https:\/\/brasilnoticias.org\/site\/\",\"logo\":{\"@type\":\"ImageObject\",\"inLanguage\":\"pt-PT\",\"@id\":\"https:\/\/brasilnoticias.org\/site\/#\/schema\/logo\/image\/\",\"url\":\"https:\/\/brasilnoticias.org\/site\/wp-content\/uploads\/2022\/05\/cropped-brasilnoticias-mini.jpg\",\"contentUrl\":\"https:\/\/brasilnoticias.org\/site\/wp-content\/uploads\/2022\/05\/cropped-brasilnoticias-mini.jpg\",\"width\":314,\"height\":86,\"caption\":\"Brasil not\u00edcias\"},\"image\":{\"@id\":\"https:\/\/brasilnoticias.org\/site\/#\/schema\/logo\/image\/\"}},{\"@type\":\"Person\",\"@id\":\"https:\/\/brasilnoticias.org\/site\/#\/schema\/person\/03bbbfe6c7634ad18c26444ea39049fa\",\"name\":\"Reda\u00e7\u00e3o\",\"image\":{\"@type\":\"ImageObject\",\"inLanguage\":\"pt-PT\",\"@id\":\"https:\/\/brasilnoticias.org\/site\/#\/schema\/person\/image\/\",\"url\":\"https:\/\/secure.gravatar.com\/avatar\/9ecaf7327a696cb23ad926fedded5f1f04d7049de9e445375d55b48c001a6e42?s=96&d=mm&r=g\",\"contentUrl\":\"https:\/\/secure.gravatar.com\/avatar\/9ecaf7327a696cb23ad926fedded5f1f04d7049de9e445375d55b48c001a6e42?s=96&d=mm&r=g\",\"caption\":\"Reda\u00e7\u00e3o\"},\"url\":\"https:\/\/brasilnoticias.org\/site\/author\/henrique\/\"}]}<\/script>\n<!-- \/ Yoast SEO plugin. -->","yoast_head_json":{"title":"Acidente entre caminh\u00e3o e \u00f4nibus na BR-324 \u00e9 o mais fatal dos \u00faltimos 10 anos na Bahia - Brasil not\u00edcias","robots":{"index":"index","follow":"follow","max-snippet":"max-snippet:-1","max-image-preview":"max-image-preview:large","max-video-preview":"max-video-preview:-1"},"canonical":"https:\/\/brasilnoticias.org\/site\/acidente-entre-caminhao-e-onibus-na-br-324-e-o-mais-fatal-dos-ultimos-10-anos-na-bahia\/","og_locale":"pt_PT","og_type":"article","og_title":"Acidente entre caminh\u00e3o e \u00f4nibus na BR-324 \u00e9 o mais fatal dos \u00faltimos 10 anos na Bahia - Brasil not\u00edcias","og_description":"N\u00famero de v\u00edtimas representa quase 66% de todas as mortes registradas nos trechos pr\u00f3ximos ao local do acidente, em 2023","og_url":"https:\/\/brasilnoticias.org\/site\/acidente-entre-caminhao-e-onibus-na-br-324-e-o-mais-fatal-dos-ultimos-10-anos-na-bahia\/","og_site_name":"Brasil not\u00edcias","article_published_time":"2024-01-10T00:08:36+00:00","og_image":[{"width":740,"height":470,"url":"https:\/\/brasilnoticias.org\/site\/wp-content\/uploads\/2024\/01\/ACIDENTE-JACOBINA.jpg","type":"image\/jpeg"}],"author":"Reda\u00e7\u00e3o","twitter_card":"summary_large_image","twitter_misc":{"Escrito por":"Reda\u00e7\u00e3o","Tempo estimado de leitura":"1 minuto"},"schema":{"@context":"https:\/\/schema.org","@graph":[{"@type":"Article","@id":"https:\/\/brasilnoticias.org\/site\/acidente-entre-caminhao-e-onibus-na-br-324-e-o-mais-fatal-dos-ultimos-10-anos-na-bahia\/#article","isPartOf":{"@id":"https:\/\/brasilnoticias.org\/site\/acidente-entre-caminhao-e-onibus-na-br-324-e-o-mais-fatal-dos-ultimos-10-anos-na-bahia\/"},"author":{"name":"Reda\u00e7\u00e3o","@id":"https:\/\/brasilnoticias.org\/site\/#\/schema\/person\/03bbbfe6c7634ad18c26444ea39049fa"},"headline":"Acidente entre caminh\u00e3o e \u00f4nibus na BR-324 \u00e9 o mais fatal dos \u00faltimos 10 anos na Bahia","datePublished":"2024-01-10T00:08:36+00:00","mainEntityOfPage":{"@id":"https:\/\/brasilnoticias.org\/site\/acidente-entre-caminhao-e-onibus-na-br-324-e-o-mais-fatal-dos-ultimos-10-anos-na-bahia\/"},"wordCount":611,"commentCount":0,"publisher":{"@id":"https:\/\/brasilnoticias.org\/site\/#organization"},"image":{"@id":"https:\/\/brasilnoticias.org\/site\/acidente-entre-caminhao-e-onibus-na-br-324-e-o-mais-fatal-dos-ultimos-10-anos-na-bahia\/#primaryimage"},"thumbnailUrl":"https:\/\/brasilnoticias.org\/site\/wp-content\/uploads\/2024\/01\/ACIDENTE-JACOBINA.jpg","articleSection":["Not\u00edcias","\u00daltimas"],"inLanguage":"pt-PT","potentialAction":[{"@type":"CommentAction","name":"Comment","target":["https:\/\/brasilnoticias.org\/site\/acidente-entre-caminhao-e-onibus-na-br-324-e-o-mais-fatal-dos-ultimos-10-anos-na-bahia\/#respond"]}]},{"@type":"WebPage","@id":"https:\/\/brasilnoticias.org\/site\/acidente-entre-caminhao-e-onibus-na-br-324-e-o-mais-fatal-dos-ultimos-10-anos-na-bahia\/","url":"https:\/\/brasilnoticias.org\/site\/acidente-entre-caminhao-e-onibus-na-br-324-e-o-mais-fatal-dos-ultimos-10-anos-na-bahia\/","name":"Acidente entre caminh\u00e3o e \u00f4nibus na BR-324 \u00e9 o mais fatal dos \u00faltimos 10 anos na Bahia - Brasil not\u00edcias","isPartOf":{"@id":"https:\/\/brasilnoticias.org\/site\/#website"},"primaryImageOfPage":{"@id":"https:\/\/brasilnoticias.org\/site\/acidente-entre-caminhao-e-onibus-na-br-324-e-o-mais-fatal-dos-ultimos-10-anos-na-bahia\/#primaryimage"},"image":{"@id":"https:\/\/brasilnoticias.org\/site\/acidente-entre-caminhao-e-onibus-na-br-324-e-o-mais-fatal-dos-ultimos-10-anos-na-bahia\/#primaryimage"},"thumbnailUrl":"https:\/\/brasilnoticias.org\/site\/wp-content\/uploads\/2024\/01\/ACIDENTE-JACOBINA.jpg","datePublished":"2024-01-10T00:08:36+00:00","breadcrumb":{"@id":"https:\/\/brasilnoticias.org\/site\/acidente-entre-caminhao-e-onibus-na-br-324-e-o-mais-fatal-dos-ultimos-10-anos-na-bahia\/#breadcrumb"},"inLanguage":"pt-PT","potentialAction":[{"@type":"ReadAction","target":["https:\/\/brasilnoticias.org\/site\/acidente-entre-caminhao-e-onibus-na-br-324-e-o-mais-fatal-dos-ultimos-10-anos-na-bahia\/"]}]},{"@type":"ImageObject","inLanguage":"pt-PT","@id":"https:\/\/brasilnoticias.org\/site\/acidente-entre-caminhao-e-onibus-na-br-324-e-o-mais-fatal-dos-ultimos-10-anos-na-bahia\/#primaryimage","url":"https:\/\/brasilnoticias.org\/site\/wp-content\/uploads\/2024\/01\/ACIDENTE-JACOBINA.jpg","contentUrl":"https:\/\/brasilnoticias.org\/site\/wp-content\/uploads\/2024\/01\/ACIDENTE-JACOBINA.jpg","width":740,"height":470},{"@type":"BreadcrumbList","@id":"https:\/\/brasilnoticias.org\/site\/acidente-entre-caminhao-e-onibus-na-br-324-e-o-mais-fatal-dos-ultimos-10-anos-na-bahia\/#breadcrumb","itemListElement":[{"@type":"ListItem","position":1,"name":"In\u00edcio","item":"https:\/\/brasilnoticias.org\/site\/"},{"@type":"ListItem","position":2,"name":"Acidente entre caminh\u00e3o e \u00f4nibus na BR-324 \u00e9 o mais fatal dos \u00faltimos 10 anos na Bahia"}]},{"@type":"WebSite","@id":"https:\/\/brasilnoticias.org\/site\/#website","url":"https:\/\/brasilnoticias.org\/site\/","name":"Brasil not\u00edcias","description":"Brasil not\u00edcias","publisher":{"@id":"https:\/\/brasilnoticias.org\/site\/#organization"},"potentialAction":[{"@type":"SearchAction","target":{"@type":"EntryPoint","urlTemplate":"https:\/\/brasilnoticias.org\/site\/?s={search_term_string}"},"query-input":{"@type":"PropertyValueSpecification","valueRequired":true,"valueName":"search_term_string"}}],"inLanguage":"pt-PT"},{"@type":"Organization","@id":"https:\/\/brasilnoticias.org\/site\/#organization","name":"Brasil not\u00edcias","url":"https:\/\/brasilnoticias.org\/site\/","logo":{"@type":"ImageObject","inLanguage":"pt-PT","@id":"https:\/\/brasilnoticias.org\/site\/#\/schema\/logo\/image\/","url":"https:\/\/brasilnoticias.org\/site\/wp-content\/uploads\/2022\/05\/cropped-brasilnoticias-mini.jpg","contentUrl":"https:\/\/brasilnoticias.org\/site\/wp-content\/uploads\/2022\/05\/cropped-brasilnoticias-mini.jpg","width":314,"height":86,"caption":"Brasil not\u00edcias"},"image":{"@id":"https:\/\/brasilnoticias.org\/site\/#\/schema\/logo\/image\/"}},{"@type":"Person","@id":"https:\/\/brasilnoticias.org\/site\/#\/schema\/person\/03bbbfe6c7634ad18c26444ea39049fa","name":"Reda\u00e7\u00e3o","image":{"@type":"ImageObject","inLanguage":"pt-PT","@id":"https:\/\/brasilnoticias.org\/site\/#\/schema\/person\/image\/","url":"https:\/\/secure.gravatar.com\/avatar\/9ecaf7327a696cb23ad926fedded5f1f04d7049de9e445375d55b48c001a6e42?s=96&d=mm&r=g","contentUrl":"https:\/\/secure.gravatar.com\/avatar\/9ecaf7327a696cb23ad926fedded5f1f04d7049de9e445375d55b48c001a6e42?s=96&d=mm&r=g","caption":"Reda\u00e7\u00e3o"},"url":"https:\/\/brasilnoticias.org\/site\/author\/henrique\/"}]}},"_links":{"self":[{"href":"https:\/\/brasilnoticias.org\/site\/wp-json\/wp\/v2\/posts\/12084","targetHints":{"allow":["GET"]}}],"collection":[{"href":"https:\/\/brasilnoticias.org\/site\/wp-json\/wp\/v2\/posts"}],"about":[{"href":"https:\/\/brasilnoticias.org\/site\/wp-json\/wp\/v2\/types\/post"}],"author":[{"embeddable":true,"href":"https:\/\/brasilnoticias.org\/site\/wp-json\/wp\/v2\/users\/4"}],"replies":[{"embeddable":true,"href":"https:\/\/brasilnoticias.org\/site\/wp-json\/wp\/v2\/comments?post=12084"}],"version-history":[{"count":1,"href":"https:\/\/brasilnoticias.org\/site\/wp-json\/wp\/v2\/posts\/12084\/revisions"}],"predecessor-version":[{"id":12086,"href":"https:\/\/brasilnoticias.org\/site\/wp-json\/wp\/v2\/posts\/12084\/revisions\/12086"}],"wp:featuredmedia":[{"embeddable":true,"href":"https:\/\/brasilnoticias.org\/site\/wp-json\/wp\/v2\/media\/12085"}],"wp:attachment":[{"href":"https:\/\/brasilnoticias.org\/site\/wp-json\/wp\/v2\/media?parent=12084"}],"wp:term":[{"taxonomy":"category","embeddable":true,"href":"https:\/\/brasilnoticias.org\/site\/wp-json\/wp\/v2\/categories?post=12084"},{"taxonomy":"post_tag","embeddable":true,"href":"https:\/\/brasilnoticias.org\/site\/wp-json\/wp\/v2\/tags?post=12084"}],"curies":[{"name":"wp","href":"https:\/\/api.w.org\/{rel}","templated":true}]}}