{"id":12087,"date":"2024-01-09T21:10:26","date_gmt":"2024-01-10T00:10:26","guid":{"rendered":"https:\/\/brasilnoticias.org\/site\/?p=12087"},"modified":"2024-01-09T21:10:26","modified_gmt":"2024-01-10T00:10:26","slug":"prefeitura-de-salvador-faz-financiamento-de-r-300-milhoes-para-arena-multiuso-e-obras-em-periperi-e-santa-cruz","status":"publish","type":"post","link":"https:\/\/brasilnoticias.org\/site\/prefeitura-de-salvador-faz-financiamento-de-r-300-milhoes-para-arena-multiuso-e-obras-em-periperi-e-santa-cruz\/","title":{"rendered":"Prefeitura de Salvador faz financiamento de R$ 300 milh\u00f5es para arena multiuso e obras em Periperi e Santa Cruz"},"content":{"rendered":"<p>Contrato contou com empr\u00e9stimo do banco Santander para investimentos em obras e interven\u00e7\u00f5es urban\u00edsticas em Salvador<\/p>\n<p>O prefeito Bruno Reis assinou na manh\u00e3 desta ter\u00e7a-feira (9\/1) um contrato com empr\u00e9stimo do banco Santander para investimentos em obras e interven\u00e7\u00f5es urban\u00edsticas em Salvador. Ao todo, o empr\u00e9stimo contou com o valor de R$ 300 milh\u00f5es que ser\u00e3o divididos para a requalifica\u00e7\u00e3o de parte da orla de Periperi, Escada e Praia Grande, no Sub\u00farbio Ferrovi\u00e1rio, construir uma arena multiuso, climatizada e com capacidade para cerca de 16 mil pessoas, na orla da Boca do Rio, e promover melhorias habitacionais na comunidade do P\u00e9 Preto, no bairro de Santa Cruz.<\/p>\n<p>Estiveram presentes no evento da assinatura a secret\u00e1ria da Fazenda, Giovanna Victer, al\u00e9m do al\u00e9m do head de Governos do banco espanhol, Marcio Giannico, da superintendente Nacional de Governos, Lilian Maria Barbosa Herrera, e do diretor Mercado de Capitais e D\u00edvida Estruturada, Sandro Kohler.<\/p>\n<p>Durante o evento que aconteceu na sede da institui\u00e7\u00e3o financeira no pa\u00eds, o prefeito Bruno Reis informou que esse financiamento ter\u00e1 prop\u00f3sitos pra atender \u00e1reas mais carentes de Salvador e para melhorar a vida de quem mais precisa.<\/p>\n<p>\u201cEsse financiamento vai nos permitir seguir investindo especialmente nas \u00e1reas mais carentes da cidade, como no Sub\u00farbio Ferrovi\u00e1rio. Nossa gest\u00e3o investe mais de 80% dos recursos nas regi\u00f5es mais pobres para melhorar a vida de quem mais precisa. Temos diversos projetos que vamos tirar do papel, entre eles a Arena Multiuso, com capacidade para at\u00e9 16 mil pessoas. Salvador estava carente de um equipamento desta magnitude desde a demoli\u00e7\u00e3o do Balbininho. Com o centro de conven\u00e7\u00f5es municipal e essa arena multiuso, vamos ter dois equipamentos para competir pela atra\u00e7\u00e3o de grandes eventos\u201d<\/p>\n<p>A escolha do banco foi feita ap\u00f3s um chamamento p\u00fablico e aprova\u00e7\u00e3o do Projeto de Lei na C\u00e2mara Municipal, na sede da Secretaria Municipal da Fazenda (Sefaz). Para o pagamento do empr\u00e9stimo, o banco Santander prev\u00ea 12 meses de car\u00eancia e amortiza\u00e7\u00e3o em 108 parcelas mensais.<\/p>\n<p>Foto: Lucas Moura \/ Secom<br \/>\nAratu On<\/p>\n","protected":false},"excerpt":{"rendered":"<p>Contrato contou com empr\u00e9stimo do banco Santander para investimentos em obras e interven\u00e7\u00f5es urban\u00edsticas em Salvador O prefeito Bruno Reis<\/p>\n","protected":false},"author":4,"featured_media":12088,"comment_status":"open","ping_status":"open","sticky":false,"template":"","format":"standard","meta":{"colormag_page_container_layout":"default_layout","colormag_page_sidebar_layout":"default_layout","_FSMCFIC_featured_image_caption":"","_FSMCFIC_featured_image_nocaption":"","_FSMCFIC_featured_image_hide":"","footnotes":""},"categories":[2,1],"tags":[],"class_list":["post-12087","post","type-post","status-publish","format-standard","has-post-thumbnail","hentry","category-noticias","category-ultimas"],"yoast_head":"<!-- This site is optimized with the Yoast SEO plugin v27.1.1 - https:\/\/yoast.com\/product\/yoast-seo-wordpress\/ -->\n<title>Prefeitura de Salvador faz financiamento de R$ 300 milh\u00f5es para arena multiuso e obras em Periperi e Santa Cruz - Brasil not\u00edcias<\/title>\n<meta name=\"robots\" content=\"index, follow, max-snippet:-1, max-image-preview:large, max-video-preview:-1\" \/>\n<link rel=\"canonical\" href=\"https:\/\/brasilnoticias.org\/site\/prefeitura-de-salvador-faz-financiamento-de-r-300-milhoes-para-arena-multiuso-e-obras-em-periperi-e-santa-cruz\/\" \/>\n<meta property=\"og:locale\" content=\"pt_PT\" \/>\n<meta property=\"og:type\" content=\"article\" \/>\n<meta property=\"og:title\" content=\"Prefeitura de Salvador faz financiamento de R$ 300 milh\u00f5es para arena multiuso e obras em Periperi e Santa Cruz - Brasil not\u00edcias\" \/>\n<meta property=\"og:description\" content=\"Contrato contou com empr\u00e9stimo do banco Santander para investimentos em obras e interven\u00e7\u00f5es urban\u00edsticas em Salvador O prefeito Bruno Reis\" \/>\n<meta property=\"og:url\" content=\"https:\/\/brasilnoticias.org\/site\/prefeitura-de-salvador-faz-financiamento-de-r-300-milhoes-para-arena-multiuso-e-obras-em-periperi-e-santa-cruz\/\" \/>\n<meta property=\"og:site_name\" content=\"Brasil not\u00edcias\" \/>\n<meta property=\"article:published_time\" content=\"2024-01-10T00:10:26+00:00\" \/>\n<meta property=\"og:image\" content=\"https:\/\/brasilnoticias.org\/site\/wp-content\/uploads\/2024\/01\/prefeitura.jpeg\" \/>\n\t<meta property=\"og:image:width\" content=\"740\" \/>\n\t<meta property=\"og:image:height\" content=\"470\" \/>\n\t<meta property=\"og:image:type\" content=\"image\/jpeg\" \/>\n<meta name=\"author\" content=\"Reda\u00e7\u00e3o\" \/>\n<meta name=\"twitter:card\" content=\"summary_large_image\" \/>\n<meta name=\"twitter:label1\" content=\"Escrito por\" \/>\n\t<meta name=\"twitter:data1\" content=\"Reda\u00e7\u00e3o\" \/>\n\t<meta name=\"twitter:label2\" content=\"Tempo estimado de leitura\" \/>\n\t<meta name=\"twitter:data2\" content=\"1 minuto\" \/>\n<script type=\"application\/ld+json\" class=\"yoast-schema-graph\">{\"@context\":\"https:\/\/schema.org\",\"@graph\":[{\"@type\":\"Article\",\"@id\":\"https:\/\/brasilnoticias.org\/site\/prefeitura-de-salvador-faz-financiamento-de-r-300-milhoes-para-arena-multiuso-e-obras-em-periperi-e-santa-cruz\/#article\",\"isPartOf\":{\"@id\":\"https:\/\/brasilnoticias.org\/site\/prefeitura-de-salvador-faz-financiamento-de-r-300-milhoes-para-arena-multiuso-e-obras-em-periperi-e-santa-cruz\/\"},\"author\":{\"name\":\"Reda\u00e7\u00e3o\",\"@id\":\"https:\/\/brasilnoticias.org\/site\/#\/schema\/person\/03bbbfe6c7634ad18c26444ea39049fa\"},\"headline\":\"Prefeitura de Salvador faz financiamento de R$ 300 milh\u00f5es para arena multiuso e obras em Periperi e Santa Cruz\",\"datePublished\":\"2024-01-10T00:10:26+00:00\",\"mainEntityOfPage\":{\"@id\":\"https:\/\/brasilnoticias.org\/site\/prefeitura-de-salvador-faz-financiamento-de-r-300-milhoes-para-arena-multiuso-e-obras-em-periperi-e-santa-cruz\/\"},\"wordCount\":379,\"commentCount\":0,\"publisher\":{\"@id\":\"https:\/\/brasilnoticias.org\/site\/#organization\"},\"image\":{\"@id\":\"https:\/\/brasilnoticias.org\/site\/prefeitura-de-salvador-faz-financiamento-de-r-300-milhoes-para-arena-multiuso-e-obras-em-periperi-e-santa-cruz\/#primaryimage\"},\"thumbnailUrl\":\"https:\/\/brasilnoticias.org\/site\/wp-content\/uploads\/2024\/01\/prefeitura.jpeg\",\"articleSection\":[\"Not\u00edcias\",\"\u00daltimas\"],\"inLanguage\":\"pt-PT\",\"potentialAction\":[{\"@type\":\"CommentAction\",\"name\":\"Comment\",\"target\":[\"https:\/\/brasilnoticias.org\/site\/prefeitura-de-salvador-faz-financiamento-de-r-300-milhoes-para-arena-multiuso-e-obras-em-periperi-e-santa-cruz\/#respond\"]}]},{\"@type\":\"WebPage\",\"@id\":\"https:\/\/brasilnoticias.org\/site\/prefeitura-de-salvador-faz-financiamento-de-r-300-milhoes-para-arena-multiuso-e-obras-em-periperi-e-santa-cruz\/\",\"url\":\"https:\/\/brasilnoticias.org\/site\/prefeitura-de-salvador-faz-financiamento-de-r-300-milhoes-para-arena-multiuso-e-obras-em-periperi-e-santa-cruz\/\",\"name\":\"Prefeitura de Salvador faz financiamento de R$ 300 milh\u00f5es para arena multiuso e obras em Periperi e Santa Cruz - Brasil not\u00edcias\",\"isPartOf\":{\"@id\":\"https:\/\/brasilnoticias.org\/site\/#website\"},\"primaryImageOfPage\":{\"@id\":\"https:\/\/brasilnoticias.org\/site\/prefeitura-de-salvador-faz-financiamento-de-r-300-milhoes-para-arena-multiuso-e-obras-em-periperi-e-santa-cruz\/#primaryimage\"},\"image\":{\"@id\":\"https:\/\/brasilnoticias.org\/site\/prefeitura-de-salvador-faz-financiamento-de-r-300-milhoes-para-arena-multiuso-e-obras-em-periperi-e-santa-cruz\/#primaryimage\"},\"thumbnailUrl\":\"https:\/\/brasilnoticias.org\/site\/wp-content\/uploads\/2024\/01\/prefeitura.jpeg\",\"datePublished\":\"2024-01-10T00:10:26+00:00\",\"breadcrumb\":{\"@id\":\"https:\/\/brasilnoticias.org\/site\/prefeitura-de-salvador-faz-financiamento-de-r-300-milhoes-para-arena-multiuso-e-obras-em-periperi-e-santa-cruz\/#breadcrumb\"},\"inLanguage\":\"pt-PT\",\"potentialAction\":[{\"@type\":\"ReadAction\",\"target\":[\"https:\/\/brasilnoticias.org\/site\/prefeitura-de-salvador-faz-financiamento-de-r-300-milhoes-para-arena-multiuso-e-obras-em-periperi-e-santa-cruz\/\"]}]},{\"@type\":\"ImageObject\",\"inLanguage\":\"pt-PT\",\"@id\":\"https:\/\/brasilnoticias.org\/site\/prefeitura-de-salvador-faz-financiamento-de-r-300-milhoes-para-arena-multiuso-e-obras-em-periperi-e-santa-cruz\/#primaryimage\",\"url\":\"https:\/\/brasilnoticias.org\/site\/wp-content\/uploads\/2024\/01\/prefeitura.jpeg\",\"contentUrl\":\"https:\/\/brasilnoticias.org\/site\/wp-content\/uploads\/2024\/01\/prefeitura.jpeg\",\"width\":740,\"height\":470},{\"@type\":\"BreadcrumbList\",\"@id\":\"https:\/\/brasilnoticias.org\/site\/prefeitura-de-salvador-faz-financiamento-de-r-300-milhoes-para-arena-multiuso-e-obras-em-periperi-e-santa-cruz\/#breadcrumb\",\"itemListElement\":[{\"@type\":\"ListItem\",\"position\":1,\"name\":\"In\u00edcio\",\"item\":\"https:\/\/brasilnoticias.org\/site\/\"},{\"@type\":\"ListItem\",\"position\":2,\"name\":\"Prefeitura de Salvador faz financiamento de R$ 300 milh\u00f5es para arena multiuso e obras em Periperi e Santa Cruz\"}]},{\"@type\":\"WebSite\",\"@id\":\"https:\/\/brasilnoticias.org\/site\/#website\",\"url\":\"https:\/\/brasilnoticias.org\/site\/\",\"name\":\"Brasil not\u00edcias\",\"description\":\"Brasil not\u00edcias\",\"publisher\":{\"@id\":\"https:\/\/brasilnoticias.org\/site\/#organization\"},\"potentialAction\":[{\"@type\":\"SearchAction\",\"target\":{\"@type\":\"EntryPoint\",\"urlTemplate\":\"https:\/\/brasilnoticias.org\/site\/?s={search_term_string}\"},\"query-input\":{\"@type\":\"PropertyValueSpecification\",\"valueRequired\":true,\"valueName\":\"search_term_string\"}}],\"inLanguage\":\"pt-PT\"},{\"@type\":\"Organization\",\"@id\":\"https:\/\/brasilnoticias.org\/site\/#organization\",\"name\":\"Brasil not\u00edcias\",\"url\":\"https:\/\/brasilnoticias.org\/site\/\",\"logo\":{\"@type\":\"ImageObject\",\"inLanguage\":\"pt-PT\",\"@id\":\"https:\/\/brasilnoticias.org\/site\/#\/schema\/logo\/image\/\",\"url\":\"https:\/\/brasilnoticias.org\/site\/wp-content\/uploads\/2022\/05\/cropped-brasilnoticias-mini.jpg\",\"contentUrl\":\"https:\/\/brasilnoticias.org\/site\/wp-content\/uploads\/2022\/05\/cropped-brasilnoticias-mini.jpg\",\"width\":314,\"height\":86,\"caption\":\"Brasil not\u00edcias\"},\"image\":{\"@id\":\"https:\/\/brasilnoticias.org\/site\/#\/schema\/logo\/image\/\"}},{\"@type\":\"Person\",\"@id\":\"https:\/\/brasilnoticias.org\/site\/#\/schema\/person\/03bbbfe6c7634ad18c26444ea39049fa\",\"name\":\"Reda\u00e7\u00e3o\",\"image\":{\"@type\":\"ImageObject\",\"inLanguage\":\"pt-PT\",\"@id\":\"https:\/\/brasilnoticias.org\/site\/#\/schema\/person\/image\/\",\"url\":\"https:\/\/secure.gravatar.com\/avatar\/9ecaf7327a696cb23ad926fedded5f1f04d7049de9e445375d55b48c001a6e42?s=96&d=mm&r=g\",\"contentUrl\":\"https:\/\/secure.gravatar.com\/avatar\/9ecaf7327a696cb23ad926fedded5f1f04d7049de9e445375d55b48c001a6e42?s=96&d=mm&r=g\",\"caption\":\"Reda\u00e7\u00e3o\"},\"url\":\"https:\/\/brasilnoticias.org\/site\/author\/henrique\/\"}]}<\/script>\n<!-- \/ Yoast SEO plugin. -->","yoast_head_json":{"title":"Prefeitura de Salvador faz financiamento de R$ 300 milh\u00f5es para arena multiuso e obras em Periperi e Santa Cruz - Brasil not\u00edcias","robots":{"index":"index","follow":"follow","max-snippet":"max-snippet:-1","max-image-preview":"max-image-preview:large","max-video-preview":"max-video-preview:-1"},"canonical":"https:\/\/brasilnoticias.org\/site\/prefeitura-de-salvador-faz-financiamento-de-r-300-milhoes-para-arena-multiuso-e-obras-em-periperi-e-santa-cruz\/","og_locale":"pt_PT","og_type":"article","og_title":"Prefeitura de Salvador faz financiamento de R$ 300 milh\u00f5es para arena multiuso e obras em Periperi e Santa Cruz - Brasil not\u00edcias","og_description":"Contrato contou com empr\u00e9stimo do banco Santander para investimentos em obras e interven\u00e7\u00f5es urban\u00edsticas em Salvador O prefeito Bruno Reis","og_url":"https:\/\/brasilnoticias.org\/site\/prefeitura-de-salvador-faz-financiamento-de-r-300-milhoes-para-arena-multiuso-e-obras-em-periperi-e-santa-cruz\/","og_site_name":"Brasil not\u00edcias","article_published_time":"2024-01-10T00:10:26+00:00","og_image":[{"width":740,"height":470,"url":"https:\/\/brasilnoticias.org\/site\/wp-content\/uploads\/2024\/01\/prefeitura.jpeg","type":"image\/jpeg"}],"author":"Reda\u00e7\u00e3o","twitter_card":"summary_large_image","twitter_misc":{"Escrito por":"Reda\u00e7\u00e3o","Tempo estimado de leitura":"1 minuto"},"schema":{"@context":"https:\/\/schema.org","@graph":[{"@type":"Article","@id":"https:\/\/brasilnoticias.org\/site\/prefeitura-de-salvador-faz-financiamento-de-r-300-milhoes-para-arena-multiuso-e-obras-em-periperi-e-santa-cruz\/#article","isPartOf":{"@id":"https:\/\/brasilnoticias.org\/site\/prefeitura-de-salvador-faz-financiamento-de-r-300-milhoes-para-arena-multiuso-e-obras-em-periperi-e-santa-cruz\/"},"author":{"name":"Reda\u00e7\u00e3o","@id":"https:\/\/brasilnoticias.org\/site\/#\/schema\/person\/03bbbfe6c7634ad18c26444ea39049fa"},"headline":"Prefeitura de Salvador faz financiamento de R$ 300 milh\u00f5es para arena multiuso e obras em Periperi e Santa Cruz","datePublished":"2024-01-10T00:10:26+00:00","mainEntityOfPage":{"@id":"https:\/\/brasilnoticias.org\/site\/prefeitura-de-salvador-faz-financiamento-de-r-300-milhoes-para-arena-multiuso-e-obras-em-periperi-e-santa-cruz\/"},"wordCount":379,"commentCount":0,"publisher":{"@id":"https:\/\/brasilnoticias.org\/site\/#organization"},"image":{"@id":"https:\/\/brasilnoticias.org\/site\/prefeitura-de-salvador-faz-financiamento-de-r-300-milhoes-para-arena-multiuso-e-obras-em-periperi-e-santa-cruz\/#primaryimage"},"thumbnailUrl":"https:\/\/brasilnoticias.org\/site\/wp-content\/uploads\/2024\/01\/prefeitura.jpeg","articleSection":["Not\u00edcias","\u00daltimas"],"inLanguage":"pt-PT","potentialAction":[{"@type":"CommentAction","name":"Comment","target":["https:\/\/brasilnoticias.org\/site\/prefeitura-de-salvador-faz-financiamento-de-r-300-milhoes-para-arena-multiuso-e-obras-em-periperi-e-santa-cruz\/#respond"]}]},{"@type":"WebPage","@id":"https:\/\/brasilnoticias.org\/site\/prefeitura-de-salvador-faz-financiamento-de-r-300-milhoes-para-arena-multiuso-e-obras-em-periperi-e-santa-cruz\/","url":"https:\/\/brasilnoticias.org\/site\/prefeitura-de-salvador-faz-financiamento-de-r-300-milhoes-para-arena-multiuso-e-obras-em-periperi-e-santa-cruz\/","name":"Prefeitura de Salvador faz financiamento de R$ 300 milh\u00f5es para arena multiuso e obras em Periperi e Santa Cruz - Brasil not\u00edcias","isPartOf":{"@id":"https:\/\/brasilnoticias.org\/site\/#website"},"primaryImageOfPage":{"@id":"https:\/\/brasilnoticias.org\/site\/prefeitura-de-salvador-faz-financiamento-de-r-300-milhoes-para-arena-multiuso-e-obras-em-periperi-e-santa-cruz\/#primaryimage"},"image":{"@id":"https:\/\/brasilnoticias.org\/site\/prefeitura-de-salvador-faz-financiamento-de-r-300-milhoes-para-arena-multiuso-e-obras-em-periperi-e-santa-cruz\/#primaryimage"},"thumbnailUrl":"https:\/\/brasilnoticias.org\/site\/wp-content\/uploads\/2024\/01\/prefeitura.jpeg","datePublished":"2024-01-10T00:10:26+00:00","breadcrumb":{"@id":"https:\/\/brasilnoticias.org\/site\/prefeitura-de-salvador-faz-financiamento-de-r-300-milhoes-para-arena-multiuso-e-obras-em-periperi-e-santa-cruz\/#breadcrumb"},"inLanguage":"pt-PT","potentialAction":[{"@type":"ReadAction","target":["https:\/\/brasilnoticias.org\/site\/prefeitura-de-salvador-faz-financiamento-de-r-300-milhoes-para-arena-multiuso-e-obras-em-periperi-e-santa-cruz\/"]}]},{"@type":"ImageObject","inLanguage":"pt-PT","@id":"https:\/\/brasilnoticias.org\/site\/prefeitura-de-salvador-faz-financiamento-de-r-300-milhoes-para-arena-multiuso-e-obras-em-periperi-e-santa-cruz\/#primaryimage","url":"https:\/\/brasilnoticias.org\/site\/wp-content\/uploads\/2024\/01\/prefeitura.jpeg","contentUrl":"https:\/\/brasilnoticias.org\/site\/wp-content\/uploads\/2024\/01\/prefeitura.jpeg","width":740,"height":470},{"@type":"BreadcrumbList","@id":"https:\/\/brasilnoticias.org\/site\/prefeitura-de-salvador-faz-financiamento-de-r-300-milhoes-para-arena-multiuso-e-obras-em-periperi-e-santa-cruz\/#breadcrumb","itemListElement":[{"@type":"ListItem","position":1,"name":"In\u00edcio","item":"https:\/\/brasilnoticias.org\/site\/"},{"@type":"ListItem","position":2,"name":"Prefeitura de Salvador faz financiamento de R$ 300 milh\u00f5es para arena multiuso e obras em Periperi e Santa Cruz"}]},{"@type":"WebSite","@id":"https:\/\/brasilnoticias.org\/site\/#website","url":"https:\/\/brasilnoticias.org\/site\/","name":"Brasil not\u00edcias","description":"Brasil not\u00edcias","publisher":{"@id":"https:\/\/brasilnoticias.org\/site\/#organization"},"potentialAction":[{"@type":"SearchAction","target":{"@type":"EntryPoint","urlTemplate":"https:\/\/brasilnoticias.org\/site\/?s={search_term_string}"},"query-input":{"@type":"PropertyValueSpecification","valueRequired":true,"valueName":"search_term_string"}}],"inLanguage":"pt-PT"},{"@type":"Organization","@id":"https:\/\/brasilnoticias.org\/site\/#organization","name":"Brasil not\u00edcias","url":"https:\/\/brasilnoticias.org\/site\/","logo":{"@type":"ImageObject","inLanguage":"pt-PT","@id":"https:\/\/brasilnoticias.org\/site\/#\/schema\/logo\/image\/","url":"https:\/\/brasilnoticias.org\/site\/wp-content\/uploads\/2022\/05\/cropped-brasilnoticias-mini.jpg","contentUrl":"https:\/\/brasilnoticias.org\/site\/wp-content\/uploads\/2022\/05\/cropped-brasilnoticias-mini.jpg","width":314,"height":86,"caption":"Brasil not\u00edcias"},"image":{"@id":"https:\/\/brasilnoticias.org\/site\/#\/schema\/logo\/image\/"}},{"@type":"Person","@id":"https:\/\/brasilnoticias.org\/site\/#\/schema\/person\/03bbbfe6c7634ad18c26444ea39049fa","name":"Reda\u00e7\u00e3o","image":{"@type":"ImageObject","inLanguage":"pt-PT","@id":"https:\/\/brasilnoticias.org\/site\/#\/schema\/person\/image\/","url":"https:\/\/secure.gravatar.com\/avatar\/9ecaf7327a696cb23ad926fedded5f1f04d7049de9e445375d55b48c001a6e42?s=96&d=mm&r=g","contentUrl":"https:\/\/secure.gravatar.com\/avatar\/9ecaf7327a696cb23ad926fedded5f1f04d7049de9e445375d55b48c001a6e42?s=96&d=mm&r=g","caption":"Reda\u00e7\u00e3o"},"url":"https:\/\/brasilnoticias.org\/site\/author\/henrique\/"}]}},"_links":{"self":[{"href":"https:\/\/brasilnoticias.org\/site\/wp-json\/wp\/v2\/posts\/12087","targetHints":{"allow":["GET"]}}],"collection":[{"href":"https:\/\/brasilnoticias.org\/site\/wp-json\/wp\/v2\/posts"}],"about":[{"href":"https:\/\/brasilnoticias.org\/site\/wp-json\/wp\/v2\/types\/post"}],"author":[{"embeddable":true,"href":"https:\/\/brasilnoticias.org\/site\/wp-json\/wp\/v2\/users\/4"}],"replies":[{"embeddable":true,"href":"https:\/\/brasilnoticias.org\/site\/wp-json\/wp\/v2\/comments?post=12087"}],"version-history":[{"count":1,"href":"https:\/\/brasilnoticias.org\/site\/wp-json\/wp\/v2\/posts\/12087\/revisions"}],"predecessor-version":[{"id":12089,"href":"https:\/\/brasilnoticias.org\/site\/wp-json\/wp\/v2\/posts\/12087\/revisions\/12089"}],"wp:featuredmedia":[{"embeddable":true,"href":"https:\/\/brasilnoticias.org\/site\/wp-json\/wp\/v2\/media\/12088"}],"wp:attachment":[{"href":"https:\/\/brasilnoticias.org\/site\/wp-json\/wp\/v2\/media?parent=12087"}],"wp:term":[{"taxonomy":"category","embeddable":true,"href":"https:\/\/brasilnoticias.org\/site\/wp-json\/wp\/v2\/categories?post=12087"},{"taxonomy":"post_tag","embeddable":true,"href":"https:\/\/brasilnoticias.org\/site\/wp-json\/wp\/v2\/tags?post=12087"}],"curies":[{"name":"wp","href":"https:\/\/api.w.org\/{rel}","templated":true}]}}