{"id":12096,"date":"2024-01-09T21:39:29","date_gmt":"2024-01-10T00:39:29","guid":{"rendered":"https:\/\/brasilnoticias.org\/site\/?p=12096"},"modified":"2024-01-09T21:39:29","modified_gmt":"2024-01-10T00:39:29","slug":"equador-decreta-estado-de-emergencia-com-toque-de-recolher-e-presenca-militar-nas-ruas-apos-crise-carceraria","status":"publish","type":"post","link":"https:\/\/brasilnoticias.org\/site\/equador-decreta-estado-de-emergencia-com-toque-de-recolher-e-presenca-militar-nas-ruas-apos-crise-carceraria\/","title":{"rendered":"Equador decreta estado de emerg\u00eancia com toque de recolher e presen\u00e7a militar nas ruas ap\u00f3s crise carcer\u00e1ria"},"content":{"rendered":"<p>Medida acontece depois do incidente em seis pris\u00f5es, incluindo reten\u00e7\u00e3o de agentes penitenci\u00e1rios por detentos<\/p>\n<p>O presidente do Equador, Daniel Noboa, decretou nesta segunda-feira (8) estado de emerg\u00eancia por 60 dias no pa\u00eds, incluindo toque de recolher e presen\u00e7a militar nas ruas e nas pris\u00f5es, em meio a uma nova crise no sistema penitenci\u00e1rio.<\/p>\n<p>A medida de Noboa, acontece depois do incidente em seis pris\u00f5es em todo pa\u00eds, incluindo a reten\u00e7\u00e3o de agentes penitenci\u00e1rios por detentos, relatados nesta segunda-feira pela ag\u00eancia do sistema penitenci\u00e1rio SNAI. As a\u00e7\u00f5es dos presos ocorrem um dia depois que Jos\u00e9 Adolfo Mac\u00edas, conhecido como &#8220;Fito&#8221;, um dos presos mais perigosos do pa\u00eds e l\u00edder do grupo criminoso, Los Choneros, desapareceu da pris\u00e3o onde estava sendo mantido cumprindo uma senten\u00e7a de 34 anos.<\/p>\n<p>Em mensagem publicada nas redes sociais, Noboa disse ter assinado um decreto de estado de emerg\u00eancia para as For\u00e7as Armadas terem todo respaldo pol\u00edtico e legal em suas a\u00e7\u00f5es. &#8220;Acabou o tempo em que os condenados por tr\u00e1fico de drogas, assassinatos por encomenda e crime organizado ditavam ao governo de ocasi\u00e3o o que fazer. N\u00e3o vamos negociar com terroristas&#8221;, acrescentou.<\/p>\n<p>A assessoria de imprensa de Noboa disse em um comunicado que os novos incidentes nas pris\u00f5es tamb\u00e9m se devem \u00e0 decis\u00e3o do governo de iniciar imediatamente a constru\u00e7\u00e3o da nova pris\u00e3o de seguran\u00e7a m\u00e1xima com financiamento internacional. Os confrontos nas pris\u00f5es superlotadas do Equador s\u00e3o frequentes e j\u00e1 deixaram mais de 400 presos mortos desde 2021.<\/p>\n<p>Foto: Twitter Minist\u00e9rio do Interior Equador<br \/>\nPor: Metro1<\/p>\n","protected":false},"excerpt":{"rendered":"<p>Medida acontece depois do incidente em seis pris\u00f5es, incluindo reten\u00e7\u00e3o de agentes penitenci\u00e1rios por detentos O presidente do Equador, Daniel<\/p>\n","protected":false},"author":4,"featured_media":12097,"comment_status":"open","ping_status":"open","sticky":false,"template":"","format":"standard","meta":{"colormag_page_container_layout":"default_layout","colormag_page_sidebar_layout":"default_layout","_FSMCFIC_featured_image_caption":"","_FSMCFIC_featured_image_nocaption":"","_FSMCFIC_featured_image_hide":"","footnotes":""},"categories":[2,1],"tags":[],"class_list":["post-12096","post","type-post","status-publish","format-standard","has-post-thumbnail","hentry","category-noticias","category-ultimas"],"yoast_head":"<!-- This site is optimized with the Yoast SEO plugin v27.1.1 - https:\/\/yoast.com\/product\/yoast-seo-wordpress\/ -->\n<title>Equador decreta estado de emerg\u00eancia com toque de recolher e presen\u00e7a militar nas ruas ap\u00f3s crise carcer\u00e1ria - Brasil not\u00edcias<\/title>\n<meta name=\"robots\" content=\"index, follow, max-snippet:-1, max-image-preview:large, max-video-preview:-1\" \/>\n<link rel=\"canonical\" href=\"https:\/\/brasilnoticias.org\/site\/equador-decreta-estado-de-emergencia-com-toque-de-recolher-e-presenca-militar-nas-ruas-apos-crise-carceraria\/\" \/>\n<meta property=\"og:locale\" content=\"pt_PT\" \/>\n<meta property=\"og:type\" content=\"article\" \/>\n<meta property=\"og:title\" content=\"Equador decreta estado de emerg\u00eancia com toque de recolher e presen\u00e7a militar nas ruas ap\u00f3s crise carcer\u00e1ria - Brasil not\u00edcias\" \/>\n<meta property=\"og:description\" content=\"Medida acontece depois do incidente em seis pris\u00f5es, incluindo reten\u00e7\u00e3o de agentes penitenci\u00e1rios por detentos O presidente do Equador, Daniel\" \/>\n<meta property=\"og:url\" content=\"https:\/\/brasilnoticias.org\/site\/equador-decreta-estado-de-emergencia-com-toque-de-recolher-e-presenca-militar-nas-ruas-apos-crise-carceraria\/\" \/>\n<meta property=\"og:site_name\" content=\"Brasil not\u00edcias\" \/>\n<meta property=\"article:published_time\" content=\"2024-01-10T00:39:29+00:00\" \/>\n<meta property=\"og:image\" content=\"https:\/\/brasilnoticias.org\/site\/wp-content\/uploads\/2024\/01\/145040equador-decreta-estado-de-emergencia-com-toque-de-recolher-e-presenca-militar-nas-ruas-apos-crise-carceraria-3.jpg\" \/>\n\t<meta property=\"og:image:width\" content=\"1600\" \/>\n\t<meta property=\"og:image:height\" content=\"752\" \/>\n\t<meta property=\"og:image:type\" content=\"image\/jpeg\" \/>\n<meta name=\"author\" content=\"Reda\u00e7\u00e3o\" \/>\n<meta name=\"twitter:card\" content=\"summary_large_image\" \/>\n<meta name=\"twitter:label1\" content=\"Escrito por\" \/>\n\t<meta name=\"twitter:data1\" content=\"Reda\u00e7\u00e3o\" \/>\n\t<meta name=\"twitter:label2\" content=\"Tempo estimado de leitura\" \/>\n\t<meta name=\"twitter:data2\" content=\"1 minuto\" \/>\n<script type=\"application\/ld+json\" class=\"yoast-schema-graph\">{\"@context\":\"https:\/\/schema.org\",\"@graph\":[{\"@type\":\"Article\",\"@id\":\"https:\/\/brasilnoticias.org\/site\/equador-decreta-estado-de-emergencia-com-toque-de-recolher-e-presenca-militar-nas-ruas-apos-crise-carceraria\/#article\",\"isPartOf\":{\"@id\":\"https:\/\/brasilnoticias.org\/site\/equador-decreta-estado-de-emergencia-com-toque-de-recolher-e-presenca-militar-nas-ruas-apos-crise-carceraria\/\"},\"author\":{\"name\":\"Reda\u00e7\u00e3o\",\"@id\":\"https:\/\/brasilnoticias.org\/site\/#\/schema\/person\/03bbbfe6c7634ad18c26444ea39049fa\"},\"headline\":\"Equador decreta estado de emerg\u00eancia com toque de recolher e presen\u00e7a militar nas ruas ap\u00f3s crise carcer\u00e1ria\",\"datePublished\":\"2024-01-10T00:39:29+00:00\",\"mainEntityOfPage\":{\"@id\":\"https:\/\/brasilnoticias.org\/site\/equador-decreta-estado-de-emergencia-com-toque-de-recolher-e-presenca-militar-nas-ruas-apos-crise-carceraria\/\"},\"wordCount\":303,\"commentCount\":0,\"publisher\":{\"@id\":\"https:\/\/brasilnoticias.org\/site\/#organization\"},\"image\":{\"@id\":\"https:\/\/brasilnoticias.org\/site\/equador-decreta-estado-de-emergencia-com-toque-de-recolher-e-presenca-militar-nas-ruas-apos-crise-carceraria\/#primaryimage\"},\"thumbnailUrl\":\"https:\/\/brasilnoticias.org\/site\/wp-content\/uploads\/2024\/01\/145040equador-decreta-estado-de-emergencia-com-toque-de-recolher-e-presenca-militar-nas-ruas-apos-crise-carceraria-3.jpg\",\"articleSection\":[\"Not\u00edcias\",\"\u00daltimas\"],\"inLanguage\":\"pt-PT\",\"potentialAction\":[{\"@type\":\"CommentAction\",\"name\":\"Comment\",\"target\":[\"https:\/\/brasilnoticias.org\/site\/equador-decreta-estado-de-emergencia-com-toque-de-recolher-e-presenca-militar-nas-ruas-apos-crise-carceraria\/#respond\"]}]},{\"@type\":\"WebPage\",\"@id\":\"https:\/\/brasilnoticias.org\/site\/equador-decreta-estado-de-emergencia-com-toque-de-recolher-e-presenca-militar-nas-ruas-apos-crise-carceraria\/\",\"url\":\"https:\/\/brasilnoticias.org\/site\/equador-decreta-estado-de-emergencia-com-toque-de-recolher-e-presenca-militar-nas-ruas-apos-crise-carceraria\/\",\"name\":\"Equador decreta estado de emerg\u00eancia com toque de recolher e presen\u00e7a militar nas ruas ap\u00f3s crise carcer\u00e1ria - Brasil not\u00edcias\",\"isPartOf\":{\"@id\":\"https:\/\/brasilnoticias.org\/site\/#website\"},\"primaryImageOfPage\":{\"@id\":\"https:\/\/brasilnoticias.org\/site\/equador-decreta-estado-de-emergencia-com-toque-de-recolher-e-presenca-militar-nas-ruas-apos-crise-carceraria\/#primaryimage\"},\"image\":{\"@id\":\"https:\/\/brasilnoticias.org\/site\/equador-decreta-estado-de-emergencia-com-toque-de-recolher-e-presenca-militar-nas-ruas-apos-crise-carceraria\/#primaryimage\"},\"thumbnailUrl\":\"https:\/\/brasilnoticias.org\/site\/wp-content\/uploads\/2024\/01\/145040equador-decreta-estado-de-emergencia-com-toque-de-recolher-e-presenca-militar-nas-ruas-apos-crise-carceraria-3.jpg\",\"datePublished\":\"2024-01-10T00:39:29+00:00\",\"breadcrumb\":{\"@id\":\"https:\/\/brasilnoticias.org\/site\/equador-decreta-estado-de-emergencia-com-toque-de-recolher-e-presenca-militar-nas-ruas-apos-crise-carceraria\/#breadcrumb\"},\"inLanguage\":\"pt-PT\",\"potentialAction\":[{\"@type\":\"ReadAction\",\"target\":[\"https:\/\/brasilnoticias.org\/site\/equador-decreta-estado-de-emergencia-com-toque-de-recolher-e-presenca-militar-nas-ruas-apos-crise-carceraria\/\"]}]},{\"@type\":\"ImageObject\",\"inLanguage\":\"pt-PT\",\"@id\":\"https:\/\/brasilnoticias.org\/site\/equador-decreta-estado-de-emergencia-com-toque-de-recolher-e-presenca-militar-nas-ruas-apos-crise-carceraria\/#primaryimage\",\"url\":\"https:\/\/brasilnoticias.org\/site\/wp-content\/uploads\/2024\/01\/145040equador-decreta-estado-de-emergencia-com-toque-de-recolher-e-presenca-militar-nas-ruas-apos-crise-carceraria-3.jpg\",\"contentUrl\":\"https:\/\/brasilnoticias.org\/site\/wp-content\/uploads\/2024\/01\/145040equador-decreta-estado-de-emergencia-com-toque-de-recolher-e-presenca-militar-nas-ruas-apos-crise-carceraria-3.jpg\",\"width\":1600,\"height\":752},{\"@type\":\"BreadcrumbList\",\"@id\":\"https:\/\/brasilnoticias.org\/site\/equador-decreta-estado-de-emergencia-com-toque-de-recolher-e-presenca-militar-nas-ruas-apos-crise-carceraria\/#breadcrumb\",\"itemListElement\":[{\"@type\":\"ListItem\",\"position\":1,\"name\":\"In\u00edcio\",\"item\":\"https:\/\/brasilnoticias.org\/site\/\"},{\"@type\":\"ListItem\",\"position\":2,\"name\":\"Equador decreta estado de emerg\u00eancia com toque de recolher e presen\u00e7a militar nas ruas ap\u00f3s crise carcer\u00e1ria\"}]},{\"@type\":\"WebSite\",\"@id\":\"https:\/\/brasilnoticias.org\/site\/#website\",\"url\":\"https:\/\/brasilnoticias.org\/site\/\",\"name\":\"Brasil not\u00edcias\",\"description\":\"Brasil not\u00edcias\",\"publisher\":{\"@id\":\"https:\/\/brasilnoticias.org\/site\/#organization\"},\"potentialAction\":[{\"@type\":\"SearchAction\",\"target\":{\"@type\":\"EntryPoint\",\"urlTemplate\":\"https:\/\/brasilnoticias.org\/site\/?s={search_term_string}\"},\"query-input\":{\"@type\":\"PropertyValueSpecification\",\"valueRequired\":true,\"valueName\":\"search_term_string\"}}],\"inLanguage\":\"pt-PT\"},{\"@type\":\"Organization\",\"@id\":\"https:\/\/brasilnoticias.org\/site\/#organization\",\"name\":\"Brasil not\u00edcias\",\"url\":\"https:\/\/brasilnoticias.org\/site\/\",\"logo\":{\"@type\":\"ImageObject\",\"inLanguage\":\"pt-PT\",\"@id\":\"https:\/\/brasilnoticias.org\/site\/#\/schema\/logo\/image\/\",\"url\":\"https:\/\/brasilnoticias.org\/site\/wp-content\/uploads\/2022\/05\/cropped-brasilnoticias-mini.jpg\",\"contentUrl\":\"https:\/\/brasilnoticias.org\/site\/wp-content\/uploads\/2022\/05\/cropped-brasilnoticias-mini.jpg\",\"width\":314,\"height\":86,\"caption\":\"Brasil not\u00edcias\"},\"image\":{\"@id\":\"https:\/\/brasilnoticias.org\/site\/#\/schema\/logo\/image\/\"}},{\"@type\":\"Person\",\"@id\":\"https:\/\/brasilnoticias.org\/site\/#\/schema\/person\/03bbbfe6c7634ad18c26444ea39049fa\",\"name\":\"Reda\u00e7\u00e3o\",\"image\":{\"@type\":\"ImageObject\",\"inLanguage\":\"pt-PT\",\"@id\":\"https:\/\/brasilnoticias.org\/site\/#\/schema\/person\/image\/\",\"url\":\"https:\/\/secure.gravatar.com\/avatar\/9ecaf7327a696cb23ad926fedded5f1f04d7049de9e445375d55b48c001a6e42?s=96&d=mm&r=g\",\"contentUrl\":\"https:\/\/secure.gravatar.com\/avatar\/9ecaf7327a696cb23ad926fedded5f1f04d7049de9e445375d55b48c001a6e42?s=96&d=mm&r=g\",\"caption\":\"Reda\u00e7\u00e3o\"},\"url\":\"https:\/\/brasilnoticias.org\/site\/author\/henrique\/\"}]}<\/script>\n<!-- \/ Yoast SEO plugin. -->","yoast_head_json":{"title":"Equador decreta estado de emerg\u00eancia com toque de recolher e presen\u00e7a militar nas ruas ap\u00f3s crise carcer\u00e1ria - Brasil not\u00edcias","robots":{"index":"index","follow":"follow","max-snippet":"max-snippet:-1","max-image-preview":"max-image-preview:large","max-video-preview":"max-video-preview:-1"},"canonical":"https:\/\/brasilnoticias.org\/site\/equador-decreta-estado-de-emergencia-com-toque-de-recolher-e-presenca-militar-nas-ruas-apos-crise-carceraria\/","og_locale":"pt_PT","og_type":"article","og_title":"Equador decreta estado de emerg\u00eancia com toque de recolher e presen\u00e7a militar nas ruas ap\u00f3s crise carcer\u00e1ria - Brasil not\u00edcias","og_description":"Medida acontece depois do incidente em seis pris\u00f5es, incluindo reten\u00e7\u00e3o de agentes penitenci\u00e1rios por detentos O presidente do Equador, Daniel","og_url":"https:\/\/brasilnoticias.org\/site\/equador-decreta-estado-de-emergencia-com-toque-de-recolher-e-presenca-militar-nas-ruas-apos-crise-carceraria\/","og_site_name":"Brasil not\u00edcias","article_published_time":"2024-01-10T00:39:29+00:00","og_image":[{"width":1600,"height":752,"url":"https:\/\/brasilnoticias.org\/site\/wp-content\/uploads\/2024\/01\/145040equador-decreta-estado-de-emergencia-com-toque-de-recolher-e-presenca-militar-nas-ruas-apos-crise-carceraria-3.jpg","type":"image\/jpeg"}],"author":"Reda\u00e7\u00e3o","twitter_card":"summary_large_image","twitter_misc":{"Escrito por":"Reda\u00e7\u00e3o","Tempo estimado de leitura":"1 minuto"},"schema":{"@context":"https:\/\/schema.org","@graph":[{"@type":"Article","@id":"https:\/\/brasilnoticias.org\/site\/equador-decreta-estado-de-emergencia-com-toque-de-recolher-e-presenca-militar-nas-ruas-apos-crise-carceraria\/#article","isPartOf":{"@id":"https:\/\/brasilnoticias.org\/site\/equador-decreta-estado-de-emergencia-com-toque-de-recolher-e-presenca-militar-nas-ruas-apos-crise-carceraria\/"},"author":{"name":"Reda\u00e7\u00e3o","@id":"https:\/\/brasilnoticias.org\/site\/#\/schema\/person\/03bbbfe6c7634ad18c26444ea39049fa"},"headline":"Equador decreta estado de emerg\u00eancia com toque de recolher e presen\u00e7a militar nas ruas ap\u00f3s crise carcer\u00e1ria","datePublished":"2024-01-10T00:39:29+00:00","mainEntityOfPage":{"@id":"https:\/\/brasilnoticias.org\/site\/equador-decreta-estado-de-emergencia-com-toque-de-recolher-e-presenca-militar-nas-ruas-apos-crise-carceraria\/"},"wordCount":303,"commentCount":0,"publisher":{"@id":"https:\/\/brasilnoticias.org\/site\/#organization"},"image":{"@id":"https:\/\/brasilnoticias.org\/site\/equador-decreta-estado-de-emergencia-com-toque-de-recolher-e-presenca-militar-nas-ruas-apos-crise-carceraria\/#primaryimage"},"thumbnailUrl":"https:\/\/brasilnoticias.org\/site\/wp-content\/uploads\/2024\/01\/145040equador-decreta-estado-de-emergencia-com-toque-de-recolher-e-presenca-militar-nas-ruas-apos-crise-carceraria-3.jpg","articleSection":["Not\u00edcias","\u00daltimas"],"inLanguage":"pt-PT","potentialAction":[{"@type":"CommentAction","name":"Comment","target":["https:\/\/brasilnoticias.org\/site\/equador-decreta-estado-de-emergencia-com-toque-de-recolher-e-presenca-militar-nas-ruas-apos-crise-carceraria\/#respond"]}]},{"@type":"WebPage","@id":"https:\/\/brasilnoticias.org\/site\/equador-decreta-estado-de-emergencia-com-toque-de-recolher-e-presenca-militar-nas-ruas-apos-crise-carceraria\/","url":"https:\/\/brasilnoticias.org\/site\/equador-decreta-estado-de-emergencia-com-toque-de-recolher-e-presenca-militar-nas-ruas-apos-crise-carceraria\/","name":"Equador decreta estado de emerg\u00eancia com toque de recolher e presen\u00e7a militar nas ruas ap\u00f3s crise carcer\u00e1ria - Brasil not\u00edcias","isPartOf":{"@id":"https:\/\/brasilnoticias.org\/site\/#website"},"primaryImageOfPage":{"@id":"https:\/\/brasilnoticias.org\/site\/equador-decreta-estado-de-emergencia-com-toque-de-recolher-e-presenca-militar-nas-ruas-apos-crise-carceraria\/#primaryimage"},"image":{"@id":"https:\/\/brasilnoticias.org\/site\/equador-decreta-estado-de-emergencia-com-toque-de-recolher-e-presenca-militar-nas-ruas-apos-crise-carceraria\/#primaryimage"},"thumbnailUrl":"https:\/\/brasilnoticias.org\/site\/wp-content\/uploads\/2024\/01\/145040equador-decreta-estado-de-emergencia-com-toque-de-recolher-e-presenca-militar-nas-ruas-apos-crise-carceraria-3.jpg","datePublished":"2024-01-10T00:39:29+00:00","breadcrumb":{"@id":"https:\/\/brasilnoticias.org\/site\/equador-decreta-estado-de-emergencia-com-toque-de-recolher-e-presenca-militar-nas-ruas-apos-crise-carceraria\/#breadcrumb"},"inLanguage":"pt-PT","potentialAction":[{"@type":"ReadAction","target":["https:\/\/brasilnoticias.org\/site\/equador-decreta-estado-de-emergencia-com-toque-de-recolher-e-presenca-militar-nas-ruas-apos-crise-carceraria\/"]}]},{"@type":"ImageObject","inLanguage":"pt-PT","@id":"https:\/\/brasilnoticias.org\/site\/equador-decreta-estado-de-emergencia-com-toque-de-recolher-e-presenca-militar-nas-ruas-apos-crise-carceraria\/#primaryimage","url":"https:\/\/brasilnoticias.org\/site\/wp-content\/uploads\/2024\/01\/145040equador-decreta-estado-de-emergencia-com-toque-de-recolher-e-presenca-militar-nas-ruas-apos-crise-carceraria-3.jpg","contentUrl":"https:\/\/brasilnoticias.org\/site\/wp-content\/uploads\/2024\/01\/145040equador-decreta-estado-de-emergencia-com-toque-de-recolher-e-presenca-militar-nas-ruas-apos-crise-carceraria-3.jpg","width":1600,"height":752},{"@type":"BreadcrumbList","@id":"https:\/\/brasilnoticias.org\/site\/equador-decreta-estado-de-emergencia-com-toque-de-recolher-e-presenca-militar-nas-ruas-apos-crise-carceraria\/#breadcrumb","itemListElement":[{"@type":"ListItem","position":1,"name":"In\u00edcio","item":"https:\/\/brasilnoticias.org\/site\/"},{"@type":"ListItem","position":2,"name":"Equador decreta estado de emerg\u00eancia com toque de recolher e presen\u00e7a militar nas ruas ap\u00f3s crise carcer\u00e1ria"}]},{"@type":"WebSite","@id":"https:\/\/brasilnoticias.org\/site\/#website","url":"https:\/\/brasilnoticias.org\/site\/","name":"Brasil not\u00edcias","description":"Brasil not\u00edcias","publisher":{"@id":"https:\/\/brasilnoticias.org\/site\/#organization"},"potentialAction":[{"@type":"SearchAction","target":{"@type":"EntryPoint","urlTemplate":"https:\/\/brasilnoticias.org\/site\/?s={search_term_string}"},"query-input":{"@type":"PropertyValueSpecification","valueRequired":true,"valueName":"search_term_string"}}],"inLanguage":"pt-PT"},{"@type":"Organization","@id":"https:\/\/brasilnoticias.org\/site\/#organization","name":"Brasil not\u00edcias","url":"https:\/\/brasilnoticias.org\/site\/","logo":{"@type":"ImageObject","inLanguage":"pt-PT","@id":"https:\/\/brasilnoticias.org\/site\/#\/schema\/logo\/image\/","url":"https:\/\/brasilnoticias.org\/site\/wp-content\/uploads\/2022\/05\/cropped-brasilnoticias-mini.jpg","contentUrl":"https:\/\/brasilnoticias.org\/site\/wp-content\/uploads\/2022\/05\/cropped-brasilnoticias-mini.jpg","width":314,"height":86,"caption":"Brasil not\u00edcias"},"image":{"@id":"https:\/\/brasilnoticias.org\/site\/#\/schema\/logo\/image\/"}},{"@type":"Person","@id":"https:\/\/brasilnoticias.org\/site\/#\/schema\/person\/03bbbfe6c7634ad18c26444ea39049fa","name":"Reda\u00e7\u00e3o","image":{"@type":"ImageObject","inLanguage":"pt-PT","@id":"https:\/\/brasilnoticias.org\/site\/#\/schema\/person\/image\/","url":"https:\/\/secure.gravatar.com\/avatar\/9ecaf7327a696cb23ad926fedded5f1f04d7049de9e445375d55b48c001a6e42?s=96&d=mm&r=g","contentUrl":"https:\/\/secure.gravatar.com\/avatar\/9ecaf7327a696cb23ad926fedded5f1f04d7049de9e445375d55b48c001a6e42?s=96&d=mm&r=g","caption":"Reda\u00e7\u00e3o"},"url":"https:\/\/brasilnoticias.org\/site\/author\/henrique\/"}]}},"_links":{"self":[{"href":"https:\/\/brasilnoticias.org\/site\/wp-json\/wp\/v2\/posts\/12096","targetHints":{"allow":["GET"]}}],"collection":[{"href":"https:\/\/brasilnoticias.org\/site\/wp-json\/wp\/v2\/posts"}],"about":[{"href":"https:\/\/brasilnoticias.org\/site\/wp-json\/wp\/v2\/types\/post"}],"author":[{"embeddable":true,"href":"https:\/\/brasilnoticias.org\/site\/wp-json\/wp\/v2\/users\/4"}],"replies":[{"embeddable":true,"href":"https:\/\/brasilnoticias.org\/site\/wp-json\/wp\/v2\/comments?post=12096"}],"version-history":[{"count":1,"href":"https:\/\/brasilnoticias.org\/site\/wp-json\/wp\/v2\/posts\/12096\/revisions"}],"predecessor-version":[{"id":12098,"href":"https:\/\/brasilnoticias.org\/site\/wp-json\/wp\/v2\/posts\/12096\/revisions\/12098"}],"wp:featuredmedia":[{"embeddable":true,"href":"https:\/\/brasilnoticias.org\/site\/wp-json\/wp\/v2\/media\/12097"}],"wp:attachment":[{"href":"https:\/\/brasilnoticias.org\/site\/wp-json\/wp\/v2\/media?parent=12096"}],"wp:term":[{"taxonomy":"category","embeddable":true,"href":"https:\/\/brasilnoticias.org\/site\/wp-json\/wp\/v2\/categories?post=12096"},{"taxonomy":"post_tag","embeddable":true,"href":"https:\/\/brasilnoticias.org\/site\/wp-json\/wp\/v2\/tags?post=12096"}],"curies":[{"name":"wp","href":"https:\/\/api.w.org\/{rel}","templated":true}]}}