{"id":121,"date":"2022-04-09T16:44:48","date_gmt":"2022-04-09T19:44:48","guid":{"rendered":"https:\/\/brasilnoticias.org\/site\/?p=121"},"modified":"2022-05-03T16:49:37","modified_gmt":"2022-05-03T19:49:37","slug":"corpos-de-132-pessoas-sao-encontrados-em-valas-comuns-com-sinais-de-tortura-diz-kiev","status":"publish","type":"post","link":"https:\/\/brasilnoticias.org\/site\/corpos-de-132-pessoas-sao-encontrados-em-valas-comuns-com-sinais-de-tortura-diz-kiev\/","title":{"rendered":"Corpos de 132 pessoas s\u00e3o encontrados em valas comuns com \u201csinais de tortura\u201d, diz Kiev"},"content":{"rendered":"<div id=\"content\" class=\"clearfix\">\n<article id=\"post-14498\" class=\"post-14498 post type-post status-publish format-standard has-post-thumbnail hentry category-mundo category-ultimas\">\n<div class=\"article-content clearfix\">\n<div class=\"entry-content clearfix\">\n<p>Ao menos 132 corpos de civis teriam sido encontrados em valas comuns ou nas ruas de Makariv, que fica pr\u00f3xima a Bucha, com \u201csinais de tortura\u201d, informou o Minist\u00e9rio da Defesa da Ucr\u00e2nia neste s\u00e1bado (9). Os crimes ainda n\u00e3o podem ser checados de maneira independente, informa a isto\u00c9. \u201cEsse \u00e9 mais um novo e monstruoso crime de guerra\u201d, acusou ainda a conta em uma rede social.<\/p>\n<p>A localidade foi mais uma a voltar para o controle dos ucranianos nos \u00faltimos dias ap\u00f3s a R\u00fassia cessar os ataques contra as cidades pr\u00f3ximas \u00e0 capital Kiev. Ainda conforme os socorristas, \u00e9 poss\u00edvel que muitas pessoas estejam sob os escombros das casas e pr\u00e9dios destru\u00eddos nos ataques russos.<\/p>\n<p>O Minist\u00e9rio da Defesa estima que metade de Makariv foi completamente arrasada por bombardeios. Em entrevista ao enviado da ANSA \u00e0 cidade, o prefeito Vadano Tokar afirmou que, at\u00e9 o momento, foram confirmadas 132 mortes. \u201cH\u00e1 diversos tipos de tortura nos corpos. Cad\u00e1veres com as m\u00e3os amarradas e, ao menos, dois casos de mulheres estupradas e depois assassinadas, sendo que uma delas foi decapitada\u201d, ressaltou .<\/p>\n<p>&nbsp;<\/p>\n<p>&nbsp;<\/p>\n<p>&nbsp;<\/p>\n<p>Bnews<\/p>\n<\/div>\n<\/div>\n<\/article>\n<\/div>\n","protected":false},"excerpt":{"rendered":"<p>Ao menos 132 corpos de civis teriam sido encontrados em valas comuns ou nas ruas de Makariv, que fica pr\u00f3xima<\/p>\n","protected":false},"author":1,"featured_media":122,"comment_status":"open","ping_status":"open","sticky":false,"template":"","format":"standard","meta":{"colormag_page_container_layout":"default_layout","colormag_page_sidebar_layout":"default_layout","_FSMCFIC_featured_image_caption":"","_FSMCFIC_featured_image_nocaption":"","_FSMCFIC_featured_image_hide":"","footnotes":""},"categories":[6,1],"tags":[],"class_list":["post-121","post","type-post","status-publish","format-standard","has-post-thumbnail","hentry","category-mundo","category-ultimas"],"yoast_head":"<!-- This site is optimized with the Yoast SEO plugin v27.1.1 - https:\/\/yoast.com\/product\/yoast-seo-wordpress\/ -->\n<title>Corpos de 132 pessoas s\u00e3o encontrados em valas comuns com \u201csinais de tortura\u201d, diz Kiev - Brasil not\u00edcias<\/title>\n<meta name=\"robots\" content=\"index, follow, max-snippet:-1, max-image-preview:large, max-video-preview:-1\" \/>\n<link rel=\"canonical\" href=\"https:\/\/brasilnoticias.org\/site\/corpos-de-132-pessoas-sao-encontrados-em-valas-comuns-com-sinais-de-tortura-diz-kiev\/\" \/>\n<meta property=\"og:locale\" content=\"pt_PT\" \/>\n<meta property=\"og:type\" content=\"article\" \/>\n<meta property=\"og:title\" content=\"Corpos de 132 pessoas s\u00e3o encontrados em valas comuns com \u201csinais de tortura\u201d, diz Kiev - Brasil not\u00edcias\" \/>\n<meta property=\"og:description\" content=\"Ao menos 132 corpos de civis teriam sido encontrados em valas comuns ou nas ruas de Makariv, que fica pr\u00f3xima\" \/>\n<meta property=\"og:url\" content=\"https:\/\/brasilnoticias.org\/site\/corpos-de-132-pessoas-sao-encontrados-em-valas-comuns-com-sinais-de-tortura-diz-kiev\/\" \/>\n<meta property=\"og:site_name\" content=\"Brasil not\u00edcias\" \/>\n<meta property=\"article:published_time\" content=\"2022-04-09T19:44:48+00:00\" \/>\n<meta property=\"article:modified_time\" content=\"2022-05-03T19:49:37+00:00\" \/>\n<meta property=\"og:image\" content=\"https:\/\/brasilnoticias.org\/site\/wp-content\/uploads\/2022\/05\/whatsapp_image_2022-04-02_at_09.04.20_widelg_widelg-800x445-1.jpeg\" \/>\n\t<meta property=\"og:image:width\" content=\"800\" \/>\n\t<meta property=\"og:image:height\" content=\"445\" \/>\n\t<meta property=\"og:image:type\" content=\"image\/jpeg\" \/>\n<meta name=\"author\" content=\"Reda\u00e7\u00e3o\" \/>\n<meta name=\"twitter:card\" content=\"summary_large_image\" \/>\n<meta name=\"twitter:label1\" content=\"Escrito por\" \/>\n\t<meta name=\"twitter:data1\" content=\"Reda\u00e7\u00e3o\" \/>\n\t<meta name=\"twitter:label2\" content=\"Tempo estimado de leitura\" \/>\n\t<meta name=\"twitter:data2\" content=\"1 minuto\" \/>\n<script type=\"application\/ld+json\" class=\"yoast-schema-graph\">{\"@context\":\"https:\/\/schema.org\",\"@graph\":[{\"@type\":\"Article\",\"@id\":\"https:\/\/brasilnoticias.org\/site\/corpos-de-132-pessoas-sao-encontrados-em-valas-comuns-com-sinais-de-tortura-diz-kiev\/#article\",\"isPartOf\":{\"@id\":\"https:\/\/brasilnoticias.org\/site\/corpos-de-132-pessoas-sao-encontrados-em-valas-comuns-com-sinais-de-tortura-diz-kiev\/\"},\"author\":{\"name\":\"Reda\u00e7\u00e3o\",\"@id\":\"https:\/\/brasilnoticias.org\/site\/#\/schema\/person\/a0e05b973ec4d15c658d51911e53507b\"},\"headline\":\"Corpos de 132 pessoas s\u00e3o encontrados em valas comuns com \u201csinais de tortura\u201d, diz Kiev\",\"datePublished\":\"2022-04-09T19:44:48+00:00\",\"dateModified\":\"2022-05-03T19:49:37+00:00\",\"mainEntityOfPage\":{\"@id\":\"https:\/\/brasilnoticias.org\/site\/corpos-de-132-pessoas-sao-encontrados-em-valas-comuns-com-sinais-de-tortura-diz-kiev\/\"},\"wordCount\":207,\"commentCount\":0,\"publisher\":{\"@id\":\"https:\/\/brasilnoticias.org\/site\/#organization\"},\"image\":{\"@id\":\"https:\/\/brasilnoticias.org\/site\/corpos-de-132-pessoas-sao-encontrados-em-valas-comuns-com-sinais-de-tortura-diz-kiev\/#primaryimage\"},\"thumbnailUrl\":\"https:\/\/brasilnoticias.org\/site\/wp-content\/uploads\/2022\/05\/whatsapp_image_2022-04-02_at_09.04.20_widelg_widelg-800x445-1.jpeg\",\"articleSection\":[\"Mundo\",\"\u00daltimas\"],\"inLanguage\":\"pt-PT\",\"potentialAction\":[{\"@type\":\"CommentAction\",\"name\":\"Comment\",\"target\":[\"https:\/\/brasilnoticias.org\/site\/corpos-de-132-pessoas-sao-encontrados-em-valas-comuns-com-sinais-de-tortura-diz-kiev\/#respond\"]}]},{\"@type\":\"WebPage\",\"@id\":\"https:\/\/brasilnoticias.org\/site\/corpos-de-132-pessoas-sao-encontrados-em-valas-comuns-com-sinais-de-tortura-diz-kiev\/\",\"url\":\"https:\/\/brasilnoticias.org\/site\/corpos-de-132-pessoas-sao-encontrados-em-valas-comuns-com-sinais-de-tortura-diz-kiev\/\",\"name\":\"Corpos de 132 pessoas s\u00e3o encontrados em valas comuns com \u201csinais de tortura\u201d, diz Kiev - Brasil not\u00edcias\",\"isPartOf\":{\"@id\":\"https:\/\/brasilnoticias.org\/site\/#website\"},\"primaryImageOfPage\":{\"@id\":\"https:\/\/brasilnoticias.org\/site\/corpos-de-132-pessoas-sao-encontrados-em-valas-comuns-com-sinais-de-tortura-diz-kiev\/#primaryimage\"},\"image\":{\"@id\":\"https:\/\/brasilnoticias.org\/site\/corpos-de-132-pessoas-sao-encontrados-em-valas-comuns-com-sinais-de-tortura-diz-kiev\/#primaryimage\"},\"thumbnailUrl\":\"https:\/\/brasilnoticias.org\/site\/wp-content\/uploads\/2022\/05\/whatsapp_image_2022-04-02_at_09.04.20_widelg_widelg-800x445-1.jpeg\",\"datePublished\":\"2022-04-09T19:44:48+00:00\",\"dateModified\":\"2022-05-03T19:49:37+00:00\",\"breadcrumb\":{\"@id\":\"https:\/\/brasilnoticias.org\/site\/corpos-de-132-pessoas-sao-encontrados-em-valas-comuns-com-sinais-de-tortura-diz-kiev\/#breadcrumb\"},\"inLanguage\":\"pt-PT\",\"potentialAction\":[{\"@type\":\"ReadAction\",\"target\":[\"https:\/\/brasilnoticias.org\/site\/corpos-de-132-pessoas-sao-encontrados-em-valas-comuns-com-sinais-de-tortura-diz-kiev\/\"]}]},{\"@type\":\"ImageObject\",\"inLanguage\":\"pt-PT\",\"@id\":\"https:\/\/brasilnoticias.org\/site\/corpos-de-132-pessoas-sao-encontrados-em-valas-comuns-com-sinais-de-tortura-diz-kiev\/#primaryimage\",\"url\":\"https:\/\/brasilnoticias.org\/site\/wp-content\/uploads\/2022\/05\/whatsapp_image_2022-04-02_at_09.04.20_widelg_widelg-800x445-1.jpeg\",\"contentUrl\":\"https:\/\/brasilnoticias.org\/site\/wp-content\/uploads\/2022\/05\/whatsapp_image_2022-04-02_at_09.04.20_widelg_widelg-800x445-1.jpeg\",\"width\":800,\"height\":445},{\"@type\":\"BreadcrumbList\",\"@id\":\"https:\/\/brasilnoticias.org\/site\/corpos-de-132-pessoas-sao-encontrados-em-valas-comuns-com-sinais-de-tortura-diz-kiev\/#breadcrumb\",\"itemListElement\":[{\"@type\":\"ListItem\",\"position\":1,\"name\":\"In\u00edcio\",\"item\":\"https:\/\/brasilnoticias.org\/site\/\"},{\"@type\":\"ListItem\",\"position\":2,\"name\":\"Corpos de 132 pessoas s\u00e3o encontrados em valas comuns com \u201csinais de tortura\u201d, diz Kiev\"}]},{\"@type\":\"WebSite\",\"@id\":\"https:\/\/brasilnoticias.org\/site\/#website\",\"url\":\"https:\/\/brasilnoticias.org\/site\/\",\"name\":\"Brasil not\u00edcias\",\"description\":\"Brasil not\u00edcias\",\"publisher\":{\"@id\":\"https:\/\/brasilnoticias.org\/site\/#organization\"},\"potentialAction\":[{\"@type\":\"SearchAction\",\"target\":{\"@type\":\"EntryPoint\",\"urlTemplate\":\"https:\/\/brasilnoticias.org\/site\/?s={search_term_string}\"},\"query-input\":{\"@type\":\"PropertyValueSpecification\",\"valueRequired\":true,\"valueName\":\"search_term_string\"}}],\"inLanguage\":\"pt-PT\"},{\"@type\":\"Organization\",\"@id\":\"https:\/\/brasilnoticias.org\/site\/#organization\",\"name\":\"Brasil not\u00edcias\",\"url\":\"https:\/\/brasilnoticias.org\/site\/\",\"logo\":{\"@type\":\"ImageObject\",\"inLanguage\":\"pt-PT\",\"@id\":\"https:\/\/brasilnoticias.org\/site\/#\/schema\/logo\/image\/\",\"url\":\"https:\/\/brasilnoticias.org\/site\/wp-content\/uploads\/2022\/05\/cropped-brasilnoticias-mini.jpg\",\"contentUrl\":\"https:\/\/brasilnoticias.org\/site\/wp-content\/uploads\/2022\/05\/cropped-brasilnoticias-mini.jpg\",\"width\":314,\"height\":86,\"caption\":\"Brasil not\u00edcias\"},\"image\":{\"@id\":\"https:\/\/brasilnoticias.org\/site\/#\/schema\/logo\/image\/\"}},{\"@type\":\"Person\",\"@id\":\"https:\/\/brasilnoticias.org\/site\/#\/schema\/person\/a0e05b973ec4d15c658d51911e53507b\",\"name\":\"Reda\u00e7\u00e3o\",\"image\":{\"@type\":\"ImageObject\",\"inLanguage\":\"pt-PT\",\"@id\":\"https:\/\/brasilnoticias.org\/site\/#\/schema\/person\/image\/\",\"url\":\"https:\/\/secure.gravatar.com\/avatar\/75d8b050df2de108b08ae78dfb8e374892df24a383c67db9c46a9c604f6aee9c?s=96&d=mm&r=g\",\"contentUrl\":\"https:\/\/secure.gravatar.com\/avatar\/75d8b050df2de108b08ae78dfb8e374892df24a383c67db9c46a9c604f6aee9c?s=96&d=mm&r=g\",\"caption\":\"Reda\u00e7\u00e3o\"},\"sameAs\":[\"https:\/\/brasilnoticias.org\/site\"],\"url\":\"https:\/\/brasilnoticias.org\/site\/author\/fernandozsngmail-com\/\"}]}<\/script>\n<!-- \/ Yoast SEO plugin. -->","yoast_head_json":{"title":"Corpos de 132 pessoas s\u00e3o encontrados em valas comuns com \u201csinais de tortura\u201d, diz Kiev - Brasil not\u00edcias","robots":{"index":"index","follow":"follow","max-snippet":"max-snippet:-1","max-image-preview":"max-image-preview:large","max-video-preview":"max-video-preview:-1"},"canonical":"https:\/\/brasilnoticias.org\/site\/corpos-de-132-pessoas-sao-encontrados-em-valas-comuns-com-sinais-de-tortura-diz-kiev\/","og_locale":"pt_PT","og_type":"article","og_title":"Corpos de 132 pessoas s\u00e3o encontrados em valas comuns com \u201csinais de tortura\u201d, diz Kiev - Brasil not\u00edcias","og_description":"Ao menos 132 corpos de civis teriam sido encontrados em valas comuns ou nas ruas de Makariv, que fica pr\u00f3xima","og_url":"https:\/\/brasilnoticias.org\/site\/corpos-de-132-pessoas-sao-encontrados-em-valas-comuns-com-sinais-de-tortura-diz-kiev\/","og_site_name":"Brasil not\u00edcias","article_published_time":"2022-04-09T19:44:48+00:00","article_modified_time":"2022-05-03T19:49:37+00:00","og_image":[{"width":800,"height":445,"url":"https:\/\/brasilnoticias.org\/site\/wp-content\/uploads\/2022\/05\/whatsapp_image_2022-04-02_at_09.04.20_widelg_widelg-800x445-1.jpeg","type":"image\/jpeg"}],"author":"Reda\u00e7\u00e3o","twitter_card":"summary_large_image","twitter_misc":{"Escrito por":"Reda\u00e7\u00e3o","Tempo estimado de leitura":"1 minuto"},"schema":{"@context":"https:\/\/schema.org","@graph":[{"@type":"Article","@id":"https:\/\/brasilnoticias.org\/site\/corpos-de-132-pessoas-sao-encontrados-em-valas-comuns-com-sinais-de-tortura-diz-kiev\/#article","isPartOf":{"@id":"https:\/\/brasilnoticias.org\/site\/corpos-de-132-pessoas-sao-encontrados-em-valas-comuns-com-sinais-de-tortura-diz-kiev\/"},"author":{"name":"Reda\u00e7\u00e3o","@id":"https:\/\/brasilnoticias.org\/site\/#\/schema\/person\/a0e05b973ec4d15c658d51911e53507b"},"headline":"Corpos de 132 pessoas s\u00e3o encontrados em valas comuns com \u201csinais de tortura\u201d, diz Kiev","datePublished":"2022-04-09T19:44:48+00:00","dateModified":"2022-05-03T19:49:37+00:00","mainEntityOfPage":{"@id":"https:\/\/brasilnoticias.org\/site\/corpos-de-132-pessoas-sao-encontrados-em-valas-comuns-com-sinais-de-tortura-diz-kiev\/"},"wordCount":207,"commentCount":0,"publisher":{"@id":"https:\/\/brasilnoticias.org\/site\/#organization"},"image":{"@id":"https:\/\/brasilnoticias.org\/site\/corpos-de-132-pessoas-sao-encontrados-em-valas-comuns-com-sinais-de-tortura-diz-kiev\/#primaryimage"},"thumbnailUrl":"https:\/\/brasilnoticias.org\/site\/wp-content\/uploads\/2022\/05\/whatsapp_image_2022-04-02_at_09.04.20_widelg_widelg-800x445-1.jpeg","articleSection":["Mundo","\u00daltimas"],"inLanguage":"pt-PT","potentialAction":[{"@type":"CommentAction","name":"Comment","target":["https:\/\/brasilnoticias.org\/site\/corpos-de-132-pessoas-sao-encontrados-em-valas-comuns-com-sinais-de-tortura-diz-kiev\/#respond"]}]},{"@type":"WebPage","@id":"https:\/\/brasilnoticias.org\/site\/corpos-de-132-pessoas-sao-encontrados-em-valas-comuns-com-sinais-de-tortura-diz-kiev\/","url":"https:\/\/brasilnoticias.org\/site\/corpos-de-132-pessoas-sao-encontrados-em-valas-comuns-com-sinais-de-tortura-diz-kiev\/","name":"Corpos de 132 pessoas s\u00e3o encontrados em valas comuns com \u201csinais de tortura\u201d, diz Kiev - Brasil not\u00edcias","isPartOf":{"@id":"https:\/\/brasilnoticias.org\/site\/#website"},"primaryImageOfPage":{"@id":"https:\/\/brasilnoticias.org\/site\/corpos-de-132-pessoas-sao-encontrados-em-valas-comuns-com-sinais-de-tortura-diz-kiev\/#primaryimage"},"image":{"@id":"https:\/\/brasilnoticias.org\/site\/corpos-de-132-pessoas-sao-encontrados-em-valas-comuns-com-sinais-de-tortura-diz-kiev\/#primaryimage"},"thumbnailUrl":"https:\/\/brasilnoticias.org\/site\/wp-content\/uploads\/2022\/05\/whatsapp_image_2022-04-02_at_09.04.20_widelg_widelg-800x445-1.jpeg","datePublished":"2022-04-09T19:44:48+00:00","dateModified":"2022-05-03T19:49:37+00:00","breadcrumb":{"@id":"https:\/\/brasilnoticias.org\/site\/corpos-de-132-pessoas-sao-encontrados-em-valas-comuns-com-sinais-de-tortura-diz-kiev\/#breadcrumb"},"inLanguage":"pt-PT","potentialAction":[{"@type":"ReadAction","target":["https:\/\/brasilnoticias.org\/site\/corpos-de-132-pessoas-sao-encontrados-em-valas-comuns-com-sinais-de-tortura-diz-kiev\/"]}]},{"@type":"ImageObject","inLanguage":"pt-PT","@id":"https:\/\/brasilnoticias.org\/site\/corpos-de-132-pessoas-sao-encontrados-em-valas-comuns-com-sinais-de-tortura-diz-kiev\/#primaryimage","url":"https:\/\/brasilnoticias.org\/site\/wp-content\/uploads\/2022\/05\/whatsapp_image_2022-04-02_at_09.04.20_widelg_widelg-800x445-1.jpeg","contentUrl":"https:\/\/brasilnoticias.org\/site\/wp-content\/uploads\/2022\/05\/whatsapp_image_2022-04-02_at_09.04.20_widelg_widelg-800x445-1.jpeg","width":800,"height":445},{"@type":"BreadcrumbList","@id":"https:\/\/brasilnoticias.org\/site\/corpos-de-132-pessoas-sao-encontrados-em-valas-comuns-com-sinais-de-tortura-diz-kiev\/#breadcrumb","itemListElement":[{"@type":"ListItem","position":1,"name":"In\u00edcio","item":"https:\/\/brasilnoticias.org\/site\/"},{"@type":"ListItem","position":2,"name":"Corpos de 132 pessoas s\u00e3o encontrados em valas comuns com \u201csinais de tortura\u201d, diz Kiev"}]},{"@type":"WebSite","@id":"https:\/\/brasilnoticias.org\/site\/#website","url":"https:\/\/brasilnoticias.org\/site\/","name":"Brasil not\u00edcias","description":"Brasil not\u00edcias","publisher":{"@id":"https:\/\/brasilnoticias.org\/site\/#organization"},"potentialAction":[{"@type":"SearchAction","target":{"@type":"EntryPoint","urlTemplate":"https:\/\/brasilnoticias.org\/site\/?s={search_term_string}"},"query-input":{"@type":"PropertyValueSpecification","valueRequired":true,"valueName":"search_term_string"}}],"inLanguage":"pt-PT"},{"@type":"Organization","@id":"https:\/\/brasilnoticias.org\/site\/#organization","name":"Brasil not\u00edcias","url":"https:\/\/brasilnoticias.org\/site\/","logo":{"@type":"ImageObject","inLanguage":"pt-PT","@id":"https:\/\/brasilnoticias.org\/site\/#\/schema\/logo\/image\/","url":"https:\/\/brasilnoticias.org\/site\/wp-content\/uploads\/2022\/05\/cropped-brasilnoticias-mini.jpg","contentUrl":"https:\/\/brasilnoticias.org\/site\/wp-content\/uploads\/2022\/05\/cropped-brasilnoticias-mini.jpg","width":314,"height":86,"caption":"Brasil not\u00edcias"},"image":{"@id":"https:\/\/brasilnoticias.org\/site\/#\/schema\/logo\/image\/"}},{"@type":"Person","@id":"https:\/\/brasilnoticias.org\/site\/#\/schema\/person\/a0e05b973ec4d15c658d51911e53507b","name":"Reda\u00e7\u00e3o","image":{"@type":"ImageObject","inLanguage":"pt-PT","@id":"https:\/\/brasilnoticias.org\/site\/#\/schema\/person\/image\/","url":"https:\/\/secure.gravatar.com\/avatar\/75d8b050df2de108b08ae78dfb8e374892df24a383c67db9c46a9c604f6aee9c?s=96&d=mm&r=g","contentUrl":"https:\/\/secure.gravatar.com\/avatar\/75d8b050df2de108b08ae78dfb8e374892df24a383c67db9c46a9c604f6aee9c?s=96&d=mm&r=g","caption":"Reda\u00e7\u00e3o"},"sameAs":["https:\/\/brasilnoticias.org\/site"],"url":"https:\/\/brasilnoticias.org\/site\/author\/fernandozsngmail-com\/"}]}},"_links":{"self":[{"href":"https:\/\/brasilnoticias.org\/site\/wp-json\/wp\/v2\/posts\/121","targetHints":{"allow":["GET"]}}],"collection":[{"href":"https:\/\/brasilnoticias.org\/site\/wp-json\/wp\/v2\/posts"}],"about":[{"href":"https:\/\/brasilnoticias.org\/site\/wp-json\/wp\/v2\/types\/post"}],"author":[{"embeddable":true,"href":"https:\/\/brasilnoticias.org\/site\/wp-json\/wp\/v2\/users\/1"}],"replies":[{"embeddable":true,"href":"https:\/\/brasilnoticias.org\/site\/wp-json\/wp\/v2\/comments?post=121"}],"version-history":[{"count":1,"href":"https:\/\/brasilnoticias.org\/site\/wp-json\/wp\/v2\/posts\/121\/revisions"}],"predecessor-version":[{"id":123,"href":"https:\/\/brasilnoticias.org\/site\/wp-json\/wp\/v2\/posts\/121\/revisions\/123"}],"wp:featuredmedia":[{"embeddable":true,"href":"https:\/\/brasilnoticias.org\/site\/wp-json\/wp\/v2\/media\/122"}],"wp:attachment":[{"href":"https:\/\/brasilnoticias.org\/site\/wp-json\/wp\/v2\/media?parent=121"}],"wp:term":[{"taxonomy":"category","embeddable":true,"href":"https:\/\/brasilnoticias.org\/site\/wp-json\/wp\/v2\/categories?post=121"},{"taxonomy":"post_tag","embeddable":true,"href":"https:\/\/brasilnoticias.org\/site\/wp-json\/wp\/v2\/tags?post=121"}],"curies":[{"name":"wp","href":"https:\/\/api.w.org\/{rel}","templated":true}]}}