{"id":12102,"date":"2024-01-09T21:43:29","date_gmt":"2024-01-10T00:43:29","guid":{"rendered":"https:\/\/brasilnoticias.org\/site\/?p=12102"},"modified":"2024-01-09T21:43:29","modified_gmt":"2024-01-10T00:43:29","slug":"pf-prende-prefeito-no-amazonas-por-suspeita-de-corrupcao","status":"publish","type":"post","link":"https:\/\/brasilnoticias.org\/site\/pf-prende-prefeito-no-amazonas-por-suspeita-de-corrupcao\/","title":{"rendered":"PF prende prefeito no Amazonas por suspeita de corrup\u00e7\u00e3o"},"content":{"rendered":"<p>Sim\u00e3o Peixoto (MDB) \u00e9 investigado por tentativa de manipular testemunhas e desvio de recursos<\/p>\n<p>A Pol\u00edcia Federal expediu, nesta ter\u00e7a-feira (9), um mandado de pris\u00e3o preventiva do prefeito do munic\u00edpio de Borba, no Amazonas, Sim\u00e3o Peixoto Lima (MDB), juntamente com um pedido de afastamento do cargo pelo prazo de 180 dias. <\/p>\n<p>O pol\u00edtico \u00e9 investigado por suspeitas de manipula\u00e7\u00e3o de testemunhas em investiga\u00e7\u00f5es que apuram desvios de recursos p\u00fablicos durante a pandemia. Segundo a PF, h\u00e1 ind\u00edcios de que ele desviou verbas que deveriam ter sido utilizadas para a compra de kits de merenda escolar.<\/p>\n<p>Segundo as investiga\u00e7\u00f5es, os kits adquiridos pela prefeitura apresentavam uma quantidade de carne bovina que divergia do valor contratado. Tamb\u00e9m foram encontradas indica\u00e7\u00f5es de falsifica\u00e7\u00e3o nos recibos de entrega e de pagamentos sem comprova\u00e7\u00e3o.<\/p>\n<p>De acordo com a institui\u00e7\u00e3o, Sim\u00e3o Peixoto teria entrado em contato com os servidores p\u00fablicos que foram intimados a prestar depoimento, o que poderia ser uma tentativa de influenciar as testemunhas. Eleito em 2020 pelo PP (Partido Progressista), Sim\u00e3o Peixoto se filiou em novembro ao MDB.<\/p>\n<p>Foto: Reprodu\u00e7\u00e3o\/Redes Sociais<br \/>\nPor: Metro1<\/p>\n","protected":false},"excerpt":{"rendered":"<p>Sim\u00e3o Peixoto (MDB) \u00e9 investigado por tentativa de manipular testemunhas e desvio de recursos A Pol\u00edcia Federal expediu, nesta ter\u00e7a-feira<\/p>\n","protected":false},"author":4,"featured_media":12103,"comment_status":"open","ping_status":"open","sticky":false,"template":"","format":"standard","meta":{"colormag_page_container_layout":"default_layout","colormag_page_sidebar_layout":"default_layout","_FSMCFIC_featured_image_caption":"","_FSMCFIC_featured_image_nocaption":"","_FSMCFIC_featured_image_hide":"","footnotes":""},"categories":[5,1],"tags":[],"class_list":["post-12102","post","type-post","status-publish","format-standard","has-post-thumbnail","hentry","category-politica","category-ultimas"],"yoast_head":"<!-- This site is optimized with the Yoast SEO plugin v27.1.1 - https:\/\/yoast.com\/product\/yoast-seo-wordpress\/ -->\n<title>PF prende prefeito no Amazonas por suspeita de corrup\u00e7\u00e3o - Brasil not\u00edcias<\/title>\n<meta name=\"robots\" content=\"index, follow, max-snippet:-1, max-image-preview:large, max-video-preview:-1\" \/>\n<link rel=\"canonical\" href=\"https:\/\/brasilnoticias.org\/site\/pf-prende-prefeito-no-amazonas-por-suspeita-de-corrupcao\/\" \/>\n<meta property=\"og:locale\" content=\"pt_PT\" \/>\n<meta property=\"og:type\" content=\"article\" \/>\n<meta property=\"og:title\" content=\"PF prende prefeito no Amazonas por suspeita de corrup\u00e7\u00e3o - Brasil not\u00edcias\" \/>\n<meta property=\"og:description\" content=\"Sim\u00e3o Peixoto (MDB) \u00e9 investigado por tentativa de manipular testemunhas e desvio de recursos A Pol\u00edcia Federal expediu, nesta ter\u00e7a-feira\" \/>\n<meta property=\"og:url\" content=\"https:\/\/brasilnoticias.org\/site\/pf-prende-prefeito-no-amazonas-por-suspeita-de-corrupcao\/\" \/>\n<meta property=\"og:site_name\" content=\"Brasil not\u00edcias\" \/>\n<meta property=\"article:published_time\" content=\"2024-01-10T00:43:29+00:00\" \/>\n<meta property=\"og:image\" content=\"https:\/\/brasilnoticias.org\/site\/wp-content\/uploads\/2024\/01\/145049pf-prende-prefeito-no-amazonas-por-suspeita-de-corrupcao-3.jpg\" \/>\n\t<meta property=\"og:image:width\" content=\"1600\" \/>\n\t<meta property=\"og:image:height\" content=\"752\" \/>\n\t<meta property=\"og:image:type\" content=\"image\/jpeg\" \/>\n<meta name=\"author\" content=\"Reda\u00e7\u00e3o\" \/>\n<meta name=\"twitter:card\" content=\"summary_large_image\" \/>\n<meta name=\"twitter:label1\" content=\"Escrito por\" \/>\n\t<meta name=\"twitter:data1\" content=\"Reda\u00e7\u00e3o\" \/>\n\t<meta name=\"twitter:label2\" content=\"Tempo estimado de leitura\" \/>\n\t<meta name=\"twitter:data2\" content=\"1 minuto\" \/>\n<script type=\"application\/ld+json\" class=\"yoast-schema-graph\">{\"@context\":\"https:\/\/schema.org\",\"@graph\":[{\"@type\":\"Article\",\"@id\":\"https:\/\/brasilnoticias.org\/site\/pf-prende-prefeito-no-amazonas-por-suspeita-de-corrupcao\/#article\",\"isPartOf\":{\"@id\":\"https:\/\/brasilnoticias.org\/site\/pf-prende-prefeito-no-amazonas-por-suspeita-de-corrupcao\/\"},\"author\":{\"name\":\"Reda\u00e7\u00e3o\",\"@id\":\"https:\/\/brasilnoticias.org\/site\/#\/schema\/person\/03bbbfe6c7634ad18c26444ea39049fa\"},\"headline\":\"PF prende prefeito no Amazonas por suspeita de corrup\u00e7\u00e3o\",\"datePublished\":\"2024-01-10T00:43:29+00:00\",\"mainEntityOfPage\":{\"@id\":\"https:\/\/brasilnoticias.org\/site\/pf-prende-prefeito-no-amazonas-por-suspeita-de-corrupcao\/\"},\"wordCount\":207,\"commentCount\":0,\"publisher\":{\"@id\":\"https:\/\/brasilnoticias.org\/site\/#organization\"},\"image\":{\"@id\":\"https:\/\/brasilnoticias.org\/site\/pf-prende-prefeito-no-amazonas-por-suspeita-de-corrupcao\/#primaryimage\"},\"thumbnailUrl\":\"https:\/\/brasilnoticias.org\/site\/wp-content\/uploads\/2024\/01\/145049pf-prende-prefeito-no-amazonas-por-suspeita-de-corrupcao-3.jpg\",\"articleSection\":[\"Pol\u00edtica\",\"\u00daltimas\"],\"inLanguage\":\"pt-PT\",\"potentialAction\":[{\"@type\":\"CommentAction\",\"name\":\"Comment\",\"target\":[\"https:\/\/brasilnoticias.org\/site\/pf-prende-prefeito-no-amazonas-por-suspeita-de-corrupcao\/#respond\"]}]},{\"@type\":\"WebPage\",\"@id\":\"https:\/\/brasilnoticias.org\/site\/pf-prende-prefeito-no-amazonas-por-suspeita-de-corrupcao\/\",\"url\":\"https:\/\/brasilnoticias.org\/site\/pf-prende-prefeito-no-amazonas-por-suspeita-de-corrupcao\/\",\"name\":\"PF prende prefeito no Amazonas por suspeita de corrup\u00e7\u00e3o - Brasil not\u00edcias\",\"isPartOf\":{\"@id\":\"https:\/\/brasilnoticias.org\/site\/#website\"},\"primaryImageOfPage\":{\"@id\":\"https:\/\/brasilnoticias.org\/site\/pf-prende-prefeito-no-amazonas-por-suspeita-de-corrupcao\/#primaryimage\"},\"image\":{\"@id\":\"https:\/\/brasilnoticias.org\/site\/pf-prende-prefeito-no-amazonas-por-suspeita-de-corrupcao\/#primaryimage\"},\"thumbnailUrl\":\"https:\/\/brasilnoticias.org\/site\/wp-content\/uploads\/2024\/01\/145049pf-prende-prefeito-no-amazonas-por-suspeita-de-corrupcao-3.jpg\",\"datePublished\":\"2024-01-10T00:43:29+00:00\",\"breadcrumb\":{\"@id\":\"https:\/\/brasilnoticias.org\/site\/pf-prende-prefeito-no-amazonas-por-suspeita-de-corrupcao\/#breadcrumb\"},\"inLanguage\":\"pt-PT\",\"potentialAction\":[{\"@type\":\"ReadAction\",\"target\":[\"https:\/\/brasilnoticias.org\/site\/pf-prende-prefeito-no-amazonas-por-suspeita-de-corrupcao\/\"]}]},{\"@type\":\"ImageObject\",\"inLanguage\":\"pt-PT\",\"@id\":\"https:\/\/brasilnoticias.org\/site\/pf-prende-prefeito-no-amazonas-por-suspeita-de-corrupcao\/#primaryimage\",\"url\":\"https:\/\/brasilnoticias.org\/site\/wp-content\/uploads\/2024\/01\/145049pf-prende-prefeito-no-amazonas-por-suspeita-de-corrupcao-3.jpg\",\"contentUrl\":\"https:\/\/brasilnoticias.org\/site\/wp-content\/uploads\/2024\/01\/145049pf-prende-prefeito-no-amazonas-por-suspeita-de-corrupcao-3.jpg\",\"width\":1600,\"height\":752},{\"@type\":\"BreadcrumbList\",\"@id\":\"https:\/\/brasilnoticias.org\/site\/pf-prende-prefeito-no-amazonas-por-suspeita-de-corrupcao\/#breadcrumb\",\"itemListElement\":[{\"@type\":\"ListItem\",\"position\":1,\"name\":\"In\u00edcio\",\"item\":\"https:\/\/brasilnoticias.org\/site\/\"},{\"@type\":\"ListItem\",\"position\":2,\"name\":\"PF prende prefeito no Amazonas por suspeita de corrup\u00e7\u00e3o\"}]},{\"@type\":\"WebSite\",\"@id\":\"https:\/\/brasilnoticias.org\/site\/#website\",\"url\":\"https:\/\/brasilnoticias.org\/site\/\",\"name\":\"Brasil not\u00edcias\",\"description\":\"Brasil not\u00edcias\",\"publisher\":{\"@id\":\"https:\/\/brasilnoticias.org\/site\/#organization\"},\"potentialAction\":[{\"@type\":\"SearchAction\",\"target\":{\"@type\":\"EntryPoint\",\"urlTemplate\":\"https:\/\/brasilnoticias.org\/site\/?s={search_term_string}\"},\"query-input\":{\"@type\":\"PropertyValueSpecification\",\"valueRequired\":true,\"valueName\":\"search_term_string\"}}],\"inLanguage\":\"pt-PT\"},{\"@type\":\"Organization\",\"@id\":\"https:\/\/brasilnoticias.org\/site\/#organization\",\"name\":\"Brasil not\u00edcias\",\"url\":\"https:\/\/brasilnoticias.org\/site\/\",\"logo\":{\"@type\":\"ImageObject\",\"inLanguage\":\"pt-PT\",\"@id\":\"https:\/\/brasilnoticias.org\/site\/#\/schema\/logo\/image\/\",\"url\":\"https:\/\/brasilnoticias.org\/site\/wp-content\/uploads\/2022\/05\/cropped-brasilnoticias-mini.jpg\",\"contentUrl\":\"https:\/\/brasilnoticias.org\/site\/wp-content\/uploads\/2022\/05\/cropped-brasilnoticias-mini.jpg\",\"width\":314,\"height\":86,\"caption\":\"Brasil not\u00edcias\"},\"image\":{\"@id\":\"https:\/\/brasilnoticias.org\/site\/#\/schema\/logo\/image\/\"}},{\"@type\":\"Person\",\"@id\":\"https:\/\/brasilnoticias.org\/site\/#\/schema\/person\/03bbbfe6c7634ad18c26444ea39049fa\",\"name\":\"Reda\u00e7\u00e3o\",\"image\":{\"@type\":\"ImageObject\",\"inLanguage\":\"pt-PT\",\"@id\":\"https:\/\/brasilnoticias.org\/site\/#\/schema\/person\/image\/\",\"url\":\"https:\/\/secure.gravatar.com\/avatar\/9ecaf7327a696cb23ad926fedded5f1f04d7049de9e445375d55b48c001a6e42?s=96&d=mm&r=g\",\"contentUrl\":\"https:\/\/secure.gravatar.com\/avatar\/9ecaf7327a696cb23ad926fedded5f1f04d7049de9e445375d55b48c001a6e42?s=96&d=mm&r=g\",\"caption\":\"Reda\u00e7\u00e3o\"},\"url\":\"https:\/\/brasilnoticias.org\/site\/author\/henrique\/\"}]}<\/script>\n<!-- \/ Yoast SEO plugin. -->","yoast_head_json":{"title":"PF prende prefeito no Amazonas por suspeita de corrup\u00e7\u00e3o - Brasil not\u00edcias","robots":{"index":"index","follow":"follow","max-snippet":"max-snippet:-1","max-image-preview":"max-image-preview:large","max-video-preview":"max-video-preview:-1"},"canonical":"https:\/\/brasilnoticias.org\/site\/pf-prende-prefeito-no-amazonas-por-suspeita-de-corrupcao\/","og_locale":"pt_PT","og_type":"article","og_title":"PF prende prefeito no Amazonas por suspeita de corrup\u00e7\u00e3o - Brasil not\u00edcias","og_description":"Sim\u00e3o Peixoto (MDB) \u00e9 investigado por tentativa de manipular testemunhas e desvio de recursos A Pol\u00edcia Federal expediu, nesta ter\u00e7a-feira","og_url":"https:\/\/brasilnoticias.org\/site\/pf-prende-prefeito-no-amazonas-por-suspeita-de-corrupcao\/","og_site_name":"Brasil not\u00edcias","article_published_time":"2024-01-10T00:43:29+00:00","og_image":[{"width":1600,"height":752,"url":"https:\/\/brasilnoticias.org\/site\/wp-content\/uploads\/2024\/01\/145049pf-prende-prefeito-no-amazonas-por-suspeita-de-corrupcao-3.jpg","type":"image\/jpeg"}],"author":"Reda\u00e7\u00e3o","twitter_card":"summary_large_image","twitter_misc":{"Escrito por":"Reda\u00e7\u00e3o","Tempo estimado de leitura":"1 minuto"},"schema":{"@context":"https:\/\/schema.org","@graph":[{"@type":"Article","@id":"https:\/\/brasilnoticias.org\/site\/pf-prende-prefeito-no-amazonas-por-suspeita-de-corrupcao\/#article","isPartOf":{"@id":"https:\/\/brasilnoticias.org\/site\/pf-prende-prefeito-no-amazonas-por-suspeita-de-corrupcao\/"},"author":{"name":"Reda\u00e7\u00e3o","@id":"https:\/\/brasilnoticias.org\/site\/#\/schema\/person\/03bbbfe6c7634ad18c26444ea39049fa"},"headline":"PF prende prefeito no Amazonas por suspeita de corrup\u00e7\u00e3o","datePublished":"2024-01-10T00:43:29+00:00","mainEntityOfPage":{"@id":"https:\/\/brasilnoticias.org\/site\/pf-prende-prefeito-no-amazonas-por-suspeita-de-corrupcao\/"},"wordCount":207,"commentCount":0,"publisher":{"@id":"https:\/\/brasilnoticias.org\/site\/#organization"},"image":{"@id":"https:\/\/brasilnoticias.org\/site\/pf-prende-prefeito-no-amazonas-por-suspeita-de-corrupcao\/#primaryimage"},"thumbnailUrl":"https:\/\/brasilnoticias.org\/site\/wp-content\/uploads\/2024\/01\/145049pf-prende-prefeito-no-amazonas-por-suspeita-de-corrupcao-3.jpg","articleSection":["Pol\u00edtica","\u00daltimas"],"inLanguage":"pt-PT","potentialAction":[{"@type":"CommentAction","name":"Comment","target":["https:\/\/brasilnoticias.org\/site\/pf-prende-prefeito-no-amazonas-por-suspeita-de-corrupcao\/#respond"]}]},{"@type":"WebPage","@id":"https:\/\/brasilnoticias.org\/site\/pf-prende-prefeito-no-amazonas-por-suspeita-de-corrupcao\/","url":"https:\/\/brasilnoticias.org\/site\/pf-prende-prefeito-no-amazonas-por-suspeita-de-corrupcao\/","name":"PF prende prefeito no Amazonas por suspeita de corrup\u00e7\u00e3o - Brasil not\u00edcias","isPartOf":{"@id":"https:\/\/brasilnoticias.org\/site\/#website"},"primaryImageOfPage":{"@id":"https:\/\/brasilnoticias.org\/site\/pf-prende-prefeito-no-amazonas-por-suspeita-de-corrupcao\/#primaryimage"},"image":{"@id":"https:\/\/brasilnoticias.org\/site\/pf-prende-prefeito-no-amazonas-por-suspeita-de-corrupcao\/#primaryimage"},"thumbnailUrl":"https:\/\/brasilnoticias.org\/site\/wp-content\/uploads\/2024\/01\/145049pf-prende-prefeito-no-amazonas-por-suspeita-de-corrupcao-3.jpg","datePublished":"2024-01-10T00:43:29+00:00","breadcrumb":{"@id":"https:\/\/brasilnoticias.org\/site\/pf-prende-prefeito-no-amazonas-por-suspeita-de-corrupcao\/#breadcrumb"},"inLanguage":"pt-PT","potentialAction":[{"@type":"ReadAction","target":["https:\/\/brasilnoticias.org\/site\/pf-prende-prefeito-no-amazonas-por-suspeita-de-corrupcao\/"]}]},{"@type":"ImageObject","inLanguage":"pt-PT","@id":"https:\/\/brasilnoticias.org\/site\/pf-prende-prefeito-no-amazonas-por-suspeita-de-corrupcao\/#primaryimage","url":"https:\/\/brasilnoticias.org\/site\/wp-content\/uploads\/2024\/01\/145049pf-prende-prefeito-no-amazonas-por-suspeita-de-corrupcao-3.jpg","contentUrl":"https:\/\/brasilnoticias.org\/site\/wp-content\/uploads\/2024\/01\/145049pf-prende-prefeito-no-amazonas-por-suspeita-de-corrupcao-3.jpg","width":1600,"height":752},{"@type":"BreadcrumbList","@id":"https:\/\/brasilnoticias.org\/site\/pf-prende-prefeito-no-amazonas-por-suspeita-de-corrupcao\/#breadcrumb","itemListElement":[{"@type":"ListItem","position":1,"name":"In\u00edcio","item":"https:\/\/brasilnoticias.org\/site\/"},{"@type":"ListItem","position":2,"name":"PF prende prefeito no Amazonas por suspeita de corrup\u00e7\u00e3o"}]},{"@type":"WebSite","@id":"https:\/\/brasilnoticias.org\/site\/#website","url":"https:\/\/brasilnoticias.org\/site\/","name":"Brasil not\u00edcias","description":"Brasil not\u00edcias","publisher":{"@id":"https:\/\/brasilnoticias.org\/site\/#organization"},"potentialAction":[{"@type":"SearchAction","target":{"@type":"EntryPoint","urlTemplate":"https:\/\/brasilnoticias.org\/site\/?s={search_term_string}"},"query-input":{"@type":"PropertyValueSpecification","valueRequired":true,"valueName":"search_term_string"}}],"inLanguage":"pt-PT"},{"@type":"Organization","@id":"https:\/\/brasilnoticias.org\/site\/#organization","name":"Brasil not\u00edcias","url":"https:\/\/brasilnoticias.org\/site\/","logo":{"@type":"ImageObject","inLanguage":"pt-PT","@id":"https:\/\/brasilnoticias.org\/site\/#\/schema\/logo\/image\/","url":"https:\/\/brasilnoticias.org\/site\/wp-content\/uploads\/2022\/05\/cropped-brasilnoticias-mini.jpg","contentUrl":"https:\/\/brasilnoticias.org\/site\/wp-content\/uploads\/2022\/05\/cropped-brasilnoticias-mini.jpg","width":314,"height":86,"caption":"Brasil not\u00edcias"},"image":{"@id":"https:\/\/brasilnoticias.org\/site\/#\/schema\/logo\/image\/"}},{"@type":"Person","@id":"https:\/\/brasilnoticias.org\/site\/#\/schema\/person\/03bbbfe6c7634ad18c26444ea39049fa","name":"Reda\u00e7\u00e3o","image":{"@type":"ImageObject","inLanguage":"pt-PT","@id":"https:\/\/brasilnoticias.org\/site\/#\/schema\/person\/image\/","url":"https:\/\/secure.gravatar.com\/avatar\/9ecaf7327a696cb23ad926fedded5f1f04d7049de9e445375d55b48c001a6e42?s=96&d=mm&r=g","contentUrl":"https:\/\/secure.gravatar.com\/avatar\/9ecaf7327a696cb23ad926fedded5f1f04d7049de9e445375d55b48c001a6e42?s=96&d=mm&r=g","caption":"Reda\u00e7\u00e3o"},"url":"https:\/\/brasilnoticias.org\/site\/author\/henrique\/"}]}},"_links":{"self":[{"href":"https:\/\/brasilnoticias.org\/site\/wp-json\/wp\/v2\/posts\/12102","targetHints":{"allow":["GET"]}}],"collection":[{"href":"https:\/\/brasilnoticias.org\/site\/wp-json\/wp\/v2\/posts"}],"about":[{"href":"https:\/\/brasilnoticias.org\/site\/wp-json\/wp\/v2\/types\/post"}],"author":[{"embeddable":true,"href":"https:\/\/brasilnoticias.org\/site\/wp-json\/wp\/v2\/users\/4"}],"replies":[{"embeddable":true,"href":"https:\/\/brasilnoticias.org\/site\/wp-json\/wp\/v2\/comments?post=12102"}],"version-history":[{"count":1,"href":"https:\/\/brasilnoticias.org\/site\/wp-json\/wp\/v2\/posts\/12102\/revisions"}],"predecessor-version":[{"id":12104,"href":"https:\/\/brasilnoticias.org\/site\/wp-json\/wp\/v2\/posts\/12102\/revisions\/12104"}],"wp:featuredmedia":[{"embeddable":true,"href":"https:\/\/brasilnoticias.org\/site\/wp-json\/wp\/v2\/media\/12103"}],"wp:attachment":[{"href":"https:\/\/brasilnoticias.org\/site\/wp-json\/wp\/v2\/media?parent=12102"}],"wp:term":[{"taxonomy":"category","embeddable":true,"href":"https:\/\/brasilnoticias.org\/site\/wp-json\/wp\/v2\/categories?post=12102"},{"taxonomy":"post_tag","embeddable":true,"href":"https:\/\/brasilnoticias.org\/site\/wp-json\/wp\/v2\/tags?post=12102"}],"curies":[{"name":"wp","href":"https:\/\/api.w.org\/{rel}","templated":true}]}}