{"id":1212,"date":"2022-08-18T12:07:43","date_gmt":"2022-08-18T15:07:43","guid":{"rendered":"https:\/\/brasilnoticias.org\/site\/?p=1212"},"modified":"2022-08-18T12:07:43","modified_gmt":"2022-08-18T15:07:43","slug":"justica-arquiva-investigacao-contra-domicilio-eleitoral-do-ex-ministro-tarcisio-de-freitas","status":"publish","type":"post","link":"https:\/\/brasilnoticias.org\/site\/justica-arquiva-investigacao-contra-domicilio-eleitoral-do-ex-ministro-tarcisio-de-freitas\/","title":{"rendered":"JUSTI\u00c7A ARQUIVA INVESTIGA\u00c7\u00c3O CONTRA DOMIC\u00cdLIO ELEITORAL DO EX-MINISTRO TARC\u00cdSIO DE FREITAS"},"content":{"rendered":"<div>Coordenador jur\u00eddico da campanha do ex-ministro, o advogado baiano Tiago Ayres disse que os v\u00ednculos de\u00a0<a href=\"https:\/\/www.bnews.com.br\/tags\/tarcisio-freitas_1\" target=\"_blank\" rel=\"noopener\">Tarc\u00edsio<\/a>\u00a0com SP s\u00e3o \u201cs\u00e9rios, fortes e inequ\u00edvocos\u201d<\/div>\n<div><\/div>\n<div><\/div>\n<div>O Tribunal Regional Eleitoral de S\u00e3o Paulo (TRE-SP) arquivou a investiga\u00e7\u00e3o contra o domic\u00edlio eleitoral de Tarc\u00edsio de Freitas (Republicanos), que concorre ao governo paulista. Ele morava em Bras\u00edlia, mas se mudou para S\u00e3o Paulo para disputar a elei\u00e7\u00e3o.<\/div>\n<div><\/div>\n<div>De acordo com informa\u00e7\u00f5es de O Globo, o juiz eleitoral Marcos Alexandre Bronzatto Pagan acatou a manifesta\u00e7\u00e3o do Minist\u00e9rio P\u00fablico Eleitoral (MPE) recomendando o arquivamento do inqu\u00e9rito policial contra a mudan\u00e7a de Tarc\u00edsio.<\/div>\n<div><\/div>\n<div>A reportagem ressalta que o promotor eleitoral Luiz Fernando Guedes Ambrogi entendeu que as investiga\u00e7\u00f5es n\u00e3o trouxeram \u201celementos seguros a justificar o prosseguimento do inqu\u00e9rito, muito menos eventual propositura de a\u00e7\u00e3o penal\u201d.<\/div>\n<div><\/div>\n<div>Segundo O Globo, a apura\u00e7\u00e3o que buscava irregularidades era decorrente de uma reportagem feita pelo jornal Folha de S.Paulo. A mat\u00e9ria assegurava que Tarc\u00edsio n\u00e3o morava no im\u00f3vel indicado \u00e0 Justi\u00e7a Eleitoral em S\u00e3o Jos\u00e9 dos Campos, no Vale do Para\u00edba. \u201cEntretanto, em nenhum momento Tarc\u00edsio Gomes de Freitas disse que residiria em S\u00e3o Jos\u00e9 dos Campos\u201d, cita o pedido de arquivamento do MPE.<\/div>\n<div><\/div>\n<div>\u201cPara fins de fixa\u00e7\u00e3o do domic\u00edlio eleitoral no alistamento e na transfer\u00eancia, dever\u00e1 ser comprovada a exist\u00eancia de v\u00ednculo residencial, afetivo, familiar, profissional, comunit\u00e1rio ou de outra natureza que justifique a escolha do munic\u00edpio\u201d, disse Ambrogi.<\/div>\n<div><\/div>\n<div>Para o promotor, a lei n\u00e3o exige comprova\u00e7\u00e3o de que a pessoa tenha nascido no local ou habite no endere\u00e7o por longos anos, mas apenas mostre o \u201cv\u00ednculo residencial ou qualquer outro v\u00ednculo\u201d.<\/div>\n<div><\/div>\n<div>Tarc\u00edsio afirmou que sua transfer\u00eancia de domic\u00edlio para S\u00e3o Jos\u00e9 dos Campos foi por conta da fam\u00edlia que mora na cidade \u201ch\u00e1 mais de 20 anos\u201d.<\/div>\n<div><\/div>\n<div>Em nota, o advogado baiano Tiago Ayres, coordenador jur\u00eddico da campanha do ex-ministro da Infraestrutura, disse que os questionamentos sobre o domic\u00edlio eleitoral de Tarc\u00edsio por advers\u00e1rios do bolsonarista \u201cserviram para confirmar o \u00f3bvio (\u2026), os requisitos para a fixa\u00e7\u00e3o do domic\u00edlio eleitoral, objetivos e subjetivos, foram integralmente cumpridos\u201d e que os v\u00ednculos de Tarc\u00edsio com S\u00e3o Paulo s\u00e3o \u201cs\u00e9rios, fortes e inequ\u00edvocos\u201d.<\/div>\n<div><\/div>\n<div>Os opositores de Tarc\u00edsio, Fernando Haddad (PT) e o governador Rodrigo Garcia (PSDB) costumam mencionar o que consideram uma falta de identifica\u00e7\u00e3o do ex-ministro com as terras paulistas.<\/div>\n","protected":false},"excerpt":{"rendered":"<p>Coordenador jur\u00eddico da campanha do ex-ministro, o advogado baiano Tiago Ayres disse que os v\u00ednculos de\u00a0Tarc\u00edsio\u00a0com SP s\u00e3o \u201cs\u00e9rios, fortes<\/p>\n","protected":false},"author":2,"featured_media":1213,"comment_status":"open","ping_status":"open","sticky":false,"template":"","format":"standard","meta":{"colormag_page_container_layout":"default_layout","colormag_page_sidebar_layout":"default_layout","_FSMCFIC_featured_image_caption":"","_FSMCFIC_featured_image_nocaption":"","_FSMCFIC_featured_image_hide":"","footnotes":""},"categories":[7,1],"tags":[],"class_list":["post-1212","post","type-post","status-publish","format-standard","has-post-thumbnail","hentry","category-justica","category-ultimas"],"yoast_head":"<!-- This site is optimized with the Yoast SEO plugin v27.1.1 - https:\/\/yoast.com\/product\/yoast-seo-wordpress\/ -->\n<title>JUSTI\u00c7A ARQUIVA INVESTIGA\u00c7\u00c3O CONTRA DOMIC\u00cdLIO ELEITORAL DO EX-MINISTRO TARC\u00cdSIO DE FREITAS - Brasil not\u00edcias<\/title>\n<meta name=\"robots\" content=\"index, follow, max-snippet:-1, max-image-preview:large, max-video-preview:-1\" \/>\n<link rel=\"canonical\" href=\"https:\/\/brasilnoticias.org\/site\/justica-arquiva-investigacao-contra-domicilio-eleitoral-do-ex-ministro-tarcisio-de-freitas\/\" \/>\n<meta property=\"og:locale\" content=\"pt_PT\" \/>\n<meta property=\"og:type\" content=\"article\" \/>\n<meta property=\"og:title\" content=\"JUSTI\u00c7A ARQUIVA INVESTIGA\u00c7\u00c3O CONTRA DOMIC\u00cdLIO ELEITORAL DO EX-MINISTRO TARC\u00cdSIO DE FREITAS - Brasil not\u00edcias\" \/>\n<meta property=\"og:description\" content=\"Coordenador jur\u00eddico da campanha do ex-ministro, o advogado baiano Tiago Ayres disse que os v\u00ednculos de\u00a0Tarc\u00edsio\u00a0com SP s\u00e3o \u201cs\u00e9rios, fortes\" \/>\n<meta property=\"og:url\" content=\"https:\/\/brasilnoticias.org\/site\/justica-arquiva-investigacao-contra-domicilio-eleitoral-do-ex-ministro-tarcisio-de-freitas\/\" \/>\n<meta property=\"og:site_name\" content=\"Brasil not\u00edcias\" \/>\n<meta property=\"article:published_time\" content=\"2022-08-18T15:07:43+00:00\" \/>\n<meta property=\"og:image\" content=\"https:\/\/brasilnoticias.org\/site\/wp-content\/uploads\/2022\/08\/tarcisio_diz_que_governo_doria_foi_desastre_e_faz_revelacao_sobre_eventual_derrota_de_bolsonaro_nas_eleicoes_foto_wilson_dias_agencia_brasil_widelg_widelg_widelg.jpg\" \/>\n\t<meta property=\"og:image:width\" content=\"800\" \/>\n\t<meta property=\"og:image:height\" content=\"450\" \/>\n\t<meta property=\"og:image:type\" content=\"image\/jpeg\" \/>\n<meta name=\"author\" content=\"Reda\u00e7\u00e3o\" \/>\n<meta name=\"twitter:card\" content=\"summary_large_image\" \/>\n<meta name=\"twitter:label1\" content=\"Escrito por\" \/>\n\t<meta name=\"twitter:data1\" content=\"Reda\u00e7\u00e3o\" \/>\n\t<meta name=\"twitter:label2\" content=\"Tempo estimado de leitura\" \/>\n\t<meta name=\"twitter:data2\" content=\"2 minutos\" \/>\n<script type=\"application\/ld+json\" class=\"yoast-schema-graph\">{\"@context\":\"https:\/\/schema.org\",\"@graph\":[{\"@type\":\"Article\",\"@id\":\"https:\/\/brasilnoticias.org\/site\/justica-arquiva-investigacao-contra-domicilio-eleitoral-do-ex-ministro-tarcisio-de-freitas\/#article\",\"isPartOf\":{\"@id\":\"https:\/\/brasilnoticias.org\/site\/justica-arquiva-investigacao-contra-domicilio-eleitoral-do-ex-ministro-tarcisio-de-freitas\/\"},\"author\":{\"name\":\"Reda\u00e7\u00e3o\",\"@id\":\"https:\/\/brasilnoticias.org\/site\/#\/schema\/person\/f609fa847b5314f1c8b983342f34c798\"},\"headline\":\"JUSTI\u00c7A ARQUIVA INVESTIGA\u00c7\u00c3O CONTRA DOMIC\u00cdLIO ELEITORAL DO EX-MINISTRO TARC\u00cdSIO DE FREITAS\",\"datePublished\":\"2022-08-18T15:07:43+00:00\",\"mainEntityOfPage\":{\"@id\":\"https:\/\/brasilnoticias.org\/site\/justica-arquiva-investigacao-contra-domicilio-eleitoral-do-ex-ministro-tarcisio-de-freitas\/\"},\"wordCount\":456,\"commentCount\":0,\"publisher\":{\"@id\":\"https:\/\/brasilnoticias.org\/site\/#organization\"},\"image\":{\"@id\":\"https:\/\/brasilnoticias.org\/site\/justica-arquiva-investigacao-contra-domicilio-eleitoral-do-ex-ministro-tarcisio-de-freitas\/#primaryimage\"},\"thumbnailUrl\":\"https:\/\/brasilnoticias.org\/site\/wp-content\/uploads\/2022\/08\/tarcisio_diz_que_governo_doria_foi_desastre_e_faz_revelacao_sobre_eventual_derrota_de_bolsonaro_nas_eleicoes_foto_wilson_dias_agencia_brasil_widelg_widelg_widelg.jpg\",\"articleSection\":[\"Justi\u00e7a\",\"\u00daltimas\"],\"inLanguage\":\"pt-PT\",\"potentialAction\":[{\"@type\":\"CommentAction\",\"name\":\"Comment\",\"target\":[\"https:\/\/brasilnoticias.org\/site\/justica-arquiva-investigacao-contra-domicilio-eleitoral-do-ex-ministro-tarcisio-de-freitas\/#respond\"]}]},{\"@type\":\"WebPage\",\"@id\":\"https:\/\/brasilnoticias.org\/site\/justica-arquiva-investigacao-contra-domicilio-eleitoral-do-ex-ministro-tarcisio-de-freitas\/\",\"url\":\"https:\/\/brasilnoticias.org\/site\/justica-arquiva-investigacao-contra-domicilio-eleitoral-do-ex-ministro-tarcisio-de-freitas\/\",\"name\":\"JUSTI\u00c7A ARQUIVA INVESTIGA\u00c7\u00c3O CONTRA DOMIC\u00cdLIO ELEITORAL DO EX-MINISTRO TARC\u00cdSIO DE FREITAS - Brasil not\u00edcias\",\"isPartOf\":{\"@id\":\"https:\/\/brasilnoticias.org\/site\/#website\"},\"primaryImageOfPage\":{\"@id\":\"https:\/\/brasilnoticias.org\/site\/justica-arquiva-investigacao-contra-domicilio-eleitoral-do-ex-ministro-tarcisio-de-freitas\/#primaryimage\"},\"image\":{\"@id\":\"https:\/\/brasilnoticias.org\/site\/justica-arquiva-investigacao-contra-domicilio-eleitoral-do-ex-ministro-tarcisio-de-freitas\/#primaryimage\"},\"thumbnailUrl\":\"https:\/\/brasilnoticias.org\/site\/wp-content\/uploads\/2022\/08\/tarcisio_diz_que_governo_doria_foi_desastre_e_faz_revelacao_sobre_eventual_derrota_de_bolsonaro_nas_eleicoes_foto_wilson_dias_agencia_brasil_widelg_widelg_widelg.jpg\",\"datePublished\":\"2022-08-18T15:07:43+00:00\",\"breadcrumb\":{\"@id\":\"https:\/\/brasilnoticias.org\/site\/justica-arquiva-investigacao-contra-domicilio-eleitoral-do-ex-ministro-tarcisio-de-freitas\/#breadcrumb\"},\"inLanguage\":\"pt-PT\",\"potentialAction\":[{\"@type\":\"ReadAction\",\"target\":[\"https:\/\/brasilnoticias.org\/site\/justica-arquiva-investigacao-contra-domicilio-eleitoral-do-ex-ministro-tarcisio-de-freitas\/\"]}]},{\"@type\":\"ImageObject\",\"inLanguage\":\"pt-PT\",\"@id\":\"https:\/\/brasilnoticias.org\/site\/justica-arquiva-investigacao-contra-domicilio-eleitoral-do-ex-ministro-tarcisio-de-freitas\/#primaryimage\",\"url\":\"https:\/\/brasilnoticias.org\/site\/wp-content\/uploads\/2022\/08\/tarcisio_diz_que_governo_doria_foi_desastre_e_faz_revelacao_sobre_eventual_derrota_de_bolsonaro_nas_eleicoes_foto_wilson_dias_agencia_brasil_widelg_widelg_widelg.jpg\",\"contentUrl\":\"https:\/\/brasilnoticias.org\/site\/wp-content\/uploads\/2022\/08\/tarcisio_diz_que_governo_doria_foi_desastre_e_faz_revelacao_sobre_eventual_derrota_de_bolsonaro_nas_eleicoes_foto_wilson_dias_agencia_brasil_widelg_widelg_widelg.jpg\",\"width\":800,\"height\":450},{\"@type\":\"BreadcrumbList\",\"@id\":\"https:\/\/brasilnoticias.org\/site\/justica-arquiva-investigacao-contra-domicilio-eleitoral-do-ex-ministro-tarcisio-de-freitas\/#breadcrumb\",\"itemListElement\":[{\"@type\":\"ListItem\",\"position\":1,\"name\":\"In\u00edcio\",\"item\":\"https:\/\/brasilnoticias.org\/site\/\"},{\"@type\":\"ListItem\",\"position\":2,\"name\":\"JUSTI\u00c7A ARQUIVA INVESTIGA\u00c7\u00c3O CONTRA DOMIC\u00cdLIO ELEITORAL DO EX-MINISTRO TARC\u00cdSIO DE FREITAS\"}]},{\"@type\":\"WebSite\",\"@id\":\"https:\/\/brasilnoticias.org\/site\/#website\",\"url\":\"https:\/\/brasilnoticias.org\/site\/\",\"name\":\"Brasil not\u00edcias\",\"description\":\"Brasil not\u00edcias\",\"publisher\":{\"@id\":\"https:\/\/brasilnoticias.org\/site\/#organization\"},\"potentialAction\":[{\"@type\":\"SearchAction\",\"target\":{\"@type\":\"EntryPoint\",\"urlTemplate\":\"https:\/\/brasilnoticias.org\/site\/?s={search_term_string}\"},\"query-input\":{\"@type\":\"PropertyValueSpecification\",\"valueRequired\":true,\"valueName\":\"search_term_string\"}}],\"inLanguage\":\"pt-PT\"},{\"@type\":\"Organization\",\"@id\":\"https:\/\/brasilnoticias.org\/site\/#organization\",\"name\":\"Brasil not\u00edcias\",\"url\":\"https:\/\/brasilnoticias.org\/site\/\",\"logo\":{\"@type\":\"ImageObject\",\"inLanguage\":\"pt-PT\",\"@id\":\"https:\/\/brasilnoticias.org\/site\/#\/schema\/logo\/image\/\",\"url\":\"https:\/\/brasilnoticias.org\/site\/wp-content\/uploads\/2022\/05\/cropped-brasilnoticias-mini.jpg\",\"contentUrl\":\"https:\/\/brasilnoticias.org\/site\/wp-content\/uploads\/2022\/05\/cropped-brasilnoticias-mini.jpg\",\"width\":314,\"height\":86,\"caption\":\"Brasil not\u00edcias\"},\"image\":{\"@id\":\"https:\/\/brasilnoticias.org\/site\/#\/schema\/logo\/image\/\"}},{\"@type\":\"Person\",\"@id\":\"https:\/\/brasilnoticias.org\/site\/#\/schema\/person\/f609fa847b5314f1c8b983342f34c798\",\"name\":\"Reda\u00e7\u00e3o\",\"image\":{\"@type\":\"ImageObject\",\"inLanguage\":\"pt-PT\",\"@id\":\"https:\/\/brasilnoticias.org\/site\/#\/schema\/person\/image\/\",\"url\":\"https:\/\/secure.gravatar.com\/avatar\/447284c06c1ad8b46465a36de9cd0d8326b73387a22799b8b1ffb1fbcff2ed0c?s=96&d=mm&r=g\",\"contentUrl\":\"https:\/\/secure.gravatar.com\/avatar\/447284c06c1ad8b46465a36de9cd0d8326b73387a22799b8b1ffb1fbcff2ed0c?s=96&d=mm&r=g\",\"caption\":\"Reda\u00e7\u00e3o\"},\"url\":\"https:\/\/brasilnoticias.org\/site\/author\/redacao\/\"}]}<\/script>\n<!-- \/ Yoast SEO plugin. -->","yoast_head_json":{"title":"JUSTI\u00c7A ARQUIVA INVESTIGA\u00c7\u00c3O CONTRA DOMIC\u00cdLIO ELEITORAL DO EX-MINISTRO TARC\u00cdSIO DE FREITAS - Brasil not\u00edcias","robots":{"index":"index","follow":"follow","max-snippet":"max-snippet:-1","max-image-preview":"max-image-preview:large","max-video-preview":"max-video-preview:-1"},"canonical":"https:\/\/brasilnoticias.org\/site\/justica-arquiva-investigacao-contra-domicilio-eleitoral-do-ex-ministro-tarcisio-de-freitas\/","og_locale":"pt_PT","og_type":"article","og_title":"JUSTI\u00c7A ARQUIVA INVESTIGA\u00c7\u00c3O CONTRA DOMIC\u00cdLIO ELEITORAL DO EX-MINISTRO TARC\u00cdSIO DE FREITAS - Brasil not\u00edcias","og_description":"Coordenador jur\u00eddico da campanha do ex-ministro, o advogado baiano Tiago Ayres disse que os v\u00ednculos de\u00a0Tarc\u00edsio\u00a0com SP s\u00e3o \u201cs\u00e9rios, fortes","og_url":"https:\/\/brasilnoticias.org\/site\/justica-arquiva-investigacao-contra-domicilio-eleitoral-do-ex-ministro-tarcisio-de-freitas\/","og_site_name":"Brasil not\u00edcias","article_published_time":"2022-08-18T15:07:43+00:00","og_image":[{"width":800,"height":450,"url":"https:\/\/brasilnoticias.org\/site\/wp-content\/uploads\/2022\/08\/tarcisio_diz_que_governo_doria_foi_desastre_e_faz_revelacao_sobre_eventual_derrota_de_bolsonaro_nas_eleicoes_foto_wilson_dias_agencia_brasil_widelg_widelg_widelg.jpg","type":"image\/jpeg"}],"author":"Reda\u00e7\u00e3o","twitter_card":"summary_large_image","twitter_misc":{"Escrito por":"Reda\u00e7\u00e3o","Tempo estimado de leitura":"2 minutos"},"schema":{"@context":"https:\/\/schema.org","@graph":[{"@type":"Article","@id":"https:\/\/brasilnoticias.org\/site\/justica-arquiva-investigacao-contra-domicilio-eleitoral-do-ex-ministro-tarcisio-de-freitas\/#article","isPartOf":{"@id":"https:\/\/brasilnoticias.org\/site\/justica-arquiva-investigacao-contra-domicilio-eleitoral-do-ex-ministro-tarcisio-de-freitas\/"},"author":{"name":"Reda\u00e7\u00e3o","@id":"https:\/\/brasilnoticias.org\/site\/#\/schema\/person\/f609fa847b5314f1c8b983342f34c798"},"headline":"JUSTI\u00c7A ARQUIVA INVESTIGA\u00c7\u00c3O CONTRA DOMIC\u00cdLIO ELEITORAL DO EX-MINISTRO TARC\u00cdSIO DE FREITAS","datePublished":"2022-08-18T15:07:43+00:00","mainEntityOfPage":{"@id":"https:\/\/brasilnoticias.org\/site\/justica-arquiva-investigacao-contra-domicilio-eleitoral-do-ex-ministro-tarcisio-de-freitas\/"},"wordCount":456,"commentCount":0,"publisher":{"@id":"https:\/\/brasilnoticias.org\/site\/#organization"},"image":{"@id":"https:\/\/brasilnoticias.org\/site\/justica-arquiva-investigacao-contra-domicilio-eleitoral-do-ex-ministro-tarcisio-de-freitas\/#primaryimage"},"thumbnailUrl":"https:\/\/brasilnoticias.org\/site\/wp-content\/uploads\/2022\/08\/tarcisio_diz_que_governo_doria_foi_desastre_e_faz_revelacao_sobre_eventual_derrota_de_bolsonaro_nas_eleicoes_foto_wilson_dias_agencia_brasil_widelg_widelg_widelg.jpg","articleSection":["Justi\u00e7a","\u00daltimas"],"inLanguage":"pt-PT","potentialAction":[{"@type":"CommentAction","name":"Comment","target":["https:\/\/brasilnoticias.org\/site\/justica-arquiva-investigacao-contra-domicilio-eleitoral-do-ex-ministro-tarcisio-de-freitas\/#respond"]}]},{"@type":"WebPage","@id":"https:\/\/brasilnoticias.org\/site\/justica-arquiva-investigacao-contra-domicilio-eleitoral-do-ex-ministro-tarcisio-de-freitas\/","url":"https:\/\/brasilnoticias.org\/site\/justica-arquiva-investigacao-contra-domicilio-eleitoral-do-ex-ministro-tarcisio-de-freitas\/","name":"JUSTI\u00c7A ARQUIVA INVESTIGA\u00c7\u00c3O CONTRA DOMIC\u00cdLIO ELEITORAL DO EX-MINISTRO TARC\u00cdSIO DE FREITAS - Brasil not\u00edcias","isPartOf":{"@id":"https:\/\/brasilnoticias.org\/site\/#website"},"primaryImageOfPage":{"@id":"https:\/\/brasilnoticias.org\/site\/justica-arquiva-investigacao-contra-domicilio-eleitoral-do-ex-ministro-tarcisio-de-freitas\/#primaryimage"},"image":{"@id":"https:\/\/brasilnoticias.org\/site\/justica-arquiva-investigacao-contra-domicilio-eleitoral-do-ex-ministro-tarcisio-de-freitas\/#primaryimage"},"thumbnailUrl":"https:\/\/brasilnoticias.org\/site\/wp-content\/uploads\/2022\/08\/tarcisio_diz_que_governo_doria_foi_desastre_e_faz_revelacao_sobre_eventual_derrota_de_bolsonaro_nas_eleicoes_foto_wilson_dias_agencia_brasil_widelg_widelg_widelg.jpg","datePublished":"2022-08-18T15:07:43+00:00","breadcrumb":{"@id":"https:\/\/brasilnoticias.org\/site\/justica-arquiva-investigacao-contra-domicilio-eleitoral-do-ex-ministro-tarcisio-de-freitas\/#breadcrumb"},"inLanguage":"pt-PT","potentialAction":[{"@type":"ReadAction","target":["https:\/\/brasilnoticias.org\/site\/justica-arquiva-investigacao-contra-domicilio-eleitoral-do-ex-ministro-tarcisio-de-freitas\/"]}]},{"@type":"ImageObject","inLanguage":"pt-PT","@id":"https:\/\/brasilnoticias.org\/site\/justica-arquiva-investigacao-contra-domicilio-eleitoral-do-ex-ministro-tarcisio-de-freitas\/#primaryimage","url":"https:\/\/brasilnoticias.org\/site\/wp-content\/uploads\/2022\/08\/tarcisio_diz_que_governo_doria_foi_desastre_e_faz_revelacao_sobre_eventual_derrota_de_bolsonaro_nas_eleicoes_foto_wilson_dias_agencia_brasil_widelg_widelg_widelg.jpg","contentUrl":"https:\/\/brasilnoticias.org\/site\/wp-content\/uploads\/2022\/08\/tarcisio_diz_que_governo_doria_foi_desastre_e_faz_revelacao_sobre_eventual_derrota_de_bolsonaro_nas_eleicoes_foto_wilson_dias_agencia_brasil_widelg_widelg_widelg.jpg","width":800,"height":450},{"@type":"BreadcrumbList","@id":"https:\/\/brasilnoticias.org\/site\/justica-arquiva-investigacao-contra-domicilio-eleitoral-do-ex-ministro-tarcisio-de-freitas\/#breadcrumb","itemListElement":[{"@type":"ListItem","position":1,"name":"In\u00edcio","item":"https:\/\/brasilnoticias.org\/site\/"},{"@type":"ListItem","position":2,"name":"JUSTI\u00c7A ARQUIVA INVESTIGA\u00c7\u00c3O CONTRA DOMIC\u00cdLIO ELEITORAL DO EX-MINISTRO TARC\u00cdSIO DE FREITAS"}]},{"@type":"WebSite","@id":"https:\/\/brasilnoticias.org\/site\/#website","url":"https:\/\/brasilnoticias.org\/site\/","name":"Brasil not\u00edcias","description":"Brasil not\u00edcias","publisher":{"@id":"https:\/\/brasilnoticias.org\/site\/#organization"},"potentialAction":[{"@type":"SearchAction","target":{"@type":"EntryPoint","urlTemplate":"https:\/\/brasilnoticias.org\/site\/?s={search_term_string}"},"query-input":{"@type":"PropertyValueSpecification","valueRequired":true,"valueName":"search_term_string"}}],"inLanguage":"pt-PT"},{"@type":"Organization","@id":"https:\/\/brasilnoticias.org\/site\/#organization","name":"Brasil not\u00edcias","url":"https:\/\/brasilnoticias.org\/site\/","logo":{"@type":"ImageObject","inLanguage":"pt-PT","@id":"https:\/\/brasilnoticias.org\/site\/#\/schema\/logo\/image\/","url":"https:\/\/brasilnoticias.org\/site\/wp-content\/uploads\/2022\/05\/cropped-brasilnoticias-mini.jpg","contentUrl":"https:\/\/brasilnoticias.org\/site\/wp-content\/uploads\/2022\/05\/cropped-brasilnoticias-mini.jpg","width":314,"height":86,"caption":"Brasil not\u00edcias"},"image":{"@id":"https:\/\/brasilnoticias.org\/site\/#\/schema\/logo\/image\/"}},{"@type":"Person","@id":"https:\/\/brasilnoticias.org\/site\/#\/schema\/person\/f609fa847b5314f1c8b983342f34c798","name":"Reda\u00e7\u00e3o","image":{"@type":"ImageObject","inLanguage":"pt-PT","@id":"https:\/\/brasilnoticias.org\/site\/#\/schema\/person\/image\/","url":"https:\/\/secure.gravatar.com\/avatar\/447284c06c1ad8b46465a36de9cd0d8326b73387a22799b8b1ffb1fbcff2ed0c?s=96&d=mm&r=g","contentUrl":"https:\/\/secure.gravatar.com\/avatar\/447284c06c1ad8b46465a36de9cd0d8326b73387a22799b8b1ffb1fbcff2ed0c?s=96&d=mm&r=g","caption":"Reda\u00e7\u00e3o"},"url":"https:\/\/brasilnoticias.org\/site\/author\/redacao\/"}]}},"_links":{"self":[{"href":"https:\/\/brasilnoticias.org\/site\/wp-json\/wp\/v2\/posts\/1212","targetHints":{"allow":["GET"]}}],"collection":[{"href":"https:\/\/brasilnoticias.org\/site\/wp-json\/wp\/v2\/posts"}],"about":[{"href":"https:\/\/brasilnoticias.org\/site\/wp-json\/wp\/v2\/types\/post"}],"author":[{"embeddable":true,"href":"https:\/\/brasilnoticias.org\/site\/wp-json\/wp\/v2\/users\/2"}],"replies":[{"embeddable":true,"href":"https:\/\/brasilnoticias.org\/site\/wp-json\/wp\/v2\/comments?post=1212"}],"version-history":[{"count":1,"href":"https:\/\/brasilnoticias.org\/site\/wp-json\/wp\/v2\/posts\/1212\/revisions"}],"predecessor-version":[{"id":1214,"href":"https:\/\/brasilnoticias.org\/site\/wp-json\/wp\/v2\/posts\/1212\/revisions\/1214"}],"wp:featuredmedia":[{"embeddable":true,"href":"https:\/\/brasilnoticias.org\/site\/wp-json\/wp\/v2\/media\/1213"}],"wp:attachment":[{"href":"https:\/\/brasilnoticias.org\/site\/wp-json\/wp\/v2\/media?parent=1212"}],"wp:term":[{"taxonomy":"category","embeddable":true,"href":"https:\/\/brasilnoticias.org\/site\/wp-json\/wp\/v2\/categories?post=1212"},{"taxonomy":"post_tag","embeddable":true,"href":"https:\/\/brasilnoticias.org\/site\/wp-json\/wp\/v2\/tags?post=1212"}],"curies":[{"name":"wp","href":"https:\/\/api.w.org\/{rel}","templated":true}]}}