{"id":12123,"date":"2024-01-11T15:22:39","date_gmt":"2024-01-11T18:22:39","guid":{"rendered":"https:\/\/brasilnoticias.org\/site\/?p=12123"},"modified":"2024-01-11T15:22:39","modified_gmt":"2024-01-11T18:22:39","slug":"lula-anuncia-ricardo-lewandowski-como-novo-ministro-da-justica","status":"publish","type":"post","link":"https:\/\/brasilnoticias.org\/site\/lula-anuncia-ricardo-lewandowski-como-novo-ministro-da-justica\/","title":{"rendered":"Lula anuncia Ricardo Lewandowski como novo ministro da Justi\u00e7a"},"content":{"rendered":"<p>Confirma\u00e7\u00e3o foi eita nesta quinta-feira (11), no Pal\u00e1cio do Planalto<\/p>\n<p>O presidente Luiz In\u00e1cio Lula da Silva (PT) confirmou nesta quinta-feira (11) que o ministro aposentado do Supremo Tribunal Federal (STF) Ricardo Lewandowski vai assumir a chefia do Minist\u00e9rio da Justi\u00e7a e Seguran\u00e7a P\u00fablica.<\/p>\n<p>O an\u00fancio foi feito por Lula no Pal\u00e1cio do Planalto. Lewandowski vai suceder Fl\u00e1vio Dino, que foi nomeado por Lula e aprovado pelo Senado como novo ministro do STF. <\/p>\n<p>Durante o an\u00fancio, o presidente estava acompanhado por Lewandowski, Dino e a primeira-dama, Janja da Silva. De acordo com o presidente, a nomea\u00e7\u00e3o ser\u00e1 publicada no dia 19 de janeiro e o novo ministro tomar\u00e1 posse em 1\u00ba de fevereiro.<\/p>\n<p>Lula afirmou ainda que dar\u00e1 autonomia para que o novo indicado monte a pr\u00f3pria equipe na Justi\u00e7a, e definiu sua passagem como ministro da Corte como \u201cextraordin\u00e1ria\u201d. &#8220;Eu acho que ganha o Minist\u00e9rio da Justi\u00e7a, ganha a Suprema Corte e ganha o povo brasileiro com essa dupla que est\u00e1 aqui do meu lado, cada um na sua fun\u00e7\u00e3o&#8221;, declarou.<\/p>\n<p>Lewandowski se tornou ministro do STF em mar\u00e7o de 2006, nomeado por Lula, e se aposentou em abril de 2023, um m\u00eas antes de completar 75 anos, que \u00e9 a idade m\u00e1xima para o cargo. A vaga foi preenchida por Cristiano Zanin, o primeiro indicado de Lula. Em julho, o Minist\u00e9rio das Rela\u00e7\u00f5es Exteriores anunciou a nomea\u00e7\u00e3o de Lewandowski para o cargo de \u00e1rbitro do Tribunal Permanente de Revis\u00e3o do Mercosul.<\/p>\n<p>Foto: Ricardo Stuckert \/ PR<br \/>\nPor: Metro1<\/p>\n","protected":false},"excerpt":{"rendered":"<p>Confirma\u00e7\u00e3o foi eita nesta quinta-feira (11), no Pal\u00e1cio do Planalto O presidente Luiz In\u00e1cio Lula da Silva (PT) confirmou nesta<\/p>\n","protected":false},"author":4,"featured_media":12124,"comment_status":"open","ping_status":"open","sticky":false,"template":"","format":"standard","meta":{"colormag_page_container_layout":"default_layout","colormag_page_sidebar_layout":"default_layout","_FSMCFIC_featured_image_caption":"","_FSMCFIC_featured_image_nocaption":"","_FSMCFIC_featured_image_hide":"","footnotes":""},"categories":[5,1],"tags":[],"class_list":["post-12123","post","type-post","status-publish","format-standard","has-post-thumbnail","hentry","category-politica","category-ultimas"],"yoast_head":"<!-- This site is optimized with the Yoast SEO plugin v27.1.1 - https:\/\/yoast.com\/product\/yoast-seo-wordpress\/ -->\n<title>Lula anuncia Ricardo Lewandowski como novo ministro da Justi\u00e7a - Brasil not\u00edcias<\/title>\n<meta name=\"robots\" content=\"index, follow, max-snippet:-1, max-image-preview:large, max-video-preview:-1\" \/>\n<link rel=\"canonical\" href=\"https:\/\/brasilnoticias.org\/site\/lula-anuncia-ricardo-lewandowski-como-novo-ministro-da-justica\/\" \/>\n<meta property=\"og:locale\" content=\"pt_PT\" \/>\n<meta property=\"og:type\" content=\"article\" \/>\n<meta property=\"og:title\" content=\"Lula anuncia Ricardo Lewandowski como novo ministro da Justi\u00e7a - Brasil not\u00edcias\" \/>\n<meta property=\"og:description\" content=\"Confirma\u00e7\u00e3o foi eita nesta quinta-feira (11), no Pal\u00e1cio do Planalto O presidente Luiz In\u00e1cio Lula da Silva (PT) confirmou nesta\" \/>\n<meta property=\"og:url\" content=\"https:\/\/brasilnoticias.org\/site\/lula-anuncia-ricardo-lewandowski-como-novo-ministro-da-justica\/\" \/>\n<meta property=\"og:site_name\" content=\"Brasil not\u00edcias\" \/>\n<meta property=\"article:published_time\" content=\"2024-01-11T18:22:39+00:00\" \/>\n<meta property=\"og:image\" content=\"https:\/\/brasilnoticias.org\/site\/wp-content\/uploads\/2024\/01\/145102lula-anuncia-ricardo-lewandowski-como-novo-ministro-da-justica-3.jpg\" \/>\n\t<meta property=\"og:image:width\" content=\"1600\" \/>\n\t<meta property=\"og:image:height\" content=\"752\" \/>\n\t<meta property=\"og:image:type\" content=\"image\/jpeg\" \/>\n<meta name=\"author\" content=\"Reda\u00e7\u00e3o\" \/>\n<meta name=\"twitter:card\" content=\"summary_large_image\" \/>\n<meta name=\"twitter:label1\" content=\"Escrito por\" \/>\n\t<meta name=\"twitter:data1\" content=\"Reda\u00e7\u00e3o\" \/>\n\t<meta name=\"twitter:label2\" content=\"Tempo estimado de leitura\" \/>\n\t<meta name=\"twitter:data2\" content=\"1 minuto\" \/>\n<script type=\"application\/ld+json\" class=\"yoast-schema-graph\">{\"@context\":\"https:\/\/schema.org\",\"@graph\":[{\"@type\":\"Article\",\"@id\":\"https:\/\/brasilnoticias.org\/site\/lula-anuncia-ricardo-lewandowski-como-novo-ministro-da-justica\/#article\",\"isPartOf\":{\"@id\":\"https:\/\/brasilnoticias.org\/site\/lula-anuncia-ricardo-lewandowski-como-novo-ministro-da-justica\/\"},\"author\":{\"name\":\"Reda\u00e7\u00e3o\",\"@id\":\"https:\/\/brasilnoticias.org\/site\/#\/schema\/person\/03bbbfe6c7634ad18c26444ea39049fa\"},\"headline\":\"Lula anuncia Ricardo Lewandowski como novo ministro da Justi\u00e7a\",\"datePublished\":\"2024-01-11T18:22:39+00:00\",\"mainEntityOfPage\":{\"@id\":\"https:\/\/brasilnoticias.org\/site\/lula-anuncia-ricardo-lewandowski-como-novo-ministro-da-justica\/\"},\"wordCount\":276,\"commentCount\":0,\"publisher\":{\"@id\":\"https:\/\/brasilnoticias.org\/site\/#organization\"},\"image\":{\"@id\":\"https:\/\/brasilnoticias.org\/site\/lula-anuncia-ricardo-lewandowski-como-novo-ministro-da-justica\/#primaryimage\"},\"thumbnailUrl\":\"https:\/\/brasilnoticias.org\/site\/wp-content\/uploads\/2024\/01\/145102lula-anuncia-ricardo-lewandowski-como-novo-ministro-da-justica-3.jpg\",\"articleSection\":[\"Pol\u00edtica\",\"\u00daltimas\"],\"inLanguage\":\"pt-PT\",\"potentialAction\":[{\"@type\":\"CommentAction\",\"name\":\"Comment\",\"target\":[\"https:\/\/brasilnoticias.org\/site\/lula-anuncia-ricardo-lewandowski-como-novo-ministro-da-justica\/#respond\"]}]},{\"@type\":\"WebPage\",\"@id\":\"https:\/\/brasilnoticias.org\/site\/lula-anuncia-ricardo-lewandowski-como-novo-ministro-da-justica\/\",\"url\":\"https:\/\/brasilnoticias.org\/site\/lula-anuncia-ricardo-lewandowski-como-novo-ministro-da-justica\/\",\"name\":\"Lula anuncia Ricardo Lewandowski como novo ministro da Justi\u00e7a - Brasil not\u00edcias\",\"isPartOf\":{\"@id\":\"https:\/\/brasilnoticias.org\/site\/#website\"},\"primaryImageOfPage\":{\"@id\":\"https:\/\/brasilnoticias.org\/site\/lula-anuncia-ricardo-lewandowski-como-novo-ministro-da-justica\/#primaryimage\"},\"image\":{\"@id\":\"https:\/\/brasilnoticias.org\/site\/lula-anuncia-ricardo-lewandowski-como-novo-ministro-da-justica\/#primaryimage\"},\"thumbnailUrl\":\"https:\/\/brasilnoticias.org\/site\/wp-content\/uploads\/2024\/01\/145102lula-anuncia-ricardo-lewandowski-como-novo-ministro-da-justica-3.jpg\",\"datePublished\":\"2024-01-11T18:22:39+00:00\",\"breadcrumb\":{\"@id\":\"https:\/\/brasilnoticias.org\/site\/lula-anuncia-ricardo-lewandowski-como-novo-ministro-da-justica\/#breadcrumb\"},\"inLanguage\":\"pt-PT\",\"potentialAction\":[{\"@type\":\"ReadAction\",\"target\":[\"https:\/\/brasilnoticias.org\/site\/lula-anuncia-ricardo-lewandowski-como-novo-ministro-da-justica\/\"]}]},{\"@type\":\"ImageObject\",\"inLanguage\":\"pt-PT\",\"@id\":\"https:\/\/brasilnoticias.org\/site\/lula-anuncia-ricardo-lewandowski-como-novo-ministro-da-justica\/#primaryimage\",\"url\":\"https:\/\/brasilnoticias.org\/site\/wp-content\/uploads\/2024\/01\/145102lula-anuncia-ricardo-lewandowski-como-novo-ministro-da-justica-3.jpg\",\"contentUrl\":\"https:\/\/brasilnoticias.org\/site\/wp-content\/uploads\/2024\/01\/145102lula-anuncia-ricardo-lewandowski-como-novo-ministro-da-justica-3.jpg\",\"width\":1600,\"height\":752},{\"@type\":\"BreadcrumbList\",\"@id\":\"https:\/\/brasilnoticias.org\/site\/lula-anuncia-ricardo-lewandowski-como-novo-ministro-da-justica\/#breadcrumb\",\"itemListElement\":[{\"@type\":\"ListItem\",\"position\":1,\"name\":\"In\u00edcio\",\"item\":\"https:\/\/brasilnoticias.org\/site\/\"},{\"@type\":\"ListItem\",\"position\":2,\"name\":\"Lula anuncia Ricardo Lewandowski como novo ministro da Justi\u00e7a\"}]},{\"@type\":\"WebSite\",\"@id\":\"https:\/\/brasilnoticias.org\/site\/#website\",\"url\":\"https:\/\/brasilnoticias.org\/site\/\",\"name\":\"Brasil not\u00edcias\",\"description\":\"Brasil not\u00edcias\",\"publisher\":{\"@id\":\"https:\/\/brasilnoticias.org\/site\/#organization\"},\"potentialAction\":[{\"@type\":\"SearchAction\",\"target\":{\"@type\":\"EntryPoint\",\"urlTemplate\":\"https:\/\/brasilnoticias.org\/site\/?s={search_term_string}\"},\"query-input\":{\"@type\":\"PropertyValueSpecification\",\"valueRequired\":true,\"valueName\":\"search_term_string\"}}],\"inLanguage\":\"pt-PT\"},{\"@type\":\"Organization\",\"@id\":\"https:\/\/brasilnoticias.org\/site\/#organization\",\"name\":\"Brasil not\u00edcias\",\"url\":\"https:\/\/brasilnoticias.org\/site\/\",\"logo\":{\"@type\":\"ImageObject\",\"inLanguage\":\"pt-PT\",\"@id\":\"https:\/\/brasilnoticias.org\/site\/#\/schema\/logo\/image\/\",\"url\":\"https:\/\/brasilnoticias.org\/site\/wp-content\/uploads\/2022\/05\/cropped-brasilnoticias-mini.jpg\",\"contentUrl\":\"https:\/\/brasilnoticias.org\/site\/wp-content\/uploads\/2022\/05\/cropped-brasilnoticias-mini.jpg\",\"width\":314,\"height\":86,\"caption\":\"Brasil not\u00edcias\"},\"image\":{\"@id\":\"https:\/\/brasilnoticias.org\/site\/#\/schema\/logo\/image\/\"}},{\"@type\":\"Person\",\"@id\":\"https:\/\/brasilnoticias.org\/site\/#\/schema\/person\/03bbbfe6c7634ad18c26444ea39049fa\",\"name\":\"Reda\u00e7\u00e3o\",\"image\":{\"@type\":\"ImageObject\",\"inLanguage\":\"pt-PT\",\"@id\":\"https:\/\/brasilnoticias.org\/site\/#\/schema\/person\/image\/\",\"url\":\"https:\/\/secure.gravatar.com\/avatar\/9ecaf7327a696cb23ad926fedded5f1f04d7049de9e445375d55b48c001a6e42?s=96&d=mm&r=g\",\"contentUrl\":\"https:\/\/secure.gravatar.com\/avatar\/9ecaf7327a696cb23ad926fedded5f1f04d7049de9e445375d55b48c001a6e42?s=96&d=mm&r=g\",\"caption\":\"Reda\u00e7\u00e3o\"},\"url\":\"https:\/\/brasilnoticias.org\/site\/author\/henrique\/\"}]}<\/script>\n<!-- \/ Yoast SEO plugin. -->","yoast_head_json":{"title":"Lula anuncia Ricardo Lewandowski como novo ministro da Justi\u00e7a - Brasil not\u00edcias","robots":{"index":"index","follow":"follow","max-snippet":"max-snippet:-1","max-image-preview":"max-image-preview:large","max-video-preview":"max-video-preview:-1"},"canonical":"https:\/\/brasilnoticias.org\/site\/lula-anuncia-ricardo-lewandowski-como-novo-ministro-da-justica\/","og_locale":"pt_PT","og_type":"article","og_title":"Lula anuncia Ricardo Lewandowski como novo ministro da Justi\u00e7a - Brasil not\u00edcias","og_description":"Confirma\u00e7\u00e3o foi eita nesta quinta-feira (11), no Pal\u00e1cio do Planalto O presidente Luiz In\u00e1cio Lula da Silva (PT) confirmou nesta","og_url":"https:\/\/brasilnoticias.org\/site\/lula-anuncia-ricardo-lewandowski-como-novo-ministro-da-justica\/","og_site_name":"Brasil not\u00edcias","article_published_time":"2024-01-11T18:22:39+00:00","og_image":[{"width":1600,"height":752,"url":"https:\/\/brasilnoticias.org\/site\/wp-content\/uploads\/2024\/01\/145102lula-anuncia-ricardo-lewandowski-como-novo-ministro-da-justica-3.jpg","type":"image\/jpeg"}],"author":"Reda\u00e7\u00e3o","twitter_card":"summary_large_image","twitter_misc":{"Escrito por":"Reda\u00e7\u00e3o","Tempo estimado de leitura":"1 minuto"},"schema":{"@context":"https:\/\/schema.org","@graph":[{"@type":"Article","@id":"https:\/\/brasilnoticias.org\/site\/lula-anuncia-ricardo-lewandowski-como-novo-ministro-da-justica\/#article","isPartOf":{"@id":"https:\/\/brasilnoticias.org\/site\/lula-anuncia-ricardo-lewandowski-como-novo-ministro-da-justica\/"},"author":{"name":"Reda\u00e7\u00e3o","@id":"https:\/\/brasilnoticias.org\/site\/#\/schema\/person\/03bbbfe6c7634ad18c26444ea39049fa"},"headline":"Lula anuncia Ricardo Lewandowski como novo ministro da Justi\u00e7a","datePublished":"2024-01-11T18:22:39+00:00","mainEntityOfPage":{"@id":"https:\/\/brasilnoticias.org\/site\/lula-anuncia-ricardo-lewandowski-como-novo-ministro-da-justica\/"},"wordCount":276,"commentCount":0,"publisher":{"@id":"https:\/\/brasilnoticias.org\/site\/#organization"},"image":{"@id":"https:\/\/brasilnoticias.org\/site\/lula-anuncia-ricardo-lewandowski-como-novo-ministro-da-justica\/#primaryimage"},"thumbnailUrl":"https:\/\/brasilnoticias.org\/site\/wp-content\/uploads\/2024\/01\/145102lula-anuncia-ricardo-lewandowski-como-novo-ministro-da-justica-3.jpg","articleSection":["Pol\u00edtica","\u00daltimas"],"inLanguage":"pt-PT","potentialAction":[{"@type":"CommentAction","name":"Comment","target":["https:\/\/brasilnoticias.org\/site\/lula-anuncia-ricardo-lewandowski-como-novo-ministro-da-justica\/#respond"]}]},{"@type":"WebPage","@id":"https:\/\/brasilnoticias.org\/site\/lula-anuncia-ricardo-lewandowski-como-novo-ministro-da-justica\/","url":"https:\/\/brasilnoticias.org\/site\/lula-anuncia-ricardo-lewandowski-como-novo-ministro-da-justica\/","name":"Lula anuncia Ricardo Lewandowski como novo ministro da Justi\u00e7a - Brasil not\u00edcias","isPartOf":{"@id":"https:\/\/brasilnoticias.org\/site\/#website"},"primaryImageOfPage":{"@id":"https:\/\/brasilnoticias.org\/site\/lula-anuncia-ricardo-lewandowski-como-novo-ministro-da-justica\/#primaryimage"},"image":{"@id":"https:\/\/brasilnoticias.org\/site\/lula-anuncia-ricardo-lewandowski-como-novo-ministro-da-justica\/#primaryimage"},"thumbnailUrl":"https:\/\/brasilnoticias.org\/site\/wp-content\/uploads\/2024\/01\/145102lula-anuncia-ricardo-lewandowski-como-novo-ministro-da-justica-3.jpg","datePublished":"2024-01-11T18:22:39+00:00","breadcrumb":{"@id":"https:\/\/brasilnoticias.org\/site\/lula-anuncia-ricardo-lewandowski-como-novo-ministro-da-justica\/#breadcrumb"},"inLanguage":"pt-PT","potentialAction":[{"@type":"ReadAction","target":["https:\/\/brasilnoticias.org\/site\/lula-anuncia-ricardo-lewandowski-como-novo-ministro-da-justica\/"]}]},{"@type":"ImageObject","inLanguage":"pt-PT","@id":"https:\/\/brasilnoticias.org\/site\/lula-anuncia-ricardo-lewandowski-como-novo-ministro-da-justica\/#primaryimage","url":"https:\/\/brasilnoticias.org\/site\/wp-content\/uploads\/2024\/01\/145102lula-anuncia-ricardo-lewandowski-como-novo-ministro-da-justica-3.jpg","contentUrl":"https:\/\/brasilnoticias.org\/site\/wp-content\/uploads\/2024\/01\/145102lula-anuncia-ricardo-lewandowski-como-novo-ministro-da-justica-3.jpg","width":1600,"height":752},{"@type":"BreadcrumbList","@id":"https:\/\/brasilnoticias.org\/site\/lula-anuncia-ricardo-lewandowski-como-novo-ministro-da-justica\/#breadcrumb","itemListElement":[{"@type":"ListItem","position":1,"name":"In\u00edcio","item":"https:\/\/brasilnoticias.org\/site\/"},{"@type":"ListItem","position":2,"name":"Lula anuncia Ricardo Lewandowski como novo ministro da Justi\u00e7a"}]},{"@type":"WebSite","@id":"https:\/\/brasilnoticias.org\/site\/#website","url":"https:\/\/brasilnoticias.org\/site\/","name":"Brasil not\u00edcias","description":"Brasil not\u00edcias","publisher":{"@id":"https:\/\/brasilnoticias.org\/site\/#organization"},"potentialAction":[{"@type":"SearchAction","target":{"@type":"EntryPoint","urlTemplate":"https:\/\/brasilnoticias.org\/site\/?s={search_term_string}"},"query-input":{"@type":"PropertyValueSpecification","valueRequired":true,"valueName":"search_term_string"}}],"inLanguage":"pt-PT"},{"@type":"Organization","@id":"https:\/\/brasilnoticias.org\/site\/#organization","name":"Brasil not\u00edcias","url":"https:\/\/brasilnoticias.org\/site\/","logo":{"@type":"ImageObject","inLanguage":"pt-PT","@id":"https:\/\/brasilnoticias.org\/site\/#\/schema\/logo\/image\/","url":"https:\/\/brasilnoticias.org\/site\/wp-content\/uploads\/2022\/05\/cropped-brasilnoticias-mini.jpg","contentUrl":"https:\/\/brasilnoticias.org\/site\/wp-content\/uploads\/2022\/05\/cropped-brasilnoticias-mini.jpg","width":314,"height":86,"caption":"Brasil not\u00edcias"},"image":{"@id":"https:\/\/brasilnoticias.org\/site\/#\/schema\/logo\/image\/"}},{"@type":"Person","@id":"https:\/\/brasilnoticias.org\/site\/#\/schema\/person\/03bbbfe6c7634ad18c26444ea39049fa","name":"Reda\u00e7\u00e3o","image":{"@type":"ImageObject","inLanguage":"pt-PT","@id":"https:\/\/brasilnoticias.org\/site\/#\/schema\/person\/image\/","url":"https:\/\/secure.gravatar.com\/avatar\/9ecaf7327a696cb23ad926fedded5f1f04d7049de9e445375d55b48c001a6e42?s=96&d=mm&r=g","contentUrl":"https:\/\/secure.gravatar.com\/avatar\/9ecaf7327a696cb23ad926fedded5f1f04d7049de9e445375d55b48c001a6e42?s=96&d=mm&r=g","caption":"Reda\u00e7\u00e3o"},"url":"https:\/\/brasilnoticias.org\/site\/author\/henrique\/"}]}},"_links":{"self":[{"href":"https:\/\/brasilnoticias.org\/site\/wp-json\/wp\/v2\/posts\/12123","targetHints":{"allow":["GET"]}}],"collection":[{"href":"https:\/\/brasilnoticias.org\/site\/wp-json\/wp\/v2\/posts"}],"about":[{"href":"https:\/\/brasilnoticias.org\/site\/wp-json\/wp\/v2\/types\/post"}],"author":[{"embeddable":true,"href":"https:\/\/brasilnoticias.org\/site\/wp-json\/wp\/v2\/users\/4"}],"replies":[{"embeddable":true,"href":"https:\/\/brasilnoticias.org\/site\/wp-json\/wp\/v2\/comments?post=12123"}],"version-history":[{"count":1,"href":"https:\/\/brasilnoticias.org\/site\/wp-json\/wp\/v2\/posts\/12123\/revisions"}],"predecessor-version":[{"id":12125,"href":"https:\/\/brasilnoticias.org\/site\/wp-json\/wp\/v2\/posts\/12123\/revisions\/12125"}],"wp:featuredmedia":[{"embeddable":true,"href":"https:\/\/brasilnoticias.org\/site\/wp-json\/wp\/v2\/media\/12124"}],"wp:attachment":[{"href":"https:\/\/brasilnoticias.org\/site\/wp-json\/wp\/v2\/media?parent=12123"}],"wp:term":[{"taxonomy":"category","embeddable":true,"href":"https:\/\/brasilnoticias.org\/site\/wp-json\/wp\/v2\/categories?post=12123"},{"taxonomy":"post_tag","embeddable":true,"href":"https:\/\/brasilnoticias.org\/site\/wp-json\/wp\/v2\/tags?post=12123"}],"curies":[{"name":"wp","href":"https:\/\/api.w.org\/{rel}","templated":true}]}}