{"id":12126,"date":"2024-01-11T15:23:37","date_gmt":"2024-01-11T18:23:37","guid":{"rendered":"https:\/\/brasilnoticias.org\/site\/?p=12126"},"modified":"2024-01-11T15:23:37","modified_gmt":"2024-01-11T18:23:37","slug":"itamaraty-diz-que-basileiro-que-estava-sequestrado-no-equador-foi-libertado","status":"publish","type":"post","link":"https:\/\/brasilnoticias.org\/site\/itamaraty-diz-que-basileiro-que-estava-sequestrado-no-equador-foi-libertado\/","title":{"rendered":"Itamaraty diz que basileiro que estava sequestrado no Equador foi libertado"},"content":{"rendered":"<p>De acordo com o irm\u00e3o de Thiago Allan Freitas, Eric Lorran Vieira, ele est\u00e1 bem<\/p>\n<p>O Itamaraty confirmou nesta quarta-feira (10), que o brasileiro Thiago Allan Freitas, de 38 anos, sequestrado por criminosos durante a crise de seguran\u00e7a p\u00fablica no Equador, foi libertado.<\/p>\n<p>Por meio de nota, o Minist\u00e9rio das Rela\u00e7\u00f5es Exteriores disse que continua acompanhando a situa\u00e7\u00e3o para prestar assist\u00eancia a Thiago e aos seus familiares.<\/p>\n<p>Nas redes sociais, o irm\u00e3o de Thiago, Eric Lorran Vieira, disse que ele est\u00e1 bem. \u201cEstamos com a not\u00edcia maravilhosa de que meu irm\u00e3o est\u00e1 bem, est\u00e1 a salvo, est\u00e1 sendo encaminhado para ficar com a fam\u00edlia dele agora. Conseguimos salvar uma vida&#8221;.<\/p>\n<p>Thiago vive h\u00e1 cerca de tr\u00eas anos no Uruguai. Ele \u00e9 de S\u00e3o Paulo e morava em Balne\u00e1rio Cambori\u00fa, em Santa Catarina, antes de se mudar para o pa\u00eds, onde tem uma empresa que faz churrasco brasileiro.<\/p>\n<p>Ele mora com tr\u00eas filhos em Guayaquil, cidade que abriga o pres\u00eddio de seguran\u00e7a m\u00e1xima de onde o l\u00edder da principal fac\u00e7\u00e3o criminosa do pa\u00eds, Fito, fugiu no domingo (7). A fuga foi o estopim para a escalada da crise de seguran\u00e7a p\u00fablica, que vive um estado de exce\u00e7\u00e3o decretado pelo presidente Daniel Noboa.<\/p>\n<p>Foto: Reprodu\u00e7\u00e3o Redes Sociais<br \/>\nPor: Metro1 <\/p>\n","protected":false},"excerpt":{"rendered":"<p>De acordo com o irm\u00e3o de Thiago Allan Freitas, Eric Lorran Vieira, ele est\u00e1 bem O Itamaraty confirmou nesta quarta-feira<\/p>\n","protected":false},"author":4,"featured_media":12127,"comment_status":"open","ping_status":"open","sticky":false,"template":"","format":"standard","meta":{"colormag_page_container_layout":"default_layout","colormag_page_sidebar_layout":"default_layout","_FSMCFIC_featured_image_caption":"","_FSMCFIC_featured_image_nocaption":"","_FSMCFIC_featured_image_hide":"","footnotes":""},"categories":[6,1],"tags":[],"class_list":["post-12126","post","type-post","status-publish","format-standard","has-post-thumbnail","hentry","category-mundo","category-ultimas"],"yoast_head":"<!-- This site is optimized with the Yoast SEO plugin v27.1.1 - https:\/\/yoast.com\/product\/yoast-seo-wordpress\/ -->\n<title>Itamaraty diz que basileiro que estava sequestrado no Equador foi libertado - Brasil not\u00edcias<\/title>\n<meta name=\"robots\" content=\"index, follow, max-snippet:-1, max-image-preview:large, max-video-preview:-1\" \/>\n<link rel=\"canonical\" href=\"https:\/\/brasilnoticias.org\/site\/itamaraty-diz-que-basileiro-que-estava-sequestrado-no-equador-foi-libertado\/\" \/>\n<meta property=\"og:locale\" content=\"pt_PT\" \/>\n<meta property=\"og:type\" content=\"article\" \/>\n<meta property=\"og:title\" content=\"Itamaraty diz que basileiro que estava sequestrado no Equador foi libertado - Brasil not\u00edcias\" \/>\n<meta property=\"og:description\" content=\"De acordo com o irm\u00e3o de Thiago Allan Freitas, Eric Lorran Vieira, ele est\u00e1 bem O Itamaraty confirmou nesta quarta-feira\" \/>\n<meta property=\"og:url\" content=\"https:\/\/brasilnoticias.org\/site\/itamaraty-diz-que-basileiro-que-estava-sequestrado-no-equador-foi-libertado\/\" \/>\n<meta property=\"og:site_name\" content=\"Brasil not\u00edcias\" \/>\n<meta property=\"article:published_time\" content=\"2024-01-11T18:23:37+00:00\" \/>\n<meta property=\"og:image\" content=\"https:\/\/brasilnoticias.org\/site\/wp-content\/uploads\/2024\/01\/145103itamaraty-diz-que-basileiro-que-estava-sequestrado-no-equador-foi-libertado-3.jpg\" \/>\n\t<meta property=\"og:image:width\" content=\"1600\" \/>\n\t<meta property=\"og:image:height\" content=\"752\" \/>\n\t<meta property=\"og:image:type\" content=\"image\/jpeg\" \/>\n<meta name=\"author\" content=\"Reda\u00e7\u00e3o\" \/>\n<meta name=\"twitter:card\" content=\"summary_large_image\" \/>\n<meta name=\"twitter:label1\" content=\"Escrito por\" \/>\n\t<meta name=\"twitter:data1\" content=\"Reda\u00e7\u00e3o\" \/>\n\t<meta name=\"twitter:label2\" content=\"Tempo estimado de leitura\" \/>\n\t<meta name=\"twitter:data2\" content=\"1 minuto\" \/>\n<script type=\"application\/ld+json\" class=\"yoast-schema-graph\">{\"@context\":\"https:\/\/schema.org\",\"@graph\":[{\"@type\":\"Article\",\"@id\":\"https:\/\/brasilnoticias.org\/site\/itamaraty-diz-que-basileiro-que-estava-sequestrado-no-equador-foi-libertado\/#article\",\"isPartOf\":{\"@id\":\"https:\/\/brasilnoticias.org\/site\/itamaraty-diz-que-basileiro-que-estava-sequestrado-no-equador-foi-libertado\/\"},\"author\":{\"name\":\"Reda\u00e7\u00e3o\",\"@id\":\"https:\/\/brasilnoticias.org\/site\/#\/schema\/person\/03bbbfe6c7634ad18c26444ea39049fa\"},\"headline\":\"Itamaraty diz que basileiro que estava sequestrado no Equador foi libertado\",\"datePublished\":\"2024-01-11T18:23:37+00:00\",\"mainEntityOfPage\":{\"@id\":\"https:\/\/brasilnoticias.org\/site\/itamaraty-diz-que-basileiro-que-estava-sequestrado-no-equador-foi-libertado\/\"},\"wordCount\":240,\"commentCount\":0,\"publisher\":{\"@id\":\"https:\/\/brasilnoticias.org\/site\/#organization\"},\"image\":{\"@id\":\"https:\/\/brasilnoticias.org\/site\/itamaraty-diz-que-basileiro-que-estava-sequestrado-no-equador-foi-libertado\/#primaryimage\"},\"thumbnailUrl\":\"https:\/\/brasilnoticias.org\/site\/wp-content\/uploads\/2024\/01\/145103itamaraty-diz-que-basileiro-que-estava-sequestrado-no-equador-foi-libertado-3.jpg\",\"articleSection\":[\"Mundo\",\"\u00daltimas\"],\"inLanguage\":\"pt-PT\",\"potentialAction\":[{\"@type\":\"CommentAction\",\"name\":\"Comment\",\"target\":[\"https:\/\/brasilnoticias.org\/site\/itamaraty-diz-que-basileiro-que-estava-sequestrado-no-equador-foi-libertado\/#respond\"]}]},{\"@type\":\"WebPage\",\"@id\":\"https:\/\/brasilnoticias.org\/site\/itamaraty-diz-que-basileiro-que-estava-sequestrado-no-equador-foi-libertado\/\",\"url\":\"https:\/\/brasilnoticias.org\/site\/itamaraty-diz-que-basileiro-que-estava-sequestrado-no-equador-foi-libertado\/\",\"name\":\"Itamaraty diz que basileiro que estava sequestrado no Equador foi libertado - Brasil not\u00edcias\",\"isPartOf\":{\"@id\":\"https:\/\/brasilnoticias.org\/site\/#website\"},\"primaryImageOfPage\":{\"@id\":\"https:\/\/brasilnoticias.org\/site\/itamaraty-diz-que-basileiro-que-estava-sequestrado-no-equador-foi-libertado\/#primaryimage\"},\"image\":{\"@id\":\"https:\/\/brasilnoticias.org\/site\/itamaraty-diz-que-basileiro-que-estava-sequestrado-no-equador-foi-libertado\/#primaryimage\"},\"thumbnailUrl\":\"https:\/\/brasilnoticias.org\/site\/wp-content\/uploads\/2024\/01\/145103itamaraty-diz-que-basileiro-que-estava-sequestrado-no-equador-foi-libertado-3.jpg\",\"datePublished\":\"2024-01-11T18:23:37+00:00\",\"breadcrumb\":{\"@id\":\"https:\/\/brasilnoticias.org\/site\/itamaraty-diz-que-basileiro-que-estava-sequestrado-no-equador-foi-libertado\/#breadcrumb\"},\"inLanguage\":\"pt-PT\",\"potentialAction\":[{\"@type\":\"ReadAction\",\"target\":[\"https:\/\/brasilnoticias.org\/site\/itamaraty-diz-que-basileiro-que-estava-sequestrado-no-equador-foi-libertado\/\"]}]},{\"@type\":\"ImageObject\",\"inLanguage\":\"pt-PT\",\"@id\":\"https:\/\/brasilnoticias.org\/site\/itamaraty-diz-que-basileiro-que-estava-sequestrado-no-equador-foi-libertado\/#primaryimage\",\"url\":\"https:\/\/brasilnoticias.org\/site\/wp-content\/uploads\/2024\/01\/145103itamaraty-diz-que-basileiro-que-estava-sequestrado-no-equador-foi-libertado-3.jpg\",\"contentUrl\":\"https:\/\/brasilnoticias.org\/site\/wp-content\/uploads\/2024\/01\/145103itamaraty-diz-que-basileiro-que-estava-sequestrado-no-equador-foi-libertado-3.jpg\",\"width\":1600,\"height\":752},{\"@type\":\"BreadcrumbList\",\"@id\":\"https:\/\/brasilnoticias.org\/site\/itamaraty-diz-que-basileiro-que-estava-sequestrado-no-equador-foi-libertado\/#breadcrumb\",\"itemListElement\":[{\"@type\":\"ListItem\",\"position\":1,\"name\":\"In\u00edcio\",\"item\":\"https:\/\/brasilnoticias.org\/site\/\"},{\"@type\":\"ListItem\",\"position\":2,\"name\":\"Itamaraty diz que basileiro que estava sequestrado no Equador foi libertado\"}]},{\"@type\":\"WebSite\",\"@id\":\"https:\/\/brasilnoticias.org\/site\/#website\",\"url\":\"https:\/\/brasilnoticias.org\/site\/\",\"name\":\"Brasil not\u00edcias\",\"description\":\"Brasil not\u00edcias\",\"publisher\":{\"@id\":\"https:\/\/brasilnoticias.org\/site\/#organization\"},\"potentialAction\":[{\"@type\":\"SearchAction\",\"target\":{\"@type\":\"EntryPoint\",\"urlTemplate\":\"https:\/\/brasilnoticias.org\/site\/?s={search_term_string}\"},\"query-input\":{\"@type\":\"PropertyValueSpecification\",\"valueRequired\":true,\"valueName\":\"search_term_string\"}}],\"inLanguage\":\"pt-PT\"},{\"@type\":\"Organization\",\"@id\":\"https:\/\/brasilnoticias.org\/site\/#organization\",\"name\":\"Brasil not\u00edcias\",\"url\":\"https:\/\/brasilnoticias.org\/site\/\",\"logo\":{\"@type\":\"ImageObject\",\"inLanguage\":\"pt-PT\",\"@id\":\"https:\/\/brasilnoticias.org\/site\/#\/schema\/logo\/image\/\",\"url\":\"https:\/\/brasilnoticias.org\/site\/wp-content\/uploads\/2022\/05\/cropped-brasilnoticias-mini.jpg\",\"contentUrl\":\"https:\/\/brasilnoticias.org\/site\/wp-content\/uploads\/2022\/05\/cropped-brasilnoticias-mini.jpg\",\"width\":314,\"height\":86,\"caption\":\"Brasil not\u00edcias\"},\"image\":{\"@id\":\"https:\/\/brasilnoticias.org\/site\/#\/schema\/logo\/image\/\"}},{\"@type\":\"Person\",\"@id\":\"https:\/\/brasilnoticias.org\/site\/#\/schema\/person\/03bbbfe6c7634ad18c26444ea39049fa\",\"name\":\"Reda\u00e7\u00e3o\",\"image\":{\"@type\":\"ImageObject\",\"inLanguage\":\"pt-PT\",\"@id\":\"https:\/\/brasilnoticias.org\/site\/#\/schema\/person\/image\/\",\"url\":\"https:\/\/secure.gravatar.com\/avatar\/9ecaf7327a696cb23ad926fedded5f1f04d7049de9e445375d55b48c001a6e42?s=96&d=mm&r=g\",\"contentUrl\":\"https:\/\/secure.gravatar.com\/avatar\/9ecaf7327a696cb23ad926fedded5f1f04d7049de9e445375d55b48c001a6e42?s=96&d=mm&r=g\",\"caption\":\"Reda\u00e7\u00e3o\"},\"url\":\"https:\/\/brasilnoticias.org\/site\/author\/henrique\/\"}]}<\/script>\n<!-- \/ Yoast SEO plugin. -->","yoast_head_json":{"title":"Itamaraty diz que basileiro que estava sequestrado no Equador foi libertado - Brasil not\u00edcias","robots":{"index":"index","follow":"follow","max-snippet":"max-snippet:-1","max-image-preview":"max-image-preview:large","max-video-preview":"max-video-preview:-1"},"canonical":"https:\/\/brasilnoticias.org\/site\/itamaraty-diz-que-basileiro-que-estava-sequestrado-no-equador-foi-libertado\/","og_locale":"pt_PT","og_type":"article","og_title":"Itamaraty diz que basileiro que estava sequestrado no Equador foi libertado - Brasil not\u00edcias","og_description":"De acordo com o irm\u00e3o de Thiago Allan Freitas, Eric Lorran Vieira, ele est\u00e1 bem O Itamaraty confirmou nesta quarta-feira","og_url":"https:\/\/brasilnoticias.org\/site\/itamaraty-diz-que-basileiro-que-estava-sequestrado-no-equador-foi-libertado\/","og_site_name":"Brasil not\u00edcias","article_published_time":"2024-01-11T18:23:37+00:00","og_image":[{"width":1600,"height":752,"url":"https:\/\/brasilnoticias.org\/site\/wp-content\/uploads\/2024\/01\/145103itamaraty-diz-que-basileiro-que-estava-sequestrado-no-equador-foi-libertado-3.jpg","type":"image\/jpeg"}],"author":"Reda\u00e7\u00e3o","twitter_card":"summary_large_image","twitter_misc":{"Escrito por":"Reda\u00e7\u00e3o","Tempo estimado de leitura":"1 minuto"},"schema":{"@context":"https:\/\/schema.org","@graph":[{"@type":"Article","@id":"https:\/\/brasilnoticias.org\/site\/itamaraty-diz-que-basileiro-que-estava-sequestrado-no-equador-foi-libertado\/#article","isPartOf":{"@id":"https:\/\/brasilnoticias.org\/site\/itamaraty-diz-que-basileiro-que-estava-sequestrado-no-equador-foi-libertado\/"},"author":{"name":"Reda\u00e7\u00e3o","@id":"https:\/\/brasilnoticias.org\/site\/#\/schema\/person\/03bbbfe6c7634ad18c26444ea39049fa"},"headline":"Itamaraty diz que basileiro que estava sequestrado no Equador foi libertado","datePublished":"2024-01-11T18:23:37+00:00","mainEntityOfPage":{"@id":"https:\/\/brasilnoticias.org\/site\/itamaraty-diz-que-basileiro-que-estava-sequestrado-no-equador-foi-libertado\/"},"wordCount":240,"commentCount":0,"publisher":{"@id":"https:\/\/brasilnoticias.org\/site\/#organization"},"image":{"@id":"https:\/\/brasilnoticias.org\/site\/itamaraty-diz-que-basileiro-que-estava-sequestrado-no-equador-foi-libertado\/#primaryimage"},"thumbnailUrl":"https:\/\/brasilnoticias.org\/site\/wp-content\/uploads\/2024\/01\/145103itamaraty-diz-que-basileiro-que-estava-sequestrado-no-equador-foi-libertado-3.jpg","articleSection":["Mundo","\u00daltimas"],"inLanguage":"pt-PT","potentialAction":[{"@type":"CommentAction","name":"Comment","target":["https:\/\/brasilnoticias.org\/site\/itamaraty-diz-que-basileiro-que-estava-sequestrado-no-equador-foi-libertado\/#respond"]}]},{"@type":"WebPage","@id":"https:\/\/brasilnoticias.org\/site\/itamaraty-diz-que-basileiro-que-estava-sequestrado-no-equador-foi-libertado\/","url":"https:\/\/brasilnoticias.org\/site\/itamaraty-diz-que-basileiro-que-estava-sequestrado-no-equador-foi-libertado\/","name":"Itamaraty diz que basileiro que estava sequestrado no Equador foi libertado - Brasil not\u00edcias","isPartOf":{"@id":"https:\/\/brasilnoticias.org\/site\/#website"},"primaryImageOfPage":{"@id":"https:\/\/brasilnoticias.org\/site\/itamaraty-diz-que-basileiro-que-estava-sequestrado-no-equador-foi-libertado\/#primaryimage"},"image":{"@id":"https:\/\/brasilnoticias.org\/site\/itamaraty-diz-que-basileiro-que-estava-sequestrado-no-equador-foi-libertado\/#primaryimage"},"thumbnailUrl":"https:\/\/brasilnoticias.org\/site\/wp-content\/uploads\/2024\/01\/145103itamaraty-diz-que-basileiro-que-estava-sequestrado-no-equador-foi-libertado-3.jpg","datePublished":"2024-01-11T18:23:37+00:00","breadcrumb":{"@id":"https:\/\/brasilnoticias.org\/site\/itamaraty-diz-que-basileiro-que-estava-sequestrado-no-equador-foi-libertado\/#breadcrumb"},"inLanguage":"pt-PT","potentialAction":[{"@type":"ReadAction","target":["https:\/\/brasilnoticias.org\/site\/itamaraty-diz-que-basileiro-que-estava-sequestrado-no-equador-foi-libertado\/"]}]},{"@type":"ImageObject","inLanguage":"pt-PT","@id":"https:\/\/brasilnoticias.org\/site\/itamaraty-diz-que-basileiro-que-estava-sequestrado-no-equador-foi-libertado\/#primaryimage","url":"https:\/\/brasilnoticias.org\/site\/wp-content\/uploads\/2024\/01\/145103itamaraty-diz-que-basileiro-que-estava-sequestrado-no-equador-foi-libertado-3.jpg","contentUrl":"https:\/\/brasilnoticias.org\/site\/wp-content\/uploads\/2024\/01\/145103itamaraty-diz-que-basileiro-que-estava-sequestrado-no-equador-foi-libertado-3.jpg","width":1600,"height":752},{"@type":"BreadcrumbList","@id":"https:\/\/brasilnoticias.org\/site\/itamaraty-diz-que-basileiro-que-estava-sequestrado-no-equador-foi-libertado\/#breadcrumb","itemListElement":[{"@type":"ListItem","position":1,"name":"In\u00edcio","item":"https:\/\/brasilnoticias.org\/site\/"},{"@type":"ListItem","position":2,"name":"Itamaraty diz que basileiro que estava sequestrado no Equador foi libertado"}]},{"@type":"WebSite","@id":"https:\/\/brasilnoticias.org\/site\/#website","url":"https:\/\/brasilnoticias.org\/site\/","name":"Brasil not\u00edcias","description":"Brasil not\u00edcias","publisher":{"@id":"https:\/\/brasilnoticias.org\/site\/#organization"},"potentialAction":[{"@type":"SearchAction","target":{"@type":"EntryPoint","urlTemplate":"https:\/\/brasilnoticias.org\/site\/?s={search_term_string}"},"query-input":{"@type":"PropertyValueSpecification","valueRequired":true,"valueName":"search_term_string"}}],"inLanguage":"pt-PT"},{"@type":"Organization","@id":"https:\/\/brasilnoticias.org\/site\/#organization","name":"Brasil not\u00edcias","url":"https:\/\/brasilnoticias.org\/site\/","logo":{"@type":"ImageObject","inLanguage":"pt-PT","@id":"https:\/\/brasilnoticias.org\/site\/#\/schema\/logo\/image\/","url":"https:\/\/brasilnoticias.org\/site\/wp-content\/uploads\/2022\/05\/cropped-brasilnoticias-mini.jpg","contentUrl":"https:\/\/brasilnoticias.org\/site\/wp-content\/uploads\/2022\/05\/cropped-brasilnoticias-mini.jpg","width":314,"height":86,"caption":"Brasil not\u00edcias"},"image":{"@id":"https:\/\/brasilnoticias.org\/site\/#\/schema\/logo\/image\/"}},{"@type":"Person","@id":"https:\/\/brasilnoticias.org\/site\/#\/schema\/person\/03bbbfe6c7634ad18c26444ea39049fa","name":"Reda\u00e7\u00e3o","image":{"@type":"ImageObject","inLanguage":"pt-PT","@id":"https:\/\/brasilnoticias.org\/site\/#\/schema\/person\/image\/","url":"https:\/\/secure.gravatar.com\/avatar\/9ecaf7327a696cb23ad926fedded5f1f04d7049de9e445375d55b48c001a6e42?s=96&d=mm&r=g","contentUrl":"https:\/\/secure.gravatar.com\/avatar\/9ecaf7327a696cb23ad926fedded5f1f04d7049de9e445375d55b48c001a6e42?s=96&d=mm&r=g","caption":"Reda\u00e7\u00e3o"},"url":"https:\/\/brasilnoticias.org\/site\/author\/henrique\/"}]}},"_links":{"self":[{"href":"https:\/\/brasilnoticias.org\/site\/wp-json\/wp\/v2\/posts\/12126","targetHints":{"allow":["GET"]}}],"collection":[{"href":"https:\/\/brasilnoticias.org\/site\/wp-json\/wp\/v2\/posts"}],"about":[{"href":"https:\/\/brasilnoticias.org\/site\/wp-json\/wp\/v2\/types\/post"}],"author":[{"embeddable":true,"href":"https:\/\/brasilnoticias.org\/site\/wp-json\/wp\/v2\/users\/4"}],"replies":[{"embeddable":true,"href":"https:\/\/brasilnoticias.org\/site\/wp-json\/wp\/v2\/comments?post=12126"}],"version-history":[{"count":1,"href":"https:\/\/brasilnoticias.org\/site\/wp-json\/wp\/v2\/posts\/12126\/revisions"}],"predecessor-version":[{"id":12128,"href":"https:\/\/brasilnoticias.org\/site\/wp-json\/wp\/v2\/posts\/12126\/revisions\/12128"}],"wp:featuredmedia":[{"embeddable":true,"href":"https:\/\/brasilnoticias.org\/site\/wp-json\/wp\/v2\/media\/12127"}],"wp:attachment":[{"href":"https:\/\/brasilnoticias.org\/site\/wp-json\/wp\/v2\/media?parent=12126"}],"wp:term":[{"taxonomy":"category","embeddable":true,"href":"https:\/\/brasilnoticias.org\/site\/wp-json\/wp\/v2\/categories?post=12126"},{"taxonomy":"post_tag","embeddable":true,"href":"https:\/\/brasilnoticias.org\/site\/wp-json\/wp\/v2\/tags?post=12126"}],"curies":[{"name":"wp","href":"https:\/\/api.w.org\/{rel}","templated":true}]}}