{"id":1215,"date":"2022-08-18T12:09:23","date_gmt":"2022-08-18T15:09:23","guid":{"rendered":"https:\/\/brasilnoticias.org\/site\/?p=1215"},"modified":"2022-08-18T12:09:23","modified_gmt":"2022-08-18T15:09:23","slug":"explosao-mata-pelo-menos-21-pessoas-e-deixa-33-feridas-em-mesquita-no-afeganistao","status":"publish","type":"post","link":"https:\/\/brasilnoticias.org\/site\/explosao-mata-pelo-menos-21-pessoas-e-deixa-33-feridas-em-mesquita-no-afeganistao\/","title":{"rendered":"EXPLOS\u00c3O MATA PELO MENOS 21 PESSOAS E DEIXA 33 FERIDAS EM MESQUITA NO AFEGANIST\u00c3O"},"content":{"rendered":"<p>Uma\u00a0<a href=\"https:\/\/www.bnews.com.br\/tags\/explosao\" target=\"_blank\" rel=\"noopener\">explos\u00e3o<\/a>\u00a0numa mesquita em Cabul, capital do Afeganist\u00e3o, deixou ao menos 21 pessoas mortas e 33 feridas nesta quarta-feira (17). Segundo a pol\u00edcia local, explosivos foram colocados dentro da mesquita no momento em que fi\u00e9is faziam a ora\u00e7\u00e3o da tarde (manh\u00e3 no Brasil). Nenhum grupo reivindicou o ataque e as autoridades ainda n\u00e3o se pronunciaram publicamente sobre poss\u00edveis respons\u00e1veis.<\/p>\n<p>O templo alvo do atentado tamb\u00e9m abriga uma escola religiosa e fica localizado em um distrito sunita no noroeste de Cabul. Nesta quinta-feira, o edif\u00edcio, com as janelas quebradas, estava protegido por v\u00e1rios talib\u00e3s armados, que tamb\u00e9m patrulhavam as ruas pr\u00f3ximas.<br \/>\nTestemunhas disseram \u00e0 ag\u00eancia Reuters que a forte explos\u00e3o foi ouvida em um bairro do norte da cidade, quebrando janelas em pr\u00e9dios pr\u00f3ximos.<\/p>\n<p>A ONG italiana Emergency, que administra um hospital na capital afeg\u00e3, informou que atendeu 27 v\u00edtimas da explos\u00e3o, incluindo cinco crian\u00e7as. Segundo o diretor Stefano Sozza, duas pessoas chegaram mortas ao hospital e uma terceira morreu na sala de emerg\u00eancia. \u201cA maioria dos pacientes que recebemos ap\u00f3s a explos\u00e3o na mesquita sofreu ferimentos por estilha\u00e7os e queimaduras\u201d, afirmou.<\/p>\n<p>Em agosto, o hospital tratou 80 pacientes de seis diferentes epis\u00f3dios como explos\u00f5es e tiroteios em massa. \u201cO pa\u00eds est\u00e1 sofrendo as consequ\u00eancias de um conflito muito longo que prejudicou seu futuro\u201d, disse Sozza.<\/p>\n<p>Um ano ap\u00f3s o Talib\u00e3 retomar o poder no Afeganist\u00e3o, o pa\u00eds tem registrado atentados com frequ\u00eancia. Na semana passada, um homem-bomba detonou explosivos dentro de uma escola religiosa em Cabul, num ataque que matou o cl\u00e9rigo talib\u00e3 Rahimullah Haqqani e seu irm\u00e3o. O religioso era conhecido em particular por seus discursos inflamados contra o grupo extremista Estado Isl\u00e2mico, que reivindicou o ataque.<\/p>\n<p>No m\u00eas de agosto, foram executados v\u00e1rios ataques mortais. Em abril, m\u00eas sagrado do Ramad\u00e3, uma s\u00e9rie de atentados com bombas foi registrada, com um balan\u00e7o de dezenas de mortos<\/p>\n<p>A maioria dos ataques \u00e9 reivindicada pelo Estado Isl\u00e2mico, geralmente direcionados contra minorias como os xiitas, mas tamb\u00e9m contra os talib\u00e3s.<\/p>\n<p>&nbsp;<\/p>\n<p>&nbsp;<\/p>\n<p>&nbsp;<\/p>\n<p>Bnews<\/p>\n","protected":false},"excerpt":{"rendered":"<p>Uma\u00a0explos\u00e3o\u00a0numa mesquita em Cabul, capital do Afeganist\u00e3o, deixou ao menos 21 pessoas mortas e 33 feridas nesta quarta-feira (17). Segundo<\/p>\n","protected":false},"author":2,"featured_media":1216,"comment_status":"open","ping_status":"open","sticky":false,"template":"","format":"standard","meta":{"colormag_page_container_layout":"default_layout","colormag_page_sidebar_layout":"default_layout","_FSMCFIC_featured_image_caption":"","_FSMCFIC_featured_image_nocaption":"","_FSMCFIC_featured_image_hide":"","footnotes":""},"categories":[6,1],"tags":[],"class_list":["post-1215","post","type-post","status-publish","format-standard","has-post-thumbnail","hentry","category-mundo","category-ultimas"],"yoast_head":"<!-- This site is optimized with the Yoast SEO plugin v27.1.1 - https:\/\/yoast.com\/product\/yoast-seo-wordpress\/ -->\n<title>EXPLOS\u00c3O MATA PELO MENOS 21 PESSOAS E DEIXA 33 FERIDAS EM MESQUITA NO AFEGANIST\u00c3O - Brasil not\u00edcias<\/title>\n<meta name=\"robots\" content=\"index, follow, max-snippet:-1, max-image-preview:large, max-video-preview:-1\" \/>\n<link rel=\"canonical\" href=\"https:\/\/brasilnoticias.org\/site\/explosao-mata-pelo-menos-21-pessoas-e-deixa-33-feridas-em-mesquita-no-afeganistao\/\" \/>\n<meta property=\"og:locale\" content=\"pt_PT\" \/>\n<meta property=\"og:type\" content=\"article\" \/>\n<meta property=\"og:title\" content=\"EXPLOS\u00c3O MATA PELO MENOS 21 PESSOAS E DEIXA 33 FERIDAS EM MESQUITA NO AFEGANIST\u00c3O - Brasil not\u00edcias\" \/>\n<meta property=\"og:description\" content=\"Uma\u00a0explos\u00e3o\u00a0numa mesquita em Cabul, capital do Afeganist\u00e3o, deixou ao menos 21 pessoas mortas e 33 feridas nesta quarta-feira (17). Segundo\" \/>\n<meta property=\"og:url\" content=\"https:\/\/brasilnoticias.org\/site\/explosao-mata-pelo-menos-21-pessoas-e-deixa-33-feridas-em-mesquita-no-afeganistao\/\" \/>\n<meta property=\"og:site_name\" content=\"Brasil not\u00edcias\" \/>\n<meta property=\"article:published_time\" content=\"2022-08-18T15:09:23+00:00\" \/>\n<meta property=\"og:image\" content=\"https:\/\/brasilnoticias.org\/site\/wp-content\/uploads\/2022\/08\/afeganistao_widelg-1.jpg\" \/>\n\t<meta property=\"og:image:width\" content=\"800\" \/>\n\t<meta property=\"og:image:height\" content=\"450\" \/>\n\t<meta property=\"og:image:type\" content=\"image\/jpeg\" \/>\n<meta name=\"author\" content=\"Reda\u00e7\u00e3o\" \/>\n<meta name=\"twitter:card\" content=\"summary_large_image\" \/>\n<meta name=\"twitter:label1\" content=\"Escrito por\" \/>\n\t<meta name=\"twitter:data1\" content=\"Reda\u00e7\u00e3o\" \/>\n\t<meta name=\"twitter:label2\" content=\"Tempo estimado de leitura\" \/>\n\t<meta name=\"twitter:data2\" content=\"2 minutos\" \/>\n<script type=\"application\/ld+json\" class=\"yoast-schema-graph\">{\"@context\":\"https:\/\/schema.org\",\"@graph\":[{\"@type\":\"Article\",\"@id\":\"https:\/\/brasilnoticias.org\/site\/explosao-mata-pelo-menos-21-pessoas-e-deixa-33-feridas-em-mesquita-no-afeganistao\/#article\",\"isPartOf\":{\"@id\":\"https:\/\/brasilnoticias.org\/site\/explosao-mata-pelo-menos-21-pessoas-e-deixa-33-feridas-em-mesquita-no-afeganistao\/\"},\"author\":{\"name\":\"Reda\u00e7\u00e3o\",\"@id\":\"https:\/\/brasilnoticias.org\/site\/#\/schema\/person\/f609fa847b5314f1c8b983342f34c798\"},\"headline\":\"EXPLOS\u00c3O MATA PELO MENOS 21 PESSOAS E DEIXA 33 FERIDAS EM MESQUITA NO AFEGANIST\u00c3O\",\"datePublished\":\"2022-08-18T15:09:23+00:00\",\"mainEntityOfPage\":{\"@id\":\"https:\/\/brasilnoticias.org\/site\/explosao-mata-pelo-menos-21-pessoas-e-deixa-33-feridas-em-mesquita-no-afeganistao\/\"},\"wordCount\":385,\"commentCount\":0,\"publisher\":{\"@id\":\"https:\/\/brasilnoticias.org\/site\/#organization\"},\"image\":{\"@id\":\"https:\/\/brasilnoticias.org\/site\/explosao-mata-pelo-menos-21-pessoas-e-deixa-33-feridas-em-mesquita-no-afeganistao\/#primaryimage\"},\"thumbnailUrl\":\"https:\/\/brasilnoticias.org\/site\/wp-content\/uploads\/2022\/08\/afeganistao_widelg-1.jpg\",\"articleSection\":[\"Mundo\",\"\u00daltimas\"],\"inLanguage\":\"pt-PT\",\"potentialAction\":[{\"@type\":\"CommentAction\",\"name\":\"Comment\",\"target\":[\"https:\/\/brasilnoticias.org\/site\/explosao-mata-pelo-menos-21-pessoas-e-deixa-33-feridas-em-mesquita-no-afeganistao\/#respond\"]}]},{\"@type\":\"WebPage\",\"@id\":\"https:\/\/brasilnoticias.org\/site\/explosao-mata-pelo-menos-21-pessoas-e-deixa-33-feridas-em-mesquita-no-afeganistao\/\",\"url\":\"https:\/\/brasilnoticias.org\/site\/explosao-mata-pelo-menos-21-pessoas-e-deixa-33-feridas-em-mesquita-no-afeganistao\/\",\"name\":\"EXPLOS\u00c3O MATA PELO MENOS 21 PESSOAS E DEIXA 33 FERIDAS EM MESQUITA NO AFEGANIST\u00c3O - Brasil not\u00edcias\",\"isPartOf\":{\"@id\":\"https:\/\/brasilnoticias.org\/site\/#website\"},\"primaryImageOfPage\":{\"@id\":\"https:\/\/brasilnoticias.org\/site\/explosao-mata-pelo-menos-21-pessoas-e-deixa-33-feridas-em-mesquita-no-afeganistao\/#primaryimage\"},\"image\":{\"@id\":\"https:\/\/brasilnoticias.org\/site\/explosao-mata-pelo-menos-21-pessoas-e-deixa-33-feridas-em-mesquita-no-afeganistao\/#primaryimage\"},\"thumbnailUrl\":\"https:\/\/brasilnoticias.org\/site\/wp-content\/uploads\/2022\/08\/afeganistao_widelg-1.jpg\",\"datePublished\":\"2022-08-18T15:09:23+00:00\",\"breadcrumb\":{\"@id\":\"https:\/\/brasilnoticias.org\/site\/explosao-mata-pelo-menos-21-pessoas-e-deixa-33-feridas-em-mesquita-no-afeganistao\/#breadcrumb\"},\"inLanguage\":\"pt-PT\",\"potentialAction\":[{\"@type\":\"ReadAction\",\"target\":[\"https:\/\/brasilnoticias.org\/site\/explosao-mata-pelo-menos-21-pessoas-e-deixa-33-feridas-em-mesquita-no-afeganistao\/\"]}]},{\"@type\":\"ImageObject\",\"inLanguage\":\"pt-PT\",\"@id\":\"https:\/\/brasilnoticias.org\/site\/explosao-mata-pelo-menos-21-pessoas-e-deixa-33-feridas-em-mesquita-no-afeganistao\/#primaryimage\",\"url\":\"https:\/\/brasilnoticias.org\/site\/wp-content\/uploads\/2022\/08\/afeganistao_widelg-1.jpg\",\"contentUrl\":\"https:\/\/brasilnoticias.org\/site\/wp-content\/uploads\/2022\/08\/afeganistao_widelg-1.jpg\",\"width\":800,\"height\":450},{\"@type\":\"BreadcrumbList\",\"@id\":\"https:\/\/brasilnoticias.org\/site\/explosao-mata-pelo-menos-21-pessoas-e-deixa-33-feridas-em-mesquita-no-afeganistao\/#breadcrumb\",\"itemListElement\":[{\"@type\":\"ListItem\",\"position\":1,\"name\":\"In\u00edcio\",\"item\":\"https:\/\/brasilnoticias.org\/site\/\"},{\"@type\":\"ListItem\",\"position\":2,\"name\":\"EXPLOS\u00c3O MATA PELO MENOS 21 PESSOAS E DEIXA 33 FERIDAS EM MESQUITA NO AFEGANIST\u00c3O\"}]},{\"@type\":\"WebSite\",\"@id\":\"https:\/\/brasilnoticias.org\/site\/#website\",\"url\":\"https:\/\/brasilnoticias.org\/site\/\",\"name\":\"Brasil not\u00edcias\",\"description\":\"Brasil not\u00edcias\",\"publisher\":{\"@id\":\"https:\/\/brasilnoticias.org\/site\/#organization\"},\"potentialAction\":[{\"@type\":\"SearchAction\",\"target\":{\"@type\":\"EntryPoint\",\"urlTemplate\":\"https:\/\/brasilnoticias.org\/site\/?s={search_term_string}\"},\"query-input\":{\"@type\":\"PropertyValueSpecification\",\"valueRequired\":true,\"valueName\":\"search_term_string\"}}],\"inLanguage\":\"pt-PT\"},{\"@type\":\"Organization\",\"@id\":\"https:\/\/brasilnoticias.org\/site\/#organization\",\"name\":\"Brasil not\u00edcias\",\"url\":\"https:\/\/brasilnoticias.org\/site\/\",\"logo\":{\"@type\":\"ImageObject\",\"inLanguage\":\"pt-PT\",\"@id\":\"https:\/\/brasilnoticias.org\/site\/#\/schema\/logo\/image\/\",\"url\":\"https:\/\/brasilnoticias.org\/site\/wp-content\/uploads\/2022\/05\/cropped-brasilnoticias-mini.jpg\",\"contentUrl\":\"https:\/\/brasilnoticias.org\/site\/wp-content\/uploads\/2022\/05\/cropped-brasilnoticias-mini.jpg\",\"width\":314,\"height\":86,\"caption\":\"Brasil not\u00edcias\"},\"image\":{\"@id\":\"https:\/\/brasilnoticias.org\/site\/#\/schema\/logo\/image\/\"}},{\"@type\":\"Person\",\"@id\":\"https:\/\/brasilnoticias.org\/site\/#\/schema\/person\/f609fa847b5314f1c8b983342f34c798\",\"name\":\"Reda\u00e7\u00e3o\",\"image\":{\"@type\":\"ImageObject\",\"inLanguage\":\"pt-PT\",\"@id\":\"https:\/\/brasilnoticias.org\/site\/#\/schema\/person\/image\/\",\"url\":\"https:\/\/secure.gravatar.com\/avatar\/447284c06c1ad8b46465a36de9cd0d8326b73387a22799b8b1ffb1fbcff2ed0c?s=96&d=mm&r=g\",\"contentUrl\":\"https:\/\/secure.gravatar.com\/avatar\/447284c06c1ad8b46465a36de9cd0d8326b73387a22799b8b1ffb1fbcff2ed0c?s=96&d=mm&r=g\",\"caption\":\"Reda\u00e7\u00e3o\"},\"url\":\"https:\/\/brasilnoticias.org\/site\/author\/redacao\/\"}]}<\/script>\n<!-- \/ Yoast SEO plugin. -->","yoast_head_json":{"title":"EXPLOS\u00c3O MATA PELO MENOS 21 PESSOAS E DEIXA 33 FERIDAS EM MESQUITA NO AFEGANIST\u00c3O - Brasil not\u00edcias","robots":{"index":"index","follow":"follow","max-snippet":"max-snippet:-1","max-image-preview":"max-image-preview:large","max-video-preview":"max-video-preview:-1"},"canonical":"https:\/\/brasilnoticias.org\/site\/explosao-mata-pelo-menos-21-pessoas-e-deixa-33-feridas-em-mesquita-no-afeganistao\/","og_locale":"pt_PT","og_type":"article","og_title":"EXPLOS\u00c3O MATA PELO MENOS 21 PESSOAS E DEIXA 33 FERIDAS EM MESQUITA NO AFEGANIST\u00c3O - Brasil not\u00edcias","og_description":"Uma\u00a0explos\u00e3o\u00a0numa mesquita em Cabul, capital do Afeganist\u00e3o, deixou ao menos 21 pessoas mortas e 33 feridas nesta quarta-feira (17). Segundo","og_url":"https:\/\/brasilnoticias.org\/site\/explosao-mata-pelo-menos-21-pessoas-e-deixa-33-feridas-em-mesquita-no-afeganistao\/","og_site_name":"Brasil not\u00edcias","article_published_time":"2022-08-18T15:09:23+00:00","og_image":[{"width":800,"height":450,"url":"https:\/\/brasilnoticias.org\/site\/wp-content\/uploads\/2022\/08\/afeganistao_widelg-1.jpg","type":"image\/jpeg"}],"author":"Reda\u00e7\u00e3o","twitter_card":"summary_large_image","twitter_misc":{"Escrito por":"Reda\u00e7\u00e3o","Tempo estimado de leitura":"2 minutos"},"schema":{"@context":"https:\/\/schema.org","@graph":[{"@type":"Article","@id":"https:\/\/brasilnoticias.org\/site\/explosao-mata-pelo-menos-21-pessoas-e-deixa-33-feridas-em-mesquita-no-afeganistao\/#article","isPartOf":{"@id":"https:\/\/brasilnoticias.org\/site\/explosao-mata-pelo-menos-21-pessoas-e-deixa-33-feridas-em-mesquita-no-afeganistao\/"},"author":{"name":"Reda\u00e7\u00e3o","@id":"https:\/\/brasilnoticias.org\/site\/#\/schema\/person\/f609fa847b5314f1c8b983342f34c798"},"headline":"EXPLOS\u00c3O MATA PELO MENOS 21 PESSOAS E DEIXA 33 FERIDAS EM MESQUITA NO AFEGANIST\u00c3O","datePublished":"2022-08-18T15:09:23+00:00","mainEntityOfPage":{"@id":"https:\/\/brasilnoticias.org\/site\/explosao-mata-pelo-menos-21-pessoas-e-deixa-33-feridas-em-mesquita-no-afeganistao\/"},"wordCount":385,"commentCount":0,"publisher":{"@id":"https:\/\/brasilnoticias.org\/site\/#organization"},"image":{"@id":"https:\/\/brasilnoticias.org\/site\/explosao-mata-pelo-menos-21-pessoas-e-deixa-33-feridas-em-mesquita-no-afeganistao\/#primaryimage"},"thumbnailUrl":"https:\/\/brasilnoticias.org\/site\/wp-content\/uploads\/2022\/08\/afeganistao_widelg-1.jpg","articleSection":["Mundo","\u00daltimas"],"inLanguage":"pt-PT","potentialAction":[{"@type":"CommentAction","name":"Comment","target":["https:\/\/brasilnoticias.org\/site\/explosao-mata-pelo-menos-21-pessoas-e-deixa-33-feridas-em-mesquita-no-afeganistao\/#respond"]}]},{"@type":"WebPage","@id":"https:\/\/brasilnoticias.org\/site\/explosao-mata-pelo-menos-21-pessoas-e-deixa-33-feridas-em-mesquita-no-afeganistao\/","url":"https:\/\/brasilnoticias.org\/site\/explosao-mata-pelo-menos-21-pessoas-e-deixa-33-feridas-em-mesquita-no-afeganistao\/","name":"EXPLOS\u00c3O MATA PELO MENOS 21 PESSOAS E DEIXA 33 FERIDAS EM MESQUITA NO AFEGANIST\u00c3O - Brasil not\u00edcias","isPartOf":{"@id":"https:\/\/brasilnoticias.org\/site\/#website"},"primaryImageOfPage":{"@id":"https:\/\/brasilnoticias.org\/site\/explosao-mata-pelo-menos-21-pessoas-e-deixa-33-feridas-em-mesquita-no-afeganistao\/#primaryimage"},"image":{"@id":"https:\/\/brasilnoticias.org\/site\/explosao-mata-pelo-menos-21-pessoas-e-deixa-33-feridas-em-mesquita-no-afeganistao\/#primaryimage"},"thumbnailUrl":"https:\/\/brasilnoticias.org\/site\/wp-content\/uploads\/2022\/08\/afeganistao_widelg-1.jpg","datePublished":"2022-08-18T15:09:23+00:00","breadcrumb":{"@id":"https:\/\/brasilnoticias.org\/site\/explosao-mata-pelo-menos-21-pessoas-e-deixa-33-feridas-em-mesquita-no-afeganistao\/#breadcrumb"},"inLanguage":"pt-PT","potentialAction":[{"@type":"ReadAction","target":["https:\/\/brasilnoticias.org\/site\/explosao-mata-pelo-menos-21-pessoas-e-deixa-33-feridas-em-mesquita-no-afeganistao\/"]}]},{"@type":"ImageObject","inLanguage":"pt-PT","@id":"https:\/\/brasilnoticias.org\/site\/explosao-mata-pelo-menos-21-pessoas-e-deixa-33-feridas-em-mesquita-no-afeganistao\/#primaryimage","url":"https:\/\/brasilnoticias.org\/site\/wp-content\/uploads\/2022\/08\/afeganistao_widelg-1.jpg","contentUrl":"https:\/\/brasilnoticias.org\/site\/wp-content\/uploads\/2022\/08\/afeganistao_widelg-1.jpg","width":800,"height":450},{"@type":"BreadcrumbList","@id":"https:\/\/brasilnoticias.org\/site\/explosao-mata-pelo-menos-21-pessoas-e-deixa-33-feridas-em-mesquita-no-afeganistao\/#breadcrumb","itemListElement":[{"@type":"ListItem","position":1,"name":"In\u00edcio","item":"https:\/\/brasilnoticias.org\/site\/"},{"@type":"ListItem","position":2,"name":"EXPLOS\u00c3O MATA PELO MENOS 21 PESSOAS E DEIXA 33 FERIDAS EM MESQUITA NO AFEGANIST\u00c3O"}]},{"@type":"WebSite","@id":"https:\/\/brasilnoticias.org\/site\/#website","url":"https:\/\/brasilnoticias.org\/site\/","name":"Brasil not\u00edcias","description":"Brasil not\u00edcias","publisher":{"@id":"https:\/\/brasilnoticias.org\/site\/#organization"},"potentialAction":[{"@type":"SearchAction","target":{"@type":"EntryPoint","urlTemplate":"https:\/\/brasilnoticias.org\/site\/?s={search_term_string}"},"query-input":{"@type":"PropertyValueSpecification","valueRequired":true,"valueName":"search_term_string"}}],"inLanguage":"pt-PT"},{"@type":"Organization","@id":"https:\/\/brasilnoticias.org\/site\/#organization","name":"Brasil not\u00edcias","url":"https:\/\/brasilnoticias.org\/site\/","logo":{"@type":"ImageObject","inLanguage":"pt-PT","@id":"https:\/\/brasilnoticias.org\/site\/#\/schema\/logo\/image\/","url":"https:\/\/brasilnoticias.org\/site\/wp-content\/uploads\/2022\/05\/cropped-brasilnoticias-mini.jpg","contentUrl":"https:\/\/brasilnoticias.org\/site\/wp-content\/uploads\/2022\/05\/cropped-brasilnoticias-mini.jpg","width":314,"height":86,"caption":"Brasil not\u00edcias"},"image":{"@id":"https:\/\/brasilnoticias.org\/site\/#\/schema\/logo\/image\/"}},{"@type":"Person","@id":"https:\/\/brasilnoticias.org\/site\/#\/schema\/person\/f609fa847b5314f1c8b983342f34c798","name":"Reda\u00e7\u00e3o","image":{"@type":"ImageObject","inLanguage":"pt-PT","@id":"https:\/\/brasilnoticias.org\/site\/#\/schema\/person\/image\/","url":"https:\/\/secure.gravatar.com\/avatar\/447284c06c1ad8b46465a36de9cd0d8326b73387a22799b8b1ffb1fbcff2ed0c?s=96&d=mm&r=g","contentUrl":"https:\/\/secure.gravatar.com\/avatar\/447284c06c1ad8b46465a36de9cd0d8326b73387a22799b8b1ffb1fbcff2ed0c?s=96&d=mm&r=g","caption":"Reda\u00e7\u00e3o"},"url":"https:\/\/brasilnoticias.org\/site\/author\/redacao\/"}]}},"_links":{"self":[{"href":"https:\/\/brasilnoticias.org\/site\/wp-json\/wp\/v2\/posts\/1215","targetHints":{"allow":["GET"]}}],"collection":[{"href":"https:\/\/brasilnoticias.org\/site\/wp-json\/wp\/v2\/posts"}],"about":[{"href":"https:\/\/brasilnoticias.org\/site\/wp-json\/wp\/v2\/types\/post"}],"author":[{"embeddable":true,"href":"https:\/\/brasilnoticias.org\/site\/wp-json\/wp\/v2\/users\/2"}],"replies":[{"embeddable":true,"href":"https:\/\/brasilnoticias.org\/site\/wp-json\/wp\/v2\/comments?post=1215"}],"version-history":[{"count":1,"href":"https:\/\/brasilnoticias.org\/site\/wp-json\/wp\/v2\/posts\/1215\/revisions"}],"predecessor-version":[{"id":1217,"href":"https:\/\/brasilnoticias.org\/site\/wp-json\/wp\/v2\/posts\/1215\/revisions\/1217"}],"wp:featuredmedia":[{"embeddable":true,"href":"https:\/\/brasilnoticias.org\/site\/wp-json\/wp\/v2\/media\/1216"}],"wp:attachment":[{"href":"https:\/\/brasilnoticias.org\/site\/wp-json\/wp\/v2\/media?parent=1215"}],"wp:term":[{"taxonomy":"category","embeddable":true,"href":"https:\/\/brasilnoticias.org\/site\/wp-json\/wp\/v2\/categories?post=1215"},{"taxonomy":"post_tag","embeddable":true,"href":"https:\/\/brasilnoticias.org\/site\/wp-json\/wp\/v2\/tags?post=1215"}],"curies":[{"name":"wp","href":"https:\/\/api.w.org\/{rel}","templated":true}]}}