{"id":12156,"date":"2024-01-12T17:06:22","date_gmt":"2024-01-12T20:06:22","guid":{"rendered":"https:\/\/brasilnoticias.org\/site\/?p=12156"},"modified":"2024-01-12T17:06:22","modified_gmt":"2024-01-12T20:06:22","slug":"menino-de-11-anos-consegue-autorizacao-da-justica-para-cursar-universidade-publica","status":"publish","type":"post","link":"https:\/\/brasilnoticias.org\/site\/menino-de-11-anos-consegue-autorizacao-da-justica-para-cursar-universidade-publica\/","title":{"rendered":"Menino de 11 anos consegue autoriza\u00e7\u00e3o da Justi\u00e7a para cursar universidade p\u00fablica"},"content":{"rendered":"<p>Luan Gama foi aprovado para cursar matem\u00e1tica na Universidade Estadual do Amazonas<\/p>\n<p>O jovem Luan Gama, de 11 anos, conseguiu na Justi\u00e7a o direito de ingressar na Universidade Estadual do Amazonas (UEA), ap\u00f3s aprova\u00e7\u00e3o no vestibular para o curso de matem\u00e1tica. <\/p>\n<p>A decis\u00e3o reconheceu que o garoto \u00e9 superdotado, condi\u00e7\u00e3o que permite que o aluno do ensino fundamental ou m\u00e9dio possa se matricular em s\u00e9ries mais avan\u00e7adas.<\/p>\n<p> Luan em 2023 foi -participante do quadro Pequenos G\u00eanios, do programa Caldeir\u00e3o Huck, da Rede Globo, em que crian\u00e7as s\u00e3o desafiadas a fazer desafios l\u00f3gicos com rapidez, como contas matem\u00e1ticas e soletrar palavras ao contr\u00e1rio. Em entrevista ao Estad\u00e3o, ele revelou estar \u201cmuito feliz\u201d com a possibilidade de cursar a faculdade, pois pensou que n\u00e3o seria aprovado. <\/p>\n<p>O garoto precisa realizar as provas de acelera\u00e7\u00e3o na Secretaria de Educa\u00e7\u00e3o do Amazonas. Caso aprovado, vai receber os diplomas dos ensinos b\u00e1sico e m\u00e9dio para poder fazer a matr\u00edcula na universidade. As provas ainda n\u00e3o foram marcadas, mas o prazo para entregar a documenta\u00e7\u00e3o na UEA \u00e9 15 de fevereiro. Se Luan n\u00e3o conseguir os diplomas, vai cursar o 6\u00ba ano do ensino fundamental em uma institui\u00e7\u00e3o privada, em que ganhou bolsa integral de estudos.<\/p>\n<p>Foto: Reprodu\u00e7\u00e3o\/Redes Sociais<br \/>\nPor: Metro1<\/p>\n","protected":false},"excerpt":{"rendered":"<p>Luan Gama foi aprovado para cursar matem\u00e1tica na Universidade Estadual do Amazonas O jovem Luan Gama, de 11 anos, conseguiu<\/p>\n","protected":false},"author":4,"featured_media":12157,"comment_status":"open","ping_status":"open","sticky":false,"template":"","format":"standard","meta":{"colormag_page_container_layout":"default_layout","colormag_page_sidebar_layout":"default_layout","_FSMCFIC_featured_image_caption":"","_FSMCFIC_featured_image_nocaption":"","_FSMCFIC_featured_image_hide":"","footnotes":""},"categories":[2,1],"tags":[],"class_list":["post-12156","post","type-post","status-publish","format-standard","has-post-thumbnail","hentry","category-noticias","category-ultimas"],"yoast_head":"<!-- This site is optimized with the Yoast SEO plugin v27.1.1 - https:\/\/yoast.com\/product\/yoast-seo-wordpress\/ -->\n<title>Menino de 11 anos consegue autoriza\u00e7\u00e3o da Justi\u00e7a para cursar universidade p\u00fablica - Brasil not\u00edcias<\/title>\n<meta name=\"robots\" content=\"index, follow, max-snippet:-1, max-image-preview:large, max-video-preview:-1\" \/>\n<link rel=\"canonical\" href=\"https:\/\/brasilnoticias.org\/site\/menino-de-11-anos-consegue-autorizacao-da-justica-para-cursar-universidade-publica\/\" \/>\n<meta property=\"og:locale\" content=\"pt_PT\" \/>\n<meta property=\"og:type\" content=\"article\" \/>\n<meta property=\"og:title\" content=\"Menino de 11 anos consegue autoriza\u00e7\u00e3o da Justi\u00e7a para cursar universidade p\u00fablica - Brasil not\u00edcias\" \/>\n<meta property=\"og:description\" content=\"Luan Gama foi aprovado para cursar matem\u00e1tica na Universidade Estadual do Amazonas O jovem Luan Gama, de 11 anos, conseguiu\" \/>\n<meta property=\"og:url\" content=\"https:\/\/brasilnoticias.org\/site\/menino-de-11-anos-consegue-autorizacao-da-justica-para-cursar-universidade-publica\/\" \/>\n<meta property=\"og:site_name\" content=\"Brasil not\u00edcias\" \/>\n<meta property=\"article:published_time\" content=\"2024-01-12T20:06:22+00:00\" \/>\n<meta property=\"og:image\" content=\"https:\/\/brasilnoticias.org\/site\/wp-content\/uploads\/2024\/01\/145139menino-de-11-anos-consegue-autorizacao-da-justica-para-cursar-universidade-publica-3.jpg\" \/>\n\t<meta property=\"og:image:width\" content=\"1600\" \/>\n\t<meta property=\"og:image:height\" content=\"752\" \/>\n\t<meta property=\"og:image:type\" content=\"image\/jpeg\" \/>\n<meta name=\"author\" content=\"Reda\u00e7\u00e3o\" \/>\n<meta name=\"twitter:card\" content=\"summary_large_image\" \/>\n<meta name=\"twitter:label1\" content=\"Escrito por\" \/>\n\t<meta name=\"twitter:data1\" content=\"Reda\u00e7\u00e3o\" \/>\n\t<meta name=\"twitter:label2\" content=\"Tempo estimado de leitura\" \/>\n\t<meta name=\"twitter:data2\" content=\"1 minuto\" \/>\n<script type=\"application\/ld+json\" class=\"yoast-schema-graph\">{\"@context\":\"https:\/\/schema.org\",\"@graph\":[{\"@type\":\"Article\",\"@id\":\"https:\/\/brasilnoticias.org\/site\/menino-de-11-anos-consegue-autorizacao-da-justica-para-cursar-universidade-publica\/#article\",\"isPartOf\":{\"@id\":\"https:\/\/brasilnoticias.org\/site\/menino-de-11-anos-consegue-autorizacao-da-justica-para-cursar-universidade-publica\/\"},\"author\":{\"name\":\"Reda\u00e7\u00e3o\",\"@id\":\"https:\/\/brasilnoticias.org\/site\/#\/schema\/person\/03bbbfe6c7634ad18c26444ea39049fa\"},\"headline\":\"Menino de 11 anos consegue autoriza\u00e7\u00e3o da Justi\u00e7a para cursar universidade p\u00fablica\",\"datePublished\":\"2024-01-12T20:06:22+00:00\",\"mainEntityOfPage\":{\"@id\":\"https:\/\/brasilnoticias.org\/site\/menino-de-11-anos-consegue-autorizacao-da-justica-para-cursar-universidade-publica\/\"},\"wordCount\":243,\"commentCount\":0,\"publisher\":{\"@id\":\"https:\/\/brasilnoticias.org\/site\/#organization\"},\"image\":{\"@id\":\"https:\/\/brasilnoticias.org\/site\/menino-de-11-anos-consegue-autorizacao-da-justica-para-cursar-universidade-publica\/#primaryimage\"},\"thumbnailUrl\":\"https:\/\/brasilnoticias.org\/site\/wp-content\/uploads\/2024\/01\/145139menino-de-11-anos-consegue-autorizacao-da-justica-para-cursar-universidade-publica-3.jpg\",\"articleSection\":[\"Not\u00edcias\",\"\u00daltimas\"],\"inLanguage\":\"pt-PT\",\"potentialAction\":[{\"@type\":\"CommentAction\",\"name\":\"Comment\",\"target\":[\"https:\/\/brasilnoticias.org\/site\/menino-de-11-anos-consegue-autorizacao-da-justica-para-cursar-universidade-publica\/#respond\"]}]},{\"@type\":\"WebPage\",\"@id\":\"https:\/\/brasilnoticias.org\/site\/menino-de-11-anos-consegue-autorizacao-da-justica-para-cursar-universidade-publica\/\",\"url\":\"https:\/\/brasilnoticias.org\/site\/menino-de-11-anos-consegue-autorizacao-da-justica-para-cursar-universidade-publica\/\",\"name\":\"Menino de 11 anos consegue autoriza\u00e7\u00e3o da Justi\u00e7a para cursar universidade p\u00fablica - Brasil not\u00edcias\",\"isPartOf\":{\"@id\":\"https:\/\/brasilnoticias.org\/site\/#website\"},\"primaryImageOfPage\":{\"@id\":\"https:\/\/brasilnoticias.org\/site\/menino-de-11-anos-consegue-autorizacao-da-justica-para-cursar-universidade-publica\/#primaryimage\"},\"image\":{\"@id\":\"https:\/\/brasilnoticias.org\/site\/menino-de-11-anos-consegue-autorizacao-da-justica-para-cursar-universidade-publica\/#primaryimage\"},\"thumbnailUrl\":\"https:\/\/brasilnoticias.org\/site\/wp-content\/uploads\/2024\/01\/145139menino-de-11-anos-consegue-autorizacao-da-justica-para-cursar-universidade-publica-3.jpg\",\"datePublished\":\"2024-01-12T20:06:22+00:00\",\"breadcrumb\":{\"@id\":\"https:\/\/brasilnoticias.org\/site\/menino-de-11-anos-consegue-autorizacao-da-justica-para-cursar-universidade-publica\/#breadcrumb\"},\"inLanguage\":\"pt-PT\",\"potentialAction\":[{\"@type\":\"ReadAction\",\"target\":[\"https:\/\/brasilnoticias.org\/site\/menino-de-11-anos-consegue-autorizacao-da-justica-para-cursar-universidade-publica\/\"]}]},{\"@type\":\"ImageObject\",\"inLanguage\":\"pt-PT\",\"@id\":\"https:\/\/brasilnoticias.org\/site\/menino-de-11-anos-consegue-autorizacao-da-justica-para-cursar-universidade-publica\/#primaryimage\",\"url\":\"https:\/\/brasilnoticias.org\/site\/wp-content\/uploads\/2024\/01\/145139menino-de-11-anos-consegue-autorizacao-da-justica-para-cursar-universidade-publica-3.jpg\",\"contentUrl\":\"https:\/\/brasilnoticias.org\/site\/wp-content\/uploads\/2024\/01\/145139menino-de-11-anos-consegue-autorizacao-da-justica-para-cursar-universidade-publica-3.jpg\",\"width\":1600,\"height\":752},{\"@type\":\"BreadcrumbList\",\"@id\":\"https:\/\/brasilnoticias.org\/site\/menino-de-11-anos-consegue-autorizacao-da-justica-para-cursar-universidade-publica\/#breadcrumb\",\"itemListElement\":[{\"@type\":\"ListItem\",\"position\":1,\"name\":\"In\u00edcio\",\"item\":\"https:\/\/brasilnoticias.org\/site\/\"},{\"@type\":\"ListItem\",\"position\":2,\"name\":\"Menino de 11 anos consegue autoriza\u00e7\u00e3o da Justi\u00e7a para cursar universidade p\u00fablica\"}]},{\"@type\":\"WebSite\",\"@id\":\"https:\/\/brasilnoticias.org\/site\/#website\",\"url\":\"https:\/\/brasilnoticias.org\/site\/\",\"name\":\"Brasil not\u00edcias\",\"description\":\"Brasil not\u00edcias\",\"publisher\":{\"@id\":\"https:\/\/brasilnoticias.org\/site\/#organization\"},\"potentialAction\":[{\"@type\":\"SearchAction\",\"target\":{\"@type\":\"EntryPoint\",\"urlTemplate\":\"https:\/\/brasilnoticias.org\/site\/?s={search_term_string}\"},\"query-input\":{\"@type\":\"PropertyValueSpecification\",\"valueRequired\":true,\"valueName\":\"search_term_string\"}}],\"inLanguage\":\"pt-PT\"},{\"@type\":\"Organization\",\"@id\":\"https:\/\/brasilnoticias.org\/site\/#organization\",\"name\":\"Brasil not\u00edcias\",\"url\":\"https:\/\/brasilnoticias.org\/site\/\",\"logo\":{\"@type\":\"ImageObject\",\"inLanguage\":\"pt-PT\",\"@id\":\"https:\/\/brasilnoticias.org\/site\/#\/schema\/logo\/image\/\",\"url\":\"https:\/\/brasilnoticias.org\/site\/wp-content\/uploads\/2022\/05\/cropped-brasilnoticias-mini.jpg\",\"contentUrl\":\"https:\/\/brasilnoticias.org\/site\/wp-content\/uploads\/2022\/05\/cropped-brasilnoticias-mini.jpg\",\"width\":314,\"height\":86,\"caption\":\"Brasil not\u00edcias\"},\"image\":{\"@id\":\"https:\/\/brasilnoticias.org\/site\/#\/schema\/logo\/image\/\"}},{\"@type\":\"Person\",\"@id\":\"https:\/\/brasilnoticias.org\/site\/#\/schema\/person\/03bbbfe6c7634ad18c26444ea39049fa\",\"name\":\"Reda\u00e7\u00e3o\",\"image\":{\"@type\":\"ImageObject\",\"inLanguage\":\"pt-PT\",\"@id\":\"https:\/\/brasilnoticias.org\/site\/#\/schema\/person\/image\/\",\"url\":\"https:\/\/secure.gravatar.com\/avatar\/9ecaf7327a696cb23ad926fedded5f1f04d7049de9e445375d55b48c001a6e42?s=96&d=mm&r=g\",\"contentUrl\":\"https:\/\/secure.gravatar.com\/avatar\/9ecaf7327a696cb23ad926fedded5f1f04d7049de9e445375d55b48c001a6e42?s=96&d=mm&r=g\",\"caption\":\"Reda\u00e7\u00e3o\"},\"url\":\"https:\/\/brasilnoticias.org\/site\/author\/henrique\/\"}]}<\/script>\n<!-- \/ Yoast SEO plugin. -->","yoast_head_json":{"title":"Menino de 11 anos consegue autoriza\u00e7\u00e3o da Justi\u00e7a para cursar universidade p\u00fablica - Brasil not\u00edcias","robots":{"index":"index","follow":"follow","max-snippet":"max-snippet:-1","max-image-preview":"max-image-preview:large","max-video-preview":"max-video-preview:-1"},"canonical":"https:\/\/brasilnoticias.org\/site\/menino-de-11-anos-consegue-autorizacao-da-justica-para-cursar-universidade-publica\/","og_locale":"pt_PT","og_type":"article","og_title":"Menino de 11 anos consegue autoriza\u00e7\u00e3o da Justi\u00e7a para cursar universidade p\u00fablica - Brasil not\u00edcias","og_description":"Luan Gama foi aprovado para cursar matem\u00e1tica na Universidade Estadual do Amazonas O jovem Luan Gama, de 11 anos, conseguiu","og_url":"https:\/\/brasilnoticias.org\/site\/menino-de-11-anos-consegue-autorizacao-da-justica-para-cursar-universidade-publica\/","og_site_name":"Brasil not\u00edcias","article_published_time":"2024-01-12T20:06:22+00:00","og_image":[{"width":1600,"height":752,"url":"https:\/\/brasilnoticias.org\/site\/wp-content\/uploads\/2024\/01\/145139menino-de-11-anos-consegue-autorizacao-da-justica-para-cursar-universidade-publica-3.jpg","type":"image\/jpeg"}],"author":"Reda\u00e7\u00e3o","twitter_card":"summary_large_image","twitter_misc":{"Escrito por":"Reda\u00e7\u00e3o","Tempo estimado de leitura":"1 minuto"},"schema":{"@context":"https:\/\/schema.org","@graph":[{"@type":"Article","@id":"https:\/\/brasilnoticias.org\/site\/menino-de-11-anos-consegue-autorizacao-da-justica-para-cursar-universidade-publica\/#article","isPartOf":{"@id":"https:\/\/brasilnoticias.org\/site\/menino-de-11-anos-consegue-autorizacao-da-justica-para-cursar-universidade-publica\/"},"author":{"name":"Reda\u00e7\u00e3o","@id":"https:\/\/brasilnoticias.org\/site\/#\/schema\/person\/03bbbfe6c7634ad18c26444ea39049fa"},"headline":"Menino de 11 anos consegue autoriza\u00e7\u00e3o da Justi\u00e7a para cursar universidade p\u00fablica","datePublished":"2024-01-12T20:06:22+00:00","mainEntityOfPage":{"@id":"https:\/\/brasilnoticias.org\/site\/menino-de-11-anos-consegue-autorizacao-da-justica-para-cursar-universidade-publica\/"},"wordCount":243,"commentCount":0,"publisher":{"@id":"https:\/\/brasilnoticias.org\/site\/#organization"},"image":{"@id":"https:\/\/brasilnoticias.org\/site\/menino-de-11-anos-consegue-autorizacao-da-justica-para-cursar-universidade-publica\/#primaryimage"},"thumbnailUrl":"https:\/\/brasilnoticias.org\/site\/wp-content\/uploads\/2024\/01\/145139menino-de-11-anos-consegue-autorizacao-da-justica-para-cursar-universidade-publica-3.jpg","articleSection":["Not\u00edcias","\u00daltimas"],"inLanguage":"pt-PT","potentialAction":[{"@type":"CommentAction","name":"Comment","target":["https:\/\/brasilnoticias.org\/site\/menino-de-11-anos-consegue-autorizacao-da-justica-para-cursar-universidade-publica\/#respond"]}]},{"@type":"WebPage","@id":"https:\/\/brasilnoticias.org\/site\/menino-de-11-anos-consegue-autorizacao-da-justica-para-cursar-universidade-publica\/","url":"https:\/\/brasilnoticias.org\/site\/menino-de-11-anos-consegue-autorizacao-da-justica-para-cursar-universidade-publica\/","name":"Menino de 11 anos consegue autoriza\u00e7\u00e3o da Justi\u00e7a para cursar universidade p\u00fablica - Brasil not\u00edcias","isPartOf":{"@id":"https:\/\/brasilnoticias.org\/site\/#website"},"primaryImageOfPage":{"@id":"https:\/\/brasilnoticias.org\/site\/menino-de-11-anos-consegue-autorizacao-da-justica-para-cursar-universidade-publica\/#primaryimage"},"image":{"@id":"https:\/\/brasilnoticias.org\/site\/menino-de-11-anos-consegue-autorizacao-da-justica-para-cursar-universidade-publica\/#primaryimage"},"thumbnailUrl":"https:\/\/brasilnoticias.org\/site\/wp-content\/uploads\/2024\/01\/145139menino-de-11-anos-consegue-autorizacao-da-justica-para-cursar-universidade-publica-3.jpg","datePublished":"2024-01-12T20:06:22+00:00","breadcrumb":{"@id":"https:\/\/brasilnoticias.org\/site\/menino-de-11-anos-consegue-autorizacao-da-justica-para-cursar-universidade-publica\/#breadcrumb"},"inLanguage":"pt-PT","potentialAction":[{"@type":"ReadAction","target":["https:\/\/brasilnoticias.org\/site\/menino-de-11-anos-consegue-autorizacao-da-justica-para-cursar-universidade-publica\/"]}]},{"@type":"ImageObject","inLanguage":"pt-PT","@id":"https:\/\/brasilnoticias.org\/site\/menino-de-11-anos-consegue-autorizacao-da-justica-para-cursar-universidade-publica\/#primaryimage","url":"https:\/\/brasilnoticias.org\/site\/wp-content\/uploads\/2024\/01\/145139menino-de-11-anos-consegue-autorizacao-da-justica-para-cursar-universidade-publica-3.jpg","contentUrl":"https:\/\/brasilnoticias.org\/site\/wp-content\/uploads\/2024\/01\/145139menino-de-11-anos-consegue-autorizacao-da-justica-para-cursar-universidade-publica-3.jpg","width":1600,"height":752},{"@type":"BreadcrumbList","@id":"https:\/\/brasilnoticias.org\/site\/menino-de-11-anos-consegue-autorizacao-da-justica-para-cursar-universidade-publica\/#breadcrumb","itemListElement":[{"@type":"ListItem","position":1,"name":"In\u00edcio","item":"https:\/\/brasilnoticias.org\/site\/"},{"@type":"ListItem","position":2,"name":"Menino de 11 anos consegue autoriza\u00e7\u00e3o da Justi\u00e7a para cursar universidade p\u00fablica"}]},{"@type":"WebSite","@id":"https:\/\/brasilnoticias.org\/site\/#website","url":"https:\/\/brasilnoticias.org\/site\/","name":"Brasil not\u00edcias","description":"Brasil not\u00edcias","publisher":{"@id":"https:\/\/brasilnoticias.org\/site\/#organization"},"potentialAction":[{"@type":"SearchAction","target":{"@type":"EntryPoint","urlTemplate":"https:\/\/brasilnoticias.org\/site\/?s={search_term_string}"},"query-input":{"@type":"PropertyValueSpecification","valueRequired":true,"valueName":"search_term_string"}}],"inLanguage":"pt-PT"},{"@type":"Organization","@id":"https:\/\/brasilnoticias.org\/site\/#organization","name":"Brasil not\u00edcias","url":"https:\/\/brasilnoticias.org\/site\/","logo":{"@type":"ImageObject","inLanguage":"pt-PT","@id":"https:\/\/brasilnoticias.org\/site\/#\/schema\/logo\/image\/","url":"https:\/\/brasilnoticias.org\/site\/wp-content\/uploads\/2022\/05\/cropped-brasilnoticias-mini.jpg","contentUrl":"https:\/\/brasilnoticias.org\/site\/wp-content\/uploads\/2022\/05\/cropped-brasilnoticias-mini.jpg","width":314,"height":86,"caption":"Brasil not\u00edcias"},"image":{"@id":"https:\/\/brasilnoticias.org\/site\/#\/schema\/logo\/image\/"}},{"@type":"Person","@id":"https:\/\/brasilnoticias.org\/site\/#\/schema\/person\/03bbbfe6c7634ad18c26444ea39049fa","name":"Reda\u00e7\u00e3o","image":{"@type":"ImageObject","inLanguage":"pt-PT","@id":"https:\/\/brasilnoticias.org\/site\/#\/schema\/person\/image\/","url":"https:\/\/secure.gravatar.com\/avatar\/9ecaf7327a696cb23ad926fedded5f1f04d7049de9e445375d55b48c001a6e42?s=96&d=mm&r=g","contentUrl":"https:\/\/secure.gravatar.com\/avatar\/9ecaf7327a696cb23ad926fedded5f1f04d7049de9e445375d55b48c001a6e42?s=96&d=mm&r=g","caption":"Reda\u00e7\u00e3o"},"url":"https:\/\/brasilnoticias.org\/site\/author\/henrique\/"}]}},"_links":{"self":[{"href":"https:\/\/brasilnoticias.org\/site\/wp-json\/wp\/v2\/posts\/12156","targetHints":{"allow":["GET"]}}],"collection":[{"href":"https:\/\/brasilnoticias.org\/site\/wp-json\/wp\/v2\/posts"}],"about":[{"href":"https:\/\/brasilnoticias.org\/site\/wp-json\/wp\/v2\/types\/post"}],"author":[{"embeddable":true,"href":"https:\/\/brasilnoticias.org\/site\/wp-json\/wp\/v2\/users\/4"}],"replies":[{"embeddable":true,"href":"https:\/\/brasilnoticias.org\/site\/wp-json\/wp\/v2\/comments?post=12156"}],"version-history":[{"count":1,"href":"https:\/\/brasilnoticias.org\/site\/wp-json\/wp\/v2\/posts\/12156\/revisions"}],"predecessor-version":[{"id":12158,"href":"https:\/\/brasilnoticias.org\/site\/wp-json\/wp\/v2\/posts\/12156\/revisions\/12158"}],"wp:featuredmedia":[{"embeddable":true,"href":"https:\/\/brasilnoticias.org\/site\/wp-json\/wp\/v2\/media\/12157"}],"wp:attachment":[{"href":"https:\/\/brasilnoticias.org\/site\/wp-json\/wp\/v2\/media?parent=12156"}],"wp:term":[{"taxonomy":"category","embeddable":true,"href":"https:\/\/brasilnoticias.org\/site\/wp-json\/wp\/v2\/categories?post=12156"},{"taxonomy":"post_tag","embeddable":true,"href":"https:\/\/brasilnoticias.org\/site\/wp-json\/wp\/v2\/tags?post=12156"}],"curies":[{"name":"wp","href":"https:\/\/api.w.org\/{rel}","templated":true}]}}