{"id":12172,"date":"2024-01-13T18:43:31","date_gmt":"2024-01-13T21:43:31","guid":{"rendered":"https:\/\/brasilnoticias.org\/site\/?p=12172"},"modified":"2024-01-13T18:43:31","modified_gmt":"2024-01-13T21:43:31","slug":"feriado-do-padroeiro-de-lauro-de-freitas-veja-o-funcionamento-das-reparticoes-publicas-na-segunda-feira-15","status":"publish","type":"post","link":"https:\/\/brasilnoticias.org\/site\/feriado-do-padroeiro-de-lauro-de-freitas-veja-o-funcionamento-das-reparticoes-publicas-na-segunda-feira-15\/","title":{"rendered":"Feriado do padroeiro de Lauro de Freitas: veja o funcionamento das reparti\u00e7\u00f5es p\u00fablicas na segunda-feira (15)"},"content":{"rendered":"<p>Nesta segunda-feira (15), Lauro de Freitas comemora o dia do seu padroeiro, Santo Amaro de Ipitanga. Devido ao feriado na cidade, a Prefeitura ajusta o funcionamento das reparti\u00e7\u00f5es p\u00fablicas para garantir a continuidade dos servi\u00e7os essenciais, incluindo sa\u00fade, tr\u00e2nsito, prote\u00e7\u00e3o e coleta de lixo. Confira o esquema.<\/p>\n<p>Sa\u00fade<\/p>\n<p>As Unidades de Sa\u00fade da Fam\u00edlia n\u00e3o v\u00e3o funcionar. As atividades retornam na ter\u00e7a-feira (16), a partir das 8h.<\/p>\n<p>Os servi\u00e7os de urg\u00eancia e emerg\u00eancia continuam a ser atendidos regularmente na UPA e Upinha de Itinga, no Novo Nelson Barros, no Centro (Unime), e no Pronto Atendimento de Areia Branca, que v\u00e3o operar em regime de plant\u00e3o 24 horas. Isso tamb\u00e9m se aplica ao SAMU e ao Hospital Menandro de Faria.<\/p>\n<p>O Posto Avan\u00e7ado de Vacina\u00e7\u00e3o de Lauro de Freitas, localizado no piso L2 do Parque Shopping Bahia, fecha nesta segunda-feira e retorna o funcionamento na ter\u00e7a-feira (16), das 10h \u00e0s 20h.<\/p>\n<p>Tr\u00e2nsito e CIMU<\/p>\n<p>A opera\u00e7\u00e3o de tr\u00e2nsito da SETTOP mant\u00e9m seu efetivo para realizar rondas ostensivas nos bairros. Incidentes relacionados ao tr\u00e2nsito, polui\u00e7\u00e3o sonora e outras quest\u00f5es podem ser resolvidos atrav\u00e9s do Centro Integrado de Mobilidade Urbana (CIMU), que opera 24 horas, atrav\u00e9s dos contatos 156 e 3369-3710 ou 3379-4843.<\/p>\n<p>Defesa Civil<\/p>\n<p>A Defesa Civil estar\u00e1 dispon\u00edvel em regime de plant\u00e3o 24 horas, permitindo que a popula\u00e7\u00e3o acesse o \u00f3rg\u00e3o a qualquer momento atrav\u00e9s do telefone 199 ou via WhatsApp (71) 3288-8628, entre 8h e 17h.<\/p>\n<p>Limpeza urbana<\/p>\n<p>A coleta de lixo dom\u00e9stico, conduzida pela Secretaria Municipal de Servi\u00e7os P\u00fablicos (SESP), segue normalmente.<\/p>\n<p>Parque Ecol\u00f3gico<\/p>\n<p>O Parque Ecol\u00f3gico em Vilas do Atl\u00e2ntico estar\u00e1 fechado nesta segunda-feira (15).<\/p>\n<p>Servi\u00e7os que fecham<\/p>\n<p>O Restaurante Popular, a Cozinha Comunit\u00e1ria de Itinga e o SAC Municipal fecham. Esses servi\u00e7os tamb\u00e9m retornar\u00e3o ao funcionamento normal na ter\u00e7a-feira (16).<\/p>\n<p>Telefones \u00fateis<\/p>\n<p>&#8211; PA de Areia Branca: (71) 3291-8958<\/p>\n<p>&#8211; UPA (Itinga): (71) 3251-8110<\/p>\n<p>&#8211; Hospital Menandro de Faria: (71) 3369-6800<\/p>\n<p>&#8211; Bombeiros: 193<\/p>\n<p>&#8211; Pol\u00edcia Militar: 190<\/p>\n<p>&#8211; SAMU: 192<\/p>\n<p>Foto: Divulga\u00e7\u00e3o<br \/>\nPol\u00edtica Bahia<\/p>\n","protected":false},"excerpt":{"rendered":"<p>Nesta segunda-feira (15), Lauro de Freitas comemora o dia do seu padroeiro, Santo Amaro de Ipitanga. Devido ao feriado na<\/p>\n","protected":false},"author":4,"featured_media":12173,"comment_status":"open","ping_status":"open","sticky":false,"template":"","format":"standard","meta":{"colormag_page_container_layout":"default_layout","colormag_page_sidebar_layout":"default_layout","_FSMCFIC_featured_image_caption":"","_FSMCFIC_featured_image_nocaption":"","_FSMCFIC_featured_image_hide":"","footnotes":""},"categories":[2,1],"tags":[],"class_list":["post-12172","post","type-post","status-publish","format-standard","has-post-thumbnail","hentry","category-noticias","category-ultimas"],"yoast_head":"<!-- This site is optimized with the Yoast SEO plugin v27.1.1 - https:\/\/yoast.com\/product\/yoast-seo-wordpress\/ -->\n<title>Feriado do padroeiro de Lauro de Freitas: veja o funcionamento das reparti\u00e7\u00f5es p\u00fablicas na segunda-feira (15) - Brasil not\u00edcias<\/title>\n<meta name=\"robots\" content=\"index, follow, max-snippet:-1, max-image-preview:large, max-video-preview:-1\" \/>\n<link rel=\"canonical\" href=\"https:\/\/brasilnoticias.org\/site\/feriado-do-padroeiro-de-lauro-de-freitas-veja-o-funcionamento-das-reparticoes-publicas-na-segunda-feira-15\/\" \/>\n<meta property=\"og:locale\" content=\"pt_PT\" \/>\n<meta property=\"og:type\" content=\"article\" \/>\n<meta property=\"og:title\" content=\"Feriado do padroeiro de Lauro de Freitas: veja o funcionamento das reparti\u00e7\u00f5es p\u00fablicas na segunda-feira (15) - Brasil not\u00edcias\" \/>\n<meta property=\"og:description\" content=\"Nesta segunda-feira (15), Lauro de Freitas comemora o dia do seu padroeiro, Santo Amaro de Ipitanga. Devido ao feriado na\" \/>\n<meta property=\"og:url\" content=\"https:\/\/brasilnoticias.org\/site\/feriado-do-padroeiro-de-lauro-de-freitas-veja-o-funcionamento-das-reparticoes-publicas-na-segunda-feira-15\/\" \/>\n<meta property=\"og:site_name\" content=\"Brasil not\u00edcias\" \/>\n<meta property=\"article:published_time\" content=\"2024-01-13T21:43:31+00:00\" \/>\n<meta property=\"og:image\" content=\"https:\/\/brasilnoticias.org\/site\/wp-content\/uploads\/2024\/01\/IMAGEM_NOTICIA_2-4-1.jpg\" \/>\n\t<meta property=\"og:image:width\" content=\"300\" \/>\n\t<meta property=\"og:image:height\" content=\"200\" \/>\n\t<meta property=\"og:image:type\" content=\"image\/jpeg\" \/>\n<meta name=\"author\" content=\"Reda\u00e7\u00e3o\" \/>\n<meta name=\"twitter:card\" content=\"summary_large_image\" \/>\n<meta name=\"twitter:label1\" content=\"Escrito por\" \/>\n\t<meta name=\"twitter:data1\" content=\"Reda\u00e7\u00e3o\" \/>\n<script type=\"application\/ld+json\" class=\"yoast-schema-graph\">{\"@context\":\"https:\/\/schema.org\",\"@graph\":[{\"@type\":\"Article\",\"@id\":\"https:\/\/brasilnoticias.org\/site\/feriado-do-padroeiro-de-lauro-de-freitas-veja-o-funcionamento-das-reparticoes-publicas-na-segunda-feira-15\/#article\",\"isPartOf\":{\"@id\":\"https:\/\/brasilnoticias.org\/site\/feriado-do-padroeiro-de-lauro-de-freitas-veja-o-funcionamento-das-reparticoes-publicas-na-segunda-feira-15\/\"},\"author\":{\"name\":\"Reda\u00e7\u00e3o\",\"@id\":\"https:\/\/brasilnoticias.org\/site\/#\/schema\/person\/03bbbfe6c7634ad18c26444ea39049fa\"},\"headline\":\"Feriado do padroeiro de Lauro de Freitas: veja o funcionamento das reparti\u00e7\u00f5es p\u00fablicas na segunda-feira (15)\",\"datePublished\":\"2024-01-13T21:43:31+00:00\",\"mainEntityOfPage\":{\"@id\":\"https:\/\/brasilnoticias.org\/site\/feriado-do-padroeiro-de-lauro-de-freitas-veja-o-funcionamento-das-reparticoes-publicas-na-segunda-feira-15\/\"},\"wordCount\":378,\"commentCount\":0,\"publisher\":{\"@id\":\"https:\/\/brasilnoticias.org\/site\/#organization\"},\"image\":{\"@id\":\"https:\/\/brasilnoticias.org\/site\/feriado-do-padroeiro-de-lauro-de-freitas-veja-o-funcionamento-das-reparticoes-publicas-na-segunda-feira-15\/#primaryimage\"},\"thumbnailUrl\":\"https:\/\/brasilnoticias.org\/site\/wp-content\/uploads\/2024\/01\/IMAGEM_NOTICIA_2-4-1.jpg\",\"articleSection\":[\"Not\u00edcias\",\"\u00daltimas\"],\"inLanguage\":\"pt-PT\",\"potentialAction\":[{\"@type\":\"CommentAction\",\"name\":\"Comment\",\"target\":[\"https:\/\/brasilnoticias.org\/site\/feriado-do-padroeiro-de-lauro-de-freitas-veja-o-funcionamento-das-reparticoes-publicas-na-segunda-feira-15\/#respond\"]}]},{\"@type\":\"WebPage\",\"@id\":\"https:\/\/brasilnoticias.org\/site\/feriado-do-padroeiro-de-lauro-de-freitas-veja-o-funcionamento-das-reparticoes-publicas-na-segunda-feira-15\/\",\"url\":\"https:\/\/brasilnoticias.org\/site\/feriado-do-padroeiro-de-lauro-de-freitas-veja-o-funcionamento-das-reparticoes-publicas-na-segunda-feira-15\/\",\"name\":\"Feriado do padroeiro de Lauro de Freitas: veja o funcionamento das reparti\u00e7\u00f5es p\u00fablicas na segunda-feira (15) - Brasil not\u00edcias\",\"isPartOf\":{\"@id\":\"https:\/\/brasilnoticias.org\/site\/#website\"},\"primaryImageOfPage\":{\"@id\":\"https:\/\/brasilnoticias.org\/site\/feriado-do-padroeiro-de-lauro-de-freitas-veja-o-funcionamento-das-reparticoes-publicas-na-segunda-feira-15\/#primaryimage\"},\"image\":{\"@id\":\"https:\/\/brasilnoticias.org\/site\/feriado-do-padroeiro-de-lauro-de-freitas-veja-o-funcionamento-das-reparticoes-publicas-na-segunda-feira-15\/#primaryimage\"},\"thumbnailUrl\":\"https:\/\/brasilnoticias.org\/site\/wp-content\/uploads\/2024\/01\/IMAGEM_NOTICIA_2-4-1.jpg\",\"datePublished\":\"2024-01-13T21:43:31+00:00\",\"breadcrumb\":{\"@id\":\"https:\/\/brasilnoticias.org\/site\/feriado-do-padroeiro-de-lauro-de-freitas-veja-o-funcionamento-das-reparticoes-publicas-na-segunda-feira-15\/#breadcrumb\"},\"inLanguage\":\"pt-PT\",\"potentialAction\":[{\"@type\":\"ReadAction\",\"target\":[\"https:\/\/brasilnoticias.org\/site\/feriado-do-padroeiro-de-lauro-de-freitas-veja-o-funcionamento-das-reparticoes-publicas-na-segunda-feira-15\/\"]}]},{\"@type\":\"ImageObject\",\"inLanguage\":\"pt-PT\",\"@id\":\"https:\/\/brasilnoticias.org\/site\/feriado-do-padroeiro-de-lauro-de-freitas-veja-o-funcionamento-das-reparticoes-publicas-na-segunda-feira-15\/#primaryimage\",\"url\":\"https:\/\/brasilnoticias.org\/site\/wp-content\/uploads\/2024\/01\/IMAGEM_NOTICIA_2-4-1.jpg\",\"contentUrl\":\"https:\/\/brasilnoticias.org\/site\/wp-content\/uploads\/2024\/01\/IMAGEM_NOTICIA_2-4-1.jpg\",\"width\":300,\"height\":200},{\"@type\":\"BreadcrumbList\",\"@id\":\"https:\/\/brasilnoticias.org\/site\/feriado-do-padroeiro-de-lauro-de-freitas-veja-o-funcionamento-das-reparticoes-publicas-na-segunda-feira-15\/#breadcrumb\",\"itemListElement\":[{\"@type\":\"ListItem\",\"position\":1,\"name\":\"In\u00edcio\",\"item\":\"https:\/\/brasilnoticias.org\/site\/\"},{\"@type\":\"ListItem\",\"position\":2,\"name\":\"Feriado do padroeiro de Lauro de Freitas: veja o funcionamento das reparti\u00e7\u00f5es p\u00fablicas na segunda-feira (15)\"}]},{\"@type\":\"WebSite\",\"@id\":\"https:\/\/brasilnoticias.org\/site\/#website\",\"url\":\"https:\/\/brasilnoticias.org\/site\/\",\"name\":\"Brasil not\u00edcias\",\"description\":\"Brasil not\u00edcias\",\"publisher\":{\"@id\":\"https:\/\/brasilnoticias.org\/site\/#organization\"},\"potentialAction\":[{\"@type\":\"SearchAction\",\"target\":{\"@type\":\"EntryPoint\",\"urlTemplate\":\"https:\/\/brasilnoticias.org\/site\/?s={search_term_string}\"},\"query-input\":{\"@type\":\"PropertyValueSpecification\",\"valueRequired\":true,\"valueName\":\"search_term_string\"}}],\"inLanguage\":\"pt-PT\"},{\"@type\":\"Organization\",\"@id\":\"https:\/\/brasilnoticias.org\/site\/#organization\",\"name\":\"Brasil not\u00edcias\",\"url\":\"https:\/\/brasilnoticias.org\/site\/\",\"logo\":{\"@type\":\"ImageObject\",\"inLanguage\":\"pt-PT\",\"@id\":\"https:\/\/brasilnoticias.org\/site\/#\/schema\/logo\/image\/\",\"url\":\"https:\/\/brasilnoticias.org\/site\/wp-content\/uploads\/2022\/05\/cropped-brasilnoticias-mini.jpg\",\"contentUrl\":\"https:\/\/brasilnoticias.org\/site\/wp-content\/uploads\/2022\/05\/cropped-brasilnoticias-mini.jpg\",\"width\":314,\"height\":86,\"caption\":\"Brasil not\u00edcias\"},\"image\":{\"@id\":\"https:\/\/brasilnoticias.org\/site\/#\/schema\/logo\/image\/\"}},{\"@type\":\"Person\",\"@id\":\"https:\/\/brasilnoticias.org\/site\/#\/schema\/person\/03bbbfe6c7634ad18c26444ea39049fa\",\"name\":\"Reda\u00e7\u00e3o\",\"image\":{\"@type\":\"ImageObject\",\"inLanguage\":\"pt-PT\",\"@id\":\"https:\/\/brasilnoticias.org\/site\/#\/schema\/person\/image\/\",\"url\":\"https:\/\/secure.gravatar.com\/avatar\/9ecaf7327a696cb23ad926fedded5f1f04d7049de9e445375d55b48c001a6e42?s=96&d=mm&r=g\",\"contentUrl\":\"https:\/\/secure.gravatar.com\/avatar\/9ecaf7327a696cb23ad926fedded5f1f04d7049de9e445375d55b48c001a6e42?s=96&d=mm&r=g\",\"caption\":\"Reda\u00e7\u00e3o\"},\"url\":\"https:\/\/brasilnoticias.org\/site\/author\/henrique\/\"}]}<\/script>\n<!-- \/ Yoast SEO plugin. -->","yoast_head_json":{"title":"Feriado do padroeiro de Lauro de Freitas: veja o funcionamento das reparti\u00e7\u00f5es p\u00fablicas na segunda-feira (15) - Brasil not\u00edcias","robots":{"index":"index","follow":"follow","max-snippet":"max-snippet:-1","max-image-preview":"max-image-preview:large","max-video-preview":"max-video-preview:-1"},"canonical":"https:\/\/brasilnoticias.org\/site\/feriado-do-padroeiro-de-lauro-de-freitas-veja-o-funcionamento-das-reparticoes-publicas-na-segunda-feira-15\/","og_locale":"pt_PT","og_type":"article","og_title":"Feriado do padroeiro de Lauro de Freitas: veja o funcionamento das reparti\u00e7\u00f5es p\u00fablicas na segunda-feira (15) - Brasil not\u00edcias","og_description":"Nesta segunda-feira (15), Lauro de Freitas comemora o dia do seu padroeiro, Santo Amaro de Ipitanga. Devido ao feriado na","og_url":"https:\/\/brasilnoticias.org\/site\/feriado-do-padroeiro-de-lauro-de-freitas-veja-o-funcionamento-das-reparticoes-publicas-na-segunda-feira-15\/","og_site_name":"Brasil not\u00edcias","article_published_time":"2024-01-13T21:43:31+00:00","og_image":[{"width":300,"height":200,"url":"https:\/\/brasilnoticias.org\/site\/wp-content\/uploads\/2024\/01\/IMAGEM_NOTICIA_2-4-1.jpg","type":"image\/jpeg"}],"author":"Reda\u00e7\u00e3o","twitter_card":"summary_large_image","twitter_misc":{"Escrito por":"Reda\u00e7\u00e3o"},"schema":{"@context":"https:\/\/schema.org","@graph":[{"@type":"Article","@id":"https:\/\/brasilnoticias.org\/site\/feriado-do-padroeiro-de-lauro-de-freitas-veja-o-funcionamento-das-reparticoes-publicas-na-segunda-feira-15\/#article","isPartOf":{"@id":"https:\/\/brasilnoticias.org\/site\/feriado-do-padroeiro-de-lauro-de-freitas-veja-o-funcionamento-das-reparticoes-publicas-na-segunda-feira-15\/"},"author":{"name":"Reda\u00e7\u00e3o","@id":"https:\/\/brasilnoticias.org\/site\/#\/schema\/person\/03bbbfe6c7634ad18c26444ea39049fa"},"headline":"Feriado do padroeiro de Lauro de Freitas: veja o funcionamento das reparti\u00e7\u00f5es p\u00fablicas na segunda-feira (15)","datePublished":"2024-01-13T21:43:31+00:00","mainEntityOfPage":{"@id":"https:\/\/brasilnoticias.org\/site\/feriado-do-padroeiro-de-lauro-de-freitas-veja-o-funcionamento-das-reparticoes-publicas-na-segunda-feira-15\/"},"wordCount":378,"commentCount":0,"publisher":{"@id":"https:\/\/brasilnoticias.org\/site\/#organization"},"image":{"@id":"https:\/\/brasilnoticias.org\/site\/feriado-do-padroeiro-de-lauro-de-freitas-veja-o-funcionamento-das-reparticoes-publicas-na-segunda-feira-15\/#primaryimage"},"thumbnailUrl":"https:\/\/brasilnoticias.org\/site\/wp-content\/uploads\/2024\/01\/IMAGEM_NOTICIA_2-4-1.jpg","articleSection":["Not\u00edcias","\u00daltimas"],"inLanguage":"pt-PT","potentialAction":[{"@type":"CommentAction","name":"Comment","target":["https:\/\/brasilnoticias.org\/site\/feriado-do-padroeiro-de-lauro-de-freitas-veja-o-funcionamento-das-reparticoes-publicas-na-segunda-feira-15\/#respond"]}]},{"@type":"WebPage","@id":"https:\/\/brasilnoticias.org\/site\/feriado-do-padroeiro-de-lauro-de-freitas-veja-o-funcionamento-das-reparticoes-publicas-na-segunda-feira-15\/","url":"https:\/\/brasilnoticias.org\/site\/feriado-do-padroeiro-de-lauro-de-freitas-veja-o-funcionamento-das-reparticoes-publicas-na-segunda-feira-15\/","name":"Feriado do padroeiro de Lauro de Freitas: veja o funcionamento das reparti\u00e7\u00f5es p\u00fablicas na segunda-feira (15) - Brasil not\u00edcias","isPartOf":{"@id":"https:\/\/brasilnoticias.org\/site\/#website"},"primaryImageOfPage":{"@id":"https:\/\/brasilnoticias.org\/site\/feriado-do-padroeiro-de-lauro-de-freitas-veja-o-funcionamento-das-reparticoes-publicas-na-segunda-feira-15\/#primaryimage"},"image":{"@id":"https:\/\/brasilnoticias.org\/site\/feriado-do-padroeiro-de-lauro-de-freitas-veja-o-funcionamento-das-reparticoes-publicas-na-segunda-feira-15\/#primaryimage"},"thumbnailUrl":"https:\/\/brasilnoticias.org\/site\/wp-content\/uploads\/2024\/01\/IMAGEM_NOTICIA_2-4-1.jpg","datePublished":"2024-01-13T21:43:31+00:00","breadcrumb":{"@id":"https:\/\/brasilnoticias.org\/site\/feriado-do-padroeiro-de-lauro-de-freitas-veja-o-funcionamento-das-reparticoes-publicas-na-segunda-feira-15\/#breadcrumb"},"inLanguage":"pt-PT","potentialAction":[{"@type":"ReadAction","target":["https:\/\/brasilnoticias.org\/site\/feriado-do-padroeiro-de-lauro-de-freitas-veja-o-funcionamento-das-reparticoes-publicas-na-segunda-feira-15\/"]}]},{"@type":"ImageObject","inLanguage":"pt-PT","@id":"https:\/\/brasilnoticias.org\/site\/feriado-do-padroeiro-de-lauro-de-freitas-veja-o-funcionamento-das-reparticoes-publicas-na-segunda-feira-15\/#primaryimage","url":"https:\/\/brasilnoticias.org\/site\/wp-content\/uploads\/2024\/01\/IMAGEM_NOTICIA_2-4-1.jpg","contentUrl":"https:\/\/brasilnoticias.org\/site\/wp-content\/uploads\/2024\/01\/IMAGEM_NOTICIA_2-4-1.jpg","width":300,"height":200},{"@type":"BreadcrumbList","@id":"https:\/\/brasilnoticias.org\/site\/feriado-do-padroeiro-de-lauro-de-freitas-veja-o-funcionamento-das-reparticoes-publicas-na-segunda-feira-15\/#breadcrumb","itemListElement":[{"@type":"ListItem","position":1,"name":"In\u00edcio","item":"https:\/\/brasilnoticias.org\/site\/"},{"@type":"ListItem","position":2,"name":"Feriado do padroeiro de Lauro de Freitas: veja o funcionamento das reparti\u00e7\u00f5es p\u00fablicas na segunda-feira (15)"}]},{"@type":"WebSite","@id":"https:\/\/brasilnoticias.org\/site\/#website","url":"https:\/\/brasilnoticias.org\/site\/","name":"Brasil not\u00edcias","description":"Brasil not\u00edcias","publisher":{"@id":"https:\/\/brasilnoticias.org\/site\/#organization"},"potentialAction":[{"@type":"SearchAction","target":{"@type":"EntryPoint","urlTemplate":"https:\/\/brasilnoticias.org\/site\/?s={search_term_string}"},"query-input":{"@type":"PropertyValueSpecification","valueRequired":true,"valueName":"search_term_string"}}],"inLanguage":"pt-PT"},{"@type":"Organization","@id":"https:\/\/brasilnoticias.org\/site\/#organization","name":"Brasil not\u00edcias","url":"https:\/\/brasilnoticias.org\/site\/","logo":{"@type":"ImageObject","inLanguage":"pt-PT","@id":"https:\/\/brasilnoticias.org\/site\/#\/schema\/logo\/image\/","url":"https:\/\/brasilnoticias.org\/site\/wp-content\/uploads\/2022\/05\/cropped-brasilnoticias-mini.jpg","contentUrl":"https:\/\/brasilnoticias.org\/site\/wp-content\/uploads\/2022\/05\/cropped-brasilnoticias-mini.jpg","width":314,"height":86,"caption":"Brasil not\u00edcias"},"image":{"@id":"https:\/\/brasilnoticias.org\/site\/#\/schema\/logo\/image\/"}},{"@type":"Person","@id":"https:\/\/brasilnoticias.org\/site\/#\/schema\/person\/03bbbfe6c7634ad18c26444ea39049fa","name":"Reda\u00e7\u00e3o","image":{"@type":"ImageObject","inLanguage":"pt-PT","@id":"https:\/\/brasilnoticias.org\/site\/#\/schema\/person\/image\/","url":"https:\/\/secure.gravatar.com\/avatar\/9ecaf7327a696cb23ad926fedded5f1f04d7049de9e445375d55b48c001a6e42?s=96&d=mm&r=g","contentUrl":"https:\/\/secure.gravatar.com\/avatar\/9ecaf7327a696cb23ad926fedded5f1f04d7049de9e445375d55b48c001a6e42?s=96&d=mm&r=g","caption":"Reda\u00e7\u00e3o"},"url":"https:\/\/brasilnoticias.org\/site\/author\/henrique\/"}]}},"_links":{"self":[{"href":"https:\/\/brasilnoticias.org\/site\/wp-json\/wp\/v2\/posts\/12172","targetHints":{"allow":["GET"]}}],"collection":[{"href":"https:\/\/brasilnoticias.org\/site\/wp-json\/wp\/v2\/posts"}],"about":[{"href":"https:\/\/brasilnoticias.org\/site\/wp-json\/wp\/v2\/types\/post"}],"author":[{"embeddable":true,"href":"https:\/\/brasilnoticias.org\/site\/wp-json\/wp\/v2\/users\/4"}],"replies":[{"embeddable":true,"href":"https:\/\/brasilnoticias.org\/site\/wp-json\/wp\/v2\/comments?post=12172"}],"version-history":[{"count":1,"href":"https:\/\/brasilnoticias.org\/site\/wp-json\/wp\/v2\/posts\/12172\/revisions"}],"predecessor-version":[{"id":12174,"href":"https:\/\/brasilnoticias.org\/site\/wp-json\/wp\/v2\/posts\/12172\/revisions\/12174"}],"wp:featuredmedia":[{"embeddable":true,"href":"https:\/\/brasilnoticias.org\/site\/wp-json\/wp\/v2\/media\/12173"}],"wp:attachment":[{"href":"https:\/\/brasilnoticias.org\/site\/wp-json\/wp\/v2\/media?parent=12172"}],"wp:term":[{"taxonomy":"category","embeddable":true,"href":"https:\/\/brasilnoticias.org\/site\/wp-json\/wp\/v2\/categories?post=12172"},{"taxonomy":"post_tag","embeddable":true,"href":"https:\/\/brasilnoticias.org\/site\/wp-json\/wp\/v2\/tags?post=12172"}],"curies":[{"name":"wp","href":"https:\/\/api.w.org\/{rel}","templated":true}]}}