{"id":12178,"date":"2024-01-13T18:45:45","date_gmt":"2024-01-13T21:45:45","guid":{"rendered":"https:\/\/brasilnoticias.org\/site\/?p=12178"},"modified":"2024-01-13T18:45:45","modified_gmt":"2024-01-13T21:45:45","slug":"carlos-alberto-parreira-trata-cancer-e-apresenta-resposta-positiva-informa-cbf","status":"publish","type":"post","link":"https:\/\/brasilnoticias.org\/site\/carlos-alberto-parreira-trata-cancer-e-apresenta-resposta-positiva-informa-cbf\/","title":{"rendered":"Carlos Alberto Parreira trata c\u00e2ncer e apresenta \u2018resposta positiva\u2019, informa CBF"},"content":{"rendered":"<p>Campe\u00e3o mundial com a sele\u00e7\u00e3o brasileira em 1994, Carlos Alberto Parreira est\u00e1 h\u00e1 quatro meses tratamento quimioter\u00e1pico depois de descobrir um c\u00e2ncer. Em 2023, o ex-treinador recebeu o diagn\u00f3stico de linfoma de Hodgkin, e, segundo informou a fam\u00edlia \u00e0 CBF (Confedera\u00e7\u00e3o Brasileira de Futebol), \u201cvem apresentando excelente respostas\u201d. A informa\u00e7\u00e3o foi divulgada pela CBF nesta sexta-feira, 12. A fam\u00edlia do treinador tetracampe\u00e3o e a equipe m\u00e9dica do Hospital Samaritano que o acompanha afirmam que Parreira continua \u201cevoluindo positivamente aos tratamentos e agradecem a todos pela preocupa\u00e7\u00e3o e carinho\u201d. Linfoma de Hodgkin \u00e9 um tipo de c\u00e2ncer que acomete o sistema linf\u00e1tico.<\/p>\n<p>Parreira, de 80 anos, estava h\u00e1 um tempo consider\u00e1vel sem fazer uma apari\u00e7\u00e3o p\u00fablica at\u00e9 a semana passada, quando deu entrevistas para falar sobre o amigo M\u00e1rio Jorge Lobo Zagallo, que morreu na \u00faltima sexta-feira, aos 92 anos. Notou-se, nas entrevistas, que Parreira estava muito magro, com ralos cabelos brancos e apar\u00eancia debilitada. O ex-treinador e ex-coordenador da sele\u00e7\u00e3o brasileira foi ao vel\u00f3rio se despedir de Zagallo no \u00faltimo s\u00e1bado, na sede da CBF, no Rio. Ele apareceu no fim do evento, acompanhou a missa e foi embora sem dar entrevistas. Uma semana depois, a fam\u00edlia decidiu tornar p\u00fablico o tratamento de Parreira contra o c\u00e2ncer. O carioca participou de dez Copas do Mundo por cinco sele\u00e7\u00f5es diferentes: Ar\u00e1bia Saudita, Brasil, Emirados \u00c1rabes, Kuwait e \u00c1frica do Sul. \u00c9 ele o t\u00e9cnico brasileiro que mais dirigiu sele\u00e7\u00f5es estrangeiras, com dez passagens. Entre 1970 e 2014, foram sete participa\u00e7\u00f5es em Mundiais, como preparador, t\u00e9cnico e coordenador.<\/p>\n<p>Com informa\u00e7\u00f5es do Estad\u00e3o Conte\u00fado \/ CBF\/Divulga\u00e7\u00e3o<\/p>\n","protected":false},"excerpt":{"rendered":"<p>Campe\u00e3o mundial com a sele\u00e7\u00e3o brasileira em 1994, Carlos Alberto Parreira est\u00e1 h\u00e1 quatro meses tratamento quimioter\u00e1pico depois de descobrir<\/p>\n","protected":false},"author":4,"featured_media":12179,"comment_status":"open","ping_status":"open","sticky":false,"template":"","format":"standard","meta":{"colormag_page_container_layout":"default_layout","colormag_page_sidebar_layout":"default_layout","_FSMCFIC_featured_image_caption":"","_FSMCFIC_featured_image_nocaption":"","_FSMCFIC_featured_image_hide":"","footnotes":""},"categories":[4,1],"tags":[],"class_list":["post-12178","post","type-post","status-publish","format-standard","has-post-thumbnail","hentry","category-esporte","category-ultimas"],"yoast_head":"<!-- This site is optimized with the Yoast SEO plugin v27.1.1 - https:\/\/yoast.com\/product\/yoast-seo-wordpress\/ -->\n<title>Carlos Alberto Parreira trata c\u00e2ncer e apresenta \u2018resposta positiva\u2019, informa CBF - Brasil not\u00edcias<\/title>\n<meta name=\"robots\" content=\"index, follow, max-snippet:-1, max-image-preview:large, max-video-preview:-1\" \/>\n<link rel=\"canonical\" href=\"https:\/\/brasilnoticias.org\/site\/carlos-alberto-parreira-trata-cancer-e-apresenta-resposta-positiva-informa-cbf\/\" \/>\n<meta property=\"og:locale\" content=\"pt_PT\" \/>\n<meta property=\"og:type\" content=\"article\" \/>\n<meta property=\"og:title\" content=\"Carlos Alberto Parreira trata c\u00e2ncer e apresenta \u2018resposta positiva\u2019, informa CBF - Brasil not\u00edcias\" \/>\n<meta property=\"og:description\" content=\"Campe\u00e3o mundial com a sele\u00e7\u00e3o brasileira em 1994, Carlos Alberto Parreira est\u00e1 h\u00e1 quatro meses tratamento quimioter\u00e1pico depois de descobrir\" \/>\n<meta property=\"og:url\" content=\"https:\/\/brasilnoticias.org\/site\/carlos-alberto-parreira-trata-cancer-e-apresenta-resposta-positiva-informa-cbf\/\" \/>\n<meta property=\"og:site_name\" content=\"Brasil not\u00edcias\" \/>\n<meta property=\"article:published_time\" content=\"2024-01-13T21:45:45+00:00\" \/>\n<meta property=\"og:image\" content=\"https:\/\/brasilnoticias.org\/site\/wp-content\/uploads\/2024\/01\/IMAGEM_NOTICIA_2-1-4.jpg\" \/>\n\t<meta property=\"og:image:width\" content=\"300\" \/>\n\t<meta property=\"og:image:height\" content=\"200\" \/>\n\t<meta property=\"og:image:type\" content=\"image\/jpeg\" \/>\n<meta name=\"author\" content=\"Reda\u00e7\u00e3o\" \/>\n<meta name=\"twitter:card\" content=\"summary_large_image\" \/>\n<meta name=\"twitter:label1\" content=\"Escrito por\" \/>\n\t<meta name=\"twitter:data1\" content=\"Reda\u00e7\u00e3o\" \/>\n\t<meta name=\"twitter:label2\" content=\"Tempo estimado de leitura\" \/>\n\t<meta name=\"twitter:data2\" content=\"1 minuto\" \/>\n<script type=\"application\/ld+json\" class=\"yoast-schema-graph\">{\"@context\":\"https:\/\/schema.org\",\"@graph\":[{\"@type\":\"Article\",\"@id\":\"https:\/\/brasilnoticias.org\/site\/carlos-alberto-parreira-trata-cancer-e-apresenta-resposta-positiva-informa-cbf\/#article\",\"isPartOf\":{\"@id\":\"https:\/\/brasilnoticias.org\/site\/carlos-alberto-parreira-trata-cancer-e-apresenta-resposta-positiva-informa-cbf\/\"},\"author\":{\"name\":\"Reda\u00e7\u00e3o\",\"@id\":\"https:\/\/brasilnoticias.org\/site\/#\/schema\/person\/03bbbfe6c7634ad18c26444ea39049fa\"},\"headline\":\"Carlos Alberto Parreira trata c\u00e2ncer e apresenta \u2018resposta positiva\u2019, informa CBF\",\"datePublished\":\"2024-01-13T21:45:45+00:00\",\"mainEntityOfPage\":{\"@id\":\"https:\/\/brasilnoticias.org\/site\/carlos-alberto-parreira-trata-cancer-e-apresenta-resposta-positiva-informa-cbf\/\"},\"wordCount\":300,\"commentCount\":0,\"publisher\":{\"@id\":\"https:\/\/brasilnoticias.org\/site\/#organization\"},\"image\":{\"@id\":\"https:\/\/brasilnoticias.org\/site\/carlos-alberto-parreira-trata-cancer-e-apresenta-resposta-positiva-informa-cbf\/#primaryimage\"},\"thumbnailUrl\":\"https:\/\/brasilnoticias.org\/site\/wp-content\/uploads\/2024\/01\/IMAGEM_NOTICIA_2-1-4.jpg\",\"articleSection\":[\"Esporte\",\"\u00daltimas\"],\"inLanguage\":\"pt-PT\",\"potentialAction\":[{\"@type\":\"CommentAction\",\"name\":\"Comment\",\"target\":[\"https:\/\/brasilnoticias.org\/site\/carlos-alberto-parreira-trata-cancer-e-apresenta-resposta-positiva-informa-cbf\/#respond\"]}]},{\"@type\":\"WebPage\",\"@id\":\"https:\/\/brasilnoticias.org\/site\/carlos-alberto-parreira-trata-cancer-e-apresenta-resposta-positiva-informa-cbf\/\",\"url\":\"https:\/\/brasilnoticias.org\/site\/carlos-alberto-parreira-trata-cancer-e-apresenta-resposta-positiva-informa-cbf\/\",\"name\":\"Carlos Alberto Parreira trata c\u00e2ncer e apresenta \u2018resposta positiva\u2019, informa CBF - Brasil not\u00edcias\",\"isPartOf\":{\"@id\":\"https:\/\/brasilnoticias.org\/site\/#website\"},\"primaryImageOfPage\":{\"@id\":\"https:\/\/brasilnoticias.org\/site\/carlos-alberto-parreira-trata-cancer-e-apresenta-resposta-positiva-informa-cbf\/#primaryimage\"},\"image\":{\"@id\":\"https:\/\/brasilnoticias.org\/site\/carlos-alberto-parreira-trata-cancer-e-apresenta-resposta-positiva-informa-cbf\/#primaryimage\"},\"thumbnailUrl\":\"https:\/\/brasilnoticias.org\/site\/wp-content\/uploads\/2024\/01\/IMAGEM_NOTICIA_2-1-4.jpg\",\"datePublished\":\"2024-01-13T21:45:45+00:00\",\"breadcrumb\":{\"@id\":\"https:\/\/brasilnoticias.org\/site\/carlos-alberto-parreira-trata-cancer-e-apresenta-resposta-positiva-informa-cbf\/#breadcrumb\"},\"inLanguage\":\"pt-PT\",\"potentialAction\":[{\"@type\":\"ReadAction\",\"target\":[\"https:\/\/brasilnoticias.org\/site\/carlos-alberto-parreira-trata-cancer-e-apresenta-resposta-positiva-informa-cbf\/\"]}]},{\"@type\":\"ImageObject\",\"inLanguage\":\"pt-PT\",\"@id\":\"https:\/\/brasilnoticias.org\/site\/carlos-alberto-parreira-trata-cancer-e-apresenta-resposta-positiva-informa-cbf\/#primaryimage\",\"url\":\"https:\/\/brasilnoticias.org\/site\/wp-content\/uploads\/2024\/01\/IMAGEM_NOTICIA_2-1-4.jpg\",\"contentUrl\":\"https:\/\/brasilnoticias.org\/site\/wp-content\/uploads\/2024\/01\/IMAGEM_NOTICIA_2-1-4.jpg\",\"width\":300,\"height\":200},{\"@type\":\"BreadcrumbList\",\"@id\":\"https:\/\/brasilnoticias.org\/site\/carlos-alberto-parreira-trata-cancer-e-apresenta-resposta-positiva-informa-cbf\/#breadcrumb\",\"itemListElement\":[{\"@type\":\"ListItem\",\"position\":1,\"name\":\"In\u00edcio\",\"item\":\"https:\/\/brasilnoticias.org\/site\/\"},{\"@type\":\"ListItem\",\"position\":2,\"name\":\"Carlos Alberto Parreira trata c\u00e2ncer e apresenta \u2018resposta positiva\u2019, informa CBF\"}]},{\"@type\":\"WebSite\",\"@id\":\"https:\/\/brasilnoticias.org\/site\/#website\",\"url\":\"https:\/\/brasilnoticias.org\/site\/\",\"name\":\"Brasil not\u00edcias\",\"description\":\"Brasil not\u00edcias\",\"publisher\":{\"@id\":\"https:\/\/brasilnoticias.org\/site\/#organization\"},\"potentialAction\":[{\"@type\":\"SearchAction\",\"target\":{\"@type\":\"EntryPoint\",\"urlTemplate\":\"https:\/\/brasilnoticias.org\/site\/?s={search_term_string}\"},\"query-input\":{\"@type\":\"PropertyValueSpecification\",\"valueRequired\":true,\"valueName\":\"search_term_string\"}}],\"inLanguage\":\"pt-PT\"},{\"@type\":\"Organization\",\"@id\":\"https:\/\/brasilnoticias.org\/site\/#organization\",\"name\":\"Brasil not\u00edcias\",\"url\":\"https:\/\/brasilnoticias.org\/site\/\",\"logo\":{\"@type\":\"ImageObject\",\"inLanguage\":\"pt-PT\",\"@id\":\"https:\/\/brasilnoticias.org\/site\/#\/schema\/logo\/image\/\",\"url\":\"https:\/\/brasilnoticias.org\/site\/wp-content\/uploads\/2022\/05\/cropped-brasilnoticias-mini.jpg\",\"contentUrl\":\"https:\/\/brasilnoticias.org\/site\/wp-content\/uploads\/2022\/05\/cropped-brasilnoticias-mini.jpg\",\"width\":314,\"height\":86,\"caption\":\"Brasil not\u00edcias\"},\"image\":{\"@id\":\"https:\/\/brasilnoticias.org\/site\/#\/schema\/logo\/image\/\"}},{\"@type\":\"Person\",\"@id\":\"https:\/\/brasilnoticias.org\/site\/#\/schema\/person\/03bbbfe6c7634ad18c26444ea39049fa\",\"name\":\"Reda\u00e7\u00e3o\",\"image\":{\"@type\":\"ImageObject\",\"inLanguage\":\"pt-PT\",\"@id\":\"https:\/\/brasilnoticias.org\/site\/#\/schema\/person\/image\/\",\"url\":\"https:\/\/secure.gravatar.com\/avatar\/9ecaf7327a696cb23ad926fedded5f1f04d7049de9e445375d55b48c001a6e42?s=96&d=mm&r=g\",\"contentUrl\":\"https:\/\/secure.gravatar.com\/avatar\/9ecaf7327a696cb23ad926fedded5f1f04d7049de9e445375d55b48c001a6e42?s=96&d=mm&r=g\",\"caption\":\"Reda\u00e7\u00e3o\"},\"url\":\"https:\/\/brasilnoticias.org\/site\/author\/henrique\/\"}]}<\/script>\n<!-- \/ Yoast SEO plugin. -->","yoast_head_json":{"title":"Carlos Alberto Parreira trata c\u00e2ncer e apresenta \u2018resposta positiva\u2019, informa CBF - Brasil not\u00edcias","robots":{"index":"index","follow":"follow","max-snippet":"max-snippet:-1","max-image-preview":"max-image-preview:large","max-video-preview":"max-video-preview:-1"},"canonical":"https:\/\/brasilnoticias.org\/site\/carlos-alberto-parreira-trata-cancer-e-apresenta-resposta-positiva-informa-cbf\/","og_locale":"pt_PT","og_type":"article","og_title":"Carlos Alberto Parreira trata c\u00e2ncer e apresenta \u2018resposta positiva\u2019, informa CBF - Brasil not\u00edcias","og_description":"Campe\u00e3o mundial com a sele\u00e7\u00e3o brasileira em 1994, Carlos Alberto Parreira est\u00e1 h\u00e1 quatro meses tratamento quimioter\u00e1pico depois de descobrir","og_url":"https:\/\/brasilnoticias.org\/site\/carlos-alberto-parreira-trata-cancer-e-apresenta-resposta-positiva-informa-cbf\/","og_site_name":"Brasil not\u00edcias","article_published_time":"2024-01-13T21:45:45+00:00","og_image":[{"width":300,"height":200,"url":"https:\/\/brasilnoticias.org\/site\/wp-content\/uploads\/2024\/01\/IMAGEM_NOTICIA_2-1-4.jpg","type":"image\/jpeg"}],"author":"Reda\u00e7\u00e3o","twitter_card":"summary_large_image","twitter_misc":{"Escrito por":"Reda\u00e7\u00e3o","Tempo estimado de leitura":"1 minuto"},"schema":{"@context":"https:\/\/schema.org","@graph":[{"@type":"Article","@id":"https:\/\/brasilnoticias.org\/site\/carlos-alberto-parreira-trata-cancer-e-apresenta-resposta-positiva-informa-cbf\/#article","isPartOf":{"@id":"https:\/\/brasilnoticias.org\/site\/carlos-alberto-parreira-trata-cancer-e-apresenta-resposta-positiva-informa-cbf\/"},"author":{"name":"Reda\u00e7\u00e3o","@id":"https:\/\/brasilnoticias.org\/site\/#\/schema\/person\/03bbbfe6c7634ad18c26444ea39049fa"},"headline":"Carlos Alberto Parreira trata c\u00e2ncer e apresenta \u2018resposta positiva\u2019, informa CBF","datePublished":"2024-01-13T21:45:45+00:00","mainEntityOfPage":{"@id":"https:\/\/brasilnoticias.org\/site\/carlos-alberto-parreira-trata-cancer-e-apresenta-resposta-positiva-informa-cbf\/"},"wordCount":300,"commentCount":0,"publisher":{"@id":"https:\/\/brasilnoticias.org\/site\/#organization"},"image":{"@id":"https:\/\/brasilnoticias.org\/site\/carlos-alberto-parreira-trata-cancer-e-apresenta-resposta-positiva-informa-cbf\/#primaryimage"},"thumbnailUrl":"https:\/\/brasilnoticias.org\/site\/wp-content\/uploads\/2024\/01\/IMAGEM_NOTICIA_2-1-4.jpg","articleSection":["Esporte","\u00daltimas"],"inLanguage":"pt-PT","potentialAction":[{"@type":"CommentAction","name":"Comment","target":["https:\/\/brasilnoticias.org\/site\/carlos-alberto-parreira-trata-cancer-e-apresenta-resposta-positiva-informa-cbf\/#respond"]}]},{"@type":"WebPage","@id":"https:\/\/brasilnoticias.org\/site\/carlos-alberto-parreira-trata-cancer-e-apresenta-resposta-positiva-informa-cbf\/","url":"https:\/\/brasilnoticias.org\/site\/carlos-alberto-parreira-trata-cancer-e-apresenta-resposta-positiva-informa-cbf\/","name":"Carlos Alberto Parreira trata c\u00e2ncer e apresenta \u2018resposta positiva\u2019, informa CBF - Brasil not\u00edcias","isPartOf":{"@id":"https:\/\/brasilnoticias.org\/site\/#website"},"primaryImageOfPage":{"@id":"https:\/\/brasilnoticias.org\/site\/carlos-alberto-parreira-trata-cancer-e-apresenta-resposta-positiva-informa-cbf\/#primaryimage"},"image":{"@id":"https:\/\/brasilnoticias.org\/site\/carlos-alberto-parreira-trata-cancer-e-apresenta-resposta-positiva-informa-cbf\/#primaryimage"},"thumbnailUrl":"https:\/\/brasilnoticias.org\/site\/wp-content\/uploads\/2024\/01\/IMAGEM_NOTICIA_2-1-4.jpg","datePublished":"2024-01-13T21:45:45+00:00","breadcrumb":{"@id":"https:\/\/brasilnoticias.org\/site\/carlos-alberto-parreira-trata-cancer-e-apresenta-resposta-positiva-informa-cbf\/#breadcrumb"},"inLanguage":"pt-PT","potentialAction":[{"@type":"ReadAction","target":["https:\/\/brasilnoticias.org\/site\/carlos-alberto-parreira-trata-cancer-e-apresenta-resposta-positiva-informa-cbf\/"]}]},{"@type":"ImageObject","inLanguage":"pt-PT","@id":"https:\/\/brasilnoticias.org\/site\/carlos-alberto-parreira-trata-cancer-e-apresenta-resposta-positiva-informa-cbf\/#primaryimage","url":"https:\/\/brasilnoticias.org\/site\/wp-content\/uploads\/2024\/01\/IMAGEM_NOTICIA_2-1-4.jpg","contentUrl":"https:\/\/brasilnoticias.org\/site\/wp-content\/uploads\/2024\/01\/IMAGEM_NOTICIA_2-1-4.jpg","width":300,"height":200},{"@type":"BreadcrumbList","@id":"https:\/\/brasilnoticias.org\/site\/carlos-alberto-parreira-trata-cancer-e-apresenta-resposta-positiva-informa-cbf\/#breadcrumb","itemListElement":[{"@type":"ListItem","position":1,"name":"In\u00edcio","item":"https:\/\/brasilnoticias.org\/site\/"},{"@type":"ListItem","position":2,"name":"Carlos Alberto Parreira trata c\u00e2ncer e apresenta \u2018resposta positiva\u2019, informa CBF"}]},{"@type":"WebSite","@id":"https:\/\/brasilnoticias.org\/site\/#website","url":"https:\/\/brasilnoticias.org\/site\/","name":"Brasil not\u00edcias","description":"Brasil not\u00edcias","publisher":{"@id":"https:\/\/brasilnoticias.org\/site\/#organization"},"potentialAction":[{"@type":"SearchAction","target":{"@type":"EntryPoint","urlTemplate":"https:\/\/brasilnoticias.org\/site\/?s={search_term_string}"},"query-input":{"@type":"PropertyValueSpecification","valueRequired":true,"valueName":"search_term_string"}}],"inLanguage":"pt-PT"},{"@type":"Organization","@id":"https:\/\/brasilnoticias.org\/site\/#organization","name":"Brasil not\u00edcias","url":"https:\/\/brasilnoticias.org\/site\/","logo":{"@type":"ImageObject","inLanguage":"pt-PT","@id":"https:\/\/brasilnoticias.org\/site\/#\/schema\/logo\/image\/","url":"https:\/\/brasilnoticias.org\/site\/wp-content\/uploads\/2022\/05\/cropped-brasilnoticias-mini.jpg","contentUrl":"https:\/\/brasilnoticias.org\/site\/wp-content\/uploads\/2022\/05\/cropped-brasilnoticias-mini.jpg","width":314,"height":86,"caption":"Brasil not\u00edcias"},"image":{"@id":"https:\/\/brasilnoticias.org\/site\/#\/schema\/logo\/image\/"}},{"@type":"Person","@id":"https:\/\/brasilnoticias.org\/site\/#\/schema\/person\/03bbbfe6c7634ad18c26444ea39049fa","name":"Reda\u00e7\u00e3o","image":{"@type":"ImageObject","inLanguage":"pt-PT","@id":"https:\/\/brasilnoticias.org\/site\/#\/schema\/person\/image\/","url":"https:\/\/secure.gravatar.com\/avatar\/9ecaf7327a696cb23ad926fedded5f1f04d7049de9e445375d55b48c001a6e42?s=96&d=mm&r=g","contentUrl":"https:\/\/secure.gravatar.com\/avatar\/9ecaf7327a696cb23ad926fedded5f1f04d7049de9e445375d55b48c001a6e42?s=96&d=mm&r=g","caption":"Reda\u00e7\u00e3o"},"url":"https:\/\/brasilnoticias.org\/site\/author\/henrique\/"}]}},"_links":{"self":[{"href":"https:\/\/brasilnoticias.org\/site\/wp-json\/wp\/v2\/posts\/12178","targetHints":{"allow":["GET"]}}],"collection":[{"href":"https:\/\/brasilnoticias.org\/site\/wp-json\/wp\/v2\/posts"}],"about":[{"href":"https:\/\/brasilnoticias.org\/site\/wp-json\/wp\/v2\/types\/post"}],"author":[{"embeddable":true,"href":"https:\/\/brasilnoticias.org\/site\/wp-json\/wp\/v2\/users\/4"}],"replies":[{"embeddable":true,"href":"https:\/\/brasilnoticias.org\/site\/wp-json\/wp\/v2\/comments?post=12178"}],"version-history":[{"count":1,"href":"https:\/\/brasilnoticias.org\/site\/wp-json\/wp\/v2\/posts\/12178\/revisions"}],"predecessor-version":[{"id":12180,"href":"https:\/\/brasilnoticias.org\/site\/wp-json\/wp\/v2\/posts\/12178\/revisions\/12180"}],"wp:featuredmedia":[{"embeddable":true,"href":"https:\/\/brasilnoticias.org\/site\/wp-json\/wp\/v2\/media\/12179"}],"wp:attachment":[{"href":"https:\/\/brasilnoticias.org\/site\/wp-json\/wp\/v2\/media?parent=12178"}],"wp:term":[{"taxonomy":"category","embeddable":true,"href":"https:\/\/brasilnoticias.org\/site\/wp-json\/wp\/v2\/categories?post=12178"},{"taxonomy":"post_tag","embeddable":true,"href":"https:\/\/brasilnoticias.org\/site\/wp-json\/wp\/v2\/tags?post=12178"}],"curies":[{"name":"wp","href":"https:\/\/api.w.org\/{rel}","templated":true}]}}