{"id":12188,"date":"2024-01-13T19:15:55","date_gmt":"2024-01-13T22:15:55","guid":{"rendered":"https:\/\/brasilnoticias.org\/site\/?p=12188"},"modified":"2024-01-13T19:15:55","modified_gmt":"2024-01-13T22:15:55","slug":"43o-noite-da-beleza-negra-acontece-neste-sabado-ha-um-ano-da-morte-de-seu-idealizador-sergio-roberto","status":"publish","type":"post","link":"https:\/\/brasilnoticias.org\/site\/43o-noite-da-beleza-negra-acontece-neste-sabado-ha-um-ano-da-morte-de-seu-idealizador-sergio-roberto\/","title":{"rendered":"43\u00ba Noite da Beleza Negra acontece neste s\u00e1bado, h\u00e1 um ano da morte de seu idealizador S\u00e9rgio Roberto"},"content":{"rendered":"<p>O evento ter\u00e1 as participa\u00e7\u00f5es de Ta\u00eds Ara\u00fajo, Samuel de Assis e Diogo Almeida; e shows de Carlinhos Brown e Russo Passapusso<\/p>\n<p>A 43\u00aa edi\u00e7\u00e3o da Noite da Beleza Negra do Il\u00ea Aiy\u00ea acontece neste s\u00e1bado (13), na Senzala do Barro Preto, Curuzu, a partir das 20h30. A festa inicia o ciclo de comemora\u00e7\u00f5es pelos 50 anos do bloco afro pioneiro e ser\u00e1 realizada praticamente um ano depois da morte de seu idealizador, S\u00e9rgio Roberto dos Santos, que faleceu no dia 22 de janeiro de 2023. <\/p>\n<p>O evento tem dire\u00e7\u00e3o art\u00edstica e roteiro de El\u00edsio Lopes Jr., que, depois de 10 anos, se despede do posto nesta edi\u00e7\u00e3o. Com o tema \u201cAfro dos Afros\u201d e apresenta\u00e7\u00e3o de Arany Santana, Sandro Teles e Val Benvindo, o espet\u00e1culo passeia pela hist\u00f3ria de emo\u00e7\u00e3o e luta do Mais Belo dos Belos, que foi seguida por tantos outros blocos afro do Brasil, com cenas que prometem tirar o f\u00f4lego do p\u00fablico. E vale lembrar que o voto popular cumpre papel fundamental na escolha da primeira colocada do concurso, com um j\u00fari sempre atento aos aplausos e a torcida da plateia.<\/p>\n<p>As finalistas do concurso s\u00e3o Barbara Cristina S\u00e1 Sacramento (33), Caroline Xavier de Almeida (25), Cec\u00edlia Cadile da Silva Santos (33), Cibele Mariah da Silva Santos (35), Daiane de Souza Concei\u00e7\u00e3o (31), Isis Renata do Esp\u00edrito Santo Dantas Nascimento (28), Larissa Val\u00e9ria S\u00e1 Sacramento (29), Lorena Xavier Silveira Bispo (21), Nadine Ferreira Borges (32), Rafaela Rosa Silva Oliveira Leite (28), Sarah Moraes dos Santos (26), Stephanie Ingrid Silva Sousa de Deus (22), Stephanie Mascarenhas Lobo Brito (25), Tain\u00e3 de Palmares (30) e Thuane Vit\u00f3ria Pereira Santana (26).<\/p>\n<p>A candidata classificada em 3\u00ba lugar ganhar\u00e1 um Trof\u00e9u Perfil Azeviche, uma fantasia e R$ 2.500,00 (dois mil e quinhentos reais), a candidata que ficar em 2\u00ba lugar ganhar\u00e1 um Trof\u00e9u Perfil Azeviche, uma fantasia e R$ 3.000,00 (tr\u00eas mil reais). E a candidata escolhida para o 1\u00ba lugar ganhar\u00e1 como pr\u00eamio um Trof\u00e9u Deusa Do \u00c9bano 2023, uma fantasia e R$ 3.600,00 (tr\u00eas mil e seiscentos reais).<\/p>\n<p>As estrelas nacionais Ta\u00eds Ara\u00fajo, Samuel de Assis e Diogo Almeida protagonizam aquela que promete ser uma das cenas mais emocionantes e esperadas da noite. Acompanhados pelos tambores da Banda Aiy\u00ea, eles evocam a import\u00e2ncia do Il\u00ea Aiy\u00ea como refer\u00eancia na luta por reconhecimento da grandeza do povo negro no mundo e no cora\u00e7\u00e3o de cada um deles. Em um dado momento, Ta\u00eds interpreta M\u00e3e Hilda Jitolu que, preocupada com a rea\u00e7\u00e3o \u00e0 primeira sa\u00edda do Il\u00ea em 1974, disse: \u201cSe forem bater no Il\u00ea, ir\u00e3o bater em uma m\u00e3e\u201d.<\/p>\n<p>\u201cA Beleza Negra hoje \u00e9 a noite da celebra\u00e7\u00e3o da arte preta brasileira. V\u00eam artistas do pa\u00eds inteiro para pisar nesse palco, para viver essa experi\u00eancia. Isso \u00e9 resultado da nossa parceria de 10 anos construindo esse espet\u00e1culo, mas, principalmente, \u00e9 fruto dos 50 anos de ativismo, arte e milit\u00e2ncia do bloco afro Il\u00ea Aly\u00ea\u201d, celebra o diretor El\u00edsio.<\/p>\n<p>A noite ter\u00e1 ainda um momento dedicado a blocos afros de outros estados que beberam e bebem na fonte do Il\u00ea Aiy\u00ea para nascer e se constituir. S\u00e3o eles Akomabu, do Maranh\u00e3o, Agbara Dudu, do Rio de Janeiro, e Afro Magia Negra, de Belo Horizonte. A comemora\u00e7\u00e3o das vencedoras aos t\u00edtulos de Rainha e Princesas do Il\u00ea Aiy\u00ea 2024 ser\u00e1 embalada pelos sucessos da Banda Aiy\u00ea e por shows de Carlinhos Brown e Russo Passapusso.<\/p>\n<p>SERVI\u00c7O<br \/>\nO QUE: 43\u00ba Noite da Beleza Negra<br \/>\nONDE: Senzala do Barro Preto \u2013 Curuzu<br \/>\nQUANDO: S\u00e1bado (13), \u00e0s 20h30<br \/>\nQUANTO: de R$100 a R$360, \u00e0 venda na Bilheteria Digital, na sede do bloco e no Balc\u00e3o Samba Vivo do Shopping Piedade<\/p>\n<p>Foto: Divulga\u00e7\u00e3o\/Andr\u00e9 Frutuoso<br \/>\nPor: Metro1<\/p>\n","protected":false},"excerpt":{"rendered":"<p>O evento ter\u00e1 as participa\u00e7\u00f5es de Ta\u00eds Ara\u00fajo, Samuel de Assis e Diogo Almeida; e shows de Carlinhos Brown e<\/p>\n","protected":false},"author":4,"featured_media":12189,"comment_status":"open","ping_status":"open","sticky":false,"template":"","format":"standard","meta":{"colormag_page_container_layout":"default_layout","colormag_page_sidebar_layout":"default_layout","_FSMCFIC_featured_image_caption":"","_FSMCFIC_featured_image_nocaption":"","_FSMCFIC_featured_image_hide":"","footnotes":""},"categories":[8,1],"tags":[],"class_list":["post-12188","post","type-post","status-publish","format-standard","has-post-thumbnail","hentry","category-entretenimento","category-ultimas"],"yoast_head":"<!-- This site is optimized with the Yoast SEO plugin v27.1.1 - https:\/\/yoast.com\/product\/yoast-seo-wordpress\/ -->\n<title>43\u00ba Noite da Beleza Negra acontece neste s\u00e1bado, h\u00e1 um ano da morte de seu idealizador S\u00e9rgio Roberto - Brasil not\u00edcias<\/title>\n<meta name=\"robots\" content=\"index, follow, max-snippet:-1, max-image-preview:large, max-video-preview:-1\" \/>\n<link rel=\"canonical\" href=\"https:\/\/brasilnoticias.org\/site\/43o-noite-da-beleza-negra-acontece-neste-sabado-ha-um-ano-da-morte-de-seu-idealizador-sergio-roberto\/\" \/>\n<meta property=\"og:locale\" content=\"pt_PT\" \/>\n<meta property=\"og:type\" content=\"article\" \/>\n<meta property=\"og:title\" content=\"43\u00ba Noite da Beleza Negra acontece neste s\u00e1bado, h\u00e1 um ano da morte de seu idealizador S\u00e9rgio Roberto - Brasil not\u00edcias\" \/>\n<meta property=\"og:description\" content=\"O evento ter\u00e1 as participa\u00e7\u00f5es de Ta\u00eds Ara\u00fajo, Samuel de Assis e Diogo Almeida; e shows de Carlinhos Brown e\" \/>\n<meta property=\"og:url\" content=\"https:\/\/brasilnoticias.org\/site\/43o-noite-da-beleza-negra-acontece-neste-sabado-ha-um-ano-da-morte-de-seu-idealizador-sergio-roberto\/\" \/>\n<meta property=\"og:site_name\" content=\"Brasil not\u00edcias\" \/>\n<meta property=\"article:published_time\" content=\"2024-01-13T22:15:55+00:00\" \/>\n<meta property=\"og:image\" content=\"https:\/\/brasilnoticias.org\/site\/wp-content\/uploads\/2024\/01\/14511843-noite-da-beleza-negra-acontece-neste-sabado-ha-um-ano-da-morte-de-seu-idealizador-sergio-roberto-3.jpg\" \/>\n\t<meta property=\"og:image:width\" content=\"1600\" \/>\n\t<meta property=\"og:image:height\" content=\"752\" \/>\n\t<meta property=\"og:image:type\" content=\"image\/jpeg\" \/>\n<meta name=\"author\" content=\"Reda\u00e7\u00e3o\" \/>\n<meta name=\"twitter:card\" content=\"summary_large_image\" \/>\n<meta name=\"twitter:label1\" content=\"Escrito por\" \/>\n\t<meta name=\"twitter:data1\" content=\"Reda\u00e7\u00e3o\" \/>\n<script type=\"application\/ld+json\" class=\"yoast-schema-graph\">{\"@context\":\"https:\/\/schema.org\",\"@graph\":[{\"@type\":\"Article\",\"@id\":\"https:\/\/brasilnoticias.org\/site\/43o-noite-da-beleza-negra-acontece-neste-sabado-ha-um-ano-da-morte-de-seu-idealizador-sergio-roberto\/#article\",\"isPartOf\":{\"@id\":\"https:\/\/brasilnoticias.org\/site\/43o-noite-da-beleza-negra-acontece-neste-sabado-ha-um-ano-da-morte-de-seu-idealizador-sergio-roberto\/\"},\"author\":{\"name\":\"Reda\u00e7\u00e3o\",\"@id\":\"https:\/\/brasilnoticias.org\/site\/#\/schema\/person\/03bbbfe6c7634ad18c26444ea39049fa\"},\"headline\":\"43\u00ba Noite da Beleza Negra acontece neste s\u00e1bado, h\u00e1 um ano da morte de seu idealizador S\u00e9rgio Roberto\",\"datePublished\":\"2024-01-13T22:15:55+00:00\",\"mainEntityOfPage\":{\"@id\":\"https:\/\/brasilnoticias.org\/site\/43o-noite-da-beleza-negra-acontece-neste-sabado-ha-um-ano-da-morte-de-seu-idealizador-sergio-roberto\/\"},\"wordCount\":648,\"commentCount\":0,\"publisher\":{\"@id\":\"https:\/\/brasilnoticias.org\/site\/#organization\"},\"image\":{\"@id\":\"https:\/\/brasilnoticias.org\/site\/43o-noite-da-beleza-negra-acontece-neste-sabado-ha-um-ano-da-morte-de-seu-idealizador-sergio-roberto\/#primaryimage\"},\"thumbnailUrl\":\"https:\/\/brasilnoticias.org\/site\/wp-content\/uploads\/2024\/01\/14511843-noite-da-beleza-negra-acontece-neste-sabado-ha-um-ano-da-morte-de-seu-idealizador-sergio-roberto-3.jpg\",\"articleSection\":[\"Entretenimento\",\"\u00daltimas\"],\"inLanguage\":\"pt-PT\",\"potentialAction\":[{\"@type\":\"CommentAction\",\"name\":\"Comment\",\"target\":[\"https:\/\/brasilnoticias.org\/site\/43o-noite-da-beleza-negra-acontece-neste-sabado-ha-um-ano-da-morte-de-seu-idealizador-sergio-roberto\/#respond\"]}]},{\"@type\":\"WebPage\",\"@id\":\"https:\/\/brasilnoticias.org\/site\/43o-noite-da-beleza-negra-acontece-neste-sabado-ha-um-ano-da-morte-de-seu-idealizador-sergio-roberto\/\",\"url\":\"https:\/\/brasilnoticias.org\/site\/43o-noite-da-beleza-negra-acontece-neste-sabado-ha-um-ano-da-morte-de-seu-idealizador-sergio-roberto\/\",\"name\":\"43\u00ba Noite da Beleza Negra acontece neste s\u00e1bado, h\u00e1 um ano da morte de seu idealizador S\u00e9rgio Roberto - Brasil not\u00edcias\",\"isPartOf\":{\"@id\":\"https:\/\/brasilnoticias.org\/site\/#website\"},\"primaryImageOfPage\":{\"@id\":\"https:\/\/brasilnoticias.org\/site\/43o-noite-da-beleza-negra-acontece-neste-sabado-ha-um-ano-da-morte-de-seu-idealizador-sergio-roberto\/#primaryimage\"},\"image\":{\"@id\":\"https:\/\/brasilnoticias.org\/site\/43o-noite-da-beleza-negra-acontece-neste-sabado-ha-um-ano-da-morte-de-seu-idealizador-sergio-roberto\/#primaryimage\"},\"thumbnailUrl\":\"https:\/\/brasilnoticias.org\/site\/wp-content\/uploads\/2024\/01\/14511843-noite-da-beleza-negra-acontece-neste-sabado-ha-um-ano-da-morte-de-seu-idealizador-sergio-roberto-3.jpg\",\"datePublished\":\"2024-01-13T22:15:55+00:00\",\"breadcrumb\":{\"@id\":\"https:\/\/brasilnoticias.org\/site\/43o-noite-da-beleza-negra-acontece-neste-sabado-ha-um-ano-da-morte-de-seu-idealizador-sergio-roberto\/#breadcrumb\"},\"inLanguage\":\"pt-PT\",\"potentialAction\":[{\"@type\":\"ReadAction\",\"target\":[\"https:\/\/brasilnoticias.org\/site\/43o-noite-da-beleza-negra-acontece-neste-sabado-ha-um-ano-da-morte-de-seu-idealizador-sergio-roberto\/\"]}]},{\"@type\":\"ImageObject\",\"inLanguage\":\"pt-PT\",\"@id\":\"https:\/\/brasilnoticias.org\/site\/43o-noite-da-beleza-negra-acontece-neste-sabado-ha-um-ano-da-morte-de-seu-idealizador-sergio-roberto\/#primaryimage\",\"url\":\"https:\/\/brasilnoticias.org\/site\/wp-content\/uploads\/2024\/01\/14511843-noite-da-beleza-negra-acontece-neste-sabado-ha-um-ano-da-morte-de-seu-idealizador-sergio-roberto-3.jpg\",\"contentUrl\":\"https:\/\/brasilnoticias.org\/site\/wp-content\/uploads\/2024\/01\/14511843-noite-da-beleza-negra-acontece-neste-sabado-ha-um-ano-da-morte-de-seu-idealizador-sergio-roberto-3.jpg\",\"width\":1600,\"height\":752},{\"@type\":\"BreadcrumbList\",\"@id\":\"https:\/\/brasilnoticias.org\/site\/43o-noite-da-beleza-negra-acontece-neste-sabado-ha-um-ano-da-morte-de-seu-idealizador-sergio-roberto\/#breadcrumb\",\"itemListElement\":[{\"@type\":\"ListItem\",\"position\":1,\"name\":\"In\u00edcio\",\"item\":\"https:\/\/brasilnoticias.org\/site\/\"},{\"@type\":\"ListItem\",\"position\":2,\"name\":\"43\u00ba Noite da Beleza Negra acontece neste s\u00e1bado, h\u00e1 um ano da morte de seu idealizador S\u00e9rgio Roberto\"}]},{\"@type\":\"WebSite\",\"@id\":\"https:\/\/brasilnoticias.org\/site\/#website\",\"url\":\"https:\/\/brasilnoticias.org\/site\/\",\"name\":\"Brasil not\u00edcias\",\"description\":\"Brasil not\u00edcias\",\"publisher\":{\"@id\":\"https:\/\/brasilnoticias.org\/site\/#organization\"},\"potentialAction\":[{\"@type\":\"SearchAction\",\"target\":{\"@type\":\"EntryPoint\",\"urlTemplate\":\"https:\/\/brasilnoticias.org\/site\/?s={search_term_string}\"},\"query-input\":{\"@type\":\"PropertyValueSpecification\",\"valueRequired\":true,\"valueName\":\"search_term_string\"}}],\"inLanguage\":\"pt-PT\"},{\"@type\":\"Organization\",\"@id\":\"https:\/\/brasilnoticias.org\/site\/#organization\",\"name\":\"Brasil not\u00edcias\",\"url\":\"https:\/\/brasilnoticias.org\/site\/\",\"logo\":{\"@type\":\"ImageObject\",\"inLanguage\":\"pt-PT\",\"@id\":\"https:\/\/brasilnoticias.org\/site\/#\/schema\/logo\/image\/\",\"url\":\"https:\/\/brasilnoticias.org\/site\/wp-content\/uploads\/2022\/05\/cropped-brasilnoticias-mini.jpg\",\"contentUrl\":\"https:\/\/brasilnoticias.org\/site\/wp-content\/uploads\/2022\/05\/cropped-brasilnoticias-mini.jpg\",\"width\":314,\"height\":86,\"caption\":\"Brasil not\u00edcias\"},\"image\":{\"@id\":\"https:\/\/brasilnoticias.org\/site\/#\/schema\/logo\/image\/\"}},{\"@type\":\"Person\",\"@id\":\"https:\/\/brasilnoticias.org\/site\/#\/schema\/person\/03bbbfe6c7634ad18c26444ea39049fa\",\"name\":\"Reda\u00e7\u00e3o\",\"image\":{\"@type\":\"ImageObject\",\"inLanguage\":\"pt-PT\",\"@id\":\"https:\/\/brasilnoticias.org\/site\/#\/schema\/person\/image\/\",\"url\":\"https:\/\/secure.gravatar.com\/avatar\/9ecaf7327a696cb23ad926fedded5f1f04d7049de9e445375d55b48c001a6e42?s=96&d=mm&r=g\",\"contentUrl\":\"https:\/\/secure.gravatar.com\/avatar\/9ecaf7327a696cb23ad926fedded5f1f04d7049de9e445375d55b48c001a6e42?s=96&d=mm&r=g\",\"caption\":\"Reda\u00e7\u00e3o\"},\"url\":\"https:\/\/brasilnoticias.org\/site\/author\/henrique\/\"}]}<\/script>\n<!-- \/ Yoast SEO plugin. -->","yoast_head_json":{"title":"43\u00ba Noite da Beleza Negra acontece neste s\u00e1bado, h\u00e1 um ano da morte de seu idealizador S\u00e9rgio Roberto - Brasil not\u00edcias","robots":{"index":"index","follow":"follow","max-snippet":"max-snippet:-1","max-image-preview":"max-image-preview:large","max-video-preview":"max-video-preview:-1"},"canonical":"https:\/\/brasilnoticias.org\/site\/43o-noite-da-beleza-negra-acontece-neste-sabado-ha-um-ano-da-morte-de-seu-idealizador-sergio-roberto\/","og_locale":"pt_PT","og_type":"article","og_title":"43\u00ba Noite da Beleza Negra acontece neste s\u00e1bado, h\u00e1 um ano da morte de seu idealizador S\u00e9rgio Roberto - Brasil not\u00edcias","og_description":"O evento ter\u00e1 as participa\u00e7\u00f5es de Ta\u00eds Ara\u00fajo, Samuel de Assis e Diogo Almeida; e shows de Carlinhos Brown e","og_url":"https:\/\/brasilnoticias.org\/site\/43o-noite-da-beleza-negra-acontece-neste-sabado-ha-um-ano-da-morte-de-seu-idealizador-sergio-roberto\/","og_site_name":"Brasil not\u00edcias","article_published_time":"2024-01-13T22:15:55+00:00","og_image":[{"width":1600,"height":752,"url":"https:\/\/brasilnoticias.org\/site\/wp-content\/uploads\/2024\/01\/14511843-noite-da-beleza-negra-acontece-neste-sabado-ha-um-ano-da-morte-de-seu-idealizador-sergio-roberto-3.jpg","type":"image\/jpeg"}],"author":"Reda\u00e7\u00e3o","twitter_card":"summary_large_image","twitter_misc":{"Escrito por":"Reda\u00e7\u00e3o"},"schema":{"@context":"https:\/\/schema.org","@graph":[{"@type":"Article","@id":"https:\/\/brasilnoticias.org\/site\/43o-noite-da-beleza-negra-acontece-neste-sabado-ha-um-ano-da-morte-de-seu-idealizador-sergio-roberto\/#article","isPartOf":{"@id":"https:\/\/brasilnoticias.org\/site\/43o-noite-da-beleza-negra-acontece-neste-sabado-ha-um-ano-da-morte-de-seu-idealizador-sergio-roberto\/"},"author":{"name":"Reda\u00e7\u00e3o","@id":"https:\/\/brasilnoticias.org\/site\/#\/schema\/person\/03bbbfe6c7634ad18c26444ea39049fa"},"headline":"43\u00ba Noite da Beleza Negra acontece neste s\u00e1bado, h\u00e1 um ano da morte de seu idealizador S\u00e9rgio Roberto","datePublished":"2024-01-13T22:15:55+00:00","mainEntityOfPage":{"@id":"https:\/\/brasilnoticias.org\/site\/43o-noite-da-beleza-negra-acontece-neste-sabado-ha-um-ano-da-morte-de-seu-idealizador-sergio-roberto\/"},"wordCount":648,"commentCount":0,"publisher":{"@id":"https:\/\/brasilnoticias.org\/site\/#organization"},"image":{"@id":"https:\/\/brasilnoticias.org\/site\/43o-noite-da-beleza-negra-acontece-neste-sabado-ha-um-ano-da-morte-de-seu-idealizador-sergio-roberto\/#primaryimage"},"thumbnailUrl":"https:\/\/brasilnoticias.org\/site\/wp-content\/uploads\/2024\/01\/14511843-noite-da-beleza-negra-acontece-neste-sabado-ha-um-ano-da-morte-de-seu-idealizador-sergio-roberto-3.jpg","articleSection":["Entretenimento","\u00daltimas"],"inLanguage":"pt-PT","potentialAction":[{"@type":"CommentAction","name":"Comment","target":["https:\/\/brasilnoticias.org\/site\/43o-noite-da-beleza-negra-acontece-neste-sabado-ha-um-ano-da-morte-de-seu-idealizador-sergio-roberto\/#respond"]}]},{"@type":"WebPage","@id":"https:\/\/brasilnoticias.org\/site\/43o-noite-da-beleza-negra-acontece-neste-sabado-ha-um-ano-da-morte-de-seu-idealizador-sergio-roberto\/","url":"https:\/\/brasilnoticias.org\/site\/43o-noite-da-beleza-negra-acontece-neste-sabado-ha-um-ano-da-morte-de-seu-idealizador-sergio-roberto\/","name":"43\u00ba Noite da Beleza Negra acontece neste s\u00e1bado, h\u00e1 um ano da morte de seu idealizador S\u00e9rgio Roberto - Brasil not\u00edcias","isPartOf":{"@id":"https:\/\/brasilnoticias.org\/site\/#website"},"primaryImageOfPage":{"@id":"https:\/\/brasilnoticias.org\/site\/43o-noite-da-beleza-negra-acontece-neste-sabado-ha-um-ano-da-morte-de-seu-idealizador-sergio-roberto\/#primaryimage"},"image":{"@id":"https:\/\/brasilnoticias.org\/site\/43o-noite-da-beleza-negra-acontece-neste-sabado-ha-um-ano-da-morte-de-seu-idealizador-sergio-roberto\/#primaryimage"},"thumbnailUrl":"https:\/\/brasilnoticias.org\/site\/wp-content\/uploads\/2024\/01\/14511843-noite-da-beleza-negra-acontece-neste-sabado-ha-um-ano-da-morte-de-seu-idealizador-sergio-roberto-3.jpg","datePublished":"2024-01-13T22:15:55+00:00","breadcrumb":{"@id":"https:\/\/brasilnoticias.org\/site\/43o-noite-da-beleza-negra-acontece-neste-sabado-ha-um-ano-da-morte-de-seu-idealizador-sergio-roberto\/#breadcrumb"},"inLanguage":"pt-PT","potentialAction":[{"@type":"ReadAction","target":["https:\/\/brasilnoticias.org\/site\/43o-noite-da-beleza-negra-acontece-neste-sabado-ha-um-ano-da-morte-de-seu-idealizador-sergio-roberto\/"]}]},{"@type":"ImageObject","inLanguage":"pt-PT","@id":"https:\/\/brasilnoticias.org\/site\/43o-noite-da-beleza-negra-acontece-neste-sabado-ha-um-ano-da-morte-de-seu-idealizador-sergio-roberto\/#primaryimage","url":"https:\/\/brasilnoticias.org\/site\/wp-content\/uploads\/2024\/01\/14511843-noite-da-beleza-negra-acontece-neste-sabado-ha-um-ano-da-morte-de-seu-idealizador-sergio-roberto-3.jpg","contentUrl":"https:\/\/brasilnoticias.org\/site\/wp-content\/uploads\/2024\/01\/14511843-noite-da-beleza-negra-acontece-neste-sabado-ha-um-ano-da-morte-de-seu-idealizador-sergio-roberto-3.jpg","width":1600,"height":752},{"@type":"BreadcrumbList","@id":"https:\/\/brasilnoticias.org\/site\/43o-noite-da-beleza-negra-acontece-neste-sabado-ha-um-ano-da-morte-de-seu-idealizador-sergio-roberto\/#breadcrumb","itemListElement":[{"@type":"ListItem","position":1,"name":"In\u00edcio","item":"https:\/\/brasilnoticias.org\/site\/"},{"@type":"ListItem","position":2,"name":"43\u00ba Noite da Beleza Negra acontece neste s\u00e1bado, h\u00e1 um ano da morte de seu idealizador S\u00e9rgio Roberto"}]},{"@type":"WebSite","@id":"https:\/\/brasilnoticias.org\/site\/#website","url":"https:\/\/brasilnoticias.org\/site\/","name":"Brasil not\u00edcias","description":"Brasil not\u00edcias","publisher":{"@id":"https:\/\/brasilnoticias.org\/site\/#organization"},"potentialAction":[{"@type":"SearchAction","target":{"@type":"EntryPoint","urlTemplate":"https:\/\/brasilnoticias.org\/site\/?s={search_term_string}"},"query-input":{"@type":"PropertyValueSpecification","valueRequired":true,"valueName":"search_term_string"}}],"inLanguage":"pt-PT"},{"@type":"Organization","@id":"https:\/\/brasilnoticias.org\/site\/#organization","name":"Brasil not\u00edcias","url":"https:\/\/brasilnoticias.org\/site\/","logo":{"@type":"ImageObject","inLanguage":"pt-PT","@id":"https:\/\/brasilnoticias.org\/site\/#\/schema\/logo\/image\/","url":"https:\/\/brasilnoticias.org\/site\/wp-content\/uploads\/2022\/05\/cropped-brasilnoticias-mini.jpg","contentUrl":"https:\/\/brasilnoticias.org\/site\/wp-content\/uploads\/2022\/05\/cropped-brasilnoticias-mini.jpg","width":314,"height":86,"caption":"Brasil not\u00edcias"},"image":{"@id":"https:\/\/brasilnoticias.org\/site\/#\/schema\/logo\/image\/"}},{"@type":"Person","@id":"https:\/\/brasilnoticias.org\/site\/#\/schema\/person\/03bbbfe6c7634ad18c26444ea39049fa","name":"Reda\u00e7\u00e3o","image":{"@type":"ImageObject","inLanguage":"pt-PT","@id":"https:\/\/brasilnoticias.org\/site\/#\/schema\/person\/image\/","url":"https:\/\/secure.gravatar.com\/avatar\/9ecaf7327a696cb23ad926fedded5f1f04d7049de9e445375d55b48c001a6e42?s=96&d=mm&r=g","contentUrl":"https:\/\/secure.gravatar.com\/avatar\/9ecaf7327a696cb23ad926fedded5f1f04d7049de9e445375d55b48c001a6e42?s=96&d=mm&r=g","caption":"Reda\u00e7\u00e3o"},"url":"https:\/\/brasilnoticias.org\/site\/author\/henrique\/"}]}},"_links":{"self":[{"href":"https:\/\/brasilnoticias.org\/site\/wp-json\/wp\/v2\/posts\/12188","targetHints":{"allow":["GET"]}}],"collection":[{"href":"https:\/\/brasilnoticias.org\/site\/wp-json\/wp\/v2\/posts"}],"about":[{"href":"https:\/\/brasilnoticias.org\/site\/wp-json\/wp\/v2\/types\/post"}],"author":[{"embeddable":true,"href":"https:\/\/brasilnoticias.org\/site\/wp-json\/wp\/v2\/users\/4"}],"replies":[{"embeddable":true,"href":"https:\/\/brasilnoticias.org\/site\/wp-json\/wp\/v2\/comments?post=12188"}],"version-history":[{"count":1,"href":"https:\/\/brasilnoticias.org\/site\/wp-json\/wp\/v2\/posts\/12188\/revisions"}],"predecessor-version":[{"id":12190,"href":"https:\/\/brasilnoticias.org\/site\/wp-json\/wp\/v2\/posts\/12188\/revisions\/12190"}],"wp:featuredmedia":[{"embeddable":true,"href":"https:\/\/brasilnoticias.org\/site\/wp-json\/wp\/v2\/media\/12189"}],"wp:attachment":[{"href":"https:\/\/brasilnoticias.org\/site\/wp-json\/wp\/v2\/media?parent=12188"}],"wp:term":[{"taxonomy":"category","embeddable":true,"href":"https:\/\/brasilnoticias.org\/site\/wp-json\/wp\/v2\/categories?post=12188"},{"taxonomy":"post_tag","embeddable":true,"href":"https:\/\/brasilnoticias.org\/site\/wp-json\/wp\/v2\/tags?post=12188"}],"curies":[{"name":"wp","href":"https:\/\/api.w.org\/{rel}","templated":true}]}}