{"id":12205,"date":"2024-01-15T17:15:54","date_gmt":"2024-01-15T20:15:54","guid":{"rendered":"https:\/\/brasilnoticias.org\/site\/?p=12205"},"modified":"2024-01-15T17:15:54","modified_gmt":"2024-01-15T20:15:54","slug":"estudante-de-ilheus-e-o-primeiro-baiano-aceito-em-programa-de-bolsa-internacional-em-harvard","status":"publish","type":"post","link":"https:\/\/brasilnoticias.org\/site\/estudante-de-ilheus-e-o-primeiro-baiano-aceito-em-programa-de-bolsa-internacional-em-harvard\/","title":{"rendered":"Estudante de Ilh\u00e9us \u00e9 o primeiro baiano aceito em programa de bolsa internacional, em Harvard"},"content":{"rendered":"<p>Kauan Peruna \u00e9, tamb\u00e9m, a pessoa mais jovem a ser aceita no programa<\/p>\n<p>Um adolescente de 13 anos \u00e9 o primeiro cidad\u00e3o de Ilh\u00e9us \u2013 e tamb\u00e9m primeiro baiano \u2013 a participar do programa de inverno de bolsistas de gradua\u00e7\u00e3o em Rela\u00e7\u00f5es Internacionais pela International Infinity Society, que acontece em Harvard, uma das melhores universidades do mundo, nos Estados Unidos. Aluno do Col\u00e9gio da Pol\u00edcia Militar R\u00f4mulo Galv\u00e3o, Kauan Peruna \u00e9, tamb\u00e9m, a pessoa mais jovem a ser aceita no programa, do qual participa ainda este m\u00eas, de forma online.<\/p>\n<p>Segundo informa\u00e7\u00f5es da Secretaria de Educa\u00e7\u00e3o do Estado (Sec), gra\u00e7as a essa e outras conquistas, Kauan foi reconhecido pela International Star Kids Awards como um dos jovens mais talentosos do mundo na categoria Educa\u00e7\u00e3o, em 2023, e na categoria QI, em 2024. Tamb\u00e9m ganhou bolsas de estudos de 100% para participar de programas de ver\u00e3o presenciais nas universidades de Havard, Georgetown, Oxford, Cambridge, MIT e Stanford, entre outras.<\/p>\n<p>Dentre as 19 premia\u00e7\u00f5es que j\u00e1 coleciona, o grande destaque \u00e9 a sua admiss\u00e3o na International Infinity Society, que \u00e9 uma sociedade internacional de alto Quociente de Intelig\u00eancia (QI), tida como uma das institui\u00e7\u00f5es mais restritas do mundo, exigindo do candidato um QI m\u00ednimo de 140 pontos (intelig\u00eancia genial), quando a m\u00e9dia \u00e9 83.<\/p>\n<p>\u201cEstou bastante feliz e honrado. Apesar do processo seletivo acirrado, fui um dos poucos brasileiros a serem aceitos. Tamb\u00e9m estou bastante ansioso para ter contato com os estudantes de rela\u00e7\u00f5es internacionais de Havard\u201d, conta Kauan, que \u00e9 bolsista de inicia\u00e7\u00e3o cient\u00edfica na Academia de Ci\u00eancias de New York. Enquanto dava entrevista para esta mat\u00e9ria, ele recebeu e-mail com o resultado de um programa que ir\u00e1 ocorrer em janeiro, na Mal\u00e1sia, para o qual foi selecionado para ser nomeado como Embaixador Internacional da Juventude (ODS).<\/p>\n<p>A diretora do CPM de Ilh\u00e9us, Claudia Maria Macedo, relata que Kauan \u00e9 um \u201cexcelente aluno\u201d, com comportamento nota 10, ass\u00edduo e que mant\u00e9m boas rela\u00e7\u00f5es com os colegas, professores, militares e funcion\u00e1rios. \u201cEle tem desempenho satisfat\u00f3rio nos 12 componentes curriculares, destacando-se em Arte, Geografia, Hist\u00f3ria, T\u00e9cnica de Escrita Argumentativa, Instru\u00e7\u00e3o Militar e Constru\u00e7\u00e3o da Cidadania. As conquistas do nosso aluno s\u00e3o frutos do bom desempenho dele no col\u00e9gio, o que o faz estar preparado para novas conquistas fora dos muros da escola\u201d, disse a diretora.<\/p>\n<p>\u201cKauan \u00e9 um adolescente \u00e1vido para o conhecimento e determinado a vencer pelos estudos. \u00c9 um jovem promissor que, atrav\u00e9s de suas conquistas, incentiva outros alunos a se orgulharem de pertencerem \u00e0 rede estadual de ensino e de que o esfor\u00e7o empreendido na vida acad\u00eamica vale a pena\u201d, acrescentou Claudia Macedo.<\/p>\n<p>Entre os programas presenciais de ver\u00e3o que foi selecionado, destaque para o de Cambridge para estudar Neuroci\u00eancia, com bolsa de 50%, o do Oxford para estudar Matem\u00e1tica Aplicada e Qu\u00edmica; do Massachusetts Institute of Technology (MIT) para cursar Intelig\u00eancia Artificial\/Tecnologia, com bolsa de estudos de 30%; e das Universidades de Stanford e Georgetown para estudar Engenharia. O estudante foi selecionado, ainda, pelo Instituto de Boston para estudar Engenharia\/ Tecnologia.<\/p>\n<p>No momento, os pais de Kauan est\u00e3o organizando a documenta\u00e7\u00e3o para que ele possa embarcar em 2025 para Boston, onde vai representar a Bahia na Yale Model United Nations (YaleMUN) \u2013 confer\u00eancia que visa debater quest\u00f5es globais complexas entre estudantes do Ensino M\u00e9dio de todo o mundo \u2013 e na Harvard World Model United Nations (HavardMun), que \u00e9 uma confer\u00eancia anual das Na\u00e7\u00f5es Unidas, em modelo itinerante, dirigida pela Universidade de Harvard e uma equipe universit\u00e1ria local da cidade anfitri\u00e3.<\/p>\n<p>Foto: Arquivo pessoal\/divulga\u00e7\u00e3o<br \/>\nAratu On<\/p>\n","protected":false},"excerpt":{"rendered":"<p>Kauan Peruna \u00e9, tamb\u00e9m, a pessoa mais jovem a ser aceita no programa Um adolescente de 13 anos \u00e9 o<\/p>\n","protected":false},"author":4,"featured_media":12206,"comment_status":"open","ping_status":"open","sticky":false,"template":"","format":"standard","meta":{"colormag_page_container_layout":"default_layout","colormag_page_sidebar_layout":"default_layout","_FSMCFIC_featured_image_caption":"","_FSMCFIC_featured_image_nocaption":"","_FSMCFIC_featured_image_hide":"","footnotes":""},"categories":[2,1],"tags":[],"class_list":["post-12205","post","type-post","status-publish","format-standard","has-post-thumbnail","hentry","category-noticias","category-ultimas"],"yoast_head":"<!-- This site is optimized with the Yoast SEO plugin v27.1.1 - https:\/\/yoast.com\/product\/yoast-seo-wordpress\/ -->\n<title>Estudante de Ilh\u00e9us \u00e9 o primeiro baiano aceito em programa de bolsa internacional, em Harvard - Brasil not\u00edcias<\/title>\n<meta name=\"robots\" content=\"index, follow, max-snippet:-1, max-image-preview:large, max-video-preview:-1\" \/>\n<link rel=\"canonical\" href=\"https:\/\/brasilnoticias.org\/site\/estudante-de-ilheus-e-o-primeiro-baiano-aceito-em-programa-de-bolsa-internacional-em-harvard\/\" \/>\n<meta property=\"og:locale\" content=\"pt_PT\" \/>\n<meta property=\"og:type\" content=\"article\" \/>\n<meta property=\"og:title\" content=\"Estudante de Ilh\u00e9us \u00e9 o primeiro baiano aceito em programa de bolsa internacional, em Harvard - Brasil not\u00edcias\" \/>\n<meta property=\"og:description\" content=\"Kauan Peruna \u00e9, tamb\u00e9m, a pessoa mais jovem a ser aceita no programa Um adolescente de 13 anos \u00e9 o\" \/>\n<meta property=\"og:url\" content=\"https:\/\/brasilnoticias.org\/site\/estudante-de-ilheus-e-o-primeiro-baiano-aceito-em-programa-de-bolsa-internacional-em-harvard\/\" \/>\n<meta property=\"og:site_name\" content=\"Brasil not\u00edcias\" \/>\n<meta property=\"article:published_time\" content=\"2024-01-15T20:15:54+00:00\" \/>\n<meta property=\"og:image\" content=\"https:\/\/brasilnoticias.org\/site\/wp-content\/uploads\/2024\/01\/kauan-peruna-.jpg\" \/>\n\t<meta property=\"og:image:width\" content=\"740\" \/>\n\t<meta property=\"og:image:height\" content=\"470\" \/>\n\t<meta property=\"og:image:type\" content=\"image\/jpeg\" \/>\n<meta name=\"author\" content=\"Reda\u00e7\u00e3o\" \/>\n<meta name=\"twitter:card\" content=\"summary_large_image\" \/>\n<meta name=\"twitter:label1\" content=\"Escrito por\" \/>\n\t<meta name=\"twitter:data1\" content=\"Reda\u00e7\u00e3o\" \/>\n\t<meta name=\"twitter:label2\" content=\"Tempo estimado de leitura\" \/>\n\t<meta name=\"twitter:data2\" content=\"1 minuto\" \/>\n<script type=\"application\/ld+json\" class=\"yoast-schema-graph\">{\"@context\":\"https:\/\/schema.org\",\"@graph\":[{\"@type\":\"Article\",\"@id\":\"https:\/\/brasilnoticias.org\/site\/estudante-de-ilheus-e-o-primeiro-baiano-aceito-em-programa-de-bolsa-internacional-em-harvard\/#article\",\"isPartOf\":{\"@id\":\"https:\/\/brasilnoticias.org\/site\/estudante-de-ilheus-e-o-primeiro-baiano-aceito-em-programa-de-bolsa-internacional-em-harvard\/\"},\"author\":{\"name\":\"Reda\u00e7\u00e3o\",\"@id\":\"https:\/\/brasilnoticias.org\/site\/#\/schema\/person\/03bbbfe6c7634ad18c26444ea39049fa\"},\"headline\":\"Estudante de Ilh\u00e9us \u00e9 o primeiro baiano aceito em programa de bolsa internacional, em Harvard\",\"datePublished\":\"2024-01-15T20:15:54+00:00\",\"mainEntityOfPage\":{\"@id\":\"https:\/\/brasilnoticias.org\/site\/estudante-de-ilheus-e-o-primeiro-baiano-aceito-em-programa-de-bolsa-internacional-em-harvard\/\"},\"wordCount\":637,\"commentCount\":0,\"publisher\":{\"@id\":\"https:\/\/brasilnoticias.org\/site\/#organization\"},\"image\":{\"@id\":\"https:\/\/brasilnoticias.org\/site\/estudante-de-ilheus-e-o-primeiro-baiano-aceito-em-programa-de-bolsa-internacional-em-harvard\/#primaryimage\"},\"thumbnailUrl\":\"https:\/\/brasilnoticias.org\/site\/wp-content\/uploads\/2024\/01\/kauan-peruna-.jpg\",\"articleSection\":[\"Not\u00edcias\",\"\u00daltimas\"],\"inLanguage\":\"pt-PT\",\"potentialAction\":[{\"@type\":\"CommentAction\",\"name\":\"Comment\",\"target\":[\"https:\/\/brasilnoticias.org\/site\/estudante-de-ilheus-e-o-primeiro-baiano-aceito-em-programa-de-bolsa-internacional-em-harvard\/#respond\"]}]},{\"@type\":\"WebPage\",\"@id\":\"https:\/\/brasilnoticias.org\/site\/estudante-de-ilheus-e-o-primeiro-baiano-aceito-em-programa-de-bolsa-internacional-em-harvard\/\",\"url\":\"https:\/\/brasilnoticias.org\/site\/estudante-de-ilheus-e-o-primeiro-baiano-aceito-em-programa-de-bolsa-internacional-em-harvard\/\",\"name\":\"Estudante de Ilh\u00e9us \u00e9 o primeiro baiano aceito em programa de bolsa internacional, em Harvard - Brasil not\u00edcias\",\"isPartOf\":{\"@id\":\"https:\/\/brasilnoticias.org\/site\/#website\"},\"primaryImageOfPage\":{\"@id\":\"https:\/\/brasilnoticias.org\/site\/estudante-de-ilheus-e-o-primeiro-baiano-aceito-em-programa-de-bolsa-internacional-em-harvard\/#primaryimage\"},\"image\":{\"@id\":\"https:\/\/brasilnoticias.org\/site\/estudante-de-ilheus-e-o-primeiro-baiano-aceito-em-programa-de-bolsa-internacional-em-harvard\/#primaryimage\"},\"thumbnailUrl\":\"https:\/\/brasilnoticias.org\/site\/wp-content\/uploads\/2024\/01\/kauan-peruna-.jpg\",\"datePublished\":\"2024-01-15T20:15:54+00:00\",\"breadcrumb\":{\"@id\":\"https:\/\/brasilnoticias.org\/site\/estudante-de-ilheus-e-o-primeiro-baiano-aceito-em-programa-de-bolsa-internacional-em-harvard\/#breadcrumb\"},\"inLanguage\":\"pt-PT\",\"potentialAction\":[{\"@type\":\"ReadAction\",\"target\":[\"https:\/\/brasilnoticias.org\/site\/estudante-de-ilheus-e-o-primeiro-baiano-aceito-em-programa-de-bolsa-internacional-em-harvard\/\"]}]},{\"@type\":\"ImageObject\",\"inLanguage\":\"pt-PT\",\"@id\":\"https:\/\/brasilnoticias.org\/site\/estudante-de-ilheus-e-o-primeiro-baiano-aceito-em-programa-de-bolsa-internacional-em-harvard\/#primaryimage\",\"url\":\"https:\/\/brasilnoticias.org\/site\/wp-content\/uploads\/2024\/01\/kauan-peruna-.jpg\",\"contentUrl\":\"https:\/\/brasilnoticias.org\/site\/wp-content\/uploads\/2024\/01\/kauan-peruna-.jpg\",\"width\":740,\"height\":470},{\"@type\":\"BreadcrumbList\",\"@id\":\"https:\/\/brasilnoticias.org\/site\/estudante-de-ilheus-e-o-primeiro-baiano-aceito-em-programa-de-bolsa-internacional-em-harvard\/#breadcrumb\",\"itemListElement\":[{\"@type\":\"ListItem\",\"position\":1,\"name\":\"In\u00edcio\",\"item\":\"https:\/\/brasilnoticias.org\/site\/\"},{\"@type\":\"ListItem\",\"position\":2,\"name\":\"Estudante de Ilh\u00e9us \u00e9 o primeiro baiano aceito em programa de bolsa internacional, em Harvard\"}]},{\"@type\":\"WebSite\",\"@id\":\"https:\/\/brasilnoticias.org\/site\/#website\",\"url\":\"https:\/\/brasilnoticias.org\/site\/\",\"name\":\"Brasil not\u00edcias\",\"description\":\"Brasil not\u00edcias\",\"publisher\":{\"@id\":\"https:\/\/brasilnoticias.org\/site\/#organization\"},\"potentialAction\":[{\"@type\":\"SearchAction\",\"target\":{\"@type\":\"EntryPoint\",\"urlTemplate\":\"https:\/\/brasilnoticias.org\/site\/?s={search_term_string}\"},\"query-input\":{\"@type\":\"PropertyValueSpecification\",\"valueRequired\":true,\"valueName\":\"search_term_string\"}}],\"inLanguage\":\"pt-PT\"},{\"@type\":\"Organization\",\"@id\":\"https:\/\/brasilnoticias.org\/site\/#organization\",\"name\":\"Brasil not\u00edcias\",\"url\":\"https:\/\/brasilnoticias.org\/site\/\",\"logo\":{\"@type\":\"ImageObject\",\"inLanguage\":\"pt-PT\",\"@id\":\"https:\/\/brasilnoticias.org\/site\/#\/schema\/logo\/image\/\",\"url\":\"https:\/\/brasilnoticias.org\/site\/wp-content\/uploads\/2022\/05\/cropped-brasilnoticias-mini.jpg\",\"contentUrl\":\"https:\/\/brasilnoticias.org\/site\/wp-content\/uploads\/2022\/05\/cropped-brasilnoticias-mini.jpg\",\"width\":314,\"height\":86,\"caption\":\"Brasil not\u00edcias\"},\"image\":{\"@id\":\"https:\/\/brasilnoticias.org\/site\/#\/schema\/logo\/image\/\"}},{\"@type\":\"Person\",\"@id\":\"https:\/\/brasilnoticias.org\/site\/#\/schema\/person\/03bbbfe6c7634ad18c26444ea39049fa\",\"name\":\"Reda\u00e7\u00e3o\",\"image\":{\"@type\":\"ImageObject\",\"inLanguage\":\"pt-PT\",\"@id\":\"https:\/\/brasilnoticias.org\/site\/#\/schema\/person\/image\/\",\"url\":\"https:\/\/secure.gravatar.com\/avatar\/9ecaf7327a696cb23ad926fedded5f1f04d7049de9e445375d55b48c001a6e42?s=96&d=mm&r=g\",\"contentUrl\":\"https:\/\/secure.gravatar.com\/avatar\/9ecaf7327a696cb23ad926fedded5f1f04d7049de9e445375d55b48c001a6e42?s=96&d=mm&r=g\",\"caption\":\"Reda\u00e7\u00e3o\"},\"url\":\"https:\/\/brasilnoticias.org\/site\/author\/henrique\/\"}]}<\/script>\n<!-- \/ Yoast SEO plugin. -->","yoast_head_json":{"title":"Estudante de Ilh\u00e9us \u00e9 o primeiro baiano aceito em programa de bolsa internacional, em Harvard - Brasil not\u00edcias","robots":{"index":"index","follow":"follow","max-snippet":"max-snippet:-1","max-image-preview":"max-image-preview:large","max-video-preview":"max-video-preview:-1"},"canonical":"https:\/\/brasilnoticias.org\/site\/estudante-de-ilheus-e-o-primeiro-baiano-aceito-em-programa-de-bolsa-internacional-em-harvard\/","og_locale":"pt_PT","og_type":"article","og_title":"Estudante de Ilh\u00e9us \u00e9 o primeiro baiano aceito em programa de bolsa internacional, em Harvard - Brasil not\u00edcias","og_description":"Kauan Peruna \u00e9, tamb\u00e9m, a pessoa mais jovem a ser aceita no programa Um adolescente de 13 anos \u00e9 o","og_url":"https:\/\/brasilnoticias.org\/site\/estudante-de-ilheus-e-o-primeiro-baiano-aceito-em-programa-de-bolsa-internacional-em-harvard\/","og_site_name":"Brasil not\u00edcias","article_published_time":"2024-01-15T20:15:54+00:00","og_image":[{"width":740,"height":470,"url":"https:\/\/brasilnoticias.org\/site\/wp-content\/uploads\/2024\/01\/kauan-peruna-.jpg","type":"image\/jpeg"}],"author":"Reda\u00e7\u00e3o","twitter_card":"summary_large_image","twitter_misc":{"Escrito por":"Reda\u00e7\u00e3o","Tempo estimado de leitura":"1 minuto"},"schema":{"@context":"https:\/\/schema.org","@graph":[{"@type":"Article","@id":"https:\/\/brasilnoticias.org\/site\/estudante-de-ilheus-e-o-primeiro-baiano-aceito-em-programa-de-bolsa-internacional-em-harvard\/#article","isPartOf":{"@id":"https:\/\/brasilnoticias.org\/site\/estudante-de-ilheus-e-o-primeiro-baiano-aceito-em-programa-de-bolsa-internacional-em-harvard\/"},"author":{"name":"Reda\u00e7\u00e3o","@id":"https:\/\/brasilnoticias.org\/site\/#\/schema\/person\/03bbbfe6c7634ad18c26444ea39049fa"},"headline":"Estudante de Ilh\u00e9us \u00e9 o primeiro baiano aceito em programa de bolsa internacional, em Harvard","datePublished":"2024-01-15T20:15:54+00:00","mainEntityOfPage":{"@id":"https:\/\/brasilnoticias.org\/site\/estudante-de-ilheus-e-o-primeiro-baiano-aceito-em-programa-de-bolsa-internacional-em-harvard\/"},"wordCount":637,"commentCount":0,"publisher":{"@id":"https:\/\/brasilnoticias.org\/site\/#organization"},"image":{"@id":"https:\/\/brasilnoticias.org\/site\/estudante-de-ilheus-e-o-primeiro-baiano-aceito-em-programa-de-bolsa-internacional-em-harvard\/#primaryimage"},"thumbnailUrl":"https:\/\/brasilnoticias.org\/site\/wp-content\/uploads\/2024\/01\/kauan-peruna-.jpg","articleSection":["Not\u00edcias","\u00daltimas"],"inLanguage":"pt-PT","potentialAction":[{"@type":"CommentAction","name":"Comment","target":["https:\/\/brasilnoticias.org\/site\/estudante-de-ilheus-e-o-primeiro-baiano-aceito-em-programa-de-bolsa-internacional-em-harvard\/#respond"]}]},{"@type":"WebPage","@id":"https:\/\/brasilnoticias.org\/site\/estudante-de-ilheus-e-o-primeiro-baiano-aceito-em-programa-de-bolsa-internacional-em-harvard\/","url":"https:\/\/brasilnoticias.org\/site\/estudante-de-ilheus-e-o-primeiro-baiano-aceito-em-programa-de-bolsa-internacional-em-harvard\/","name":"Estudante de Ilh\u00e9us \u00e9 o primeiro baiano aceito em programa de bolsa internacional, em Harvard - Brasil not\u00edcias","isPartOf":{"@id":"https:\/\/brasilnoticias.org\/site\/#website"},"primaryImageOfPage":{"@id":"https:\/\/brasilnoticias.org\/site\/estudante-de-ilheus-e-o-primeiro-baiano-aceito-em-programa-de-bolsa-internacional-em-harvard\/#primaryimage"},"image":{"@id":"https:\/\/brasilnoticias.org\/site\/estudante-de-ilheus-e-o-primeiro-baiano-aceito-em-programa-de-bolsa-internacional-em-harvard\/#primaryimage"},"thumbnailUrl":"https:\/\/brasilnoticias.org\/site\/wp-content\/uploads\/2024\/01\/kauan-peruna-.jpg","datePublished":"2024-01-15T20:15:54+00:00","breadcrumb":{"@id":"https:\/\/brasilnoticias.org\/site\/estudante-de-ilheus-e-o-primeiro-baiano-aceito-em-programa-de-bolsa-internacional-em-harvard\/#breadcrumb"},"inLanguage":"pt-PT","potentialAction":[{"@type":"ReadAction","target":["https:\/\/brasilnoticias.org\/site\/estudante-de-ilheus-e-o-primeiro-baiano-aceito-em-programa-de-bolsa-internacional-em-harvard\/"]}]},{"@type":"ImageObject","inLanguage":"pt-PT","@id":"https:\/\/brasilnoticias.org\/site\/estudante-de-ilheus-e-o-primeiro-baiano-aceito-em-programa-de-bolsa-internacional-em-harvard\/#primaryimage","url":"https:\/\/brasilnoticias.org\/site\/wp-content\/uploads\/2024\/01\/kauan-peruna-.jpg","contentUrl":"https:\/\/brasilnoticias.org\/site\/wp-content\/uploads\/2024\/01\/kauan-peruna-.jpg","width":740,"height":470},{"@type":"BreadcrumbList","@id":"https:\/\/brasilnoticias.org\/site\/estudante-de-ilheus-e-o-primeiro-baiano-aceito-em-programa-de-bolsa-internacional-em-harvard\/#breadcrumb","itemListElement":[{"@type":"ListItem","position":1,"name":"In\u00edcio","item":"https:\/\/brasilnoticias.org\/site\/"},{"@type":"ListItem","position":2,"name":"Estudante de Ilh\u00e9us \u00e9 o primeiro baiano aceito em programa de bolsa internacional, em Harvard"}]},{"@type":"WebSite","@id":"https:\/\/brasilnoticias.org\/site\/#website","url":"https:\/\/brasilnoticias.org\/site\/","name":"Brasil not\u00edcias","description":"Brasil not\u00edcias","publisher":{"@id":"https:\/\/brasilnoticias.org\/site\/#organization"},"potentialAction":[{"@type":"SearchAction","target":{"@type":"EntryPoint","urlTemplate":"https:\/\/brasilnoticias.org\/site\/?s={search_term_string}"},"query-input":{"@type":"PropertyValueSpecification","valueRequired":true,"valueName":"search_term_string"}}],"inLanguage":"pt-PT"},{"@type":"Organization","@id":"https:\/\/brasilnoticias.org\/site\/#organization","name":"Brasil not\u00edcias","url":"https:\/\/brasilnoticias.org\/site\/","logo":{"@type":"ImageObject","inLanguage":"pt-PT","@id":"https:\/\/brasilnoticias.org\/site\/#\/schema\/logo\/image\/","url":"https:\/\/brasilnoticias.org\/site\/wp-content\/uploads\/2022\/05\/cropped-brasilnoticias-mini.jpg","contentUrl":"https:\/\/brasilnoticias.org\/site\/wp-content\/uploads\/2022\/05\/cropped-brasilnoticias-mini.jpg","width":314,"height":86,"caption":"Brasil not\u00edcias"},"image":{"@id":"https:\/\/brasilnoticias.org\/site\/#\/schema\/logo\/image\/"}},{"@type":"Person","@id":"https:\/\/brasilnoticias.org\/site\/#\/schema\/person\/03bbbfe6c7634ad18c26444ea39049fa","name":"Reda\u00e7\u00e3o","image":{"@type":"ImageObject","inLanguage":"pt-PT","@id":"https:\/\/brasilnoticias.org\/site\/#\/schema\/person\/image\/","url":"https:\/\/secure.gravatar.com\/avatar\/9ecaf7327a696cb23ad926fedded5f1f04d7049de9e445375d55b48c001a6e42?s=96&d=mm&r=g","contentUrl":"https:\/\/secure.gravatar.com\/avatar\/9ecaf7327a696cb23ad926fedded5f1f04d7049de9e445375d55b48c001a6e42?s=96&d=mm&r=g","caption":"Reda\u00e7\u00e3o"},"url":"https:\/\/brasilnoticias.org\/site\/author\/henrique\/"}]}},"_links":{"self":[{"href":"https:\/\/brasilnoticias.org\/site\/wp-json\/wp\/v2\/posts\/12205","targetHints":{"allow":["GET"]}}],"collection":[{"href":"https:\/\/brasilnoticias.org\/site\/wp-json\/wp\/v2\/posts"}],"about":[{"href":"https:\/\/brasilnoticias.org\/site\/wp-json\/wp\/v2\/types\/post"}],"author":[{"embeddable":true,"href":"https:\/\/brasilnoticias.org\/site\/wp-json\/wp\/v2\/users\/4"}],"replies":[{"embeddable":true,"href":"https:\/\/brasilnoticias.org\/site\/wp-json\/wp\/v2\/comments?post=12205"}],"version-history":[{"count":1,"href":"https:\/\/brasilnoticias.org\/site\/wp-json\/wp\/v2\/posts\/12205\/revisions"}],"predecessor-version":[{"id":12207,"href":"https:\/\/brasilnoticias.org\/site\/wp-json\/wp\/v2\/posts\/12205\/revisions\/12207"}],"wp:featuredmedia":[{"embeddable":true,"href":"https:\/\/brasilnoticias.org\/site\/wp-json\/wp\/v2\/media\/12206"}],"wp:attachment":[{"href":"https:\/\/brasilnoticias.org\/site\/wp-json\/wp\/v2\/media?parent=12205"}],"wp:term":[{"taxonomy":"category","embeddable":true,"href":"https:\/\/brasilnoticias.org\/site\/wp-json\/wp\/v2\/categories?post=12205"},{"taxonomy":"post_tag","embeddable":true,"href":"https:\/\/brasilnoticias.org\/site\/wp-json\/wp\/v2\/tags?post=12205"}],"curies":[{"name":"wp","href":"https:\/\/api.w.org\/{rel}","templated":true}]}}