{"id":12223,"date":"2024-01-15T17:30:11","date_gmt":"2024-01-15T20:30:11","guid":{"rendered":"https:\/\/brasilnoticias.org\/site\/?p=12223"},"modified":"2024-01-15T17:30:11","modified_gmt":"2024-01-15T20:30:11","slug":"dias-toffoli-determina-abertura-de-inquerito-contra-moro-por-suspeita-de-fraude-em-delacao","status":"publish","type":"post","link":"https:\/\/brasilnoticias.org\/site\/dias-toffoli-determina-abertura-de-inquerito-contra-moro-por-suspeita-de-fraude-em-delacao\/","title":{"rendered":"Dias Toffoli determina abertura de inqu\u00e9rito contra Moro por suspeita de fraude em dela\u00e7\u00e3o"},"content":{"rendered":"<p>A dela\u00e7\u00e3o apurada envolve o ex-deputado estadual paranaense Tony Garcia, que classificou seu acordo de colabora\u00e7\u00e3o premiada em 2004 como \u201cum instrumento de chantagem\u201d pelo ent\u00e3o juiz S\u00e9rgio Moro<\/p>\n<p>O ministro do Supremo Tribunal Federal (STF) Dias Toffoli determinou que um inqu\u00e9rito fosse aberto contra o senador e ex-juiz Sergio Moro (Uni\u00e3o-PR). A medida atende a um pedido da Procuradoria-Geral da Rep\u00fablica (PGR), que apontou suspeita de fraude em uma dela\u00e7\u00e3o premiada anterior \u00e0 Opera\u00e7\u00e3o Lava Jato.<\/p>\n<p>A dela\u00e7\u00e3o que ser\u00e1 apurada envolve o ex-deputado estadual paranaense Tony Garcia. Ele afirmou, em depoimento no \u00e2mbito do processo, que sua colabora\u00e7\u00e3o premiada em 2004 foi usada como \u201cum instrumento de chantagem\u201d pelo ent\u00e3o juiz S\u00e9rgio Moro, para que ele e os procuradores tirassem proveito &#8220;das rela\u00e7\u00f5es sociais do declarante, com vistas a investigar pol\u00edticos e empres\u00e1rios&#8221;. Segundo Tony, ap\u00f3s firmar o acordo de colabora\u00e7\u00e3o, ele foi obrigado a gravar de pessoas de forma ilegal, a pedido de Moro e procuradores.<\/p>\n<p>Para a procuradoria, caso sejam comprovadas as declara\u00e7\u00f5es do ex-parlamentar, significa que h\u00e1 ind\u00edcios de \u201cum desvirtuamento das decis\u00f5es tomadas no \u00e2mbito da Opera\u00e7\u00e3o Lava-Jato&#8221;. A peti\u00e7\u00e3o, no entanto, j\u00e1 aponta ainda ind\u00edcios de crimes no acordo de colabora\u00e7\u00e3o, como &#8220;a determina\u00e7\u00e3o de tarefas il\u00edcitas&#8221; a Garcia. Algumas dessas tarefas eram a capta\u00e7\u00e3o de escutas ambientais e grava\u00e7\u00f5es clandestinas, a coopta\u00e7\u00e3o de colaboradores e negocia\u00e7\u00f5es esp\u00farias para a homologa\u00e7\u00e3o dos acordos e amea\u00e7as. <\/p>\n<p>Em sua decis\u00e3o, Toffoli entendeu que ficou &#8220;demonstrada a plausibilidade da investiga\u00e7\u00e3o de condutas, em tese, tipificadas como crime&#8221;. Agora, a PGR vai indicar as primeiras dilig\u00eancias necess\u00e1rias para dar prosseguimento ao inqu\u00e9rito.<\/p>\n<p>Foto: Divulga\u00e7\u00e3o<br \/>\nPor: Metro1 <\/p>\n","protected":false},"excerpt":{"rendered":"<p>A dela\u00e7\u00e3o apurada envolve o ex-deputado estadual paranaense Tony Garcia, que classificou seu acordo de colabora\u00e7\u00e3o premiada em 2004 como<\/p>\n","protected":false},"author":4,"featured_media":12224,"comment_status":"open","ping_status":"open","sticky":false,"template":"","format":"standard","meta":{"colormag_page_container_layout":"default_layout","colormag_page_sidebar_layout":"default_layout","_FSMCFIC_featured_image_caption":"","_FSMCFIC_featured_image_nocaption":"","_FSMCFIC_featured_image_hide":"","footnotes":""},"categories":[5,1],"tags":[],"class_list":["post-12223","post","type-post","status-publish","format-standard","has-post-thumbnail","hentry","category-politica","category-ultimas"],"yoast_head":"<!-- This site is optimized with the Yoast SEO plugin v27.1.1 - https:\/\/yoast.com\/product\/yoast-seo-wordpress\/ -->\n<title>Dias Toffoli determina abertura de inqu\u00e9rito contra Moro por suspeita de fraude em dela\u00e7\u00e3o - Brasil not\u00edcias<\/title>\n<meta name=\"robots\" content=\"index, follow, max-snippet:-1, max-image-preview:large, max-video-preview:-1\" \/>\n<link rel=\"canonical\" href=\"https:\/\/brasilnoticias.org\/site\/dias-toffoli-determina-abertura-de-inquerito-contra-moro-por-suspeita-de-fraude-em-delacao\/\" \/>\n<meta property=\"og:locale\" content=\"pt_PT\" \/>\n<meta property=\"og:type\" content=\"article\" \/>\n<meta property=\"og:title\" content=\"Dias Toffoli determina abertura de inqu\u00e9rito contra Moro por suspeita de fraude em dela\u00e7\u00e3o - Brasil not\u00edcias\" \/>\n<meta property=\"og:description\" content=\"A dela\u00e7\u00e3o apurada envolve o ex-deputado estadual paranaense Tony Garcia, que classificou seu acordo de colabora\u00e7\u00e3o premiada em 2004 como\" \/>\n<meta property=\"og:url\" content=\"https:\/\/brasilnoticias.org\/site\/dias-toffoli-determina-abertura-de-inquerito-contra-moro-por-suspeita-de-fraude-em-delacao\/\" \/>\n<meta property=\"og:site_name\" content=\"Brasil not\u00edcias\" \/>\n<meta property=\"article:published_time\" content=\"2024-01-15T20:30:11+00:00\" \/>\n<meta property=\"og:image\" content=\"https:\/\/brasilnoticias.org\/site\/wp-content\/uploads\/2024\/01\/145188dias-toffoli-determina-abertura-de-inquerito-contra-moro-por-suspeita-de-fraude-em-delacao-3.jpg\" \/>\n\t<meta property=\"og:image:width\" content=\"1600\" \/>\n\t<meta property=\"og:image:height\" content=\"752\" \/>\n\t<meta property=\"og:image:type\" content=\"image\/jpeg\" \/>\n<meta name=\"author\" content=\"Reda\u00e7\u00e3o\" \/>\n<meta name=\"twitter:card\" content=\"summary_large_image\" \/>\n<meta name=\"twitter:label1\" content=\"Escrito por\" \/>\n\t<meta name=\"twitter:data1\" content=\"Reda\u00e7\u00e3o\" \/>\n\t<meta name=\"twitter:label2\" content=\"Tempo estimado de leitura\" \/>\n\t<meta name=\"twitter:data2\" content=\"1 minuto\" \/>\n<script type=\"application\/ld+json\" class=\"yoast-schema-graph\">{\"@context\":\"https:\/\/schema.org\",\"@graph\":[{\"@type\":\"Article\",\"@id\":\"https:\/\/brasilnoticias.org\/site\/dias-toffoli-determina-abertura-de-inquerito-contra-moro-por-suspeita-de-fraude-em-delacao\/#article\",\"isPartOf\":{\"@id\":\"https:\/\/brasilnoticias.org\/site\/dias-toffoli-determina-abertura-de-inquerito-contra-moro-por-suspeita-de-fraude-em-delacao\/\"},\"author\":{\"name\":\"Reda\u00e7\u00e3o\",\"@id\":\"https:\/\/brasilnoticias.org\/site\/#\/schema\/person\/03bbbfe6c7634ad18c26444ea39049fa\"},\"headline\":\"Dias Toffoli determina abertura de inqu\u00e9rito contra Moro por suspeita de fraude em dela\u00e7\u00e3o\",\"datePublished\":\"2024-01-15T20:30:11+00:00\",\"mainEntityOfPage\":{\"@id\":\"https:\/\/brasilnoticias.org\/site\/dias-toffoli-determina-abertura-de-inquerito-contra-moro-por-suspeita-de-fraude-em-delacao\/\"},\"wordCount\":322,\"commentCount\":0,\"publisher\":{\"@id\":\"https:\/\/brasilnoticias.org\/site\/#organization\"},\"image\":{\"@id\":\"https:\/\/brasilnoticias.org\/site\/dias-toffoli-determina-abertura-de-inquerito-contra-moro-por-suspeita-de-fraude-em-delacao\/#primaryimage\"},\"thumbnailUrl\":\"https:\/\/brasilnoticias.org\/site\/wp-content\/uploads\/2024\/01\/145188dias-toffoli-determina-abertura-de-inquerito-contra-moro-por-suspeita-de-fraude-em-delacao-3.jpg\",\"articleSection\":[\"Pol\u00edtica\",\"\u00daltimas\"],\"inLanguage\":\"pt-PT\",\"potentialAction\":[{\"@type\":\"CommentAction\",\"name\":\"Comment\",\"target\":[\"https:\/\/brasilnoticias.org\/site\/dias-toffoli-determina-abertura-de-inquerito-contra-moro-por-suspeita-de-fraude-em-delacao\/#respond\"]}]},{\"@type\":\"WebPage\",\"@id\":\"https:\/\/brasilnoticias.org\/site\/dias-toffoli-determina-abertura-de-inquerito-contra-moro-por-suspeita-de-fraude-em-delacao\/\",\"url\":\"https:\/\/brasilnoticias.org\/site\/dias-toffoli-determina-abertura-de-inquerito-contra-moro-por-suspeita-de-fraude-em-delacao\/\",\"name\":\"Dias Toffoli determina abertura de inqu\u00e9rito contra Moro por suspeita de fraude em dela\u00e7\u00e3o - Brasil not\u00edcias\",\"isPartOf\":{\"@id\":\"https:\/\/brasilnoticias.org\/site\/#website\"},\"primaryImageOfPage\":{\"@id\":\"https:\/\/brasilnoticias.org\/site\/dias-toffoli-determina-abertura-de-inquerito-contra-moro-por-suspeita-de-fraude-em-delacao\/#primaryimage\"},\"image\":{\"@id\":\"https:\/\/brasilnoticias.org\/site\/dias-toffoli-determina-abertura-de-inquerito-contra-moro-por-suspeita-de-fraude-em-delacao\/#primaryimage\"},\"thumbnailUrl\":\"https:\/\/brasilnoticias.org\/site\/wp-content\/uploads\/2024\/01\/145188dias-toffoli-determina-abertura-de-inquerito-contra-moro-por-suspeita-de-fraude-em-delacao-3.jpg\",\"datePublished\":\"2024-01-15T20:30:11+00:00\",\"breadcrumb\":{\"@id\":\"https:\/\/brasilnoticias.org\/site\/dias-toffoli-determina-abertura-de-inquerito-contra-moro-por-suspeita-de-fraude-em-delacao\/#breadcrumb\"},\"inLanguage\":\"pt-PT\",\"potentialAction\":[{\"@type\":\"ReadAction\",\"target\":[\"https:\/\/brasilnoticias.org\/site\/dias-toffoli-determina-abertura-de-inquerito-contra-moro-por-suspeita-de-fraude-em-delacao\/\"]}]},{\"@type\":\"ImageObject\",\"inLanguage\":\"pt-PT\",\"@id\":\"https:\/\/brasilnoticias.org\/site\/dias-toffoli-determina-abertura-de-inquerito-contra-moro-por-suspeita-de-fraude-em-delacao\/#primaryimage\",\"url\":\"https:\/\/brasilnoticias.org\/site\/wp-content\/uploads\/2024\/01\/145188dias-toffoli-determina-abertura-de-inquerito-contra-moro-por-suspeita-de-fraude-em-delacao-3.jpg\",\"contentUrl\":\"https:\/\/brasilnoticias.org\/site\/wp-content\/uploads\/2024\/01\/145188dias-toffoli-determina-abertura-de-inquerito-contra-moro-por-suspeita-de-fraude-em-delacao-3.jpg\",\"width\":1600,\"height\":752},{\"@type\":\"BreadcrumbList\",\"@id\":\"https:\/\/brasilnoticias.org\/site\/dias-toffoli-determina-abertura-de-inquerito-contra-moro-por-suspeita-de-fraude-em-delacao\/#breadcrumb\",\"itemListElement\":[{\"@type\":\"ListItem\",\"position\":1,\"name\":\"In\u00edcio\",\"item\":\"https:\/\/brasilnoticias.org\/site\/\"},{\"@type\":\"ListItem\",\"position\":2,\"name\":\"Dias Toffoli determina abertura de inqu\u00e9rito contra Moro por suspeita de fraude em dela\u00e7\u00e3o\"}]},{\"@type\":\"WebSite\",\"@id\":\"https:\/\/brasilnoticias.org\/site\/#website\",\"url\":\"https:\/\/brasilnoticias.org\/site\/\",\"name\":\"Brasil not\u00edcias\",\"description\":\"Brasil not\u00edcias\",\"publisher\":{\"@id\":\"https:\/\/brasilnoticias.org\/site\/#organization\"},\"potentialAction\":[{\"@type\":\"SearchAction\",\"target\":{\"@type\":\"EntryPoint\",\"urlTemplate\":\"https:\/\/brasilnoticias.org\/site\/?s={search_term_string}\"},\"query-input\":{\"@type\":\"PropertyValueSpecification\",\"valueRequired\":true,\"valueName\":\"search_term_string\"}}],\"inLanguage\":\"pt-PT\"},{\"@type\":\"Organization\",\"@id\":\"https:\/\/brasilnoticias.org\/site\/#organization\",\"name\":\"Brasil not\u00edcias\",\"url\":\"https:\/\/brasilnoticias.org\/site\/\",\"logo\":{\"@type\":\"ImageObject\",\"inLanguage\":\"pt-PT\",\"@id\":\"https:\/\/brasilnoticias.org\/site\/#\/schema\/logo\/image\/\",\"url\":\"https:\/\/brasilnoticias.org\/site\/wp-content\/uploads\/2022\/05\/cropped-brasilnoticias-mini.jpg\",\"contentUrl\":\"https:\/\/brasilnoticias.org\/site\/wp-content\/uploads\/2022\/05\/cropped-brasilnoticias-mini.jpg\",\"width\":314,\"height\":86,\"caption\":\"Brasil not\u00edcias\"},\"image\":{\"@id\":\"https:\/\/brasilnoticias.org\/site\/#\/schema\/logo\/image\/\"}},{\"@type\":\"Person\",\"@id\":\"https:\/\/brasilnoticias.org\/site\/#\/schema\/person\/03bbbfe6c7634ad18c26444ea39049fa\",\"name\":\"Reda\u00e7\u00e3o\",\"image\":{\"@type\":\"ImageObject\",\"inLanguage\":\"pt-PT\",\"@id\":\"https:\/\/brasilnoticias.org\/site\/#\/schema\/person\/image\/\",\"url\":\"https:\/\/secure.gravatar.com\/avatar\/9ecaf7327a696cb23ad926fedded5f1f04d7049de9e445375d55b48c001a6e42?s=96&d=mm&r=g\",\"contentUrl\":\"https:\/\/secure.gravatar.com\/avatar\/9ecaf7327a696cb23ad926fedded5f1f04d7049de9e445375d55b48c001a6e42?s=96&d=mm&r=g\",\"caption\":\"Reda\u00e7\u00e3o\"},\"url\":\"https:\/\/brasilnoticias.org\/site\/author\/henrique\/\"}]}<\/script>\n<!-- \/ Yoast SEO plugin. -->","yoast_head_json":{"title":"Dias Toffoli determina abertura de inqu\u00e9rito contra Moro por suspeita de fraude em dela\u00e7\u00e3o - Brasil not\u00edcias","robots":{"index":"index","follow":"follow","max-snippet":"max-snippet:-1","max-image-preview":"max-image-preview:large","max-video-preview":"max-video-preview:-1"},"canonical":"https:\/\/brasilnoticias.org\/site\/dias-toffoli-determina-abertura-de-inquerito-contra-moro-por-suspeita-de-fraude-em-delacao\/","og_locale":"pt_PT","og_type":"article","og_title":"Dias Toffoli determina abertura de inqu\u00e9rito contra Moro por suspeita de fraude em dela\u00e7\u00e3o - Brasil not\u00edcias","og_description":"A dela\u00e7\u00e3o apurada envolve o ex-deputado estadual paranaense Tony Garcia, que classificou seu acordo de colabora\u00e7\u00e3o premiada em 2004 como","og_url":"https:\/\/brasilnoticias.org\/site\/dias-toffoli-determina-abertura-de-inquerito-contra-moro-por-suspeita-de-fraude-em-delacao\/","og_site_name":"Brasil not\u00edcias","article_published_time":"2024-01-15T20:30:11+00:00","og_image":[{"width":1600,"height":752,"url":"https:\/\/brasilnoticias.org\/site\/wp-content\/uploads\/2024\/01\/145188dias-toffoli-determina-abertura-de-inquerito-contra-moro-por-suspeita-de-fraude-em-delacao-3.jpg","type":"image\/jpeg"}],"author":"Reda\u00e7\u00e3o","twitter_card":"summary_large_image","twitter_misc":{"Escrito por":"Reda\u00e7\u00e3o","Tempo estimado de leitura":"1 minuto"},"schema":{"@context":"https:\/\/schema.org","@graph":[{"@type":"Article","@id":"https:\/\/brasilnoticias.org\/site\/dias-toffoli-determina-abertura-de-inquerito-contra-moro-por-suspeita-de-fraude-em-delacao\/#article","isPartOf":{"@id":"https:\/\/brasilnoticias.org\/site\/dias-toffoli-determina-abertura-de-inquerito-contra-moro-por-suspeita-de-fraude-em-delacao\/"},"author":{"name":"Reda\u00e7\u00e3o","@id":"https:\/\/brasilnoticias.org\/site\/#\/schema\/person\/03bbbfe6c7634ad18c26444ea39049fa"},"headline":"Dias Toffoli determina abertura de inqu\u00e9rito contra Moro por suspeita de fraude em dela\u00e7\u00e3o","datePublished":"2024-01-15T20:30:11+00:00","mainEntityOfPage":{"@id":"https:\/\/brasilnoticias.org\/site\/dias-toffoli-determina-abertura-de-inquerito-contra-moro-por-suspeita-de-fraude-em-delacao\/"},"wordCount":322,"commentCount":0,"publisher":{"@id":"https:\/\/brasilnoticias.org\/site\/#organization"},"image":{"@id":"https:\/\/brasilnoticias.org\/site\/dias-toffoli-determina-abertura-de-inquerito-contra-moro-por-suspeita-de-fraude-em-delacao\/#primaryimage"},"thumbnailUrl":"https:\/\/brasilnoticias.org\/site\/wp-content\/uploads\/2024\/01\/145188dias-toffoli-determina-abertura-de-inquerito-contra-moro-por-suspeita-de-fraude-em-delacao-3.jpg","articleSection":["Pol\u00edtica","\u00daltimas"],"inLanguage":"pt-PT","potentialAction":[{"@type":"CommentAction","name":"Comment","target":["https:\/\/brasilnoticias.org\/site\/dias-toffoli-determina-abertura-de-inquerito-contra-moro-por-suspeita-de-fraude-em-delacao\/#respond"]}]},{"@type":"WebPage","@id":"https:\/\/brasilnoticias.org\/site\/dias-toffoli-determina-abertura-de-inquerito-contra-moro-por-suspeita-de-fraude-em-delacao\/","url":"https:\/\/brasilnoticias.org\/site\/dias-toffoli-determina-abertura-de-inquerito-contra-moro-por-suspeita-de-fraude-em-delacao\/","name":"Dias Toffoli determina abertura de inqu\u00e9rito contra Moro por suspeita de fraude em dela\u00e7\u00e3o - Brasil not\u00edcias","isPartOf":{"@id":"https:\/\/brasilnoticias.org\/site\/#website"},"primaryImageOfPage":{"@id":"https:\/\/brasilnoticias.org\/site\/dias-toffoli-determina-abertura-de-inquerito-contra-moro-por-suspeita-de-fraude-em-delacao\/#primaryimage"},"image":{"@id":"https:\/\/brasilnoticias.org\/site\/dias-toffoli-determina-abertura-de-inquerito-contra-moro-por-suspeita-de-fraude-em-delacao\/#primaryimage"},"thumbnailUrl":"https:\/\/brasilnoticias.org\/site\/wp-content\/uploads\/2024\/01\/145188dias-toffoli-determina-abertura-de-inquerito-contra-moro-por-suspeita-de-fraude-em-delacao-3.jpg","datePublished":"2024-01-15T20:30:11+00:00","breadcrumb":{"@id":"https:\/\/brasilnoticias.org\/site\/dias-toffoli-determina-abertura-de-inquerito-contra-moro-por-suspeita-de-fraude-em-delacao\/#breadcrumb"},"inLanguage":"pt-PT","potentialAction":[{"@type":"ReadAction","target":["https:\/\/brasilnoticias.org\/site\/dias-toffoli-determina-abertura-de-inquerito-contra-moro-por-suspeita-de-fraude-em-delacao\/"]}]},{"@type":"ImageObject","inLanguage":"pt-PT","@id":"https:\/\/brasilnoticias.org\/site\/dias-toffoli-determina-abertura-de-inquerito-contra-moro-por-suspeita-de-fraude-em-delacao\/#primaryimage","url":"https:\/\/brasilnoticias.org\/site\/wp-content\/uploads\/2024\/01\/145188dias-toffoli-determina-abertura-de-inquerito-contra-moro-por-suspeita-de-fraude-em-delacao-3.jpg","contentUrl":"https:\/\/brasilnoticias.org\/site\/wp-content\/uploads\/2024\/01\/145188dias-toffoli-determina-abertura-de-inquerito-contra-moro-por-suspeita-de-fraude-em-delacao-3.jpg","width":1600,"height":752},{"@type":"BreadcrumbList","@id":"https:\/\/brasilnoticias.org\/site\/dias-toffoli-determina-abertura-de-inquerito-contra-moro-por-suspeita-de-fraude-em-delacao\/#breadcrumb","itemListElement":[{"@type":"ListItem","position":1,"name":"In\u00edcio","item":"https:\/\/brasilnoticias.org\/site\/"},{"@type":"ListItem","position":2,"name":"Dias Toffoli determina abertura de inqu\u00e9rito contra Moro por suspeita de fraude em dela\u00e7\u00e3o"}]},{"@type":"WebSite","@id":"https:\/\/brasilnoticias.org\/site\/#website","url":"https:\/\/brasilnoticias.org\/site\/","name":"Brasil not\u00edcias","description":"Brasil not\u00edcias","publisher":{"@id":"https:\/\/brasilnoticias.org\/site\/#organization"},"potentialAction":[{"@type":"SearchAction","target":{"@type":"EntryPoint","urlTemplate":"https:\/\/brasilnoticias.org\/site\/?s={search_term_string}"},"query-input":{"@type":"PropertyValueSpecification","valueRequired":true,"valueName":"search_term_string"}}],"inLanguage":"pt-PT"},{"@type":"Organization","@id":"https:\/\/brasilnoticias.org\/site\/#organization","name":"Brasil not\u00edcias","url":"https:\/\/brasilnoticias.org\/site\/","logo":{"@type":"ImageObject","inLanguage":"pt-PT","@id":"https:\/\/brasilnoticias.org\/site\/#\/schema\/logo\/image\/","url":"https:\/\/brasilnoticias.org\/site\/wp-content\/uploads\/2022\/05\/cropped-brasilnoticias-mini.jpg","contentUrl":"https:\/\/brasilnoticias.org\/site\/wp-content\/uploads\/2022\/05\/cropped-brasilnoticias-mini.jpg","width":314,"height":86,"caption":"Brasil not\u00edcias"},"image":{"@id":"https:\/\/brasilnoticias.org\/site\/#\/schema\/logo\/image\/"}},{"@type":"Person","@id":"https:\/\/brasilnoticias.org\/site\/#\/schema\/person\/03bbbfe6c7634ad18c26444ea39049fa","name":"Reda\u00e7\u00e3o","image":{"@type":"ImageObject","inLanguage":"pt-PT","@id":"https:\/\/brasilnoticias.org\/site\/#\/schema\/person\/image\/","url":"https:\/\/secure.gravatar.com\/avatar\/9ecaf7327a696cb23ad926fedded5f1f04d7049de9e445375d55b48c001a6e42?s=96&d=mm&r=g","contentUrl":"https:\/\/secure.gravatar.com\/avatar\/9ecaf7327a696cb23ad926fedded5f1f04d7049de9e445375d55b48c001a6e42?s=96&d=mm&r=g","caption":"Reda\u00e7\u00e3o"},"url":"https:\/\/brasilnoticias.org\/site\/author\/henrique\/"}]}},"_links":{"self":[{"href":"https:\/\/brasilnoticias.org\/site\/wp-json\/wp\/v2\/posts\/12223","targetHints":{"allow":["GET"]}}],"collection":[{"href":"https:\/\/brasilnoticias.org\/site\/wp-json\/wp\/v2\/posts"}],"about":[{"href":"https:\/\/brasilnoticias.org\/site\/wp-json\/wp\/v2\/types\/post"}],"author":[{"embeddable":true,"href":"https:\/\/brasilnoticias.org\/site\/wp-json\/wp\/v2\/users\/4"}],"replies":[{"embeddable":true,"href":"https:\/\/brasilnoticias.org\/site\/wp-json\/wp\/v2\/comments?post=12223"}],"version-history":[{"count":1,"href":"https:\/\/brasilnoticias.org\/site\/wp-json\/wp\/v2\/posts\/12223\/revisions"}],"predecessor-version":[{"id":12225,"href":"https:\/\/brasilnoticias.org\/site\/wp-json\/wp\/v2\/posts\/12223\/revisions\/12225"}],"wp:featuredmedia":[{"embeddable":true,"href":"https:\/\/brasilnoticias.org\/site\/wp-json\/wp\/v2\/media\/12224"}],"wp:attachment":[{"href":"https:\/\/brasilnoticias.org\/site\/wp-json\/wp\/v2\/media?parent=12223"}],"wp:term":[{"taxonomy":"category","embeddable":true,"href":"https:\/\/brasilnoticias.org\/site\/wp-json\/wp\/v2\/categories?post=12223"},{"taxonomy":"post_tag","embeddable":true,"href":"https:\/\/brasilnoticias.org\/site\/wp-json\/wp\/v2\/tags?post=12223"}],"curies":[{"name":"wp","href":"https:\/\/api.w.org\/{rel}","templated":true}]}}