{"id":12248,"date":"2024-01-16T22:26:36","date_gmt":"2024-01-17T01:26:36","guid":{"rendered":"https:\/\/brasilnoticias.org\/site\/?p=12248"},"modified":"2024-01-16T22:26:36","modified_gmt":"2024-01-17T01:26:36","slug":"vitoria-apresenta-oficialmente-10-novos-contratados-para-atual-temporada","status":"publish","type":"post","link":"https:\/\/brasilnoticias.org\/site\/vitoria-apresenta-oficialmente-10-novos-contratados-para-atual-temporada\/","title":{"rendered":"Vit\u00f3ria apresenta oficialmente 10 novos contratados para atual temporada"},"content":{"rendered":"<p>A expectativa \u00e9 que os atletas estejam aptos para atuar contra o Jacuipense no Baian\u00e3o<\/p>\n<p>Nesta ter\u00e7a-feira (16\/1), o Vit\u00f3ria apresentou oficialmente os novos refor\u00e7os para a equipe na atual temporada. Os dez atletas chegam ao rubro-negro para disputa do Campeonato Brasileiro, Campeonato Baiano, Copa do Nordeste e Copa do Brasil.<\/p>\n<p>O pacot\u00e3o de refor\u00e7os tem a presen\u00e7a dos goleiros Alexandre Fintelman e Muriel; os laterais Raul C\u00e1ceres, Patric Calmon e Lucas Esteves; o zagueiro Cristi\u00e1n Zapata; os volantes William Oliveira e Caio Vin\u00edcius e o atacante Caio Dantas e Eryc Castillo.<\/p>\n<p>Na ocasi\u00e3o, nenhum deles concedeu entrevista coletiva e foram recebidos pelo diretor de futebol \u00cdtalo Rodrigues, que deu as boas-vindas ao novos contratados rubro-negros. A expectativa \u00e9 que todos estejam aptos para atuar contra o Jacuipense na pr\u00f3xima quarta-feira (17\/1) pela primeira rodada do Baian\u00e3o 2024.<\/p>\n<p>Al\u00e9m dos que foram apresentados, o Vit\u00f3ria tem ainda outros refor\u00e7os para apresentar. S\u00e3o eles o meia Luan, os atacantes Everaldo e Alerrandro e o goleiro Maycon Cleiton.<\/p>\n<p>Foto: Divulga\u00e7\u00e3o\/Vit\u00f3ria<br \/>\nAratu On<\/p>\n","protected":false},"excerpt":{"rendered":"<p>A expectativa \u00e9 que os atletas estejam aptos para atuar contra o Jacuipense no Baian\u00e3o Nesta ter\u00e7a-feira (16\/1), o Vit\u00f3ria<\/p>\n","protected":false},"author":4,"featured_media":12249,"comment_status":"open","ping_status":"open","sticky":false,"template":"","format":"standard","meta":{"colormag_page_container_layout":"default_layout","colormag_page_sidebar_layout":"default_layout","_FSMCFIC_featured_image_caption":"","_FSMCFIC_featured_image_nocaption":"","_FSMCFIC_featured_image_hide":"","footnotes":""},"categories":[4,1],"tags":[],"class_list":["post-12248","post","type-post","status-publish","format-standard","has-post-thumbnail","hentry","category-esporte","category-ultimas"],"yoast_head":"<!-- This site is optimized with the Yoast SEO plugin v27.1.1 - https:\/\/yoast.com\/product\/yoast-seo-wordpress\/ -->\n<title>Vit\u00f3ria apresenta oficialmente 10 novos contratados para atual temporada - Brasil not\u00edcias<\/title>\n<meta name=\"robots\" content=\"index, follow, max-snippet:-1, max-image-preview:large, max-video-preview:-1\" \/>\n<link rel=\"canonical\" href=\"https:\/\/brasilnoticias.org\/site\/vitoria-apresenta-oficialmente-10-novos-contratados-para-atual-temporada\/\" \/>\n<meta property=\"og:locale\" content=\"pt_PT\" \/>\n<meta property=\"og:type\" content=\"article\" \/>\n<meta property=\"og:title\" content=\"Vit\u00f3ria apresenta oficialmente 10 novos contratados para atual temporada - Brasil not\u00edcias\" \/>\n<meta property=\"og:description\" content=\"A expectativa \u00e9 que os atletas estejam aptos para atuar contra o Jacuipense no Baian\u00e3o Nesta ter\u00e7a-feira (16\/1), o Vit\u00f3ria\" \/>\n<meta property=\"og:url\" content=\"https:\/\/brasilnoticias.org\/site\/vitoria-apresenta-oficialmente-10-novos-contratados-para-atual-temporada\/\" \/>\n<meta property=\"og:site_name\" content=\"Brasil not\u00edcias\" \/>\n<meta property=\"article:published_time\" content=\"2024-01-17T01:26:36+00:00\" \/>\n<meta property=\"og:image\" content=\"https:\/\/brasilnoticias.org\/site\/wp-content\/uploads\/2024\/01\/WhatsApp-Image-2024-01-16-at-18.07.35-740x470-1.jpeg\" \/>\n\t<meta property=\"og:image:width\" content=\"740\" \/>\n\t<meta property=\"og:image:height\" content=\"470\" \/>\n\t<meta property=\"og:image:type\" content=\"image\/jpeg\" \/>\n<meta name=\"author\" content=\"Reda\u00e7\u00e3o\" \/>\n<meta name=\"twitter:card\" content=\"summary_large_image\" \/>\n<meta name=\"twitter:label1\" content=\"Escrito por\" \/>\n\t<meta name=\"twitter:data1\" content=\"Reda\u00e7\u00e3o\" \/>\n\t<meta name=\"twitter:label2\" content=\"Tempo estimado de leitura\" \/>\n\t<meta name=\"twitter:data2\" content=\"1 minuto\" \/>\n<script type=\"application\/ld+json\" class=\"yoast-schema-graph\">{\"@context\":\"https:\/\/schema.org\",\"@graph\":[{\"@type\":\"Article\",\"@id\":\"https:\/\/brasilnoticias.org\/site\/vitoria-apresenta-oficialmente-10-novos-contratados-para-atual-temporada\/#article\",\"isPartOf\":{\"@id\":\"https:\/\/brasilnoticias.org\/site\/vitoria-apresenta-oficialmente-10-novos-contratados-para-atual-temporada\/\"},\"author\":{\"name\":\"Reda\u00e7\u00e3o\",\"@id\":\"https:\/\/brasilnoticias.org\/site\/#\/schema\/person\/03bbbfe6c7634ad18c26444ea39049fa\"},\"headline\":\"Vit\u00f3ria apresenta oficialmente 10 novos contratados para atual temporada\",\"datePublished\":\"2024-01-17T01:26:36+00:00\",\"mainEntityOfPage\":{\"@id\":\"https:\/\/brasilnoticias.org\/site\/vitoria-apresenta-oficialmente-10-novos-contratados-para-atual-temporada\/\"},\"wordCount\":194,\"commentCount\":0,\"publisher\":{\"@id\":\"https:\/\/brasilnoticias.org\/site\/#organization\"},\"image\":{\"@id\":\"https:\/\/brasilnoticias.org\/site\/vitoria-apresenta-oficialmente-10-novos-contratados-para-atual-temporada\/#primaryimage\"},\"thumbnailUrl\":\"https:\/\/brasilnoticias.org\/site\/wp-content\/uploads\/2024\/01\/WhatsApp-Image-2024-01-16-at-18.07.35-740x470-1.jpeg\",\"articleSection\":[\"Esporte\",\"\u00daltimas\"],\"inLanguage\":\"pt-PT\",\"potentialAction\":[{\"@type\":\"CommentAction\",\"name\":\"Comment\",\"target\":[\"https:\/\/brasilnoticias.org\/site\/vitoria-apresenta-oficialmente-10-novos-contratados-para-atual-temporada\/#respond\"]}]},{\"@type\":\"WebPage\",\"@id\":\"https:\/\/brasilnoticias.org\/site\/vitoria-apresenta-oficialmente-10-novos-contratados-para-atual-temporada\/\",\"url\":\"https:\/\/brasilnoticias.org\/site\/vitoria-apresenta-oficialmente-10-novos-contratados-para-atual-temporada\/\",\"name\":\"Vit\u00f3ria apresenta oficialmente 10 novos contratados para atual temporada - Brasil not\u00edcias\",\"isPartOf\":{\"@id\":\"https:\/\/brasilnoticias.org\/site\/#website\"},\"primaryImageOfPage\":{\"@id\":\"https:\/\/brasilnoticias.org\/site\/vitoria-apresenta-oficialmente-10-novos-contratados-para-atual-temporada\/#primaryimage\"},\"image\":{\"@id\":\"https:\/\/brasilnoticias.org\/site\/vitoria-apresenta-oficialmente-10-novos-contratados-para-atual-temporada\/#primaryimage\"},\"thumbnailUrl\":\"https:\/\/brasilnoticias.org\/site\/wp-content\/uploads\/2024\/01\/WhatsApp-Image-2024-01-16-at-18.07.35-740x470-1.jpeg\",\"datePublished\":\"2024-01-17T01:26:36+00:00\",\"breadcrumb\":{\"@id\":\"https:\/\/brasilnoticias.org\/site\/vitoria-apresenta-oficialmente-10-novos-contratados-para-atual-temporada\/#breadcrumb\"},\"inLanguage\":\"pt-PT\",\"potentialAction\":[{\"@type\":\"ReadAction\",\"target\":[\"https:\/\/brasilnoticias.org\/site\/vitoria-apresenta-oficialmente-10-novos-contratados-para-atual-temporada\/\"]}]},{\"@type\":\"ImageObject\",\"inLanguage\":\"pt-PT\",\"@id\":\"https:\/\/brasilnoticias.org\/site\/vitoria-apresenta-oficialmente-10-novos-contratados-para-atual-temporada\/#primaryimage\",\"url\":\"https:\/\/brasilnoticias.org\/site\/wp-content\/uploads\/2024\/01\/WhatsApp-Image-2024-01-16-at-18.07.35-740x470-1.jpeg\",\"contentUrl\":\"https:\/\/brasilnoticias.org\/site\/wp-content\/uploads\/2024\/01\/WhatsApp-Image-2024-01-16-at-18.07.35-740x470-1.jpeg\",\"width\":740,\"height\":470},{\"@type\":\"BreadcrumbList\",\"@id\":\"https:\/\/brasilnoticias.org\/site\/vitoria-apresenta-oficialmente-10-novos-contratados-para-atual-temporada\/#breadcrumb\",\"itemListElement\":[{\"@type\":\"ListItem\",\"position\":1,\"name\":\"In\u00edcio\",\"item\":\"https:\/\/brasilnoticias.org\/site\/\"},{\"@type\":\"ListItem\",\"position\":2,\"name\":\"Vit\u00f3ria apresenta oficialmente 10 novos contratados para atual temporada\"}]},{\"@type\":\"WebSite\",\"@id\":\"https:\/\/brasilnoticias.org\/site\/#website\",\"url\":\"https:\/\/brasilnoticias.org\/site\/\",\"name\":\"Brasil not\u00edcias\",\"description\":\"Brasil not\u00edcias\",\"publisher\":{\"@id\":\"https:\/\/brasilnoticias.org\/site\/#organization\"},\"potentialAction\":[{\"@type\":\"SearchAction\",\"target\":{\"@type\":\"EntryPoint\",\"urlTemplate\":\"https:\/\/brasilnoticias.org\/site\/?s={search_term_string}\"},\"query-input\":{\"@type\":\"PropertyValueSpecification\",\"valueRequired\":true,\"valueName\":\"search_term_string\"}}],\"inLanguage\":\"pt-PT\"},{\"@type\":\"Organization\",\"@id\":\"https:\/\/brasilnoticias.org\/site\/#organization\",\"name\":\"Brasil not\u00edcias\",\"url\":\"https:\/\/brasilnoticias.org\/site\/\",\"logo\":{\"@type\":\"ImageObject\",\"inLanguage\":\"pt-PT\",\"@id\":\"https:\/\/brasilnoticias.org\/site\/#\/schema\/logo\/image\/\",\"url\":\"https:\/\/brasilnoticias.org\/site\/wp-content\/uploads\/2022\/05\/cropped-brasilnoticias-mini.jpg\",\"contentUrl\":\"https:\/\/brasilnoticias.org\/site\/wp-content\/uploads\/2022\/05\/cropped-brasilnoticias-mini.jpg\",\"width\":314,\"height\":86,\"caption\":\"Brasil not\u00edcias\"},\"image\":{\"@id\":\"https:\/\/brasilnoticias.org\/site\/#\/schema\/logo\/image\/\"}},{\"@type\":\"Person\",\"@id\":\"https:\/\/brasilnoticias.org\/site\/#\/schema\/person\/03bbbfe6c7634ad18c26444ea39049fa\",\"name\":\"Reda\u00e7\u00e3o\",\"image\":{\"@type\":\"ImageObject\",\"inLanguage\":\"pt-PT\",\"@id\":\"https:\/\/brasilnoticias.org\/site\/#\/schema\/person\/image\/\",\"url\":\"https:\/\/secure.gravatar.com\/avatar\/9ecaf7327a696cb23ad926fedded5f1f04d7049de9e445375d55b48c001a6e42?s=96&d=mm&r=g\",\"contentUrl\":\"https:\/\/secure.gravatar.com\/avatar\/9ecaf7327a696cb23ad926fedded5f1f04d7049de9e445375d55b48c001a6e42?s=96&d=mm&r=g\",\"caption\":\"Reda\u00e7\u00e3o\"},\"url\":\"https:\/\/brasilnoticias.org\/site\/author\/henrique\/\"}]}<\/script>\n<!-- \/ Yoast SEO plugin. -->","yoast_head_json":{"title":"Vit\u00f3ria apresenta oficialmente 10 novos contratados para atual temporada - Brasil not\u00edcias","robots":{"index":"index","follow":"follow","max-snippet":"max-snippet:-1","max-image-preview":"max-image-preview:large","max-video-preview":"max-video-preview:-1"},"canonical":"https:\/\/brasilnoticias.org\/site\/vitoria-apresenta-oficialmente-10-novos-contratados-para-atual-temporada\/","og_locale":"pt_PT","og_type":"article","og_title":"Vit\u00f3ria apresenta oficialmente 10 novos contratados para atual temporada - Brasil not\u00edcias","og_description":"A expectativa \u00e9 que os atletas estejam aptos para atuar contra o Jacuipense no Baian\u00e3o Nesta ter\u00e7a-feira (16\/1), o Vit\u00f3ria","og_url":"https:\/\/brasilnoticias.org\/site\/vitoria-apresenta-oficialmente-10-novos-contratados-para-atual-temporada\/","og_site_name":"Brasil not\u00edcias","article_published_time":"2024-01-17T01:26:36+00:00","og_image":[{"width":740,"height":470,"url":"https:\/\/brasilnoticias.org\/site\/wp-content\/uploads\/2024\/01\/WhatsApp-Image-2024-01-16-at-18.07.35-740x470-1.jpeg","type":"image\/jpeg"}],"author":"Reda\u00e7\u00e3o","twitter_card":"summary_large_image","twitter_misc":{"Escrito por":"Reda\u00e7\u00e3o","Tempo estimado de leitura":"1 minuto"},"schema":{"@context":"https:\/\/schema.org","@graph":[{"@type":"Article","@id":"https:\/\/brasilnoticias.org\/site\/vitoria-apresenta-oficialmente-10-novos-contratados-para-atual-temporada\/#article","isPartOf":{"@id":"https:\/\/brasilnoticias.org\/site\/vitoria-apresenta-oficialmente-10-novos-contratados-para-atual-temporada\/"},"author":{"name":"Reda\u00e7\u00e3o","@id":"https:\/\/brasilnoticias.org\/site\/#\/schema\/person\/03bbbfe6c7634ad18c26444ea39049fa"},"headline":"Vit\u00f3ria apresenta oficialmente 10 novos contratados para atual temporada","datePublished":"2024-01-17T01:26:36+00:00","mainEntityOfPage":{"@id":"https:\/\/brasilnoticias.org\/site\/vitoria-apresenta-oficialmente-10-novos-contratados-para-atual-temporada\/"},"wordCount":194,"commentCount":0,"publisher":{"@id":"https:\/\/brasilnoticias.org\/site\/#organization"},"image":{"@id":"https:\/\/brasilnoticias.org\/site\/vitoria-apresenta-oficialmente-10-novos-contratados-para-atual-temporada\/#primaryimage"},"thumbnailUrl":"https:\/\/brasilnoticias.org\/site\/wp-content\/uploads\/2024\/01\/WhatsApp-Image-2024-01-16-at-18.07.35-740x470-1.jpeg","articleSection":["Esporte","\u00daltimas"],"inLanguage":"pt-PT","potentialAction":[{"@type":"CommentAction","name":"Comment","target":["https:\/\/brasilnoticias.org\/site\/vitoria-apresenta-oficialmente-10-novos-contratados-para-atual-temporada\/#respond"]}]},{"@type":"WebPage","@id":"https:\/\/brasilnoticias.org\/site\/vitoria-apresenta-oficialmente-10-novos-contratados-para-atual-temporada\/","url":"https:\/\/brasilnoticias.org\/site\/vitoria-apresenta-oficialmente-10-novos-contratados-para-atual-temporada\/","name":"Vit\u00f3ria apresenta oficialmente 10 novos contratados para atual temporada - Brasil not\u00edcias","isPartOf":{"@id":"https:\/\/brasilnoticias.org\/site\/#website"},"primaryImageOfPage":{"@id":"https:\/\/brasilnoticias.org\/site\/vitoria-apresenta-oficialmente-10-novos-contratados-para-atual-temporada\/#primaryimage"},"image":{"@id":"https:\/\/brasilnoticias.org\/site\/vitoria-apresenta-oficialmente-10-novos-contratados-para-atual-temporada\/#primaryimage"},"thumbnailUrl":"https:\/\/brasilnoticias.org\/site\/wp-content\/uploads\/2024\/01\/WhatsApp-Image-2024-01-16-at-18.07.35-740x470-1.jpeg","datePublished":"2024-01-17T01:26:36+00:00","breadcrumb":{"@id":"https:\/\/brasilnoticias.org\/site\/vitoria-apresenta-oficialmente-10-novos-contratados-para-atual-temporada\/#breadcrumb"},"inLanguage":"pt-PT","potentialAction":[{"@type":"ReadAction","target":["https:\/\/brasilnoticias.org\/site\/vitoria-apresenta-oficialmente-10-novos-contratados-para-atual-temporada\/"]}]},{"@type":"ImageObject","inLanguage":"pt-PT","@id":"https:\/\/brasilnoticias.org\/site\/vitoria-apresenta-oficialmente-10-novos-contratados-para-atual-temporada\/#primaryimage","url":"https:\/\/brasilnoticias.org\/site\/wp-content\/uploads\/2024\/01\/WhatsApp-Image-2024-01-16-at-18.07.35-740x470-1.jpeg","contentUrl":"https:\/\/brasilnoticias.org\/site\/wp-content\/uploads\/2024\/01\/WhatsApp-Image-2024-01-16-at-18.07.35-740x470-1.jpeg","width":740,"height":470},{"@type":"BreadcrumbList","@id":"https:\/\/brasilnoticias.org\/site\/vitoria-apresenta-oficialmente-10-novos-contratados-para-atual-temporada\/#breadcrumb","itemListElement":[{"@type":"ListItem","position":1,"name":"In\u00edcio","item":"https:\/\/brasilnoticias.org\/site\/"},{"@type":"ListItem","position":2,"name":"Vit\u00f3ria apresenta oficialmente 10 novos contratados para atual temporada"}]},{"@type":"WebSite","@id":"https:\/\/brasilnoticias.org\/site\/#website","url":"https:\/\/brasilnoticias.org\/site\/","name":"Brasil not\u00edcias","description":"Brasil not\u00edcias","publisher":{"@id":"https:\/\/brasilnoticias.org\/site\/#organization"},"potentialAction":[{"@type":"SearchAction","target":{"@type":"EntryPoint","urlTemplate":"https:\/\/brasilnoticias.org\/site\/?s={search_term_string}"},"query-input":{"@type":"PropertyValueSpecification","valueRequired":true,"valueName":"search_term_string"}}],"inLanguage":"pt-PT"},{"@type":"Organization","@id":"https:\/\/brasilnoticias.org\/site\/#organization","name":"Brasil not\u00edcias","url":"https:\/\/brasilnoticias.org\/site\/","logo":{"@type":"ImageObject","inLanguage":"pt-PT","@id":"https:\/\/brasilnoticias.org\/site\/#\/schema\/logo\/image\/","url":"https:\/\/brasilnoticias.org\/site\/wp-content\/uploads\/2022\/05\/cropped-brasilnoticias-mini.jpg","contentUrl":"https:\/\/brasilnoticias.org\/site\/wp-content\/uploads\/2022\/05\/cropped-brasilnoticias-mini.jpg","width":314,"height":86,"caption":"Brasil not\u00edcias"},"image":{"@id":"https:\/\/brasilnoticias.org\/site\/#\/schema\/logo\/image\/"}},{"@type":"Person","@id":"https:\/\/brasilnoticias.org\/site\/#\/schema\/person\/03bbbfe6c7634ad18c26444ea39049fa","name":"Reda\u00e7\u00e3o","image":{"@type":"ImageObject","inLanguage":"pt-PT","@id":"https:\/\/brasilnoticias.org\/site\/#\/schema\/person\/image\/","url":"https:\/\/secure.gravatar.com\/avatar\/9ecaf7327a696cb23ad926fedded5f1f04d7049de9e445375d55b48c001a6e42?s=96&d=mm&r=g","contentUrl":"https:\/\/secure.gravatar.com\/avatar\/9ecaf7327a696cb23ad926fedded5f1f04d7049de9e445375d55b48c001a6e42?s=96&d=mm&r=g","caption":"Reda\u00e7\u00e3o"},"url":"https:\/\/brasilnoticias.org\/site\/author\/henrique\/"}]}},"_links":{"self":[{"href":"https:\/\/brasilnoticias.org\/site\/wp-json\/wp\/v2\/posts\/12248","targetHints":{"allow":["GET"]}}],"collection":[{"href":"https:\/\/brasilnoticias.org\/site\/wp-json\/wp\/v2\/posts"}],"about":[{"href":"https:\/\/brasilnoticias.org\/site\/wp-json\/wp\/v2\/types\/post"}],"author":[{"embeddable":true,"href":"https:\/\/brasilnoticias.org\/site\/wp-json\/wp\/v2\/users\/4"}],"replies":[{"embeddable":true,"href":"https:\/\/brasilnoticias.org\/site\/wp-json\/wp\/v2\/comments?post=12248"}],"version-history":[{"count":1,"href":"https:\/\/brasilnoticias.org\/site\/wp-json\/wp\/v2\/posts\/12248\/revisions"}],"predecessor-version":[{"id":12250,"href":"https:\/\/brasilnoticias.org\/site\/wp-json\/wp\/v2\/posts\/12248\/revisions\/12250"}],"wp:featuredmedia":[{"embeddable":true,"href":"https:\/\/brasilnoticias.org\/site\/wp-json\/wp\/v2\/media\/12249"}],"wp:attachment":[{"href":"https:\/\/brasilnoticias.org\/site\/wp-json\/wp\/v2\/media?parent=12248"}],"wp:term":[{"taxonomy":"category","embeddable":true,"href":"https:\/\/brasilnoticias.org\/site\/wp-json\/wp\/v2\/categories?post=12248"},{"taxonomy":"post_tag","embeddable":true,"href":"https:\/\/brasilnoticias.org\/site\/wp-json\/wp\/v2\/tags?post=12248"}],"curies":[{"name":"wp","href":"https:\/\/api.w.org\/{rel}","templated":true}]}}