{"id":12297,"date":"2024-01-18T20:25:53","date_gmt":"2024-01-18T23:25:53","guid":{"rendered":"https:\/\/brasilnoticias.org\/site\/?p=12297"},"modified":"2024-01-18T20:28:19","modified_gmt":"2024-01-18T23:28:19","slug":"daniel-alves-muda-versao-e-alega-que-estava-bebado-para-se-defender-de-acusacao-de-estupro","status":"publish","type":"post","link":"https:\/\/brasilnoticias.org\/site\/daniel-alves-muda-versao-e-alega-que-estava-bebado-para-se-defender-de-acusacao-de-estupro\/","title":{"rendered":"Daniel Alves muda vers\u00e3o e alega que estava b\u00eabado para se defender de acusa\u00e7\u00e3o de estupro"},"content":{"rendered":"<p>Detido h\u00e1 mais de um ano na Espanha, acusado de ter abusado e violentado uma jovem de 23 anos, o jogador Daniel Alves decidiu mudar sua vers\u00e3o pela quinta vez no processo que responde por estupro. A acusa\u00e7\u00e3o se refere ao epis\u00f3dio, ocorrido em 30 de dezembro de 2022, na boate Sutton, na Catalunha, onde o atleta teria agredido sexualmente a mo\u00e7a. Inicialmente, o atleta afirmou que n\u00e3o conhecia a mulher. Contudo, imagens das c\u00e2meras de seguran\u00e7a da casa noturna mostram Daniel e a denunciante trancados no banheiro por 15 minutos. Resultados de exames de corpo de delito tamb\u00e9m apontaram a presen\u00e7a do s\u00eamen do jogador nas amostras coletadas da mulher. Em abril, Daniel Alves admitiu que houve penetra\u00e7\u00e3o na rela\u00e7\u00e3o, mas afirmou que foi consentida. Agora, contudo, a defesa do jogador passar\u00e1 a alegar que ele estava embriagado na noite que teria abusado sexualmente da jovem, que mant\u00e9m sua identidade preservada.<\/p>\n<p>O julgamento do caso est\u00e1 marcado para acontecer em cerca de duas semanas. As contradi\u00e7\u00f5es apresentadas por Daniel Alves foram decisivas para a ordem de pris\u00e3o preventiva. Ap\u00f3s a repercuss\u00e3o do caso, o atleta viu a Justi\u00e7a da Espanha recusar tr\u00eas pedidos de liberdade apresentados. Interlocutores do atleta brasileiro afirmam que a defesa vai pedir a absolvi\u00e7\u00e3o de Alves por consider\u00e1-lo inocente, com o argumento de que consumo de \u00e1lcool prejudicou as fun\u00e7\u00f5es cognitivas do jogador naquela noite. Contudo, ve\u00edculos internacionais destacam que os advogados est\u00e3o \u201cdesesperados\u201d por uma redu\u00e7\u00e3o de pena, em caso de condena\u00e7\u00e3o. Ap\u00f3s um ano de investiga\u00e7\u00f5es e a pouco menos de duas semanas do in\u00edcio do julgamento no Tribunal de Barcelona, esta \u00e9 a primeira vez que o brasileiro cita que bebeu muito e, por isso, n\u00e3o tinha consci\u00eancia dos seus atos.<\/p>\n<p>Informa\u00e7\u00f5es da Jovem Pan \/ Foto: Ulises Ruiz \/ AFP<\/p>\n","protected":false},"excerpt":{"rendered":"<p>Detido h\u00e1 mais de um ano na Espanha, acusado de ter abusado e violentado uma jovem de 23 anos, o<\/p>\n","protected":false},"author":4,"featured_media":12300,"comment_status":"open","ping_status":"open","sticky":false,"template":"","format":"standard","meta":{"colormag_page_container_layout":"default_layout","colormag_page_sidebar_layout":"default_layout","_FSMCFIC_featured_image_caption":"","_FSMCFIC_featured_image_nocaption":"","_FSMCFIC_featured_image_hide":"","footnotes":""},"categories":[4,1],"tags":[],"class_list":["post-12297","post","type-post","status-publish","format-standard","has-post-thumbnail","hentry","category-esporte","category-ultimas"],"yoast_head":"<!-- This site is optimized with the Yoast SEO plugin v27.1.1 - https:\/\/yoast.com\/product\/yoast-seo-wordpress\/ -->\n<title>Daniel Alves muda vers\u00e3o e alega que estava b\u00eabado para se defender de acusa\u00e7\u00e3o de estupro - Brasil not\u00edcias<\/title>\n<meta name=\"robots\" content=\"index, follow, max-snippet:-1, max-image-preview:large, max-video-preview:-1\" \/>\n<link rel=\"canonical\" href=\"https:\/\/brasilnoticias.org\/site\/daniel-alves-muda-versao-e-alega-que-estava-bebado-para-se-defender-de-acusacao-de-estupro\/\" \/>\n<meta property=\"og:locale\" content=\"pt_PT\" \/>\n<meta property=\"og:type\" content=\"article\" \/>\n<meta property=\"og:title\" content=\"Daniel Alves muda vers\u00e3o e alega que estava b\u00eabado para se defender de acusa\u00e7\u00e3o de estupro - Brasil not\u00edcias\" \/>\n<meta property=\"og:description\" content=\"Detido h\u00e1 mais de um ano na Espanha, acusado de ter abusado e violentado uma jovem de 23 anos, o\" \/>\n<meta property=\"og:url\" content=\"https:\/\/brasilnoticias.org\/site\/daniel-alves-muda-versao-e-alega-que-estava-bebado-para-se-defender-de-acusacao-de-estupro\/\" \/>\n<meta property=\"og:site_name\" content=\"Brasil not\u00edcias\" \/>\n<meta property=\"article:published_time\" content=\"2024-01-18T23:25:53+00:00\" \/>\n<meta property=\"article:modified_time\" content=\"2024-01-18T23:28:19+00:00\" \/>\n<meta property=\"og:image\" content=\"https:\/\/brasilnoticias.org\/site\/wp-content\/uploads\/2024\/01\/000_337g4h2_easy-resize.com_-678x450-1.jpg\" \/>\n\t<meta property=\"og:image:width\" content=\"678\" \/>\n\t<meta property=\"og:image:height\" content=\"450\" \/>\n\t<meta property=\"og:image:type\" content=\"image\/jpeg\" \/>\n<meta name=\"author\" content=\"Reda\u00e7\u00e3o\" \/>\n<meta name=\"twitter:card\" content=\"summary_large_image\" \/>\n<meta name=\"twitter:label1\" content=\"Escrito por\" \/>\n\t<meta name=\"twitter:data1\" content=\"Reda\u00e7\u00e3o\" \/>\n\t<meta name=\"twitter:label2\" content=\"Tempo estimado de leitura\" \/>\n\t<meta name=\"twitter:data2\" content=\"2 minutos\" \/>\n<script type=\"application\/ld+json\" class=\"yoast-schema-graph\">{\"@context\":\"https:\/\/schema.org\",\"@graph\":[{\"@type\":\"Article\",\"@id\":\"https:\/\/brasilnoticias.org\/site\/daniel-alves-muda-versao-e-alega-que-estava-bebado-para-se-defender-de-acusacao-de-estupro\/#article\",\"isPartOf\":{\"@id\":\"https:\/\/brasilnoticias.org\/site\/daniel-alves-muda-versao-e-alega-que-estava-bebado-para-se-defender-de-acusacao-de-estupro\/\"},\"author\":{\"name\":\"Reda\u00e7\u00e3o\",\"@id\":\"https:\/\/brasilnoticias.org\/site\/#\/schema\/person\/03bbbfe6c7634ad18c26444ea39049fa\"},\"headline\":\"Daniel Alves muda vers\u00e3o e alega que estava b\u00eabado para se defender de acusa\u00e7\u00e3o de estupro\",\"datePublished\":\"2024-01-18T23:25:53+00:00\",\"dateModified\":\"2024-01-18T23:28:19+00:00\",\"mainEntityOfPage\":{\"@id\":\"https:\/\/brasilnoticias.org\/site\/daniel-alves-muda-versao-e-alega-que-estava-bebado-para-se-defender-de-acusacao-de-estupro\/\"},\"wordCount\":343,\"commentCount\":0,\"publisher\":{\"@id\":\"https:\/\/brasilnoticias.org\/site\/#organization\"},\"image\":{\"@id\":\"https:\/\/brasilnoticias.org\/site\/daniel-alves-muda-versao-e-alega-que-estava-bebado-para-se-defender-de-acusacao-de-estupro\/#primaryimage\"},\"thumbnailUrl\":\"https:\/\/brasilnoticias.org\/site\/wp-content\/uploads\/2024\/01\/000_337g4h2_easy-resize.com_-678x450-1.jpg\",\"articleSection\":[\"Esporte\",\"\u00daltimas\"],\"inLanguage\":\"pt-PT\",\"potentialAction\":[{\"@type\":\"CommentAction\",\"name\":\"Comment\",\"target\":[\"https:\/\/brasilnoticias.org\/site\/daniel-alves-muda-versao-e-alega-que-estava-bebado-para-se-defender-de-acusacao-de-estupro\/#respond\"]}]},{\"@type\":\"WebPage\",\"@id\":\"https:\/\/brasilnoticias.org\/site\/daniel-alves-muda-versao-e-alega-que-estava-bebado-para-se-defender-de-acusacao-de-estupro\/\",\"url\":\"https:\/\/brasilnoticias.org\/site\/daniel-alves-muda-versao-e-alega-que-estava-bebado-para-se-defender-de-acusacao-de-estupro\/\",\"name\":\"Daniel Alves muda vers\u00e3o e alega que estava b\u00eabado para se defender de acusa\u00e7\u00e3o de estupro - Brasil not\u00edcias\",\"isPartOf\":{\"@id\":\"https:\/\/brasilnoticias.org\/site\/#website\"},\"primaryImageOfPage\":{\"@id\":\"https:\/\/brasilnoticias.org\/site\/daniel-alves-muda-versao-e-alega-que-estava-bebado-para-se-defender-de-acusacao-de-estupro\/#primaryimage\"},\"image\":{\"@id\":\"https:\/\/brasilnoticias.org\/site\/daniel-alves-muda-versao-e-alega-que-estava-bebado-para-se-defender-de-acusacao-de-estupro\/#primaryimage\"},\"thumbnailUrl\":\"https:\/\/brasilnoticias.org\/site\/wp-content\/uploads\/2024\/01\/000_337g4h2_easy-resize.com_-678x450-1.jpg\",\"datePublished\":\"2024-01-18T23:25:53+00:00\",\"dateModified\":\"2024-01-18T23:28:19+00:00\",\"breadcrumb\":{\"@id\":\"https:\/\/brasilnoticias.org\/site\/daniel-alves-muda-versao-e-alega-que-estava-bebado-para-se-defender-de-acusacao-de-estupro\/#breadcrumb\"},\"inLanguage\":\"pt-PT\",\"potentialAction\":[{\"@type\":\"ReadAction\",\"target\":[\"https:\/\/brasilnoticias.org\/site\/daniel-alves-muda-versao-e-alega-que-estava-bebado-para-se-defender-de-acusacao-de-estupro\/\"]}]},{\"@type\":\"ImageObject\",\"inLanguage\":\"pt-PT\",\"@id\":\"https:\/\/brasilnoticias.org\/site\/daniel-alves-muda-versao-e-alega-que-estava-bebado-para-se-defender-de-acusacao-de-estupro\/#primaryimage\",\"url\":\"https:\/\/brasilnoticias.org\/site\/wp-content\/uploads\/2024\/01\/000_337g4h2_easy-resize.com_-678x450-1.jpg\",\"contentUrl\":\"https:\/\/brasilnoticias.org\/site\/wp-content\/uploads\/2024\/01\/000_337g4h2_easy-resize.com_-678x450-1.jpg\",\"width\":678,\"height\":450},{\"@type\":\"BreadcrumbList\",\"@id\":\"https:\/\/brasilnoticias.org\/site\/daniel-alves-muda-versao-e-alega-que-estava-bebado-para-se-defender-de-acusacao-de-estupro\/#breadcrumb\",\"itemListElement\":[{\"@type\":\"ListItem\",\"position\":1,\"name\":\"In\u00edcio\",\"item\":\"https:\/\/brasilnoticias.org\/site\/\"},{\"@type\":\"ListItem\",\"position\":2,\"name\":\"Daniel Alves muda vers\u00e3o e alega que estava b\u00eabado para se defender de acusa\u00e7\u00e3o de estupro\"}]},{\"@type\":\"WebSite\",\"@id\":\"https:\/\/brasilnoticias.org\/site\/#website\",\"url\":\"https:\/\/brasilnoticias.org\/site\/\",\"name\":\"Brasil not\u00edcias\",\"description\":\"Brasil not\u00edcias\",\"publisher\":{\"@id\":\"https:\/\/brasilnoticias.org\/site\/#organization\"},\"potentialAction\":[{\"@type\":\"SearchAction\",\"target\":{\"@type\":\"EntryPoint\",\"urlTemplate\":\"https:\/\/brasilnoticias.org\/site\/?s={search_term_string}\"},\"query-input\":{\"@type\":\"PropertyValueSpecification\",\"valueRequired\":true,\"valueName\":\"search_term_string\"}}],\"inLanguage\":\"pt-PT\"},{\"@type\":\"Organization\",\"@id\":\"https:\/\/brasilnoticias.org\/site\/#organization\",\"name\":\"Brasil not\u00edcias\",\"url\":\"https:\/\/brasilnoticias.org\/site\/\",\"logo\":{\"@type\":\"ImageObject\",\"inLanguage\":\"pt-PT\",\"@id\":\"https:\/\/brasilnoticias.org\/site\/#\/schema\/logo\/image\/\",\"url\":\"https:\/\/brasilnoticias.org\/site\/wp-content\/uploads\/2022\/05\/cropped-brasilnoticias-mini.jpg\",\"contentUrl\":\"https:\/\/brasilnoticias.org\/site\/wp-content\/uploads\/2022\/05\/cropped-brasilnoticias-mini.jpg\",\"width\":314,\"height\":86,\"caption\":\"Brasil not\u00edcias\"},\"image\":{\"@id\":\"https:\/\/brasilnoticias.org\/site\/#\/schema\/logo\/image\/\"}},{\"@type\":\"Person\",\"@id\":\"https:\/\/brasilnoticias.org\/site\/#\/schema\/person\/03bbbfe6c7634ad18c26444ea39049fa\",\"name\":\"Reda\u00e7\u00e3o\",\"image\":{\"@type\":\"ImageObject\",\"inLanguage\":\"pt-PT\",\"@id\":\"https:\/\/brasilnoticias.org\/site\/#\/schema\/person\/image\/\",\"url\":\"https:\/\/secure.gravatar.com\/avatar\/9ecaf7327a696cb23ad926fedded5f1f04d7049de9e445375d55b48c001a6e42?s=96&d=mm&r=g\",\"contentUrl\":\"https:\/\/secure.gravatar.com\/avatar\/9ecaf7327a696cb23ad926fedded5f1f04d7049de9e445375d55b48c001a6e42?s=96&d=mm&r=g\",\"caption\":\"Reda\u00e7\u00e3o\"},\"url\":\"https:\/\/brasilnoticias.org\/site\/author\/henrique\/\"}]}<\/script>\n<!-- \/ Yoast SEO plugin. -->","yoast_head_json":{"title":"Daniel Alves muda vers\u00e3o e alega que estava b\u00eabado para se defender de acusa\u00e7\u00e3o de estupro - Brasil not\u00edcias","robots":{"index":"index","follow":"follow","max-snippet":"max-snippet:-1","max-image-preview":"max-image-preview:large","max-video-preview":"max-video-preview:-1"},"canonical":"https:\/\/brasilnoticias.org\/site\/daniel-alves-muda-versao-e-alega-que-estava-bebado-para-se-defender-de-acusacao-de-estupro\/","og_locale":"pt_PT","og_type":"article","og_title":"Daniel Alves muda vers\u00e3o e alega que estava b\u00eabado para se defender de acusa\u00e7\u00e3o de estupro - Brasil not\u00edcias","og_description":"Detido h\u00e1 mais de um ano na Espanha, acusado de ter abusado e violentado uma jovem de 23 anos, o","og_url":"https:\/\/brasilnoticias.org\/site\/daniel-alves-muda-versao-e-alega-que-estava-bebado-para-se-defender-de-acusacao-de-estupro\/","og_site_name":"Brasil not\u00edcias","article_published_time":"2024-01-18T23:25:53+00:00","article_modified_time":"2024-01-18T23:28:19+00:00","og_image":[{"width":678,"height":450,"url":"https:\/\/brasilnoticias.org\/site\/wp-content\/uploads\/2024\/01\/000_337g4h2_easy-resize.com_-678x450-1.jpg","type":"image\/jpeg"}],"author":"Reda\u00e7\u00e3o","twitter_card":"summary_large_image","twitter_misc":{"Escrito por":"Reda\u00e7\u00e3o","Tempo estimado de leitura":"2 minutos"},"schema":{"@context":"https:\/\/schema.org","@graph":[{"@type":"Article","@id":"https:\/\/brasilnoticias.org\/site\/daniel-alves-muda-versao-e-alega-que-estava-bebado-para-se-defender-de-acusacao-de-estupro\/#article","isPartOf":{"@id":"https:\/\/brasilnoticias.org\/site\/daniel-alves-muda-versao-e-alega-que-estava-bebado-para-se-defender-de-acusacao-de-estupro\/"},"author":{"name":"Reda\u00e7\u00e3o","@id":"https:\/\/brasilnoticias.org\/site\/#\/schema\/person\/03bbbfe6c7634ad18c26444ea39049fa"},"headline":"Daniel Alves muda vers\u00e3o e alega que estava b\u00eabado para se defender de acusa\u00e7\u00e3o de estupro","datePublished":"2024-01-18T23:25:53+00:00","dateModified":"2024-01-18T23:28:19+00:00","mainEntityOfPage":{"@id":"https:\/\/brasilnoticias.org\/site\/daniel-alves-muda-versao-e-alega-que-estava-bebado-para-se-defender-de-acusacao-de-estupro\/"},"wordCount":343,"commentCount":0,"publisher":{"@id":"https:\/\/brasilnoticias.org\/site\/#organization"},"image":{"@id":"https:\/\/brasilnoticias.org\/site\/daniel-alves-muda-versao-e-alega-que-estava-bebado-para-se-defender-de-acusacao-de-estupro\/#primaryimage"},"thumbnailUrl":"https:\/\/brasilnoticias.org\/site\/wp-content\/uploads\/2024\/01\/000_337g4h2_easy-resize.com_-678x450-1.jpg","articleSection":["Esporte","\u00daltimas"],"inLanguage":"pt-PT","potentialAction":[{"@type":"CommentAction","name":"Comment","target":["https:\/\/brasilnoticias.org\/site\/daniel-alves-muda-versao-e-alega-que-estava-bebado-para-se-defender-de-acusacao-de-estupro\/#respond"]}]},{"@type":"WebPage","@id":"https:\/\/brasilnoticias.org\/site\/daniel-alves-muda-versao-e-alega-que-estava-bebado-para-se-defender-de-acusacao-de-estupro\/","url":"https:\/\/brasilnoticias.org\/site\/daniel-alves-muda-versao-e-alega-que-estava-bebado-para-se-defender-de-acusacao-de-estupro\/","name":"Daniel Alves muda vers\u00e3o e alega que estava b\u00eabado para se defender de acusa\u00e7\u00e3o de estupro - Brasil not\u00edcias","isPartOf":{"@id":"https:\/\/brasilnoticias.org\/site\/#website"},"primaryImageOfPage":{"@id":"https:\/\/brasilnoticias.org\/site\/daniel-alves-muda-versao-e-alega-que-estava-bebado-para-se-defender-de-acusacao-de-estupro\/#primaryimage"},"image":{"@id":"https:\/\/brasilnoticias.org\/site\/daniel-alves-muda-versao-e-alega-que-estava-bebado-para-se-defender-de-acusacao-de-estupro\/#primaryimage"},"thumbnailUrl":"https:\/\/brasilnoticias.org\/site\/wp-content\/uploads\/2024\/01\/000_337g4h2_easy-resize.com_-678x450-1.jpg","datePublished":"2024-01-18T23:25:53+00:00","dateModified":"2024-01-18T23:28:19+00:00","breadcrumb":{"@id":"https:\/\/brasilnoticias.org\/site\/daniel-alves-muda-versao-e-alega-que-estava-bebado-para-se-defender-de-acusacao-de-estupro\/#breadcrumb"},"inLanguage":"pt-PT","potentialAction":[{"@type":"ReadAction","target":["https:\/\/brasilnoticias.org\/site\/daniel-alves-muda-versao-e-alega-que-estava-bebado-para-se-defender-de-acusacao-de-estupro\/"]}]},{"@type":"ImageObject","inLanguage":"pt-PT","@id":"https:\/\/brasilnoticias.org\/site\/daniel-alves-muda-versao-e-alega-que-estava-bebado-para-se-defender-de-acusacao-de-estupro\/#primaryimage","url":"https:\/\/brasilnoticias.org\/site\/wp-content\/uploads\/2024\/01\/000_337g4h2_easy-resize.com_-678x450-1.jpg","contentUrl":"https:\/\/brasilnoticias.org\/site\/wp-content\/uploads\/2024\/01\/000_337g4h2_easy-resize.com_-678x450-1.jpg","width":678,"height":450},{"@type":"BreadcrumbList","@id":"https:\/\/brasilnoticias.org\/site\/daniel-alves-muda-versao-e-alega-que-estava-bebado-para-se-defender-de-acusacao-de-estupro\/#breadcrumb","itemListElement":[{"@type":"ListItem","position":1,"name":"In\u00edcio","item":"https:\/\/brasilnoticias.org\/site\/"},{"@type":"ListItem","position":2,"name":"Daniel Alves muda vers\u00e3o e alega que estava b\u00eabado para se defender de acusa\u00e7\u00e3o de estupro"}]},{"@type":"WebSite","@id":"https:\/\/brasilnoticias.org\/site\/#website","url":"https:\/\/brasilnoticias.org\/site\/","name":"Brasil not\u00edcias","description":"Brasil not\u00edcias","publisher":{"@id":"https:\/\/brasilnoticias.org\/site\/#organization"},"potentialAction":[{"@type":"SearchAction","target":{"@type":"EntryPoint","urlTemplate":"https:\/\/brasilnoticias.org\/site\/?s={search_term_string}"},"query-input":{"@type":"PropertyValueSpecification","valueRequired":true,"valueName":"search_term_string"}}],"inLanguage":"pt-PT"},{"@type":"Organization","@id":"https:\/\/brasilnoticias.org\/site\/#organization","name":"Brasil not\u00edcias","url":"https:\/\/brasilnoticias.org\/site\/","logo":{"@type":"ImageObject","inLanguage":"pt-PT","@id":"https:\/\/brasilnoticias.org\/site\/#\/schema\/logo\/image\/","url":"https:\/\/brasilnoticias.org\/site\/wp-content\/uploads\/2022\/05\/cropped-brasilnoticias-mini.jpg","contentUrl":"https:\/\/brasilnoticias.org\/site\/wp-content\/uploads\/2022\/05\/cropped-brasilnoticias-mini.jpg","width":314,"height":86,"caption":"Brasil not\u00edcias"},"image":{"@id":"https:\/\/brasilnoticias.org\/site\/#\/schema\/logo\/image\/"}},{"@type":"Person","@id":"https:\/\/brasilnoticias.org\/site\/#\/schema\/person\/03bbbfe6c7634ad18c26444ea39049fa","name":"Reda\u00e7\u00e3o","image":{"@type":"ImageObject","inLanguage":"pt-PT","@id":"https:\/\/brasilnoticias.org\/site\/#\/schema\/person\/image\/","url":"https:\/\/secure.gravatar.com\/avatar\/9ecaf7327a696cb23ad926fedded5f1f04d7049de9e445375d55b48c001a6e42?s=96&d=mm&r=g","contentUrl":"https:\/\/secure.gravatar.com\/avatar\/9ecaf7327a696cb23ad926fedded5f1f04d7049de9e445375d55b48c001a6e42?s=96&d=mm&r=g","caption":"Reda\u00e7\u00e3o"},"url":"https:\/\/brasilnoticias.org\/site\/author\/henrique\/"}]}},"_links":{"self":[{"href":"https:\/\/brasilnoticias.org\/site\/wp-json\/wp\/v2\/posts\/12297","targetHints":{"allow":["GET"]}}],"collection":[{"href":"https:\/\/brasilnoticias.org\/site\/wp-json\/wp\/v2\/posts"}],"about":[{"href":"https:\/\/brasilnoticias.org\/site\/wp-json\/wp\/v2\/types\/post"}],"author":[{"embeddable":true,"href":"https:\/\/brasilnoticias.org\/site\/wp-json\/wp\/v2\/users\/4"}],"replies":[{"embeddable":true,"href":"https:\/\/brasilnoticias.org\/site\/wp-json\/wp\/v2\/comments?post=12297"}],"version-history":[{"count":1,"href":"https:\/\/brasilnoticias.org\/site\/wp-json\/wp\/v2\/posts\/12297\/revisions"}],"predecessor-version":[{"id":12299,"href":"https:\/\/brasilnoticias.org\/site\/wp-json\/wp\/v2\/posts\/12297\/revisions\/12299"}],"wp:featuredmedia":[{"embeddable":true,"href":"https:\/\/brasilnoticias.org\/site\/wp-json\/wp\/v2\/media\/12300"}],"wp:attachment":[{"href":"https:\/\/brasilnoticias.org\/site\/wp-json\/wp\/v2\/media?parent=12297"}],"wp:term":[{"taxonomy":"category","embeddable":true,"href":"https:\/\/brasilnoticias.org\/site\/wp-json\/wp\/v2\/categories?post=12297"},{"taxonomy":"post_tag","embeddable":true,"href":"https:\/\/brasilnoticias.org\/site\/wp-json\/wp\/v2\/tags?post=12297"}],"curies":[{"name":"wp","href":"https:\/\/api.w.org\/{rel}","templated":true}]}}