{"id":12301,"date":"2024-01-18T20:30:25","date_gmt":"2024-01-18T23:30:25","guid":{"rendered":"https:\/\/brasilnoticias.org\/site\/?p=12301"},"modified":"2024-01-18T20:30:25","modified_gmt":"2024-01-18T23:30:25","slug":"praias-baianas-certificadas-com-selo-bandeira-azul-tem-esgotamento-operado-pela-embasa","status":"publish","type":"post","link":"https:\/\/brasilnoticias.org\/site\/praias-baianas-certificadas-com-selo-bandeira-azul-tem-esgotamento-operado-pela-embasa\/","title":{"rendered":"Praias baianas certificadas com selo Bandeira Azul t\u00eam esgotamento operado pela Embasa"},"content":{"rendered":"<p>Em meio \u00e0s belezas do ver\u00e3o da Bahia, quatro praias se destacam pela conquista da edi\u00e7\u00e3o 2023\/2024 do selo Bandeira Azul, certifica\u00e7\u00e3o internacional concedida anualmente pela organiza\u00e7\u00e3o dinamarquesa Foundation for Environmental Education (FEE). As quatro t\u00eam algo em comum: todas est\u00e3o situadas em localidades que contam com sistema de coleta e tratamento de esgoto operado pela Embasa. A conquista reflete o compromisso dos locais certificados com a excel\u00eancia ambiental e o turismo sustent\u00e1vel. <\/p>\n<p>Comp\u00f5em a lista duas praias da ilha dos Frades, em Salvador: Ponta de Nossa Senhora de Guadalupe, h\u00e1 11 anos com o selo renovado, e a estreante praia da Vira\u00e7\u00e3o. Em Cama\u00e7ari, encontram-se as outras duas praias certificadas: da Espera, em Itacimirim, e Para\u00edso, em Guarajuba. \u201c\u00c9 importante constatar que o trabalho da Embasa est\u00e1 contribuindo para esse bom resultado, pois prestamos um servi\u00e7o que d\u00e1 destina\u00e7\u00e3o correta ao esgoto coletado nos im\u00f3veis e, assim, contribu\u00edmos para a preserva\u00e7\u00e3o do ambiente costeiro\u201d, ressalta o presidente da Embasa, Leonardo G\u00f3es.<\/p>\n<p>A praia de Ponta de Nossa Senhora de Guadalupe, na ilha dos Frades, \u00e9 a veterana na certifica\u00e7\u00e3o internacional. Desde 2010, a localidade conta com sistema de esgotamento sanit\u00e1rio (SES) operado pela Embasa. Em 2021, a empresa entregou o sistema das localidades de Paramana, Torto e Costa de Fora e, neste ano, concluiu a amplia\u00e7\u00e3o do sistema para atender a localidade de Loreto. O investimento total na ilha foi de R$ 11,6 milh\u00f5es. J\u00e1 a praia da Vira\u00e7\u00e3o, com extenso coqueiral e \u00e1guas cristalinas, fica localizada na parte central da ilha. <\/p>\n<p>J\u00e1 em Cama\u00e7ari, a \u00f3tima balneabilidade verificada nas praias da Espera (Itacimirim) e do Para\u00edso (Guarajuba) deve-se, principalmente, ao fato de que, desde 2011, elas s\u00e3o atendidas pelo sistema de esgotamento sanit\u00e1rio de Barra do Pojuca. A amplia\u00e7\u00e3o desse sistema, que atende ainda a localidade de Monte Gordo, contou com investimento de R$ 33,8 milh\u00f5es, realizado com recursos pr\u00f3prios da Embasa. \u00c9 a quarta vez seguida que a praia da Esperan\u00e7a conquista a Bandeira Azul e a quinta vez seguida para a praia do Para\u00edso. <\/p>\n<p>Um total de 31 praias brasileiras recebeu a certifica\u00e7\u00e3o ambiental &#8216;Bandeira Azul&#8217;. As praias nacionais foram escolhidas por um j\u00fari internacional, que selecionou ainda 11 marinas brasileiras. Foram levados em considera\u00e7\u00e3o crit\u00e9rios como qualidade ambiental, seguran\u00e7a, gest\u00e3o e educa\u00e7\u00e3o.<\/p>\n","protected":false},"excerpt":{"rendered":"<p>Em meio \u00e0s belezas do ver\u00e3o da Bahia, quatro praias se destacam pela conquista da edi\u00e7\u00e3o 2023\/2024 do selo Bandeira<\/p>\n","protected":false},"author":4,"featured_media":12302,"comment_status":"open","ping_status":"open","sticky":false,"template":"","format":"standard","meta":{"colormag_page_container_layout":"default_layout","colormag_page_sidebar_layout":"default_layout","_FSMCFIC_featured_image_caption":"","_FSMCFIC_featured_image_nocaption":"","_FSMCFIC_featured_image_hide":"","footnotes":""},"categories":[2,1],"tags":[],"class_list":["post-12301","post","type-post","status-publish","format-standard","has-post-thumbnail","hentry","category-noticias","category-ultimas"],"yoast_head":"<!-- This site is optimized with the Yoast SEO plugin v27.1.1 - https:\/\/yoast.com\/product\/yoast-seo-wordpress\/ -->\n<title>Praias baianas certificadas com selo Bandeira Azul t\u00eam esgotamento operado pela Embasa - Brasil not\u00edcias<\/title>\n<meta name=\"robots\" content=\"index, follow, max-snippet:-1, max-image-preview:large, max-video-preview:-1\" \/>\n<link rel=\"canonical\" href=\"https:\/\/brasilnoticias.org\/site\/praias-baianas-certificadas-com-selo-bandeira-azul-tem-esgotamento-operado-pela-embasa\/\" \/>\n<meta property=\"og:locale\" content=\"pt_PT\" \/>\n<meta property=\"og:type\" content=\"article\" \/>\n<meta property=\"og:title\" content=\"Praias baianas certificadas com selo Bandeira Azul t\u00eam esgotamento operado pela Embasa - Brasil not\u00edcias\" \/>\n<meta property=\"og:description\" content=\"Em meio \u00e0s belezas do ver\u00e3o da Bahia, quatro praias se destacam pela conquista da edi\u00e7\u00e3o 2023\/2024 do selo Bandeira\" \/>\n<meta property=\"og:url\" content=\"https:\/\/brasilnoticias.org\/site\/praias-baianas-certificadas-com-selo-bandeira-azul-tem-esgotamento-operado-pela-embasa\/\" \/>\n<meta property=\"og:site_name\" content=\"Brasil not\u00edcias\" \/>\n<meta property=\"article:published_time\" content=\"2024-01-18T23:30:25+00:00\" \/>\n<meta property=\"og:image\" content=\"https:\/\/brasilnoticias.org\/site\/wp-content\/uploads\/2024\/01\/3e226616-0cd9-4c10-9bbe-d1d33d3c44bc.jpg\" \/>\n\t<meta property=\"og:image:width\" content=\"768\" \/>\n\t<meta property=\"og:image:height\" content=\"512\" \/>\n\t<meta property=\"og:image:type\" content=\"image\/jpeg\" \/>\n<meta name=\"author\" content=\"Reda\u00e7\u00e3o\" \/>\n<meta name=\"twitter:card\" content=\"summary_large_image\" \/>\n<meta name=\"twitter:label1\" content=\"Escrito por\" \/>\n\t<meta name=\"twitter:data1\" content=\"Reda\u00e7\u00e3o\" \/>\n\t<meta name=\"twitter:label2\" content=\"Tempo estimado de leitura\" \/>\n\t<meta name=\"twitter:data2\" content=\"1 minuto\" \/>\n<script type=\"application\/ld+json\" class=\"yoast-schema-graph\">{\"@context\":\"https:\/\/schema.org\",\"@graph\":[{\"@type\":\"Article\",\"@id\":\"https:\/\/brasilnoticias.org\/site\/praias-baianas-certificadas-com-selo-bandeira-azul-tem-esgotamento-operado-pela-embasa\/#article\",\"isPartOf\":{\"@id\":\"https:\/\/brasilnoticias.org\/site\/praias-baianas-certificadas-com-selo-bandeira-azul-tem-esgotamento-operado-pela-embasa\/\"},\"author\":{\"name\":\"Reda\u00e7\u00e3o\",\"@id\":\"https:\/\/brasilnoticias.org\/site\/#\/schema\/person\/03bbbfe6c7634ad18c26444ea39049fa\"},\"headline\":\"Praias baianas certificadas com selo Bandeira Azul t\u00eam esgotamento operado pela Embasa\",\"datePublished\":\"2024-01-18T23:30:25+00:00\",\"mainEntityOfPage\":{\"@id\":\"https:\/\/brasilnoticias.org\/site\/praias-baianas-certificadas-com-selo-bandeira-azul-tem-esgotamento-operado-pela-embasa\/\"},\"wordCount\":417,\"commentCount\":0,\"publisher\":{\"@id\":\"https:\/\/brasilnoticias.org\/site\/#organization\"},\"image\":{\"@id\":\"https:\/\/brasilnoticias.org\/site\/praias-baianas-certificadas-com-selo-bandeira-azul-tem-esgotamento-operado-pela-embasa\/#primaryimage\"},\"thumbnailUrl\":\"https:\/\/brasilnoticias.org\/site\/wp-content\/uploads\/2024\/01\/3e226616-0cd9-4c10-9bbe-d1d33d3c44bc.jpg\",\"articleSection\":[\"Not\u00edcias\",\"\u00daltimas\"],\"inLanguage\":\"pt-PT\",\"potentialAction\":[{\"@type\":\"CommentAction\",\"name\":\"Comment\",\"target\":[\"https:\/\/brasilnoticias.org\/site\/praias-baianas-certificadas-com-selo-bandeira-azul-tem-esgotamento-operado-pela-embasa\/#respond\"]}]},{\"@type\":\"WebPage\",\"@id\":\"https:\/\/brasilnoticias.org\/site\/praias-baianas-certificadas-com-selo-bandeira-azul-tem-esgotamento-operado-pela-embasa\/\",\"url\":\"https:\/\/brasilnoticias.org\/site\/praias-baianas-certificadas-com-selo-bandeira-azul-tem-esgotamento-operado-pela-embasa\/\",\"name\":\"Praias baianas certificadas com selo Bandeira Azul t\u00eam esgotamento operado pela Embasa - Brasil not\u00edcias\",\"isPartOf\":{\"@id\":\"https:\/\/brasilnoticias.org\/site\/#website\"},\"primaryImageOfPage\":{\"@id\":\"https:\/\/brasilnoticias.org\/site\/praias-baianas-certificadas-com-selo-bandeira-azul-tem-esgotamento-operado-pela-embasa\/#primaryimage\"},\"image\":{\"@id\":\"https:\/\/brasilnoticias.org\/site\/praias-baianas-certificadas-com-selo-bandeira-azul-tem-esgotamento-operado-pela-embasa\/#primaryimage\"},\"thumbnailUrl\":\"https:\/\/brasilnoticias.org\/site\/wp-content\/uploads\/2024\/01\/3e226616-0cd9-4c10-9bbe-d1d33d3c44bc.jpg\",\"datePublished\":\"2024-01-18T23:30:25+00:00\",\"breadcrumb\":{\"@id\":\"https:\/\/brasilnoticias.org\/site\/praias-baianas-certificadas-com-selo-bandeira-azul-tem-esgotamento-operado-pela-embasa\/#breadcrumb\"},\"inLanguage\":\"pt-PT\",\"potentialAction\":[{\"@type\":\"ReadAction\",\"target\":[\"https:\/\/brasilnoticias.org\/site\/praias-baianas-certificadas-com-selo-bandeira-azul-tem-esgotamento-operado-pela-embasa\/\"]}]},{\"@type\":\"ImageObject\",\"inLanguage\":\"pt-PT\",\"@id\":\"https:\/\/brasilnoticias.org\/site\/praias-baianas-certificadas-com-selo-bandeira-azul-tem-esgotamento-operado-pela-embasa\/#primaryimage\",\"url\":\"https:\/\/brasilnoticias.org\/site\/wp-content\/uploads\/2024\/01\/3e226616-0cd9-4c10-9bbe-d1d33d3c44bc.jpg\",\"contentUrl\":\"https:\/\/brasilnoticias.org\/site\/wp-content\/uploads\/2024\/01\/3e226616-0cd9-4c10-9bbe-d1d33d3c44bc.jpg\",\"width\":768,\"height\":512},{\"@type\":\"BreadcrumbList\",\"@id\":\"https:\/\/brasilnoticias.org\/site\/praias-baianas-certificadas-com-selo-bandeira-azul-tem-esgotamento-operado-pela-embasa\/#breadcrumb\",\"itemListElement\":[{\"@type\":\"ListItem\",\"position\":1,\"name\":\"In\u00edcio\",\"item\":\"https:\/\/brasilnoticias.org\/site\/\"},{\"@type\":\"ListItem\",\"position\":2,\"name\":\"Praias baianas certificadas com selo Bandeira Azul t\u00eam esgotamento operado pela Embasa\"}]},{\"@type\":\"WebSite\",\"@id\":\"https:\/\/brasilnoticias.org\/site\/#website\",\"url\":\"https:\/\/brasilnoticias.org\/site\/\",\"name\":\"Brasil not\u00edcias\",\"description\":\"Brasil not\u00edcias\",\"publisher\":{\"@id\":\"https:\/\/brasilnoticias.org\/site\/#organization\"},\"potentialAction\":[{\"@type\":\"SearchAction\",\"target\":{\"@type\":\"EntryPoint\",\"urlTemplate\":\"https:\/\/brasilnoticias.org\/site\/?s={search_term_string}\"},\"query-input\":{\"@type\":\"PropertyValueSpecification\",\"valueRequired\":true,\"valueName\":\"search_term_string\"}}],\"inLanguage\":\"pt-PT\"},{\"@type\":\"Organization\",\"@id\":\"https:\/\/brasilnoticias.org\/site\/#organization\",\"name\":\"Brasil not\u00edcias\",\"url\":\"https:\/\/brasilnoticias.org\/site\/\",\"logo\":{\"@type\":\"ImageObject\",\"inLanguage\":\"pt-PT\",\"@id\":\"https:\/\/brasilnoticias.org\/site\/#\/schema\/logo\/image\/\",\"url\":\"https:\/\/brasilnoticias.org\/site\/wp-content\/uploads\/2022\/05\/cropped-brasilnoticias-mini.jpg\",\"contentUrl\":\"https:\/\/brasilnoticias.org\/site\/wp-content\/uploads\/2022\/05\/cropped-brasilnoticias-mini.jpg\",\"width\":314,\"height\":86,\"caption\":\"Brasil not\u00edcias\"},\"image\":{\"@id\":\"https:\/\/brasilnoticias.org\/site\/#\/schema\/logo\/image\/\"}},{\"@type\":\"Person\",\"@id\":\"https:\/\/brasilnoticias.org\/site\/#\/schema\/person\/03bbbfe6c7634ad18c26444ea39049fa\",\"name\":\"Reda\u00e7\u00e3o\",\"image\":{\"@type\":\"ImageObject\",\"inLanguage\":\"pt-PT\",\"@id\":\"https:\/\/brasilnoticias.org\/site\/#\/schema\/person\/image\/\",\"url\":\"https:\/\/secure.gravatar.com\/avatar\/9ecaf7327a696cb23ad926fedded5f1f04d7049de9e445375d55b48c001a6e42?s=96&d=mm&r=g\",\"contentUrl\":\"https:\/\/secure.gravatar.com\/avatar\/9ecaf7327a696cb23ad926fedded5f1f04d7049de9e445375d55b48c001a6e42?s=96&d=mm&r=g\",\"caption\":\"Reda\u00e7\u00e3o\"},\"url\":\"https:\/\/brasilnoticias.org\/site\/author\/henrique\/\"}]}<\/script>\n<!-- \/ Yoast SEO plugin. -->","yoast_head_json":{"title":"Praias baianas certificadas com selo Bandeira Azul t\u00eam esgotamento operado pela Embasa - Brasil not\u00edcias","robots":{"index":"index","follow":"follow","max-snippet":"max-snippet:-1","max-image-preview":"max-image-preview:large","max-video-preview":"max-video-preview:-1"},"canonical":"https:\/\/brasilnoticias.org\/site\/praias-baianas-certificadas-com-selo-bandeira-azul-tem-esgotamento-operado-pela-embasa\/","og_locale":"pt_PT","og_type":"article","og_title":"Praias baianas certificadas com selo Bandeira Azul t\u00eam esgotamento operado pela Embasa - Brasil not\u00edcias","og_description":"Em meio \u00e0s belezas do ver\u00e3o da Bahia, quatro praias se destacam pela conquista da edi\u00e7\u00e3o 2023\/2024 do selo Bandeira","og_url":"https:\/\/brasilnoticias.org\/site\/praias-baianas-certificadas-com-selo-bandeira-azul-tem-esgotamento-operado-pela-embasa\/","og_site_name":"Brasil not\u00edcias","article_published_time":"2024-01-18T23:30:25+00:00","og_image":[{"width":768,"height":512,"url":"https:\/\/brasilnoticias.org\/site\/wp-content\/uploads\/2024\/01\/3e226616-0cd9-4c10-9bbe-d1d33d3c44bc.jpg","type":"image\/jpeg"}],"author":"Reda\u00e7\u00e3o","twitter_card":"summary_large_image","twitter_misc":{"Escrito por":"Reda\u00e7\u00e3o","Tempo estimado de leitura":"1 minuto"},"schema":{"@context":"https:\/\/schema.org","@graph":[{"@type":"Article","@id":"https:\/\/brasilnoticias.org\/site\/praias-baianas-certificadas-com-selo-bandeira-azul-tem-esgotamento-operado-pela-embasa\/#article","isPartOf":{"@id":"https:\/\/brasilnoticias.org\/site\/praias-baianas-certificadas-com-selo-bandeira-azul-tem-esgotamento-operado-pela-embasa\/"},"author":{"name":"Reda\u00e7\u00e3o","@id":"https:\/\/brasilnoticias.org\/site\/#\/schema\/person\/03bbbfe6c7634ad18c26444ea39049fa"},"headline":"Praias baianas certificadas com selo Bandeira Azul t\u00eam esgotamento operado pela Embasa","datePublished":"2024-01-18T23:30:25+00:00","mainEntityOfPage":{"@id":"https:\/\/brasilnoticias.org\/site\/praias-baianas-certificadas-com-selo-bandeira-azul-tem-esgotamento-operado-pela-embasa\/"},"wordCount":417,"commentCount":0,"publisher":{"@id":"https:\/\/brasilnoticias.org\/site\/#organization"},"image":{"@id":"https:\/\/brasilnoticias.org\/site\/praias-baianas-certificadas-com-selo-bandeira-azul-tem-esgotamento-operado-pela-embasa\/#primaryimage"},"thumbnailUrl":"https:\/\/brasilnoticias.org\/site\/wp-content\/uploads\/2024\/01\/3e226616-0cd9-4c10-9bbe-d1d33d3c44bc.jpg","articleSection":["Not\u00edcias","\u00daltimas"],"inLanguage":"pt-PT","potentialAction":[{"@type":"CommentAction","name":"Comment","target":["https:\/\/brasilnoticias.org\/site\/praias-baianas-certificadas-com-selo-bandeira-azul-tem-esgotamento-operado-pela-embasa\/#respond"]}]},{"@type":"WebPage","@id":"https:\/\/brasilnoticias.org\/site\/praias-baianas-certificadas-com-selo-bandeira-azul-tem-esgotamento-operado-pela-embasa\/","url":"https:\/\/brasilnoticias.org\/site\/praias-baianas-certificadas-com-selo-bandeira-azul-tem-esgotamento-operado-pela-embasa\/","name":"Praias baianas certificadas com selo Bandeira Azul t\u00eam esgotamento operado pela Embasa - Brasil not\u00edcias","isPartOf":{"@id":"https:\/\/brasilnoticias.org\/site\/#website"},"primaryImageOfPage":{"@id":"https:\/\/brasilnoticias.org\/site\/praias-baianas-certificadas-com-selo-bandeira-azul-tem-esgotamento-operado-pela-embasa\/#primaryimage"},"image":{"@id":"https:\/\/brasilnoticias.org\/site\/praias-baianas-certificadas-com-selo-bandeira-azul-tem-esgotamento-operado-pela-embasa\/#primaryimage"},"thumbnailUrl":"https:\/\/brasilnoticias.org\/site\/wp-content\/uploads\/2024\/01\/3e226616-0cd9-4c10-9bbe-d1d33d3c44bc.jpg","datePublished":"2024-01-18T23:30:25+00:00","breadcrumb":{"@id":"https:\/\/brasilnoticias.org\/site\/praias-baianas-certificadas-com-selo-bandeira-azul-tem-esgotamento-operado-pela-embasa\/#breadcrumb"},"inLanguage":"pt-PT","potentialAction":[{"@type":"ReadAction","target":["https:\/\/brasilnoticias.org\/site\/praias-baianas-certificadas-com-selo-bandeira-azul-tem-esgotamento-operado-pela-embasa\/"]}]},{"@type":"ImageObject","inLanguage":"pt-PT","@id":"https:\/\/brasilnoticias.org\/site\/praias-baianas-certificadas-com-selo-bandeira-azul-tem-esgotamento-operado-pela-embasa\/#primaryimage","url":"https:\/\/brasilnoticias.org\/site\/wp-content\/uploads\/2024\/01\/3e226616-0cd9-4c10-9bbe-d1d33d3c44bc.jpg","contentUrl":"https:\/\/brasilnoticias.org\/site\/wp-content\/uploads\/2024\/01\/3e226616-0cd9-4c10-9bbe-d1d33d3c44bc.jpg","width":768,"height":512},{"@type":"BreadcrumbList","@id":"https:\/\/brasilnoticias.org\/site\/praias-baianas-certificadas-com-selo-bandeira-azul-tem-esgotamento-operado-pela-embasa\/#breadcrumb","itemListElement":[{"@type":"ListItem","position":1,"name":"In\u00edcio","item":"https:\/\/brasilnoticias.org\/site\/"},{"@type":"ListItem","position":2,"name":"Praias baianas certificadas com selo Bandeira Azul t\u00eam esgotamento operado pela Embasa"}]},{"@type":"WebSite","@id":"https:\/\/brasilnoticias.org\/site\/#website","url":"https:\/\/brasilnoticias.org\/site\/","name":"Brasil not\u00edcias","description":"Brasil not\u00edcias","publisher":{"@id":"https:\/\/brasilnoticias.org\/site\/#organization"},"potentialAction":[{"@type":"SearchAction","target":{"@type":"EntryPoint","urlTemplate":"https:\/\/brasilnoticias.org\/site\/?s={search_term_string}"},"query-input":{"@type":"PropertyValueSpecification","valueRequired":true,"valueName":"search_term_string"}}],"inLanguage":"pt-PT"},{"@type":"Organization","@id":"https:\/\/brasilnoticias.org\/site\/#organization","name":"Brasil not\u00edcias","url":"https:\/\/brasilnoticias.org\/site\/","logo":{"@type":"ImageObject","inLanguage":"pt-PT","@id":"https:\/\/brasilnoticias.org\/site\/#\/schema\/logo\/image\/","url":"https:\/\/brasilnoticias.org\/site\/wp-content\/uploads\/2022\/05\/cropped-brasilnoticias-mini.jpg","contentUrl":"https:\/\/brasilnoticias.org\/site\/wp-content\/uploads\/2022\/05\/cropped-brasilnoticias-mini.jpg","width":314,"height":86,"caption":"Brasil not\u00edcias"},"image":{"@id":"https:\/\/brasilnoticias.org\/site\/#\/schema\/logo\/image\/"}},{"@type":"Person","@id":"https:\/\/brasilnoticias.org\/site\/#\/schema\/person\/03bbbfe6c7634ad18c26444ea39049fa","name":"Reda\u00e7\u00e3o","image":{"@type":"ImageObject","inLanguage":"pt-PT","@id":"https:\/\/brasilnoticias.org\/site\/#\/schema\/person\/image\/","url":"https:\/\/secure.gravatar.com\/avatar\/9ecaf7327a696cb23ad926fedded5f1f04d7049de9e445375d55b48c001a6e42?s=96&d=mm&r=g","contentUrl":"https:\/\/secure.gravatar.com\/avatar\/9ecaf7327a696cb23ad926fedded5f1f04d7049de9e445375d55b48c001a6e42?s=96&d=mm&r=g","caption":"Reda\u00e7\u00e3o"},"url":"https:\/\/brasilnoticias.org\/site\/author\/henrique\/"}]}},"_links":{"self":[{"href":"https:\/\/brasilnoticias.org\/site\/wp-json\/wp\/v2\/posts\/12301","targetHints":{"allow":["GET"]}}],"collection":[{"href":"https:\/\/brasilnoticias.org\/site\/wp-json\/wp\/v2\/posts"}],"about":[{"href":"https:\/\/brasilnoticias.org\/site\/wp-json\/wp\/v2\/types\/post"}],"author":[{"embeddable":true,"href":"https:\/\/brasilnoticias.org\/site\/wp-json\/wp\/v2\/users\/4"}],"replies":[{"embeddable":true,"href":"https:\/\/brasilnoticias.org\/site\/wp-json\/wp\/v2\/comments?post=12301"}],"version-history":[{"count":1,"href":"https:\/\/brasilnoticias.org\/site\/wp-json\/wp\/v2\/posts\/12301\/revisions"}],"predecessor-version":[{"id":12303,"href":"https:\/\/brasilnoticias.org\/site\/wp-json\/wp\/v2\/posts\/12301\/revisions\/12303"}],"wp:featuredmedia":[{"embeddable":true,"href":"https:\/\/brasilnoticias.org\/site\/wp-json\/wp\/v2\/media\/12302"}],"wp:attachment":[{"href":"https:\/\/brasilnoticias.org\/site\/wp-json\/wp\/v2\/media?parent=12301"}],"wp:term":[{"taxonomy":"category","embeddable":true,"href":"https:\/\/brasilnoticias.org\/site\/wp-json\/wp\/v2\/categories?post=12301"},{"taxonomy":"post_tag","embeddable":true,"href":"https:\/\/brasilnoticias.org\/site\/wp-json\/wp\/v2\/tags?post=12301"}],"curies":[{"name":"wp","href":"https:\/\/api.w.org\/{rel}","templated":true}]}}