{"id":12323,"date":"2024-01-19T19:32:09","date_gmt":"2024-01-19T22:32:09","guid":{"rendered":"https:\/\/brasilnoticias.org\/site\/?p=12323"},"modified":"2024-01-19T19:32:09","modified_gmt":"2024-01-19T22:32:09","slug":"policia-civil-e-sac-reforcam-atendimentos-durante-o-verao","status":"publish","type":"post","link":"https:\/\/brasilnoticias.org\/site\/policia-civil-e-sac-reforcam-atendimentos-durante-o-verao\/","title":{"rendered":"Pol\u00edcia Civil e SAC refor\u00e7am atendimentos durante o ver\u00e3o"},"content":{"rendered":"<p>Os cidad\u00e3os soteropolitanos e turistas agora t\u00eam mais uma op\u00e7\u00e3o para agilizar os atendimentos realizados pela Pol\u00edcia Civil, com mais conforto e efici\u00eancia. J\u00e1 iniciado no final de 2023, os atendimentos cartoriais e registros de ocorr\u00eancias podem ser agendados na plataforma www.ba.gov.br e, durante o ver\u00e3o, ir\u00e3o facilitar estes servi\u00e7os prestados \u00e0 popula\u00e7\u00e3o nesta \u00e9poca e restante do ano.<\/p>\n<p>Os atendimentos podem ser agendados em at\u00e9 39 delegacias de Salvador, Regi\u00e3o Metropolitana (RMS) e interior. Para ter acesso, basta possuir uma conta no portal de servi\u00e7os do estado, fazer o agendamento e ser atendido com toda comodidade, no hor\u00e1rio marcado. Os usu\u00e1rios podem ter acesso aos servi\u00e7os por meio da web, mobile (iOS e Android), pelo WhatsApp, al\u00e9m de um aplicativo pr\u00f3prio (aplicativo do SAC Digital j\u00e1 foi atualizado para a nova plataforma BA.GOV.BR).<\/p>\n<p>Tamb\u00e9m v\u00e3o oferecer servi\u00e7os agendados 19 Delegacias Especializadas, situadas na capital e no interior, onde ser\u00e3o disponibilizados servi\u00e7os espec\u00edficos como o Registro de Viol\u00eancia Dom\u00e9stica Contra Mulher, Viol\u00eancia Contra Turista, dentre outros. Confira na tabela abaixo as delegacias da Pol\u00edcia Civil que v\u00e3o oferecer o atendimento com hora marcada e os servi\u00e7os dispon\u00edveis.<\/p>\n<p>A implanta\u00e7\u00e3o dos servi\u00e7os agendados nas delegacias \u00e9 resultado da parceria entre a Pol\u00edcia Civil do Estado da Bahia e a Secretaria da Administra\u00e7\u00e3o do Estado da Bahia (Saeb), por meio da Rede SAC, que disponibilizou o Sistema Atende (sistema de gerenciamento de filas utilizado nos postos e pontos da Rede), al\u00e9m de ter capacitado delegados e agentes para atuar dentro do padr\u00e3o SAC de Atendimento.<\/p>\n<p>A nova plataforma www.ba.gov.br j\u00e1 conta com um total de 467 servi\u00e7os p\u00fablicos disponibilizados para o cidad\u00e3o. O portal abriga todos os servi\u00e7os que eram oferecidos pelo SAC Digital, dentro dos padr\u00f5es de m\u00e1xima seguran\u00e7a e confiabilidade.<\/p>\n<p>Foto ilustrativa: Feij\u00e3o Almeida\/GOVBA <\/p>\n","protected":false},"excerpt":{"rendered":"<p>Os cidad\u00e3os soteropolitanos e turistas agora t\u00eam mais uma op\u00e7\u00e3o para agilizar os atendimentos realizados pela Pol\u00edcia Civil, com mais<\/p>\n","protected":false},"author":4,"featured_media":12324,"comment_status":"open","ping_status":"open","sticky":false,"template":"","format":"standard","meta":{"colormag_page_container_layout":"default_layout","colormag_page_sidebar_layout":"default_layout","_FSMCFIC_featured_image_caption":"","_FSMCFIC_featured_image_nocaption":"","_FSMCFIC_featured_image_hide":"","footnotes":""},"categories":[3,1],"tags":[],"class_list":["post-12323","post","type-post","status-publish","format-standard","has-post-thumbnail","hentry","category-policia","category-ultimas"],"yoast_head":"<!-- This site is optimized with the Yoast SEO plugin v27.1.1 - https:\/\/yoast.com\/product\/yoast-seo-wordpress\/ -->\n<title>Pol\u00edcia Civil e SAC refor\u00e7am atendimentos durante o ver\u00e3o - Brasil not\u00edcias<\/title>\n<meta name=\"robots\" content=\"index, follow, max-snippet:-1, max-image-preview:large, max-video-preview:-1\" \/>\n<link rel=\"canonical\" href=\"https:\/\/brasilnoticias.org\/site\/policia-civil-e-sac-reforcam-atendimentos-durante-o-verao\/\" \/>\n<meta property=\"og:locale\" content=\"pt_PT\" \/>\n<meta property=\"og:type\" content=\"article\" \/>\n<meta property=\"og:title\" content=\"Pol\u00edcia Civil e SAC refor\u00e7am atendimentos durante o ver\u00e3o - Brasil not\u00edcias\" \/>\n<meta property=\"og:description\" content=\"Os cidad\u00e3os soteropolitanos e turistas agora t\u00eam mais uma op\u00e7\u00e3o para agilizar os atendimentos realizados pela Pol\u00edcia Civil, com mais\" \/>\n<meta property=\"og:url\" content=\"https:\/\/brasilnoticias.org\/site\/policia-civil-e-sac-reforcam-atendimentos-durante-o-verao\/\" \/>\n<meta property=\"og:site_name\" content=\"Brasil not\u00edcias\" \/>\n<meta property=\"article:published_time\" content=\"2024-01-19T22:32:09+00:00\" \/>\n<meta property=\"og:image\" content=\"https:\/\/brasilnoticias.org\/site\/wp-content\/uploads\/2024\/01\/69edfafa7b351516e47c83bc288c9a83.jpg\" \/>\n\t<meta property=\"og:image:width\" content=\"1000\" \/>\n\t<meta property=\"og:image:height\" content=\"666\" \/>\n\t<meta property=\"og:image:type\" content=\"image\/jpeg\" \/>\n<meta name=\"author\" content=\"Reda\u00e7\u00e3o\" \/>\n<meta name=\"twitter:card\" content=\"summary_large_image\" \/>\n<meta name=\"twitter:label1\" content=\"Escrito por\" \/>\n\t<meta name=\"twitter:data1\" content=\"Reda\u00e7\u00e3o\" \/>\n\t<meta name=\"twitter:label2\" content=\"Tempo estimado de leitura\" \/>\n\t<meta name=\"twitter:data2\" content=\"1 minuto\" \/>\n<script type=\"application\/ld+json\" class=\"yoast-schema-graph\">{\"@context\":\"https:\/\/schema.org\",\"@graph\":[{\"@type\":\"Article\",\"@id\":\"https:\/\/brasilnoticias.org\/site\/policia-civil-e-sac-reforcam-atendimentos-durante-o-verao\/#article\",\"isPartOf\":{\"@id\":\"https:\/\/brasilnoticias.org\/site\/policia-civil-e-sac-reforcam-atendimentos-durante-o-verao\/\"},\"author\":{\"name\":\"Reda\u00e7\u00e3o\",\"@id\":\"https:\/\/brasilnoticias.org\/site\/#\/schema\/person\/03bbbfe6c7634ad18c26444ea39049fa\"},\"headline\":\"Pol\u00edcia Civil e SAC refor\u00e7am atendimentos durante o ver\u00e3o\",\"datePublished\":\"2024-01-19T22:32:09+00:00\",\"mainEntityOfPage\":{\"@id\":\"https:\/\/brasilnoticias.org\/site\/policia-civil-e-sac-reforcam-atendimentos-durante-o-verao\/\"},\"wordCount\":353,\"commentCount\":0,\"publisher\":{\"@id\":\"https:\/\/brasilnoticias.org\/site\/#organization\"},\"image\":{\"@id\":\"https:\/\/brasilnoticias.org\/site\/policia-civil-e-sac-reforcam-atendimentos-durante-o-verao\/#primaryimage\"},\"thumbnailUrl\":\"https:\/\/brasilnoticias.org\/site\/wp-content\/uploads\/2024\/01\/69edfafa7b351516e47c83bc288c9a83.jpg\",\"articleSection\":[\"Pol\u00edcia\",\"\u00daltimas\"],\"inLanguage\":\"pt-PT\",\"potentialAction\":[{\"@type\":\"CommentAction\",\"name\":\"Comment\",\"target\":[\"https:\/\/brasilnoticias.org\/site\/policia-civil-e-sac-reforcam-atendimentos-durante-o-verao\/#respond\"]}]},{\"@type\":\"WebPage\",\"@id\":\"https:\/\/brasilnoticias.org\/site\/policia-civil-e-sac-reforcam-atendimentos-durante-o-verao\/\",\"url\":\"https:\/\/brasilnoticias.org\/site\/policia-civil-e-sac-reforcam-atendimentos-durante-o-verao\/\",\"name\":\"Pol\u00edcia Civil e SAC refor\u00e7am atendimentos durante o ver\u00e3o - Brasil not\u00edcias\",\"isPartOf\":{\"@id\":\"https:\/\/brasilnoticias.org\/site\/#website\"},\"primaryImageOfPage\":{\"@id\":\"https:\/\/brasilnoticias.org\/site\/policia-civil-e-sac-reforcam-atendimentos-durante-o-verao\/#primaryimage\"},\"image\":{\"@id\":\"https:\/\/brasilnoticias.org\/site\/policia-civil-e-sac-reforcam-atendimentos-durante-o-verao\/#primaryimage\"},\"thumbnailUrl\":\"https:\/\/brasilnoticias.org\/site\/wp-content\/uploads\/2024\/01\/69edfafa7b351516e47c83bc288c9a83.jpg\",\"datePublished\":\"2024-01-19T22:32:09+00:00\",\"breadcrumb\":{\"@id\":\"https:\/\/brasilnoticias.org\/site\/policia-civil-e-sac-reforcam-atendimentos-durante-o-verao\/#breadcrumb\"},\"inLanguage\":\"pt-PT\",\"potentialAction\":[{\"@type\":\"ReadAction\",\"target\":[\"https:\/\/brasilnoticias.org\/site\/policia-civil-e-sac-reforcam-atendimentos-durante-o-verao\/\"]}]},{\"@type\":\"ImageObject\",\"inLanguage\":\"pt-PT\",\"@id\":\"https:\/\/brasilnoticias.org\/site\/policia-civil-e-sac-reforcam-atendimentos-durante-o-verao\/#primaryimage\",\"url\":\"https:\/\/brasilnoticias.org\/site\/wp-content\/uploads\/2024\/01\/69edfafa7b351516e47c83bc288c9a83.jpg\",\"contentUrl\":\"https:\/\/brasilnoticias.org\/site\/wp-content\/uploads\/2024\/01\/69edfafa7b351516e47c83bc288c9a83.jpg\",\"width\":1000,\"height\":666},{\"@type\":\"BreadcrumbList\",\"@id\":\"https:\/\/brasilnoticias.org\/site\/policia-civil-e-sac-reforcam-atendimentos-durante-o-verao\/#breadcrumb\",\"itemListElement\":[{\"@type\":\"ListItem\",\"position\":1,\"name\":\"In\u00edcio\",\"item\":\"https:\/\/brasilnoticias.org\/site\/\"},{\"@type\":\"ListItem\",\"position\":2,\"name\":\"Pol\u00edcia Civil e SAC refor\u00e7am atendimentos durante o ver\u00e3o\"}]},{\"@type\":\"WebSite\",\"@id\":\"https:\/\/brasilnoticias.org\/site\/#website\",\"url\":\"https:\/\/brasilnoticias.org\/site\/\",\"name\":\"Brasil not\u00edcias\",\"description\":\"Brasil not\u00edcias\",\"publisher\":{\"@id\":\"https:\/\/brasilnoticias.org\/site\/#organization\"},\"potentialAction\":[{\"@type\":\"SearchAction\",\"target\":{\"@type\":\"EntryPoint\",\"urlTemplate\":\"https:\/\/brasilnoticias.org\/site\/?s={search_term_string}\"},\"query-input\":{\"@type\":\"PropertyValueSpecification\",\"valueRequired\":true,\"valueName\":\"search_term_string\"}}],\"inLanguage\":\"pt-PT\"},{\"@type\":\"Organization\",\"@id\":\"https:\/\/brasilnoticias.org\/site\/#organization\",\"name\":\"Brasil not\u00edcias\",\"url\":\"https:\/\/brasilnoticias.org\/site\/\",\"logo\":{\"@type\":\"ImageObject\",\"inLanguage\":\"pt-PT\",\"@id\":\"https:\/\/brasilnoticias.org\/site\/#\/schema\/logo\/image\/\",\"url\":\"https:\/\/brasilnoticias.org\/site\/wp-content\/uploads\/2022\/05\/cropped-brasilnoticias-mini.jpg\",\"contentUrl\":\"https:\/\/brasilnoticias.org\/site\/wp-content\/uploads\/2022\/05\/cropped-brasilnoticias-mini.jpg\",\"width\":314,\"height\":86,\"caption\":\"Brasil not\u00edcias\"},\"image\":{\"@id\":\"https:\/\/brasilnoticias.org\/site\/#\/schema\/logo\/image\/\"}},{\"@type\":\"Person\",\"@id\":\"https:\/\/brasilnoticias.org\/site\/#\/schema\/person\/03bbbfe6c7634ad18c26444ea39049fa\",\"name\":\"Reda\u00e7\u00e3o\",\"image\":{\"@type\":\"ImageObject\",\"inLanguage\":\"pt-PT\",\"@id\":\"https:\/\/brasilnoticias.org\/site\/#\/schema\/person\/image\/\",\"url\":\"https:\/\/secure.gravatar.com\/avatar\/9ecaf7327a696cb23ad926fedded5f1f04d7049de9e445375d55b48c001a6e42?s=96&d=mm&r=g\",\"contentUrl\":\"https:\/\/secure.gravatar.com\/avatar\/9ecaf7327a696cb23ad926fedded5f1f04d7049de9e445375d55b48c001a6e42?s=96&d=mm&r=g\",\"caption\":\"Reda\u00e7\u00e3o\"},\"url\":\"https:\/\/brasilnoticias.org\/site\/author\/henrique\/\"}]}<\/script>\n<!-- \/ Yoast SEO plugin. -->","yoast_head_json":{"title":"Pol\u00edcia Civil e SAC refor\u00e7am atendimentos durante o ver\u00e3o - Brasil not\u00edcias","robots":{"index":"index","follow":"follow","max-snippet":"max-snippet:-1","max-image-preview":"max-image-preview:large","max-video-preview":"max-video-preview:-1"},"canonical":"https:\/\/brasilnoticias.org\/site\/policia-civil-e-sac-reforcam-atendimentos-durante-o-verao\/","og_locale":"pt_PT","og_type":"article","og_title":"Pol\u00edcia Civil e SAC refor\u00e7am atendimentos durante o ver\u00e3o - Brasil not\u00edcias","og_description":"Os cidad\u00e3os soteropolitanos e turistas agora t\u00eam mais uma op\u00e7\u00e3o para agilizar os atendimentos realizados pela Pol\u00edcia Civil, com mais","og_url":"https:\/\/brasilnoticias.org\/site\/policia-civil-e-sac-reforcam-atendimentos-durante-o-verao\/","og_site_name":"Brasil not\u00edcias","article_published_time":"2024-01-19T22:32:09+00:00","og_image":[{"width":1000,"height":666,"url":"https:\/\/brasilnoticias.org\/site\/wp-content\/uploads\/2024\/01\/69edfafa7b351516e47c83bc288c9a83.jpg","type":"image\/jpeg"}],"author":"Reda\u00e7\u00e3o","twitter_card":"summary_large_image","twitter_misc":{"Escrito por":"Reda\u00e7\u00e3o","Tempo estimado de leitura":"1 minuto"},"schema":{"@context":"https:\/\/schema.org","@graph":[{"@type":"Article","@id":"https:\/\/brasilnoticias.org\/site\/policia-civil-e-sac-reforcam-atendimentos-durante-o-verao\/#article","isPartOf":{"@id":"https:\/\/brasilnoticias.org\/site\/policia-civil-e-sac-reforcam-atendimentos-durante-o-verao\/"},"author":{"name":"Reda\u00e7\u00e3o","@id":"https:\/\/brasilnoticias.org\/site\/#\/schema\/person\/03bbbfe6c7634ad18c26444ea39049fa"},"headline":"Pol\u00edcia Civil e SAC refor\u00e7am atendimentos durante o ver\u00e3o","datePublished":"2024-01-19T22:32:09+00:00","mainEntityOfPage":{"@id":"https:\/\/brasilnoticias.org\/site\/policia-civil-e-sac-reforcam-atendimentos-durante-o-verao\/"},"wordCount":353,"commentCount":0,"publisher":{"@id":"https:\/\/brasilnoticias.org\/site\/#organization"},"image":{"@id":"https:\/\/brasilnoticias.org\/site\/policia-civil-e-sac-reforcam-atendimentos-durante-o-verao\/#primaryimage"},"thumbnailUrl":"https:\/\/brasilnoticias.org\/site\/wp-content\/uploads\/2024\/01\/69edfafa7b351516e47c83bc288c9a83.jpg","articleSection":["Pol\u00edcia","\u00daltimas"],"inLanguage":"pt-PT","potentialAction":[{"@type":"CommentAction","name":"Comment","target":["https:\/\/brasilnoticias.org\/site\/policia-civil-e-sac-reforcam-atendimentos-durante-o-verao\/#respond"]}]},{"@type":"WebPage","@id":"https:\/\/brasilnoticias.org\/site\/policia-civil-e-sac-reforcam-atendimentos-durante-o-verao\/","url":"https:\/\/brasilnoticias.org\/site\/policia-civil-e-sac-reforcam-atendimentos-durante-o-verao\/","name":"Pol\u00edcia Civil e SAC refor\u00e7am atendimentos durante o ver\u00e3o - Brasil not\u00edcias","isPartOf":{"@id":"https:\/\/brasilnoticias.org\/site\/#website"},"primaryImageOfPage":{"@id":"https:\/\/brasilnoticias.org\/site\/policia-civil-e-sac-reforcam-atendimentos-durante-o-verao\/#primaryimage"},"image":{"@id":"https:\/\/brasilnoticias.org\/site\/policia-civil-e-sac-reforcam-atendimentos-durante-o-verao\/#primaryimage"},"thumbnailUrl":"https:\/\/brasilnoticias.org\/site\/wp-content\/uploads\/2024\/01\/69edfafa7b351516e47c83bc288c9a83.jpg","datePublished":"2024-01-19T22:32:09+00:00","breadcrumb":{"@id":"https:\/\/brasilnoticias.org\/site\/policia-civil-e-sac-reforcam-atendimentos-durante-o-verao\/#breadcrumb"},"inLanguage":"pt-PT","potentialAction":[{"@type":"ReadAction","target":["https:\/\/brasilnoticias.org\/site\/policia-civil-e-sac-reforcam-atendimentos-durante-o-verao\/"]}]},{"@type":"ImageObject","inLanguage":"pt-PT","@id":"https:\/\/brasilnoticias.org\/site\/policia-civil-e-sac-reforcam-atendimentos-durante-o-verao\/#primaryimage","url":"https:\/\/brasilnoticias.org\/site\/wp-content\/uploads\/2024\/01\/69edfafa7b351516e47c83bc288c9a83.jpg","contentUrl":"https:\/\/brasilnoticias.org\/site\/wp-content\/uploads\/2024\/01\/69edfafa7b351516e47c83bc288c9a83.jpg","width":1000,"height":666},{"@type":"BreadcrumbList","@id":"https:\/\/brasilnoticias.org\/site\/policia-civil-e-sac-reforcam-atendimentos-durante-o-verao\/#breadcrumb","itemListElement":[{"@type":"ListItem","position":1,"name":"In\u00edcio","item":"https:\/\/brasilnoticias.org\/site\/"},{"@type":"ListItem","position":2,"name":"Pol\u00edcia Civil e SAC refor\u00e7am atendimentos durante o ver\u00e3o"}]},{"@type":"WebSite","@id":"https:\/\/brasilnoticias.org\/site\/#website","url":"https:\/\/brasilnoticias.org\/site\/","name":"Brasil not\u00edcias","description":"Brasil not\u00edcias","publisher":{"@id":"https:\/\/brasilnoticias.org\/site\/#organization"},"potentialAction":[{"@type":"SearchAction","target":{"@type":"EntryPoint","urlTemplate":"https:\/\/brasilnoticias.org\/site\/?s={search_term_string}"},"query-input":{"@type":"PropertyValueSpecification","valueRequired":true,"valueName":"search_term_string"}}],"inLanguage":"pt-PT"},{"@type":"Organization","@id":"https:\/\/brasilnoticias.org\/site\/#organization","name":"Brasil not\u00edcias","url":"https:\/\/brasilnoticias.org\/site\/","logo":{"@type":"ImageObject","inLanguage":"pt-PT","@id":"https:\/\/brasilnoticias.org\/site\/#\/schema\/logo\/image\/","url":"https:\/\/brasilnoticias.org\/site\/wp-content\/uploads\/2022\/05\/cropped-brasilnoticias-mini.jpg","contentUrl":"https:\/\/brasilnoticias.org\/site\/wp-content\/uploads\/2022\/05\/cropped-brasilnoticias-mini.jpg","width":314,"height":86,"caption":"Brasil not\u00edcias"},"image":{"@id":"https:\/\/brasilnoticias.org\/site\/#\/schema\/logo\/image\/"}},{"@type":"Person","@id":"https:\/\/brasilnoticias.org\/site\/#\/schema\/person\/03bbbfe6c7634ad18c26444ea39049fa","name":"Reda\u00e7\u00e3o","image":{"@type":"ImageObject","inLanguage":"pt-PT","@id":"https:\/\/brasilnoticias.org\/site\/#\/schema\/person\/image\/","url":"https:\/\/secure.gravatar.com\/avatar\/9ecaf7327a696cb23ad926fedded5f1f04d7049de9e445375d55b48c001a6e42?s=96&d=mm&r=g","contentUrl":"https:\/\/secure.gravatar.com\/avatar\/9ecaf7327a696cb23ad926fedded5f1f04d7049de9e445375d55b48c001a6e42?s=96&d=mm&r=g","caption":"Reda\u00e7\u00e3o"},"url":"https:\/\/brasilnoticias.org\/site\/author\/henrique\/"}]}},"_links":{"self":[{"href":"https:\/\/brasilnoticias.org\/site\/wp-json\/wp\/v2\/posts\/12323","targetHints":{"allow":["GET"]}}],"collection":[{"href":"https:\/\/brasilnoticias.org\/site\/wp-json\/wp\/v2\/posts"}],"about":[{"href":"https:\/\/brasilnoticias.org\/site\/wp-json\/wp\/v2\/types\/post"}],"author":[{"embeddable":true,"href":"https:\/\/brasilnoticias.org\/site\/wp-json\/wp\/v2\/users\/4"}],"replies":[{"embeddable":true,"href":"https:\/\/brasilnoticias.org\/site\/wp-json\/wp\/v2\/comments?post=12323"}],"version-history":[{"count":1,"href":"https:\/\/brasilnoticias.org\/site\/wp-json\/wp\/v2\/posts\/12323\/revisions"}],"predecessor-version":[{"id":12325,"href":"https:\/\/brasilnoticias.org\/site\/wp-json\/wp\/v2\/posts\/12323\/revisions\/12325"}],"wp:featuredmedia":[{"embeddable":true,"href":"https:\/\/brasilnoticias.org\/site\/wp-json\/wp\/v2\/media\/12324"}],"wp:attachment":[{"href":"https:\/\/brasilnoticias.org\/site\/wp-json\/wp\/v2\/media?parent=12323"}],"wp:term":[{"taxonomy":"category","embeddable":true,"href":"https:\/\/brasilnoticias.org\/site\/wp-json\/wp\/v2\/categories?post=12323"},{"taxonomy":"post_tag","embeddable":true,"href":"https:\/\/brasilnoticias.org\/site\/wp-json\/wp\/v2\/tags?post=12323"}],"curies":[{"name":"wp","href":"https:\/\/api.w.org\/{rel}","templated":true}]}}