{"id":1233,"date":"2022-08-22T10:59:44","date_gmt":"2022-08-22T13:59:44","guid":{"rendered":"https:\/\/brasilnoticias.org\/site\/?p=1233"},"modified":"2022-08-22T10:59:44","modified_gmt":"2022-08-22T13:59:44","slug":"rio-com-agua-vermelha-assusta-moradores-em-cidade-no-nordeste","status":"publish","type":"post","link":"https:\/\/brasilnoticias.org\/site\/rio-com-agua-vermelha-assusta-moradores-em-cidade-no-nordeste\/","title":{"rendered":"RIO COM \u00c1GUA VERMELHA ASSUSTA MORADORES EM CIDADE NO NORDESTE"},"content":{"rendered":"<p>Moradores da regi\u00e3o\u00a0<a href=\"https:\/\/www.bnews.com.br\/noticias\/nordeste\/mp-investiga-corrupcao-e-desvio-de-dinheiro-publico-em-prefeitura-do-rn.html\" target=\"_blank\" rel=\"noopener\">de Caic\u00f3,\u00a0<\/a>no Rio Grande do Norte, tomaram um susto por causa das condi\u00e7\u00f5es das \u00e1guas do Rio Barra Nova. O caso ocorreu no fim de semana e levantou a possibilidade de crime ambiental.<\/p>\n<p>Uma amostra da \u00e1gua ser\u00e1 analisada pelo Laborat\u00f3rio de Ecologia da Universidade Federal do Rio Grande do Norte (UFRN),\u00a0mas a principal suspeita, de acordo com o Instituto de Defesa e Inspe\u00e7\u00e3o Agropecu\u00e1ria do RN (Idema), \u00e9 de crime ambiental.<\/p>\n<p>A Companhia Independente de Policiamento Ambiental (Cipam) esteve no local, o s\u00e1bado (20), e identificou que a mudan\u00e7a se trata do lan\u00e7amento de alguma subst\u00e2ncia no rio.<\/p>\n<p>A Cipam acionou o Instituto de Defesa e Inspe\u00e7\u00e3o Agropecu\u00e1ria do RN (Idiarn) e o Idema. Os \u00f3rg\u00e3os ir\u00e3o identificar e devem punir os respons\u00e1veis.<\/p>\n<p>\u201cA equipe ter\u00e1 um compromisso \u00e9 verificar poss\u00edveis danos para peixes e plantas na regi\u00e3o onde essa \u00e1gua estiver passando\u201d, afirma Werner Farkatt, diretor-t\u00e9cnico do Idema.\u00a0<em>Informa\u00e7\u00f5es do G1.<\/em><\/p>\n<p>&nbsp;<\/p>\n<p>&nbsp;<\/p>\n<p>&nbsp;<\/p>\n<p>&nbsp;<\/p>\n<p>Bnews<\/p>\n","protected":false},"excerpt":{"rendered":"<p>Moradores da regi\u00e3o\u00a0de Caic\u00f3,\u00a0no Rio Grande do Norte, tomaram um susto por causa das condi\u00e7\u00f5es das \u00e1guas do Rio Barra<\/p>\n","protected":false},"author":2,"featured_media":1234,"comment_status":"open","ping_status":"open","sticky":false,"template":"","format":"standard","meta":{"colormag_page_container_layout":"default_layout","colormag_page_sidebar_layout":"default_layout","_FSMCFIC_featured_image_caption":"","_FSMCFIC_featured_image_nocaption":"","_FSMCFIC_featured_image_hide":"","footnotes":""},"categories":[2,1],"tags":[],"class_list":["post-1233","post","type-post","status-publish","format-standard","has-post-thumbnail","hentry","category-noticias","category-ultimas"],"yoast_head":"<!-- This site is optimized with the Yoast SEO plugin v27.1.1 - https:\/\/yoast.com\/product\/yoast-seo-wordpress\/ -->\n<title>RIO COM \u00c1GUA VERMELHA ASSUSTA MORADORES EM CIDADE NO NORDESTE - Brasil not\u00edcias<\/title>\n<meta name=\"robots\" content=\"index, follow, max-snippet:-1, max-image-preview:large, max-video-preview:-1\" \/>\n<link rel=\"canonical\" href=\"https:\/\/brasilnoticias.org\/site\/rio-com-agua-vermelha-assusta-moradores-em-cidade-no-nordeste\/\" \/>\n<meta property=\"og:locale\" content=\"pt_PT\" \/>\n<meta property=\"og:type\" content=\"article\" \/>\n<meta property=\"og:title\" content=\"RIO COM \u00c1GUA VERMELHA ASSUSTA MORADORES EM CIDADE NO NORDESTE - Brasil not\u00edcias\" \/>\n<meta property=\"og:description\" content=\"Moradores da regi\u00e3o\u00a0de Caic\u00f3,\u00a0no Rio Grande do Norte, tomaram um susto por causa das condi\u00e7\u00f5es das \u00e1guas do Rio Barra\" \/>\n<meta property=\"og:url\" content=\"https:\/\/brasilnoticias.org\/site\/rio-com-agua-vermelha-assusta-moradores-em-cidade-no-nordeste\/\" \/>\n<meta property=\"og:site_name\" content=\"Brasil not\u00edcias\" \/>\n<meta property=\"article:published_time\" content=\"2022-08-22T13:59:44+00:00\" \/>\n<meta property=\"og:image\" content=\"https:\/\/brasilnoticias.org\/site\/wp-content\/uploads\/2022\/08\/whatsapp_image_2022-08-22_at_09.02.13_widelg.jpeg\" \/>\n\t<meta property=\"og:image:width\" content=\"521\" \/>\n\t<meta property=\"og:image:height\" content=\"284\" \/>\n\t<meta property=\"og:image:type\" content=\"image\/jpeg\" \/>\n<meta name=\"author\" content=\"Reda\u00e7\u00e3o\" \/>\n<meta name=\"twitter:card\" content=\"summary_large_image\" \/>\n<meta name=\"twitter:label1\" content=\"Escrito por\" \/>\n\t<meta name=\"twitter:data1\" content=\"Reda\u00e7\u00e3o\" \/>\n\t<meta name=\"twitter:label2\" content=\"Tempo estimado de leitura\" \/>\n\t<meta name=\"twitter:data2\" content=\"1 minuto\" \/>\n<script type=\"application\/ld+json\" class=\"yoast-schema-graph\">{\"@context\":\"https:\/\/schema.org\",\"@graph\":[{\"@type\":\"Article\",\"@id\":\"https:\/\/brasilnoticias.org\/site\/rio-com-agua-vermelha-assusta-moradores-em-cidade-no-nordeste\/#article\",\"isPartOf\":{\"@id\":\"https:\/\/brasilnoticias.org\/site\/rio-com-agua-vermelha-assusta-moradores-em-cidade-no-nordeste\/\"},\"author\":{\"name\":\"Reda\u00e7\u00e3o\",\"@id\":\"https:\/\/brasilnoticias.org\/site\/#\/schema\/person\/f609fa847b5314f1c8b983342f34c798\"},\"headline\":\"RIO COM \u00c1GUA VERMELHA ASSUSTA MORADORES EM CIDADE NO NORDESTE\",\"datePublished\":\"2022-08-22T13:59:44+00:00\",\"mainEntityOfPage\":{\"@id\":\"https:\/\/brasilnoticias.org\/site\/rio-com-agua-vermelha-assusta-moradores-em-cidade-no-nordeste\/\"},\"wordCount\":188,\"commentCount\":0,\"publisher\":{\"@id\":\"https:\/\/brasilnoticias.org\/site\/#organization\"},\"image\":{\"@id\":\"https:\/\/brasilnoticias.org\/site\/rio-com-agua-vermelha-assusta-moradores-em-cidade-no-nordeste\/#primaryimage\"},\"thumbnailUrl\":\"https:\/\/brasilnoticias.org\/site\/wp-content\/uploads\/2022\/08\/whatsapp_image_2022-08-22_at_09.02.13_widelg.jpeg\",\"articleSection\":[\"Not\u00edcias\",\"\u00daltimas\"],\"inLanguage\":\"pt-PT\",\"potentialAction\":[{\"@type\":\"CommentAction\",\"name\":\"Comment\",\"target\":[\"https:\/\/brasilnoticias.org\/site\/rio-com-agua-vermelha-assusta-moradores-em-cidade-no-nordeste\/#respond\"]}]},{\"@type\":\"WebPage\",\"@id\":\"https:\/\/brasilnoticias.org\/site\/rio-com-agua-vermelha-assusta-moradores-em-cidade-no-nordeste\/\",\"url\":\"https:\/\/brasilnoticias.org\/site\/rio-com-agua-vermelha-assusta-moradores-em-cidade-no-nordeste\/\",\"name\":\"RIO COM \u00c1GUA VERMELHA ASSUSTA MORADORES EM CIDADE NO NORDESTE - Brasil not\u00edcias\",\"isPartOf\":{\"@id\":\"https:\/\/brasilnoticias.org\/site\/#website\"},\"primaryImageOfPage\":{\"@id\":\"https:\/\/brasilnoticias.org\/site\/rio-com-agua-vermelha-assusta-moradores-em-cidade-no-nordeste\/#primaryimage\"},\"image\":{\"@id\":\"https:\/\/brasilnoticias.org\/site\/rio-com-agua-vermelha-assusta-moradores-em-cidade-no-nordeste\/#primaryimage\"},\"thumbnailUrl\":\"https:\/\/brasilnoticias.org\/site\/wp-content\/uploads\/2022\/08\/whatsapp_image_2022-08-22_at_09.02.13_widelg.jpeg\",\"datePublished\":\"2022-08-22T13:59:44+00:00\",\"breadcrumb\":{\"@id\":\"https:\/\/brasilnoticias.org\/site\/rio-com-agua-vermelha-assusta-moradores-em-cidade-no-nordeste\/#breadcrumb\"},\"inLanguage\":\"pt-PT\",\"potentialAction\":[{\"@type\":\"ReadAction\",\"target\":[\"https:\/\/brasilnoticias.org\/site\/rio-com-agua-vermelha-assusta-moradores-em-cidade-no-nordeste\/\"]}]},{\"@type\":\"ImageObject\",\"inLanguage\":\"pt-PT\",\"@id\":\"https:\/\/brasilnoticias.org\/site\/rio-com-agua-vermelha-assusta-moradores-em-cidade-no-nordeste\/#primaryimage\",\"url\":\"https:\/\/brasilnoticias.org\/site\/wp-content\/uploads\/2022\/08\/whatsapp_image_2022-08-22_at_09.02.13_widelg.jpeg\",\"contentUrl\":\"https:\/\/brasilnoticias.org\/site\/wp-content\/uploads\/2022\/08\/whatsapp_image_2022-08-22_at_09.02.13_widelg.jpeg\",\"width\":521,\"height\":284},{\"@type\":\"BreadcrumbList\",\"@id\":\"https:\/\/brasilnoticias.org\/site\/rio-com-agua-vermelha-assusta-moradores-em-cidade-no-nordeste\/#breadcrumb\",\"itemListElement\":[{\"@type\":\"ListItem\",\"position\":1,\"name\":\"In\u00edcio\",\"item\":\"https:\/\/brasilnoticias.org\/site\/\"},{\"@type\":\"ListItem\",\"position\":2,\"name\":\"RIO COM \u00c1GUA VERMELHA ASSUSTA MORADORES EM CIDADE NO NORDESTE\"}]},{\"@type\":\"WebSite\",\"@id\":\"https:\/\/brasilnoticias.org\/site\/#website\",\"url\":\"https:\/\/brasilnoticias.org\/site\/\",\"name\":\"Brasil not\u00edcias\",\"description\":\"Brasil not\u00edcias\",\"publisher\":{\"@id\":\"https:\/\/brasilnoticias.org\/site\/#organization\"},\"potentialAction\":[{\"@type\":\"SearchAction\",\"target\":{\"@type\":\"EntryPoint\",\"urlTemplate\":\"https:\/\/brasilnoticias.org\/site\/?s={search_term_string}\"},\"query-input\":{\"@type\":\"PropertyValueSpecification\",\"valueRequired\":true,\"valueName\":\"search_term_string\"}}],\"inLanguage\":\"pt-PT\"},{\"@type\":\"Organization\",\"@id\":\"https:\/\/brasilnoticias.org\/site\/#organization\",\"name\":\"Brasil not\u00edcias\",\"url\":\"https:\/\/brasilnoticias.org\/site\/\",\"logo\":{\"@type\":\"ImageObject\",\"inLanguage\":\"pt-PT\",\"@id\":\"https:\/\/brasilnoticias.org\/site\/#\/schema\/logo\/image\/\",\"url\":\"https:\/\/brasilnoticias.org\/site\/wp-content\/uploads\/2022\/05\/cropped-brasilnoticias-mini.jpg\",\"contentUrl\":\"https:\/\/brasilnoticias.org\/site\/wp-content\/uploads\/2022\/05\/cropped-brasilnoticias-mini.jpg\",\"width\":314,\"height\":86,\"caption\":\"Brasil not\u00edcias\"},\"image\":{\"@id\":\"https:\/\/brasilnoticias.org\/site\/#\/schema\/logo\/image\/\"}},{\"@type\":\"Person\",\"@id\":\"https:\/\/brasilnoticias.org\/site\/#\/schema\/person\/f609fa847b5314f1c8b983342f34c798\",\"name\":\"Reda\u00e7\u00e3o\",\"image\":{\"@type\":\"ImageObject\",\"inLanguage\":\"pt-PT\",\"@id\":\"https:\/\/brasilnoticias.org\/site\/#\/schema\/person\/image\/\",\"url\":\"https:\/\/secure.gravatar.com\/avatar\/447284c06c1ad8b46465a36de9cd0d8326b73387a22799b8b1ffb1fbcff2ed0c?s=96&d=mm&r=g\",\"contentUrl\":\"https:\/\/secure.gravatar.com\/avatar\/447284c06c1ad8b46465a36de9cd0d8326b73387a22799b8b1ffb1fbcff2ed0c?s=96&d=mm&r=g\",\"caption\":\"Reda\u00e7\u00e3o\"},\"url\":\"https:\/\/brasilnoticias.org\/site\/author\/redacao\/\"}]}<\/script>\n<!-- \/ Yoast SEO plugin. -->","yoast_head_json":{"title":"RIO COM \u00c1GUA VERMELHA ASSUSTA MORADORES EM CIDADE NO NORDESTE - Brasil not\u00edcias","robots":{"index":"index","follow":"follow","max-snippet":"max-snippet:-1","max-image-preview":"max-image-preview:large","max-video-preview":"max-video-preview:-1"},"canonical":"https:\/\/brasilnoticias.org\/site\/rio-com-agua-vermelha-assusta-moradores-em-cidade-no-nordeste\/","og_locale":"pt_PT","og_type":"article","og_title":"RIO COM \u00c1GUA VERMELHA ASSUSTA MORADORES EM CIDADE NO NORDESTE - Brasil not\u00edcias","og_description":"Moradores da regi\u00e3o\u00a0de Caic\u00f3,\u00a0no Rio Grande do Norte, tomaram um susto por causa das condi\u00e7\u00f5es das \u00e1guas do Rio Barra","og_url":"https:\/\/brasilnoticias.org\/site\/rio-com-agua-vermelha-assusta-moradores-em-cidade-no-nordeste\/","og_site_name":"Brasil not\u00edcias","article_published_time":"2022-08-22T13:59:44+00:00","og_image":[{"width":521,"height":284,"url":"https:\/\/brasilnoticias.org\/site\/wp-content\/uploads\/2022\/08\/whatsapp_image_2022-08-22_at_09.02.13_widelg.jpeg","type":"image\/jpeg"}],"author":"Reda\u00e7\u00e3o","twitter_card":"summary_large_image","twitter_misc":{"Escrito por":"Reda\u00e7\u00e3o","Tempo estimado de leitura":"1 minuto"},"schema":{"@context":"https:\/\/schema.org","@graph":[{"@type":"Article","@id":"https:\/\/brasilnoticias.org\/site\/rio-com-agua-vermelha-assusta-moradores-em-cidade-no-nordeste\/#article","isPartOf":{"@id":"https:\/\/brasilnoticias.org\/site\/rio-com-agua-vermelha-assusta-moradores-em-cidade-no-nordeste\/"},"author":{"name":"Reda\u00e7\u00e3o","@id":"https:\/\/brasilnoticias.org\/site\/#\/schema\/person\/f609fa847b5314f1c8b983342f34c798"},"headline":"RIO COM \u00c1GUA VERMELHA ASSUSTA MORADORES EM CIDADE NO NORDESTE","datePublished":"2022-08-22T13:59:44+00:00","mainEntityOfPage":{"@id":"https:\/\/brasilnoticias.org\/site\/rio-com-agua-vermelha-assusta-moradores-em-cidade-no-nordeste\/"},"wordCount":188,"commentCount":0,"publisher":{"@id":"https:\/\/brasilnoticias.org\/site\/#organization"},"image":{"@id":"https:\/\/brasilnoticias.org\/site\/rio-com-agua-vermelha-assusta-moradores-em-cidade-no-nordeste\/#primaryimage"},"thumbnailUrl":"https:\/\/brasilnoticias.org\/site\/wp-content\/uploads\/2022\/08\/whatsapp_image_2022-08-22_at_09.02.13_widelg.jpeg","articleSection":["Not\u00edcias","\u00daltimas"],"inLanguage":"pt-PT","potentialAction":[{"@type":"CommentAction","name":"Comment","target":["https:\/\/brasilnoticias.org\/site\/rio-com-agua-vermelha-assusta-moradores-em-cidade-no-nordeste\/#respond"]}]},{"@type":"WebPage","@id":"https:\/\/brasilnoticias.org\/site\/rio-com-agua-vermelha-assusta-moradores-em-cidade-no-nordeste\/","url":"https:\/\/brasilnoticias.org\/site\/rio-com-agua-vermelha-assusta-moradores-em-cidade-no-nordeste\/","name":"RIO COM \u00c1GUA VERMELHA ASSUSTA MORADORES EM CIDADE NO NORDESTE - Brasil not\u00edcias","isPartOf":{"@id":"https:\/\/brasilnoticias.org\/site\/#website"},"primaryImageOfPage":{"@id":"https:\/\/brasilnoticias.org\/site\/rio-com-agua-vermelha-assusta-moradores-em-cidade-no-nordeste\/#primaryimage"},"image":{"@id":"https:\/\/brasilnoticias.org\/site\/rio-com-agua-vermelha-assusta-moradores-em-cidade-no-nordeste\/#primaryimage"},"thumbnailUrl":"https:\/\/brasilnoticias.org\/site\/wp-content\/uploads\/2022\/08\/whatsapp_image_2022-08-22_at_09.02.13_widelg.jpeg","datePublished":"2022-08-22T13:59:44+00:00","breadcrumb":{"@id":"https:\/\/brasilnoticias.org\/site\/rio-com-agua-vermelha-assusta-moradores-em-cidade-no-nordeste\/#breadcrumb"},"inLanguage":"pt-PT","potentialAction":[{"@type":"ReadAction","target":["https:\/\/brasilnoticias.org\/site\/rio-com-agua-vermelha-assusta-moradores-em-cidade-no-nordeste\/"]}]},{"@type":"ImageObject","inLanguage":"pt-PT","@id":"https:\/\/brasilnoticias.org\/site\/rio-com-agua-vermelha-assusta-moradores-em-cidade-no-nordeste\/#primaryimage","url":"https:\/\/brasilnoticias.org\/site\/wp-content\/uploads\/2022\/08\/whatsapp_image_2022-08-22_at_09.02.13_widelg.jpeg","contentUrl":"https:\/\/brasilnoticias.org\/site\/wp-content\/uploads\/2022\/08\/whatsapp_image_2022-08-22_at_09.02.13_widelg.jpeg","width":521,"height":284},{"@type":"BreadcrumbList","@id":"https:\/\/brasilnoticias.org\/site\/rio-com-agua-vermelha-assusta-moradores-em-cidade-no-nordeste\/#breadcrumb","itemListElement":[{"@type":"ListItem","position":1,"name":"In\u00edcio","item":"https:\/\/brasilnoticias.org\/site\/"},{"@type":"ListItem","position":2,"name":"RIO COM \u00c1GUA VERMELHA ASSUSTA MORADORES EM CIDADE NO NORDESTE"}]},{"@type":"WebSite","@id":"https:\/\/brasilnoticias.org\/site\/#website","url":"https:\/\/brasilnoticias.org\/site\/","name":"Brasil not\u00edcias","description":"Brasil not\u00edcias","publisher":{"@id":"https:\/\/brasilnoticias.org\/site\/#organization"},"potentialAction":[{"@type":"SearchAction","target":{"@type":"EntryPoint","urlTemplate":"https:\/\/brasilnoticias.org\/site\/?s={search_term_string}"},"query-input":{"@type":"PropertyValueSpecification","valueRequired":true,"valueName":"search_term_string"}}],"inLanguage":"pt-PT"},{"@type":"Organization","@id":"https:\/\/brasilnoticias.org\/site\/#organization","name":"Brasil not\u00edcias","url":"https:\/\/brasilnoticias.org\/site\/","logo":{"@type":"ImageObject","inLanguage":"pt-PT","@id":"https:\/\/brasilnoticias.org\/site\/#\/schema\/logo\/image\/","url":"https:\/\/brasilnoticias.org\/site\/wp-content\/uploads\/2022\/05\/cropped-brasilnoticias-mini.jpg","contentUrl":"https:\/\/brasilnoticias.org\/site\/wp-content\/uploads\/2022\/05\/cropped-brasilnoticias-mini.jpg","width":314,"height":86,"caption":"Brasil not\u00edcias"},"image":{"@id":"https:\/\/brasilnoticias.org\/site\/#\/schema\/logo\/image\/"}},{"@type":"Person","@id":"https:\/\/brasilnoticias.org\/site\/#\/schema\/person\/f609fa847b5314f1c8b983342f34c798","name":"Reda\u00e7\u00e3o","image":{"@type":"ImageObject","inLanguage":"pt-PT","@id":"https:\/\/brasilnoticias.org\/site\/#\/schema\/person\/image\/","url":"https:\/\/secure.gravatar.com\/avatar\/447284c06c1ad8b46465a36de9cd0d8326b73387a22799b8b1ffb1fbcff2ed0c?s=96&d=mm&r=g","contentUrl":"https:\/\/secure.gravatar.com\/avatar\/447284c06c1ad8b46465a36de9cd0d8326b73387a22799b8b1ffb1fbcff2ed0c?s=96&d=mm&r=g","caption":"Reda\u00e7\u00e3o"},"url":"https:\/\/brasilnoticias.org\/site\/author\/redacao\/"}]}},"_links":{"self":[{"href":"https:\/\/brasilnoticias.org\/site\/wp-json\/wp\/v2\/posts\/1233","targetHints":{"allow":["GET"]}}],"collection":[{"href":"https:\/\/brasilnoticias.org\/site\/wp-json\/wp\/v2\/posts"}],"about":[{"href":"https:\/\/brasilnoticias.org\/site\/wp-json\/wp\/v2\/types\/post"}],"author":[{"embeddable":true,"href":"https:\/\/brasilnoticias.org\/site\/wp-json\/wp\/v2\/users\/2"}],"replies":[{"embeddable":true,"href":"https:\/\/brasilnoticias.org\/site\/wp-json\/wp\/v2\/comments?post=1233"}],"version-history":[{"count":1,"href":"https:\/\/brasilnoticias.org\/site\/wp-json\/wp\/v2\/posts\/1233\/revisions"}],"predecessor-version":[{"id":1235,"href":"https:\/\/brasilnoticias.org\/site\/wp-json\/wp\/v2\/posts\/1233\/revisions\/1235"}],"wp:featuredmedia":[{"embeddable":true,"href":"https:\/\/brasilnoticias.org\/site\/wp-json\/wp\/v2\/media\/1234"}],"wp:attachment":[{"href":"https:\/\/brasilnoticias.org\/site\/wp-json\/wp\/v2\/media?parent=1233"}],"wp:term":[{"taxonomy":"category","embeddable":true,"href":"https:\/\/brasilnoticias.org\/site\/wp-json\/wp\/v2\/categories?post=1233"},{"taxonomy":"post_tag","embeddable":true,"href":"https:\/\/brasilnoticias.org\/site\/wp-json\/wp\/v2\/tags?post=1233"}],"curies":[{"name":"wp","href":"https:\/\/api.w.org\/{rel}","templated":true}]}}