{"id":12335,"date":"2024-01-19T19:41:10","date_gmt":"2024-01-19T22:41:10","guid":{"rendered":"https:\/\/brasilnoticias.org\/site\/?p=12335"},"modified":"2024-01-19T19:41:10","modified_gmt":"2024-01-19T22:41:10","slug":"numero-de-mortes-em-estradas-da-bahia-dobra-em-2024-aponta-prf","status":"publish","type":"post","link":"https:\/\/brasilnoticias.org\/site\/numero-de-mortes-em-estradas-da-bahia-dobra-em-2024-aponta-prf\/","title":{"rendered":"N\u00famero de mortes em estradas da Bahia dobra em 2024, aponta PRF"},"content":{"rendered":"<p>Os n\u00fameros de mortes ocasionados por acidentes de tr\u00e2nsito em rodovias baianas deu um salto nos primeiros 15 dias do m\u00eas de janeiro deste ano, se comparado ao mesmo per\u00edodo de 2023.<\/p>\n<p>Conforme apurado pelo Portal Massa! junto a Pol\u00edcia Rodovi\u00e1ria Federal (PRF), s\u00f3 este ano, 57 pessoas perderam a vida ap\u00f3s se envolverem em fatalidades com ve\u00edculos, enquanto no ano passado, foram registrados 22 \u00f3bitos em estradas.<\/p>\n<p>&#8220;Destaque que esse ano houve o acidente na BR-324 envolvendo um \u00f4nibus de transporte de passageiros que vitimou 24 pessoas&#8221;, explicou o PRF F\u00e1bio Rocha, ao Massa!<\/p>\n<p>Vale ressaltar que uma das v\u00edtimas desse acidente faleceu dias depois no hospital, se tornando assim mais a 25\u00aa pessoa a morrer por conta da batida. Por\u00e9m, para a estat\u00edtica da PRF contam as 24.<\/p>\n<p>Apesar do n\u00famero de v\u00edtimas fatais ser alarmante, a PRF ressaltou que os \u00edndices de acidentes registrados pelo \u00f3rg\u00e3o, reduziram. Foram 151 sinistros em 2023, contra 137 em 2024. &#8220;No geral, os acidentes diminu\u00edram, por\u00e9m aumentou a letalidade&#8221;, completou F\u00e1bio.<\/p>\n<p>Trag\u00e9dia que deixou fam\u00edlia morta<\/p>\n<p>Nos n\u00famero de \u00f3bitos mencionados acima, ainda n\u00e3o constam, oficialmente, as v\u00edtimas da mesma fam\u00edlia que morreram na noite desta quarta-feira (17), na cidade de Milagres.<\/p>\n<p>A trag\u00e9dia ocorreu no KM 554, da BR-116, ap\u00f3s uma colis\u00e3o frontal entre uma carreta e um carro de passeio onde as cinco v\u00edtimas estavam.<\/p>\n<p>Informa\u00e7\u00f5es do jornal A Tarde \/ Foto: Ilustrativa | PRF<\/p>\n","protected":false},"excerpt":{"rendered":"<p>Os n\u00fameros de mortes ocasionados por acidentes de tr\u00e2nsito em rodovias baianas deu um salto nos primeiros 15 dias do<\/p>\n","protected":false},"author":4,"featured_media":12336,"comment_status":"open","ping_status":"open","sticky":false,"template":"","format":"standard","meta":{"colormag_page_container_layout":"default_layout","colormag_page_sidebar_layout":"default_layout","_FSMCFIC_featured_image_caption":"","_FSMCFIC_featured_image_nocaption":"","_FSMCFIC_featured_image_hide":"","footnotes":""},"categories":[3,1],"tags":[],"class_list":["post-12335","post","type-post","status-publish","format-standard","has-post-thumbnail","hentry","category-policia","category-ultimas"],"yoast_head":"<!-- This site is optimized with the Yoast SEO plugin v27.1.1 - https:\/\/yoast.com\/product\/yoast-seo-wordpress\/ -->\n<title>N\u00famero de mortes em estradas da Bahia dobra em 2024, aponta PRF - Brasil not\u00edcias<\/title>\n<meta name=\"robots\" content=\"index, follow, max-snippet:-1, max-image-preview:large, max-video-preview:-1\" \/>\n<link rel=\"canonical\" href=\"https:\/\/brasilnoticias.org\/site\/numero-de-mortes-em-estradas-da-bahia-dobra-em-2024-aponta-prf\/\" \/>\n<meta property=\"og:locale\" content=\"pt_PT\" \/>\n<meta property=\"og:type\" content=\"article\" \/>\n<meta property=\"og:title\" content=\"N\u00famero de mortes em estradas da Bahia dobra em 2024, aponta PRF - Brasil not\u00edcias\" \/>\n<meta property=\"og:description\" content=\"Os n\u00fameros de mortes ocasionados por acidentes de tr\u00e2nsito em rodovias baianas deu um salto nos primeiros 15 dias do\" \/>\n<meta property=\"og:url\" content=\"https:\/\/brasilnoticias.org\/site\/numero-de-mortes-em-estradas-da-bahia-dobra-em-2024-aponta-prf\/\" \/>\n<meta property=\"og:site_name\" content=\"Brasil not\u00edcias\" \/>\n<meta property=\"article:published_time\" content=\"2024-01-19T22:41:10+00:00\" \/>\n<meta property=\"og:image\" content=\"https:\/\/brasilnoticias.org\/site\/wp-content\/uploads\/2024\/01\/Numero-de-mortes-em-estradas-da-Bahia-dobra-em-2020125588200202401182334-ScaleDownProportional.webp\" \/>\n\t<meta property=\"og:image:width\" content=\"900\" \/>\n\t<meta property=\"og:image:height\" content=\"500\" \/>\n\t<meta property=\"og:image:type\" content=\"image\/webp\" \/>\n<meta name=\"author\" content=\"Reda\u00e7\u00e3o\" \/>\n<meta name=\"twitter:card\" content=\"summary_large_image\" \/>\n<meta name=\"twitter:label1\" content=\"Escrito por\" \/>\n\t<meta name=\"twitter:data1\" content=\"Reda\u00e7\u00e3o\" \/>\n\t<meta name=\"twitter:label2\" content=\"Tempo estimado de leitura\" \/>\n\t<meta name=\"twitter:data2\" content=\"1 minuto\" \/>\n<script type=\"application\/ld+json\" class=\"yoast-schema-graph\">{\"@context\":\"https:\/\/schema.org\",\"@graph\":[{\"@type\":\"Article\",\"@id\":\"https:\/\/brasilnoticias.org\/site\/numero-de-mortes-em-estradas-da-bahia-dobra-em-2024-aponta-prf\/#article\",\"isPartOf\":{\"@id\":\"https:\/\/brasilnoticias.org\/site\/numero-de-mortes-em-estradas-da-bahia-dobra-em-2024-aponta-prf\/\"},\"author\":{\"name\":\"Reda\u00e7\u00e3o\",\"@id\":\"https:\/\/brasilnoticias.org\/site\/#\/schema\/person\/03bbbfe6c7634ad18c26444ea39049fa\"},\"headline\":\"N\u00famero de mortes em estradas da Bahia dobra em 2024, aponta PRF\",\"datePublished\":\"2024-01-19T22:41:10+00:00\",\"mainEntityOfPage\":{\"@id\":\"https:\/\/brasilnoticias.org\/site\/numero-de-mortes-em-estradas-da-bahia-dobra-em-2024-aponta-prf\/\"},\"wordCount\":262,\"commentCount\":0,\"publisher\":{\"@id\":\"https:\/\/brasilnoticias.org\/site\/#organization\"},\"image\":{\"@id\":\"https:\/\/brasilnoticias.org\/site\/numero-de-mortes-em-estradas-da-bahia-dobra-em-2024-aponta-prf\/#primaryimage\"},\"thumbnailUrl\":\"https:\/\/brasilnoticias.org\/site\/wp-content\/uploads\/2024\/01\/Numero-de-mortes-em-estradas-da-Bahia-dobra-em-2020125588200202401182334-ScaleDownProportional.webp\",\"articleSection\":[\"Pol\u00edcia\",\"\u00daltimas\"],\"inLanguage\":\"pt-PT\",\"potentialAction\":[{\"@type\":\"CommentAction\",\"name\":\"Comment\",\"target\":[\"https:\/\/brasilnoticias.org\/site\/numero-de-mortes-em-estradas-da-bahia-dobra-em-2024-aponta-prf\/#respond\"]}]},{\"@type\":\"WebPage\",\"@id\":\"https:\/\/brasilnoticias.org\/site\/numero-de-mortes-em-estradas-da-bahia-dobra-em-2024-aponta-prf\/\",\"url\":\"https:\/\/brasilnoticias.org\/site\/numero-de-mortes-em-estradas-da-bahia-dobra-em-2024-aponta-prf\/\",\"name\":\"N\u00famero de mortes em estradas da Bahia dobra em 2024, aponta PRF - Brasil not\u00edcias\",\"isPartOf\":{\"@id\":\"https:\/\/brasilnoticias.org\/site\/#website\"},\"primaryImageOfPage\":{\"@id\":\"https:\/\/brasilnoticias.org\/site\/numero-de-mortes-em-estradas-da-bahia-dobra-em-2024-aponta-prf\/#primaryimage\"},\"image\":{\"@id\":\"https:\/\/brasilnoticias.org\/site\/numero-de-mortes-em-estradas-da-bahia-dobra-em-2024-aponta-prf\/#primaryimage\"},\"thumbnailUrl\":\"https:\/\/brasilnoticias.org\/site\/wp-content\/uploads\/2024\/01\/Numero-de-mortes-em-estradas-da-Bahia-dobra-em-2020125588200202401182334-ScaleDownProportional.webp\",\"datePublished\":\"2024-01-19T22:41:10+00:00\",\"breadcrumb\":{\"@id\":\"https:\/\/brasilnoticias.org\/site\/numero-de-mortes-em-estradas-da-bahia-dobra-em-2024-aponta-prf\/#breadcrumb\"},\"inLanguage\":\"pt-PT\",\"potentialAction\":[{\"@type\":\"ReadAction\",\"target\":[\"https:\/\/brasilnoticias.org\/site\/numero-de-mortes-em-estradas-da-bahia-dobra-em-2024-aponta-prf\/\"]}]},{\"@type\":\"ImageObject\",\"inLanguage\":\"pt-PT\",\"@id\":\"https:\/\/brasilnoticias.org\/site\/numero-de-mortes-em-estradas-da-bahia-dobra-em-2024-aponta-prf\/#primaryimage\",\"url\":\"https:\/\/brasilnoticias.org\/site\/wp-content\/uploads\/2024\/01\/Numero-de-mortes-em-estradas-da-Bahia-dobra-em-2020125588200202401182334-ScaleDownProportional.webp\",\"contentUrl\":\"https:\/\/brasilnoticias.org\/site\/wp-content\/uploads\/2024\/01\/Numero-de-mortes-em-estradas-da-Bahia-dobra-em-2020125588200202401182334-ScaleDownProportional.webp\",\"width\":900,\"height\":500},{\"@type\":\"BreadcrumbList\",\"@id\":\"https:\/\/brasilnoticias.org\/site\/numero-de-mortes-em-estradas-da-bahia-dobra-em-2024-aponta-prf\/#breadcrumb\",\"itemListElement\":[{\"@type\":\"ListItem\",\"position\":1,\"name\":\"In\u00edcio\",\"item\":\"https:\/\/brasilnoticias.org\/site\/\"},{\"@type\":\"ListItem\",\"position\":2,\"name\":\"N\u00famero de mortes em estradas da Bahia dobra em 2024, aponta PRF\"}]},{\"@type\":\"WebSite\",\"@id\":\"https:\/\/brasilnoticias.org\/site\/#website\",\"url\":\"https:\/\/brasilnoticias.org\/site\/\",\"name\":\"Brasil not\u00edcias\",\"description\":\"Brasil not\u00edcias\",\"publisher\":{\"@id\":\"https:\/\/brasilnoticias.org\/site\/#organization\"},\"potentialAction\":[{\"@type\":\"SearchAction\",\"target\":{\"@type\":\"EntryPoint\",\"urlTemplate\":\"https:\/\/brasilnoticias.org\/site\/?s={search_term_string}\"},\"query-input\":{\"@type\":\"PropertyValueSpecification\",\"valueRequired\":true,\"valueName\":\"search_term_string\"}}],\"inLanguage\":\"pt-PT\"},{\"@type\":\"Organization\",\"@id\":\"https:\/\/brasilnoticias.org\/site\/#organization\",\"name\":\"Brasil not\u00edcias\",\"url\":\"https:\/\/brasilnoticias.org\/site\/\",\"logo\":{\"@type\":\"ImageObject\",\"inLanguage\":\"pt-PT\",\"@id\":\"https:\/\/brasilnoticias.org\/site\/#\/schema\/logo\/image\/\",\"url\":\"https:\/\/brasilnoticias.org\/site\/wp-content\/uploads\/2022\/05\/cropped-brasilnoticias-mini.jpg\",\"contentUrl\":\"https:\/\/brasilnoticias.org\/site\/wp-content\/uploads\/2022\/05\/cropped-brasilnoticias-mini.jpg\",\"width\":314,\"height\":86,\"caption\":\"Brasil not\u00edcias\"},\"image\":{\"@id\":\"https:\/\/brasilnoticias.org\/site\/#\/schema\/logo\/image\/\"}},{\"@type\":\"Person\",\"@id\":\"https:\/\/brasilnoticias.org\/site\/#\/schema\/person\/03bbbfe6c7634ad18c26444ea39049fa\",\"name\":\"Reda\u00e7\u00e3o\",\"image\":{\"@type\":\"ImageObject\",\"inLanguage\":\"pt-PT\",\"@id\":\"https:\/\/brasilnoticias.org\/site\/#\/schema\/person\/image\/\",\"url\":\"https:\/\/secure.gravatar.com\/avatar\/9ecaf7327a696cb23ad926fedded5f1f04d7049de9e445375d55b48c001a6e42?s=96&d=mm&r=g\",\"contentUrl\":\"https:\/\/secure.gravatar.com\/avatar\/9ecaf7327a696cb23ad926fedded5f1f04d7049de9e445375d55b48c001a6e42?s=96&d=mm&r=g\",\"caption\":\"Reda\u00e7\u00e3o\"},\"url\":\"https:\/\/brasilnoticias.org\/site\/author\/henrique\/\"}]}<\/script>\n<!-- \/ Yoast SEO plugin. -->","yoast_head_json":{"title":"N\u00famero de mortes em estradas da Bahia dobra em 2024, aponta PRF - Brasil not\u00edcias","robots":{"index":"index","follow":"follow","max-snippet":"max-snippet:-1","max-image-preview":"max-image-preview:large","max-video-preview":"max-video-preview:-1"},"canonical":"https:\/\/brasilnoticias.org\/site\/numero-de-mortes-em-estradas-da-bahia-dobra-em-2024-aponta-prf\/","og_locale":"pt_PT","og_type":"article","og_title":"N\u00famero de mortes em estradas da Bahia dobra em 2024, aponta PRF - Brasil not\u00edcias","og_description":"Os n\u00fameros de mortes ocasionados por acidentes de tr\u00e2nsito em rodovias baianas deu um salto nos primeiros 15 dias do","og_url":"https:\/\/brasilnoticias.org\/site\/numero-de-mortes-em-estradas-da-bahia-dobra-em-2024-aponta-prf\/","og_site_name":"Brasil not\u00edcias","article_published_time":"2024-01-19T22:41:10+00:00","og_image":[{"width":900,"height":500,"url":"https:\/\/brasilnoticias.org\/site\/wp-content\/uploads\/2024\/01\/Numero-de-mortes-em-estradas-da-Bahia-dobra-em-2020125588200202401182334-ScaleDownProportional.webp","type":"image\/webp"}],"author":"Reda\u00e7\u00e3o","twitter_card":"summary_large_image","twitter_misc":{"Escrito por":"Reda\u00e7\u00e3o","Tempo estimado de leitura":"1 minuto"},"schema":{"@context":"https:\/\/schema.org","@graph":[{"@type":"Article","@id":"https:\/\/brasilnoticias.org\/site\/numero-de-mortes-em-estradas-da-bahia-dobra-em-2024-aponta-prf\/#article","isPartOf":{"@id":"https:\/\/brasilnoticias.org\/site\/numero-de-mortes-em-estradas-da-bahia-dobra-em-2024-aponta-prf\/"},"author":{"name":"Reda\u00e7\u00e3o","@id":"https:\/\/brasilnoticias.org\/site\/#\/schema\/person\/03bbbfe6c7634ad18c26444ea39049fa"},"headline":"N\u00famero de mortes em estradas da Bahia dobra em 2024, aponta PRF","datePublished":"2024-01-19T22:41:10+00:00","mainEntityOfPage":{"@id":"https:\/\/brasilnoticias.org\/site\/numero-de-mortes-em-estradas-da-bahia-dobra-em-2024-aponta-prf\/"},"wordCount":262,"commentCount":0,"publisher":{"@id":"https:\/\/brasilnoticias.org\/site\/#organization"},"image":{"@id":"https:\/\/brasilnoticias.org\/site\/numero-de-mortes-em-estradas-da-bahia-dobra-em-2024-aponta-prf\/#primaryimage"},"thumbnailUrl":"https:\/\/brasilnoticias.org\/site\/wp-content\/uploads\/2024\/01\/Numero-de-mortes-em-estradas-da-Bahia-dobra-em-2020125588200202401182334-ScaleDownProportional.webp","articleSection":["Pol\u00edcia","\u00daltimas"],"inLanguage":"pt-PT","potentialAction":[{"@type":"CommentAction","name":"Comment","target":["https:\/\/brasilnoticias.org\/site\/numero-de-mortes-em-estradas-da-bahia-dobra-em-2024-aponta-prf\/#respond"]}]},{"@type":"WebPage","@id":"https:\/\/brasilnoticias.org\/site\/numero-de-mortes-em-estradas-da-bahia-dobra-em-2024-aponta-prf\/","url":"https:\/\/brasilnoticias.org\/site\/numero-de-mortes-em-estradas-da-bahia-dobra-em-2024-aponta-prf\/","name":"N\u00famero de mortes em estradas da Bahia dobra em 2024, aponta PRF - Brasil not\u00edcias","isPartOf":{"@id":"https:\/\/brasilnoticias.org\/site\/#website"},"primaryImageOfPage":{"@id":"https:\/\/brasilnoticias.org\/site\/numero-de-mortes-em-estradas-da-bahia-dobra-em-2024-aponta-prf\/#primaryimage"},"image":{"@id":"https:\/\/brasilnoticias.org\/site\/numero-de-mortes-em-estradas-da-bahia-dobra-em-2024-aponta-prf\/#primaryimage"},"thumbnailUrl":"https:\/\/brasilnoticias.org\/site\/wp-content\/uploads\/2024\/01\/Numero-de-mortes-em-estradas-da-Bahia-dobra-em-2020125588200202401182334-ScaleDownProportional.webp","datePublished":"2024-01-19T22:41:10+00:00","breadcrumb":{"@id":"https:\/\/brasilnoticias.org\/site\/numero-de-mortes-em-estradas-da-bahia-dobra-em-2024-aponta-prf\/#breadcrumb"},"inLanguage":"pt-PT","potentialAction":[{"@type":"ReadAction","target":["https:\/\/brasilnoticias.org\/site\/numero-de-mortes-em-estradas-da-bahia-dobra-em-2024-aponta-prf\/"]}]},{"@type":"ImageObject","inLanguage":"pt-PT","@id":"https:\/\/brasilnoticias.org\/site\/numero-de-mortes-em-estradas-da-bahia-dobra-em-2024-aponta-prf\/#primaryimage","url":"https:\/\/brasilnoticias.org\/site\/wp-content\/uploads\/2024\/01\/Numero-de-mortes-em-estradas-da-Bahia-dobra-em-2020125588200202401182334-ScaleDownProportional.webp","contentUrl":"https:\/\/brasilnoticias.org\/site\/wp-content\/uploads\/2024\/01\/Numero-de-mortes-em-estradas-da-Bahia-dobra-em-2020125588200202401182334-ScaleDownProportional.webp","width":900,"height":500},{"@type":"BreadcrumbList","@id":"https:\/\/brasilnoticias.org\/site\/numero-de-mortes-em-estradas-da-bahia-dobra-em-2024-aponta-prf\/#breadcrumb","itemListElement":[{"@type":"ListItem","position":1,"name":"In\u00edcio","item":"https:\/\/brasilnoticias.org\/site\/"},{"@type":"ListItem","position":2,"name":"N\u00famero de mortes em estradas da Bahia dobra em 2024, aponta PRF"}]},{"@type":"WebSite","@id":"https:\/\/brasilnoticias.org\/site\/#website","url":"https:\/\/brasilnoticias.org\/site\/","name":"Brasil not\u00edcias","description":"Brasil not\u00edcias","publisher":{"@id":"https:\/\/brasilnoticias.org\/site\/#organization"},"potentialAction":[{"@type":"SearchAction","target":{"@type":"EntryPoint","urlTemplate":"https:\/\/brasilnoticias.org\/site\/?s={search_term_string}"},"query-input":{"@type":"PropertyValueSpecification","valueRequired":true,"valueName":"search_term_string"}}],"inLanguage":"pt-PT"},{"@type":"Organization","@id":"https:\/\/brasilnoticias.org\/site\/#organization","name":"Brasil not\u00edcias","url":"https:\/\/brasilnoticias.org\/site\/","logo":{"@type":"ImageObject","inLanguage":"pt-PT","@id":"https:\/\/brasilnoticias.org\/site\/#\/schema\/logo\/image\/","url":"https:\/\/brasilnoticias.org\/site\/wp-content\/uploads\/2022\/05\/cropped-brasilnoticias-mini.jpg","contentUrl":"https:\/\/brasilnoticias.org\/site\/wp-content\/uploads\/2022\/05\/cropped-brasilnoticias-mini.jpg","width":314,"height":86,"caption":"Brasil not\u00edcias"},"image":{"@id":"https:\/\/brasilnoticias.org\/site\/#\/schema\/logo\/image\/"}},{"@type":"Person","@id":"https:\/\/brasilnoticias.org\/site\/#\/schema\/person\/03bbbfe6c7634ad18c26444ea39049fa","name":"Reda\u00e7\u00e3o","image":{"@type":"ImageObject","inLanguage":"pt-PT","@id":"https:\/\/brasilnoticias.org\/site\/#\/schema\/person\/image\/","url":"https:\/\/secure.gravatar.com\/avatar\/9ecaf7327a696cb23ad926fedded5f1f04d7049de9e445375d55b48c001a6e42?s=96&d=mm&r=g","contentUrl":"https:\/\/secure.gravatar.com\/avatar\/9ecaf7327a696cb23ad926fedded5f1f04d7049de9e445375d55b48c001a6e42?s=96&d=mm&r=g","caption":"Reda\u00e7\u00e3o"},"url":"https:\/\/brasilnoticias.org\/site\/author\/henrique\/"}]}},"_links":{"self":[{"href":"https:\/\/brasilnoticias.org\/site\/wp-json\/wp\/v2\/posts\/12335","targetHints":{"allow":["GET"]}}],"collection":[{"href":"https:\/\/brasilnoticias.org\/site\/wp-json\/wp\/v2\/posts"}],"about":[{"href":"https:\/\/brasilnoticias.org\/site\/wp-json\/wp\/v2\/types\/post"}],"author":[{"embeddable":true,"href":"https:\/\/brasilnoticias.org\/site\/wp-json\/wp\/v2\/users\/4"}],"replies":[{"embeddable":true,"href":"https:\/\/brasilnoticias.org\/site\/wp-json\/wp\/v2\/comments?post=12335"}],"version-history":[{"count":1,"href":"https:\/\/brasilnoticias.org\/site\/wp-json\/wp\/v2\/posts\/12335\/revisions"}],"predecessor-version":[{"id":12337,"href":"https:\/\/brasilnoticias.org\/site\/wp-json\/wp\/v2\/posts\/12335\/revisions\/12337"}],"wp:featuredmedia":[{"embeddable":true,"href":"https:\/\/brasilnoticias.org\/site\/wp-json\/wp\/v2\/media\/12336"}],"wp:attachment":[{"href":"https:\/\/brasilnoticias.org\/site\/wp-json\/wp\/v2\/media?parent=12335"}],"wp:term":[{"taxonomy":"category","embeddable":true,"href":"https:\/\/brasilnoticias.org\/site\/wp-json\/wp\/v2\/categories?post=12335"},{"taxonomy":"post_tag","embeddable":true,"href":"https:\/\/brasilnoticias.org\/site\/wp-json\/wp\/v2\/tags?post=12335"}],"curies":[{"name":"wp","href":"https:\/\/api.w.org\/{rel}","templated":true}]}}