{"id":12354,"date":"2024-01-20T07:35:52","date_gmt":"2024-01-20T10:35:52","guid":{"rendered":"https:\/\/brasilnoticias.org\/site\/?p=12354"},"modified":"2024-01-20T07:35:52","modified_gmt":"2024-01-20T10:35:52","slug":"prefeito-se-reune-com-sispec-e-discute-medidas-de-valorizacao-da-categoria","status":"publish","type":"post","link":"https:\/\/brasilnoticias.org\/site\/prefeito-se-reune-com-sispec-e-discute-medidas-de-valorizacao-da-categoria\/","title":{"rendered":"Prefeito se re\u00fane com Sispec e discute medidas de valoriza\u00e7\u00e3o da categoria"},"content":{"rendered":"<p>O prefeito Elinaldo Ara\u00fajo, acompanhado dos titulares das pastas da Educa\u00e7\u00e3o, Neurilene Martins, e da Administra\u00e7\u00e3o, Andr\u00e9 Anilton, se reuniu com a mesa diretora do Sindicato dos Professores e Professoras da Rede P\u00fablica Municipal de Cama\u00e7ari (Sispec), ocasi\u00e3o em que anunciou importantes medidas relativas \u00e0 valoriza\u00e7\u00e3o da categoria. O pagamento do piso salarial atualizado do magist\u00e9rio, j\u00e1 neste m\u00eas de janeiro, e a atualiza\u00e7\u00e3o dos valores dos aux\u00edlios transporte e alimenta\u00e7\u00e3o est\u00e3o entre os informes feitos pelo gestor municipal durante encontro realizado quinta-feira (18\/1), na sala de reuni\u00e3o da Secretaria de Governo (Segov).<\/p>\n<p>O chefe do Executivo recepcionou a presidente do Sispec, a professora Sara Santiago, e os demais componentes da diretoria do \u00f3rg\u00e3o representativo, oportunidade em que ressaltou a import\u00e2ncia do di\u00e1logo com a classe. \u201cCom esse conjunto de medidas, cumprimos pautas que v\u00ednhamos discutindo no ano passado. Tamb\u00e9m avan\u00e7amos nas discuss\u00f5es sobre a atualiza\u00e7\u00e3o da tabela de vencimento do magist\u00e9rio, pois pactuamos o compromisso de realizar o estudo de viabilidade econ\u00f4mica e jur\u00eddica dessa reivindica\u00e7\u00e3o\u201d, afirmou.<\/p>\n<p>A secret\u00e1ria Neurilene Martins fez uma avalia\u00e7\u00e3o positiva do encontro e das medidas anunciadas. \u201cEssa \u00e9 uma agenda priorit\u00e1ria para a Seduc, pois a valoriza\u00e7\u00e3o da carreira dos educadores est\u00e1 diretamente relacionada com metas e estrat\u00e9gias do PME [Plano Municipal de Educa\u00e7\u00e3o]. Essas medidas est\u00e3o relacionadas \u00e0 valoriza\u00e7\u00e3o da carreira dos professores e perpassam pela garantia do pagamento do piso salarial para o magist\u00e9rio e o reajuste dos valores do transporte e alimenta\u00e7\u00e3o. Esse \u00e9 um movimento que, como todas as demais a\u00e7\u00f5es concebidas e implementadas, no cotidiano na pasta, tamb\u00e9m gera repercuss\u00f5es positivas na oferta do ensino em sala de aula, atrav\u00e9s do constante aperfei\u00e7oamento dos processos de ensino-aprendizagem\u201d, declarou.<\/p>\n<p>Para a presidente do Sispec, Sara Santiago, o atendimento \u00e0s reivindica\u00e7\u00f5es supracitadas, bem como a sinaliza\u00e7\u00e3o da continuidade do di\u00e1logo, sobre os demais anseios da categoria, s\u00e3o passos importantes. \u201cFoi a primeira mesa de 2024, onde consolidamos alguns acordos que foram feitos no ano passado. Vamos seguir lutando pela reestrutura\u00e7\u00e3o da nossa tabela de vencimentos, para que o cumprimento do piso n\u00e3o impacte apenas naqueles que recebiam abaixo do valor atualizado. Foi importante o prefeito ter se comprometido em discutirmos sobre a viabilidade da aplica\u00e7\u00e3o do piso na carreira e j\u00e1 temos uma reuni\u00e3o marcada, em fevereiro, para discutir essa pauta\u201d, revelou.<\/p>\n<p>Foto: Tiago Pacheco<br \/>\nFonte: Nossa Metr\u00f3pole<\/p>\n","protected":false},"excerpt":{"rendered":"<p>O prefeito Elinaldo Ara\u00fajo, acompanhado dos titulares das pastas da Educa\u00e7\u00e3o, Neurilene Martins, e da Administra\u00e7\u00e3o, Andr\u00e9 Anilton, se reuniu<\/p>\n","protected":false},"author":4,"featured_media":12355,"comment_status":"open","ping_status":"open","sticky":false,"template":"","format":"standard","meta":{"colormag_page_container_layout":"default_layout","colormag_page_sidebar_layout":"default_layout","_FSMCFIC_featured_image_caption":"","_FSMCFIC_featured_image_nocaption":"","_FSMCFIC_featured_image_hide":"","footnotes":""},"categories":[2,1],"tags":[],"class_list":["post-12354","post","type-post","status-publish","format-standard","has-post-thumbnail","hentry","category-noticias","category-ultimas"],"yoast_head":"<!-- This site is optimized with the Yoast SEO plugin v27.1.1 - https:\/\/yoast.com\/product\/yoast-seo-wordpress\/ -->\n<title>Prefeito se re\u00fane com Sispec e discute medidas de valoriza\u00e7\u00e3o da categoria - Brasil not\u00edcias<\/title>\n<meta name=\"robots\" content=\"index, follow, max-snippet:-1, max-image-preview:large, max-video-preview:-1\" \/>\n<link rel=\"canonical\" href=\"https:\/\/brasilnoticias.org\/site\/prefeito-se-reune-com-sispec-e-discute-medidas-de-valorizacao-da-categoria\/\" \/>\n<meta property=\"og:locale\" content=\"pt_PT\" \/>\n<meta property=\"og:type\" content=\"article\" \/>\n<meta property=\"og:title\" content=\"Prefeito se re\u00fane com Sispec e discute medidas de valoriza\u00e7\u00e3o da categoria - Brasil not\u00edcias\" \/>\n<meta property=\"og:description\" content=\"O prefeito Elinaldo Ara\u00fajo, acompanhado dos titulares das pastas da Educa\u00e7\u00e3o, Neurilene Martins, e da Administra\u00e7\u00e3o, Andr\u00e9 Anilton, se reuniu\" \/>\n<meta property=\"og:url\" content=\"https:\/\/brasilnoticias.org\/site\/prefeito-se-reune-com-sispec-e-discute-medidas-de-valorizacao-da-categoria\/\" \/>\n<meta property=\"og:site_name\" content=\"Brasil not\u00edcias\" \/>\n<meta property=\"article:published_time\" content=\"2024-01-20T10:35:52+00:00\" \/>\n<meta property=\"og:image\" content=\"https:\/\/brasilnoticias.org\/site\/wp-content\/uploads\/2024\/01\/IMG_7614.jpeg\" \/>\n\t<meta property=\"og:image:width\" content=\"1024\" \/>\n\t<meta property=\"og:image:height\" content=\"682\" \/>\n\t<meta property=\"og:image:type\" content=\"image\/jpeg\" \/>\n<meta name=\"author\" content=\"Reda\u00e7\u00e3o\" \/>\n<meta name=\"twitter:card\" content=\"summary_large_image\" \/>\n<meta name=\"twitter:label1\" content=\"Escrito por\" \/>\n\t<meta name=\"twitter:data1\" content=\"Reda\u00e7\u00e3o\" \/>\n\t<meta name=\"twitter:label2\" content=\"Tempo estimado de leitura\" \/>\n\t<meta name=\"twitter:data2\" content=\"1 minuto\" \/>\n<script type=\"application\/ld+json\" class=\"yoast-schema-graph\">{\"@context\":\"https:\/\/schema.org\",\"@graph\":[{\"@type\":\"Article\",\"@id\":\"https:\/\/brasilnoticias.org\/site\/prefeito-se-reune-com-sispec-e-discute-medidas-de-valorizacao-da-categoria\/#article\",\"isPartOf\":{\"@id\":\"https:\/\/brasilnoticias.org\/site\/prefeito-se-reune-com-sispec-e-discute-medidas-de-valorizacao-da-categoria\/\"},\"author\":{\"name\":\"Reda\u00e7\u00e3o\",\"@id\":\"https:\/\/brasilnoticias.org\/site\/#\/schema\/person\/03bbbfe6c7634ad18c26444ea39049fa\"},\"headline\":\"Prefeito se re\u00fane com Sispec e discute medidas de valoriza\u00e7\u00e3o da categoria\",\"datePublished\":\"2024-01-20T10:35:52+00:00\",\"mainEntityOfPage\":{\"@id\":\"https:\/\/brasilnoticias.org\/site\/prefeito-se-reune-com-sispec-e-discute-medidas-de-valorizacao-da-categoria\/\"},\"wordCount\":445,\"commentCount\":0,\"publisher\":{\"@id\":\"https:\/\/brasilnoticias.org\/site\/#organization\"},\"image\":{\"@id\":\"https:\/\/brasilnoticias.org\/site\/prefeito-se-reune-com-sispec-e-discute-medidas-de-valorizacao-da-categoria\/#primaryimage\"},\"thumbnailUrl\":\"https:\/\/brasilnoticias.org\/site\/wp-content\/uploads\/2024\/01\/IMG_7614.jpeg\",\"articleSection\":[\"Not\u00edcias\",\"\u00daltimas\"],\"inLanguage\":\"pt-PT\",\"potentialAction\":[{\"@type\":\"CommentAction\",\"name\":\"Comment\",\"target\":[\"https:\/\/brasilnoticias.org\/site\/prefeito-se-reune-com-sispec-e-discute-medidas-de-valorizacao-da-categoria\/#respond\"]}]},{\"@type\":\"WebPage\",\"@id\":\"https:\/\/brasilnoticias.org\/site\/prefeito-se-reune-com-sispec-e-discute-medidas-de-valorizacao-da-categoria\/\",\"url\":\"https:\/\/brasilnoticias.org\/site\/prefeito-se-reune-com-sispec-e-discute-medidas-de-valorizacao-da-categoria\/\",\"name\":\"Prefeito se re\u00fane com Sispec e discute medidas de valoriza\u00e7\u00e3o da categoria - Brasil not\u00edcias\",\"isPartOf\":{\"@id\":\"https:\/\/brasilnoticias.org\/site\/#website\"},\"primaryImageOfPage\":{\"@id\":\"https:\/\/brasilnoticias.org\/site\/prefeito-se-reune-com-sispec-e-discute-medidas-de-valorizacao-da-categoria\/#primaryimage\"},\"image\":{\"@id\":\"https:\/\/brasilnoticias.org\/site\/prefeito-se-reune-com-sispec-e-discute-medidas-de-valorizacao-da-categoria\/#primaryimage\"},\"thumbnailUrl\":\"https:\/\/brasilnoticias.org\/site\/wp-content\/uploads\/2024\/01\/IMG_7614.jpeg\",\"datePublished\":\"2024-01-20T10:35:52+00:00\",\"breadcrumb\":{\"@id\":\"https:\/\/brasilnoticias.org\/site\/prefeito-se-reune-com-sispec-e-discute-medidas-de-valorizacao-da-categoria\/#breadcrumb\"},\"inLanguage\":\"pt-PT\",\"potentialAction\":[{\"@type\":\"ReadAction\",\"target\":[\"https:\/\/brasilnoticias.org\/site\/prefeito-se-reune-com-sispec-e-discute-medidas-de-valorizacao-da-categoria\/\"]}]},{\"@type\":\"ImageObject\",\"inLanguage\":\"pt-PT\",\"@id\":\"https:\/\/brasilnoticias.org\/site\/prefeito-se-reune-com-sispec-e-discute-medidas-de-valorizacao-da-categoria\/#primaryimage\",\"url\":\"https:\/\/brasilnoticias.org\/site\/wp-content\/uploads\/2024\/01\/IMG_7614.jpeg\",\"contentUrl\":\"https:\/\/brasilnoticias.org\/site\/wp-content\/uploads\/2024\/01\/IMG_7614.jpeg\",\"width\":1024,\"height\":682},{\"@type\":\"BreadcrumbList\",\"@id\":\"https:\/\/brasilnoticias.org\/site\/prefeito-se-reune-com-sispec-e-discute-medidas-de-valorizacao-da-categoria\/#breadcrumb\",\"itemListElement\":[{\"@type\":\"ListItem\",\"position\":1,\"name\":\"In\u00edcio\",\"item\":\"https:\/\/brasilnoticias.org\/site\/\"},{\"@type\":\"ListItem\",\"position\":2,\"name\":\"Prefeito se re\u00fane com Sispec e discute medidas de valoriza\u00e7\u00e3o da categoria\"}]},{\"@type\":\"WebSite\",\"@id\":\"https:\/\/brasilnoticias.org\/site\/#website\",\"url\":\"https:\/\/brasilnoticias.org\/site\/\",\"name\":\"Brasil not\u00edcias\",\"description\":\"Brasil not\u00edcias\",\"publisher\":{\"@id\":\"https:\/\/brasilnoticias.org\/site\/#organization\"},\"potentialAction\":[{\"@type\":\"SearchAction\",\"target\":{\"@type\":\"EntryPoint\",\"urlTemplate\":\"https:\/\/brasilnoticias.org\/site\/?s={search_term_string}\"},\"query-input\":{\"@type\":\"PropertyValueSpecification\",\"valueRequired\":true,\"valueName\":\"search_term_string\"}}],\"inLanguage\":\"pt-PT\"},{\"@type\":\"Organization\",\"@id\":\"https:\/\/brasilnoticias.org\/site\/#organization\",\"name\":\"Brasil not\u00edcias\",\"url\":\"https:\/\/brasilnoticias.org\/site\/\",\"logo\":{\"@type\":\"ImageObject\",\"inLanguage\":\"pt-PT\",\"@id\":\"https:\/\/brasilnoticias.org\/site\/#\/schema\/logo\/image\/\",\"url\":\"https:\/\/brasilnoticias.org\/site\/wp-content\/uploads\/2022\/05\/cropped-brasilnoticias-mini.jpg\",\"contentUrl\":\"https:\/\/brasilnoticias.org\/site\/wp-content\/uploads\/2022\/05\/cropped-brasilnoticias-mini.jpg\",\"width\":314,\"height\":86,\"caption\":\"Brasil not\u00edcias\"},\"image\":{\"@id\":\"https:\/\/brasilnoticias.org\/site\/#\/schema\/logo\/image\/\"}},{\"@type\":\"Person\",\"@id\":\"https:\/\/brasilnoticias.org\/site\/#\/schema\/person\/03bbbfe6c7634ad18c26444ea39049fa\",\"name\":\"Reda\u00e7\u00e3o\",\"image\":{\"@type\":\"ImageObject\",\"inLanguage\":\"pt-PT\",\"@id\":\"https:\/\/brasilnoticias.org\/site\/#\/schema\/person\/image\/\",\"url\":\"https:\/\/secure.gravatar.com\/avatar\/9ecaf7327a696cb23ad926fedded5f1f04d7049de9e445375d55b48c001a6e42?s=96&d=mm&r=g\",\"contentUrl\":\"https:\/\/secure.gravatar.com\/avatar\/9ecaf7327a696cb23ad926fedded5f1f04d7049de9e445375d55b48c001a6e42?s=96&d=mm&r=g\",\"caption\":\"Reda\u00e7\u00e3o\"},\"url\":\"https:\/\/brasilnoticias.org\/site\/author\/henrique\/\"}]}<\/script>\n<!-- \/ Yoast SEO plugin. -->","yoast_head_json":{"title":"Prefeito se re\u00fane com Sispec e discute medidas de valoriza\u00e7\u00e3o da categoria - Brasil not\u00edcias","robots":{"index":"index","follow":"follow","max-snippet":"max-snippet:-1","max-image-preview":"max-image-preview:large","max-video-preview":"max-video-preview:-1"},"canonical":"https:\/\/brasilnoticias.org\/site\/prefeito-se-reune-com-sispec-e-discute-medidas-de-valorizacao-da-categoria\/","og_locale":"pt_PT","og_type":"article","og_title":"Prefeito se re\u00fane com Sispec e discute medidas de valoriza\u00e7\u00e3o da categoria - Brasil not\u00edcias","og_description":"O prefeito Elinaldo Ara\u00fajo, acompanhado dos titulares das pastas da Educa\u00e7\u00e3o, Neurilene Martins, e da Administra\u00e7\u00e3o, Andr\u00e9 Anilton, se reuniu","og_url":"https:\/\/brasilnoticias.org\/site\/prefeito-se-reune-com-sispec-e-discute-medidas-de-valorizacao-da-categoria\/","og_site_name":"Brasil not\u00edcias","article_published_time":"2024-01-20T10:35:52+00:00","og_image":[{"width":1024,"height":682,"url":"https:\/\/brasilnoticias.org\/site\/wp-content\/uploads\/2024\/01\/IMG_7614.jpeg","type":"image\/jpeg"}],"author":"Reda\u00e7\u00e3o","twitter_card":"summary_large_image","twitter_misc":{"Escrito por":"Reda\u00e7\u00e3o","Tempo estimado de leitura":"1 minuto"},"schema":{"@context":"https:\/\/schema.org","@graph":[{"@type":"Article","@id":"https:\/\/brasilnoticias.org\/site\/prefeito-se-reune-com-sispec-e-discute-medidas-de-valorizacao-da-categoria\/#article","isPartOf":{"@id":"https:\/\/brasilnoticias.org\/site\/prefeito-se-reune-com-sispec-e-discute-medidas-de-valorizacao-da-categoria\/"},"author":{"name":"Reda\u00e7\u00e3o","@id":"https:\/\/brasilnoticias.org\/site\/#\/schema\/person\/03bbbfe6c7634ad18c26444ea39049fa"},"headline":"Prefeito se re\u00fane com Sispec e discute medidas de valoriza\u00e7\u00e3o da categoria","datePublished":"2024-01-20T10:35:52+00:00","mainEntityOfPage":{"@id":"https:\/\/brasilnoticias.org\/site\/prefeito-se-reune-com-sispec-e-discute-medidas-de-valorizacao-da-categoria\/"},"wordCount":445,"commentCount":0,"publisher":{"@id":"https:\/\/brasilnoticias.org\/site\/#organization"},"image":{"@id":"https:\/\/brasilnoticias.org\/site\/prefeito-se-reune-com-sispec-e-discute-medidas-de-valorizacao-da-categoria\/#primaryimage"},"thumbnailUrl":"https:\/\/brasilnoticias.org\/site\/wp-content\/uploads\/2024\/01\/IMG_7614.jpeg","articleSection":["Not\u00edcias","\u00daltimas"],"inLanguage":"pt-PT","potentialAction":[{"@type":"CommentAction","name":"Comment","target":["https:\/\/brasilnoticias.org\/site\/prefeito-se-reune-com-sispec-e-discute-medidas-de-valorizacao-da-categoria\/#respond"]}]},{"@type":"WebPage","@id":"https:\/\/brasilnoticias.org\/site\/prefeito-se-reune-com-sispec-e-discute-medidas-de-valorizacao-da-categoria\/","url":"https:\/\/brasilnoticias.org\/site\/prefeito-se-reune-com-sispec-e-discute-medidas-de-valorizacao-da-categoria\/","name":"Prefeito se re\u00fane com Sispec e discute medidas de valoriza\u00e7\u00e3o da categoria - Brasil not\u00edcias","isPartOf":{"@id":"https:\/\/brasilnoticias.org\/site\/#website"},"primaryImageOfPage":{"@id":"https:\/\/brasilnoticias.org\/site\/prefeito-se-reune-com-sispec-e-discute-medidas-de-valorizacao-da-categoria\/#primaryimage"},"image":{"@id":"https:\/\/brasilnoticias.org\/site\/prefeito-se-reune-com-sispec-e-discute-medidas-de-valorizacao-da-categoria\/#primaryimage"},"thumbnailUrl":"https:\/\/brasilnoticias.org\/site\/wp-content\/uploads\/2024\/01\/IMG_7614.jpeg","datePublished":"2024-01-20T10:35:52+00:00","breadcrumb":{"@id":"https:\/\/brasilnoticias.org\/site\/prefeito-se-reune-com-sispec-e-discute-medidas-de-valorizacao-da-categoria\/#breadcrumb"},"inLanguage":"pt-PT","potentialAction":[{"@type":"ReadAction","target":["https:\/\/brasilnoticias.org\/site\/prefeito-se-reune-com-sispec-e-discute-medidas-de-valorizacao-da-categoria\/"]}]},{"@type":"ImageObject","inLanguage":"pt-PT","@id":"https:\/\/brasilnoticias.org\/site\/prefeito-se-reune-com-sispec-e-discute-medidas-de-valorizacao-da-categoria\/#primaryimage","url":"https:\/\/brasilnoticias.org\/site\/wp-content\/uploads\/2024\/01\/IMG_7614.jpeg","contentUrl":"https:\/\/brasilnoticias.org\/site\/wp-content\/uploads\/2024\/01\/IMG_7614.jpeg","width":1024,"height":682},{"@type":"BreadcrumbList","@id":"https:\/\/brasilnoticias.org\/site\/prefeito-se-reune-com-sispec-e-discute-medidas-de-valorizacao-da-categoria\/#breadcrumb","itemListElement":[{"@type":"ListItem","position":1,"name":"In\u00edcio","item":"https:\/\/brasilnoticias.org\/site\/"},{"@type":"ListItem","position":2,"name":"Prefeito se re\u00fane com Sispec e discute medidas de valoriza\u00e7\u00e3o da categoria"}]},{"@type":"WebSite","@id":"https:\/\/brasilnoticias.org\/site\/#website","url":"https:\/\/brasilnoticias.org\/site\/","name":"Brasil not\u00edcias","description":"Brasil not\u00edcias","publisher":{"@id":"https:\/\/brasilnoticias.org\/site\/#organization"},"potentialAction":[{"@type":"SearchAction","target":{"@type":"EntryPoint","urlTemplate":"https:\/\/brasilnoticias.org\/site\/?s={search_term_string}"},"query-input":{"@type":"PropertyValueSpecification","valueRequired":true,"valueName":"search_term_string"}}],"inLanguage":"pt-PT"},{"@type":"Organization","@id":"https:\/\/brasilnoticias.org\/site\/#organization","name":"Brasil not\u00edcias","url":"https:\/\/brasilnoticias.org\/site\/","logo":{"@type":"ImageObject","inLanguage":"pt-PT","@id":"https:\/\/brasilnoticias.org\/site\/#\/schema\/logo\/image\/","url":"https:\/\/brasilnoticias.org\/site\/wp-content\/uploads\/2022\/05\/cropped-brasilnoticias-mini.jpg","contentUrl":"https:\/\/brasilnoticias.org\/site\/wp-content\/uploads\/2022\/05\/cropped-brasilnoticias-mini.jpg","width":314,"height":86,"caption":"Brasil not\u00edcias"},"image":{"@id":"https:\/\/brasilnoticias.org\/site\/#\/schema\/logo\/image\/"}},{"@type":"Person","@id":"https:\/\/brasilnoticias.org\/site\/#\/schema\/person\/03bbbfe6c7634ad18c26444ea39049fa","name":"Reda\u00e7\u00e3o","image":{"@type":"ImageObject","inLanguage":"pt-PT","@id":"https:\/\/brasilnoticias.org\/site\/#\/schema\/person\/image\/","url":"https:\/\/secure.gravatar.com\/avatar\/9ecaf7327a696cb23ad926fedded5f1f04d7049de9e445375d55b48c001a6e42?s=96&d=mm&r=g","contentUrl":"https:\/\/secure.gravatar.com\/avatar\/9ecaf7327a696cb23ad926fedded5f1f04d7049de9e445375d55b48c001a6e42?s=96&d=mm&r=g","caption":"Reda\u00e7\u00e3o"},"url":"https:\/\/brasilnoticias.org\/site\/author\/henrique\/"}]}},"_links":{"self":[{"href":"https:\/\/brasilnoticias.org\/site\/wp-json\/wp\/v2\/posts\/12354","targetHints":{"allow":["GET"]}}],"collection":[{"href":"https:\/\/brasilnoticias.org\/site\/wp-json\/wp\/v2\/posts"}],"about":[{"href":"https:\/\/brasilnoticias.org\/site\/wp-json\/wp\/v2\/types\/post"}],"author":[{"embeddable":true,"href":"https:\/\/brasilnoticias.org\/site\/wp-json\/wp\/v2\/users\/4"}],"replies":[{"embeddable":true,"href":"https:\/\/brasilnoticias.org\/site\/wp-json\/wp\/v2\/comments?post=12354"}],"version-history":[{"count":1,"href":"https:\/\/brasilnoticias.org\/site\/wp-json\/wp\/v2\/posts\/12354\/revisions"}],"predecessor-version":[{"id":12356,"href":"https:\/\/brasilnoticias.org\/site\/wp-json\/wp\/v2\/posts\/12354\/revisions\/12356"}],"wp:featuredmedia":[{"embeddable":true,"href":"https:\/\/brasilnoticias.org\/site\/wp-json\/wp\/v2\/media\/12355"}],"wp:attachment":[{"href":"https:\/\/brasilnoticias.org\/site\/wp-json\/wp\/v2\/media?parent=12354"}],"wp:term":[{"taxonomy":"category","embeddable":true,"href":"https:\/\/brasilnoticias.org\/site\/wp-json\/wp\/v2\/categories?post=12354"},{"taxonomy":"post_tag","embeddable":true,"href":"https:\/\/brasilnoticias.org\/site\/wp-json\/wp\/v2\/tags?post=12354"}],"curies":[{"name":"wp","href":"https:\/\/api.w.org\/{rel}","templated":true}]}}