{"id":12367,"date":"2024-01-22T15:07:07","date_gmt":"2024-01-22T18:07:07","guid":{"rendered":"https:\/\/brasilnoticias.org\/site\/?p=12367"},"modified":"2024-01-22T15:07:07","modified_gmt":"2024-01-22T18:07:07","slug":"ministra-desembarca-na-bahia-nesta-segunda-feira-para-acompanhar-conflito-entre-ruralistas-e-indigenas","status":"publish","type":"post","link":"https:\/\/brasilnoticias.org\/site\/ministra-desembarca-na-bahia-nesta-segunda-feira-para-acompanhar-conflito-entre-ruralistas-e-indigenas\/","title":{"rendered":"Ministra desembarca na Bahia nesta segunda-feira para acompanhar conflito entre ruralistas e ind\u00edgenas"},"content":{"rendered":"<p>O governador Jer\u00f4nimo Rodrigues (PT) tamb\u00e9m se reuniu na noite de domingo para tratar do assunto e se comprometeu a investigar o caso<\/p>\n<p>Ind\u00edgenas e fazendeiros entraram em confronto na tarde deste domingo (21), pela retomada do territ\u00f3rio Caramuru, no munic\u00edpio de Potiragu\u00e1, no extremo sul da Bahia. Segundo a Articula\u00e7\u00e3o dos Povos Ind\u00edgenas do Brasil (Apib), uma ind\u00edgena foi morta e outros tr\u00eas da etnia Patax\u00f3-h\u00e3-h\u00e3-h\u00e3e foram baleados. Por conta do conflito, a ministra dos Povos Ind\u00edgenas (MPI), Sonia Guajajara, desembarca na regi\u00e3o nesta segunda-feira (22).<\/p>\n<p>Segundo a Abip, entre os feridos est\u00e1 o cacique Nailton, que foi atingido por um disparo de arma de fogo. A v\u00edtima \u00e9 a irm\u00e3 dele, conhecida como Nega Patax\u00f3. Duas pessoas tamb\u00e9m teriam sido espancadas e uma mulher teve o bra\u00e7o quebrado. Ainda de acordo com a articula\u00e7\u00e3o, ruralistas cercaram a \u00e1rea para na tarde de domingo, para realizar a reintegra\u00e7\u00e3o de posse da fazenda com as pr\u00f3prias m\u00e3os.<\/p>\n<p>O Departamento de Media\u00e7\u00e3o e Concilia\u00e7\u00e3o de Conflitos Fundi\u00e1rios Ind\u00edgenas informou que o minist\u00e9rio vem acompanhando o caso desde que recebeu as primeiras informa\u00e7\u00f5es. A pasta  est\u00e1 fazendo interlocu\u00e7\u00f5es com o Minist\u00e9rio da Justi\u00e7a e Seguran\u00e7a P\u00fablica (MJSP), com a Pol\u00edcia Federal (PF), o Minist\u00e9rio dos Direitos Humanos e Cidadania (MDHC), o Minist\u00e9rio do Desenvolvimento Agr\u00e1rio e Agricultura Familiar (MDA) e a Secretaria de Seguran\u00e7a da Bahia.<\/p>\n<p>O governador Jer\u00f4nimo Rodrigues (PT) tamb\u00e9m se reuniu na noite de domingo para tratar do assunto. Estiveram no encontro representantes das secretarias de Seguran\u00e7a P\u00fablica, de Igualdade Racial e de Justi\u00e7a e Direitos Humanos. Em um v\u00eddeo publicado nas redes sociais, o governador lamentou a morte e se comprometeu a investigar o caso.<\/p>\n<p>\u201cMeus sentimentos \u00e0 fam\u00edlia da ind\u00edgena, assim como a toda comunidade ind\u00edgena. N\u00f3s n\u00e3o vamos aceitar qualquer tipo de viol\u00eancia contra qualquer comunidade na Bahia e no Brasil. Quero afirmar e garantir aqui apura\u00e7\u00e3o e puni\u00e7\u00e3o dos culpados\u201d, disse o governador.<\/p>\n<blockquote class=\"instagram-media\" data-instgrm-captioned data-instgrm-permalink=\"https:\/\/www.instagram.com\/reel\/C2Ye8izsulu\/?utm_source=ig_embed&amp;utm_campaign=loading\" data-instgrm-version=\"14\" style=\" background:#FFF; border:0; border-radius:3px; box-shadow:0 0 1px 0 rgba(0,0,0,0.5),0 1px 10px 0 rgba(0,0,0,0.15); margin: 1px; max-width:540px; min-width:326px; padding:0; width:99.375%; width:-webkit-calc(100% - 2px); width:calc(100% - 2px);\">\n<div style=\"padding:16px;\"> <a href=\"https:\/\/www.instagram.com\/reel\/C2Ye8izsulu\/?utm_source=ig_embed&amp;utm_campaign=loading\" style=\" background:#FFFFFF; line-height:0; padding:0 0; text-align:center; text-decoration:none; width:100%;\" target=\"_blank\" rel=\"noopener\"> <\/p>\n<div style=\" display: flex; flex-direction: row; align-items: center;\">\n<div style=\"background-color: #F4F4F4; border-radius: 50%; flex-grow: 0; height: 40px; margin-right: 14px; width: 40px;\"><\/div>\n<div style=\"display: flex; flex-direction: column; flex-grow: 1; justify-content: center;\">\n<div style=\" background-color: #F4F4F4; border-radius: 4px; flex-grow: 0; height: 14px; margin-bottom: 6px; width: 100px;\"><\/div>\n<div style=\" background-color: #F4F4F4; border-radius: 4px; flex-grow: 0; height: 14px; width: 60px;\"><\/div>\n<\/div>\n<\/div>\n<div style=\"padding: 19% 0;\"><\/div>\n<div style=\"display:block; height:50px; margin:0 auto 12px; width:50px;\"><svg width=\"50px\" height=\"50px\" viewBox=\"0 0 60 60\" version=\"1.1\" xmlns=\"https:\/\/www.w3.org\/2000\/svg\" xmlns:xlink=\"https:\/\/www.w3.org\/1999\/xlink\"><g stroke=\"none\" stroke-width=\"1\" fill=\"none\" fill-rule=\"evenodd\"><g transform=\"translate(-511.000000, -20.000000)\" fill=\"#000000\"><g><path d=\"M556.869,30.41 C554.814,30.41 553.148,32.076 553.148,34.131 C553.148,36.186 554.814,37.852 556.869,37.852 C558.924,37.852 560.59,36.186 560.59,34.131 C560.59,32.076 558.924,30.41 556.869,30.41 M541,60.657 C535.114,60.657 530.342,55.887 530.342,50 C530.342,44.114 535.114,39.342 541,39.342 C546.887,39.342 551.658,44.114 551.658,50 C551.658,55.887 546.887,60.657 541,60.657 M541,33.886 C532.1,33.886 524.886,41.1 524.886,50 C524.886,58.899 532.1,66.113 541,66.113 C549.9,66.113 557.115,58.899 557.115,50 C557.115,41.1 549.9,33.886 541,33.886 M565.378,62.101 C565.244,65.022 564.756,66.606 564.346,67.663 C563.803,69.06 563.154,70.057 562.106,71.106 C561.058,72.155 560.06,72.803 558.662,73.347 C557.607,73.757 556.021,74.244 553.102,74.378 C549.944,74.521 548.997,74.552 541,74.552 C533.003,74.552 532.056,74.521 528.898,74.378 C525.979,74.244 524.393,73.757 523.338,73.347 C521.94,72.803 520.942,72.155 519.894,71.106 C518.846,70.057 518.197,69.06 517.654,67.663 C517.244,66.606 516.755,65.022 516.623,62.101 C516.479,58.943 516.448,57.996 516.448,50 C516.448,42.003 516.479,41.056 516.623,37.899 C516.755,34.978 517.244,33.391 517.654,32.338 C518.197,30.938 518.846,29.942 519.894,28.894 C520.942,27.846 521.94,27.196 523.338,26.654 C524.393,26.244 525.979,25.756 528.898,25.623 C532.057,25.479 533.004,25.448 541,25.448 C548.997,25.448 549.943,25.479 553.102,25.623 C556.021,25.756 557.607,26.244 558.662,26.654 C560.06,27.196 561.058,27.846 562.106,28.894 C563.154,29.942 563.803,30.938 564.346,32.338 C564.756,33.391 565.244,34.978 565.378,37.899 C565.522,41.056 565.552,42.003 565.552,50 C565.552,57.996 565.522,58.943 565.378,62.101 M570.82,37.631 C570.674,34.438 570.167,32.258 569.425,30.349 C568.659,28.377 567.633,26.702 565.965,25.035 C564.297,23.368 562.623,22.342 560.652,21.575 C558.743,20.834 556.562,20.326 553.369,20.18 C550.169,20.033 549.148,20 541,20 C532.853,20 531.831,20.033 528.631,20.18 C525.438,20.326 523.257,20.834 521.349,21.575 C519.376,22.342 517.703,23.368 516.035,25.035 C514.368,26.702 513.342,28.377 512.574,30.349 C511.834,32.258 511.326,34.438 511.181,37.631 C511.035,40.831 511,41.851 511,50 C511,58.147 511.035,59.17 511.181,62.369 C511.326,65.562 511.834,67.743 512.574,69.651 C513.342,71.625 514.368,73.296 516.035,74.965 C517.703,76.634 519.376,77.658 521.349,78.425 C523.257,79.167 525.438,79.673 528.631,79.82 C531.831,79.965 532.853,80.001 541,80.001 C549.148,80.001 550.169,79.965 553.369,79.82 C556.562,79.673 558.743,79.167 560.652,78.425 C562.623,77.658 564.297,76.634 565.965,74.965 C567.633,73.296 568.659,71.625 569.425,69.651 C570.167,67.743 570.674,65.562 570.82,62.369 C570.966,59.17 571,58.147 571,50 C571,41.851 570.966,40.831 570.82,37.631\"><\/path><\/g><\/g><\/g><\/svg><\/div>\n<div style=\"padding-top: 8px;\">\n<div style=\" color:#3897f0; font-family:Arial,sans-serif; font-size:14px; font-style:normal; font-weight:550; line-height:18px;\">Ver essa foto no Instagram<\/div>\n<\/div>\n<div style=\"padding: 12.5% 0;\"><\/div>\n<div style=\"display: flex; flex-direction: row; margin-bottom: 14px; align-items: center;\">\n<div>\n<div style=\"background-color: #F4F4F4; border-radius: 50%; height: 12.5px; width: 12.5px; transform: translateX(0px) translateY(7px);\"><\/div>\n<div style=\"background-color: #F4F4F4; height: 12.5px; transform: rotate(-45deg) translateX(3px) translateY(1px); width: 12.5px; flex-grow: 0; margin-right: 14px; margin-left: 2px;\"><\/div>\n<div style=\"background-color: #F4F4F4; border-radius: 50%; height: 12.5px; width: 12.5px; transform: translateX(9px) translateY(-18px);\"><\/div>\n<\/div>\n<div style=\"margin-left: 8px;\">\n<div style=\" background-color: #F4F4F4; border-radius: 50%; flex-grow: 0; height: 20px; width: 20px;\"><\/div>\n<div style=\" width: 0; height: 0; border-top: 2px solid transparent; border-left: 6px solid #f4f4f4; border-bottom: 2px solid transparent; transform: translateX(16px) translateY(-4px) rotate(30deg)\"><\/div>\n<\/div>\n<div style=\"margin-left: auto;\">\n<div style=\" width: 0px; border-top: 8px solid #F4F4F4; border-right: 8px solid transparent; transform: translateY(16px);\"><\/div>\n<div style=\" background-color: #F4F4F4; flex-grow: 0; height: 12px; width: 16px; transform: translateY(-4px);\"><\/div>\n<div style=\" width: 0; height: 0; border-top: 8px solid #F4F4F4; border-left: 8px solid transparent; transform: translateY(-4px) translateX(8px);\"><\/div>\n<\/div>\n<\/div>\n<div style=\"display: flex; flex-direction: column; flex-grow: 1; justify-content: center; margin-bottom: 24px;\">\n<div style=\" background-color: #F4F4F4; border-radius: 4px; flex-grow: 0; height: 14px; margin-bottom: 6px; width: 224px;\"><\/div>\n<div style=\" background-color: #F4F4F4; border-radius: 4px; flex-grow: 0; height: 14px; width: 144px;\"><\/div>\n<\/div>\n<p><\/a><\/p>\n<p style=\" color:#c9c8cd; font-family:Arial,sans-serif; font-size:14px; line-height:17px; margin-bottom:0; margin-top:8px; overflow:hidden; padding:8px 0 7px; text-align:center; text-overflow:ellipsis; white-space:nowrap;\"><a href=\"https:\/\/www.instagram.com\/reel\/C2Ye8izsulu\/?utm_source=ig_embed&amp;utm_campaign=loading\" style=\" color:#c9c8cd; font-family:Arial,sans-serif; font-size:14px; font-style:normal; font-weight:normal; line-height:17px; text-decoration:none;\" target=\"_blank\" rel=\"noopener\">Uma publica\u00e7\u00e3o compartilhada por Jer\u00f4nimo Rodrigues (@jeronimorodriguesba)<\/a><\/p>\n<\/div>\n<\/blockquote>\n<p> <script async src=\"\/\/www.instagram.com\/embed.js\"><\/script><\/p>\n<p>Foto: Estevam Rafael\/Audiovisual\/PR<br \/>\nPor: Metro1<\/p>\n","protected":false},"excerpt":{"rendered":"<p>O governador Jer\u00f4nimo Rodrigues (PT) tamb\u00e9m se reuniu na noite de domingo para tratar do assunto e se comprometeu a<\/p>\n","protected":false},"author":4,"featured_media":12368,"comment_status":"open","ping_status":"open","sticky":false,"template":"","format":"standard","meta":{"colormag_page_container_layout":"default_layout","colormag_page_sidebar_layout":"default_layout","_FSMCFIC_featured_image_caption":"","_FSMCFIC_featured_image_nocaption":"","_FSMCFIC_featured_image_hide":"","footnotes":""},"categories":[5,1],"tags":[],"class_list":["post-12367","post","type-post","status-publish","format-standard","has-post-thumbnail","hentry","category-politica","category-ultimas"],"yoast_head":"<!-- This site is optimized with the Yoast SEO plugin v27.1.1 - https:\/\/yoast.com\/product\/yoast-seo-wordpress\/ -->\n<title>Ministra desembarca na Bahia nesta segunda-feira para acompanhar conflito entre ruralistas e ind\u00edgenas - Brasil not\u00edcias<\/title>\n<meta name=\"robots\" content=\"index, follow, max-snippet:-1, max-image-preview:large, max-video-preview:-1\" \/>\n<link rel=\"canonical\" href=\"https:\/\/brasilnoticias.org\/site\/ministra-desembarca-na-bahia-nesta-segunda-feira-para-acompanhar-conflito-entre-ruralistas-e-indigenas\/\" \/>\n<meta property=\"og:locale\" content=\"pt_PT\" \/>\n<meta property=\"og:type\" content=\"article\" \/>\n<meta property=\"og:title\" content=\"Ministra desembarca na Bahia nesta segunda-feira para acompanhar conflito entre ruralistas e ind\u00edgenas - Brasil not\u00edcias\" \/>\n<meta property=\"og:description\" content=\"O governador Jer\u00f4nimo Rodrigues (PT) tamb\u00e9m se reuniu na noite de domingo para tratar do assunto e se comprometeu a\" \/>\n<meta property=\"og:url\" content=\"https:\/\/brasilnoticias.org\/site\/ministra-desembarca-na-bahia-nesta-segunda-feira-para-acompanhar-conflito-entre-ruralistas-e-indigenas\/\" \/>\n<meta property=\"og:site_name\" content=\"Brasil not\u00edcias\" \/>\n<meta property=\"article:published_time\" content=\"2024-01-22T18:07:07+00:00\" \/>\n<meta property=\"og:image\" content=\"https:\/\/brasilnoticias.org\/site\/wp-content\/uploads\/2024\/01\/145404ministra-desembarca-na-bahia-nesta-segunda-feira-para-acompanhar-conflito-entre-ruralistas-e-indigenas-3.jpg\" \/>\n\t<meta property=\"og:image:width\" content=\"1600\" \/>\n\t<meta property=\"og:image:height\" content=\"752\" \/>\n\t<meta property=\"og:image:type\" content=\"image\/jpeg\" \/>\n<meta name=\"author\" content=\"Reda\u00e7\u00e3o\" \/>\n<meta name=\"twitter:card\" content=\"summary_large_image\" \/>\n<meta name=\"twitter:label1\" content=\"Escrito por\" \/>\n\t<meta name=\"twitter:data1\" content=\"Reda\u00e7\u00e3o\" \/>\n\t<meta name=\"twitter:label2\" content=\"Tempo estimado de leitura\" \/>\n\t<meta name=\"twitter:data2\" content=\"1 minuto\" \/>\n<script type=\"application\/ld+json\" class=\"yoast-schema-graph\">{\"@context\":\"https:\/\/schema.org\",\"@graph\":[{\"@type\":\"Article\",\"@id\":\"https:\/\/brasilnoticias.org\/site\/ministra-desembarca-na-bahia-nesta-segunda-feira-para-acompanhar-conflito-entre-ruralistas-e-indigenas\/#article\",\"isPartOf\":{\"@id\":\"https:\/\/brasilnoticias.org\/site\/ministra-desembarca-na-bahia-nesta-segunda-feira-para-acompanhar-conflito-entre-ruralistas-e-indigenas\/\"},\"author\":{\"name\":\"Reda\u00e7\u00e3o\",\"@id\":\"https:\/\/brasilnoticias.org\/site\/#\/schema\/person\/03bbbfe6c7634ad18c26444ea39049fa\"},\"headline\":\"Ministra desembarca na Bahia nesta segunda-feira para acompanhar conflito entre ruralistas e ind\u00edgenas\",\"datePublished\":\"2024-01-22T18:07:07+00:00\",\"mainEntityOfPage\":{\"@id\":\"https:\/\/brasilnoticias.org\/site\/ministra-desembarca-na-bahia-nesta-segunda-feira-para-acompanhar-conflito-entre-ruralistas-e-indigenas\/\"},\"wordCount\":401,\"commentCount\":0,\"publisher\":{\"@id\":\"https:\/\/brasilnoticias.org\/site\/#organization\"},\"image\":{\"@id\":\"https:\/\/brasilnoticias.org\/site\/ministra-desembarca-na-bahia-nesta-segunda-feira-para-acompanhar-conflito-entre-ruralistas-e-indigenas\/#primaryimage\"},\"thumbnailUrl\":\"https:\/\/brasilnoticias.org\/site\/wp-content\/uploads\/2024\/01\/145404ministra-desembarca-na-bahia-nesta-segunda-feira-para-acompanhar-conflito-entre-ruralistas-e-indigenas-3.jpg\",\"articleSection\":[\"Pol\u00edtica\",\"\u00daltimas\"],\"inLanguage\":\"pt-PT\",\"potentialAction\":[{\"@type\":\"CommentAction\",\"name\":\"Comment\",\"target\":[\"https:\/\/brasilnoticias.org\/site\/ministra-desembarca-na-bahia-nesta-segunda-feira-para-acompanhar-conflito-entre-ruralistas-e-indigenas\/#respond\"]}]},{\"@type\":\"WebPage\",\"@id\":\"https:\/\/brasilnoticias.org\/site\/ministra-desembarca-na-bahia-nesta-segunda-feira-para-acompanhar-conflito-entre-ruralistas-e-indigenas\/\",\"url\":\"https:\/\/brasilnoticias.org\/site\/ministra-desembarca-na-bahia-nesta-segunda-feira-para-acompanhar-conflito-entre-ruralistas-e-indigenas\/\",\"name\":\"Ministra desembarca na Bahia nesta segunda-feira para acompanhar conflito entre ruralistas e ind\u00edgenas - Brasil not\u00edcias\",\"isPartOf\":{\"@id\":\"https:\/\/brasilnoticias.org\/site\/#website\"},\"primaryImageOfPage\":{\"@id\":\"https:\/\/brasilnoticias.org\/site\/ministra-desembarca-na-bahia-nesta-segunda-feira-para-acompanhar-conflito-entre-ruralistas-e-indigenas\/#primaryimage\"},\"image\":{\"@id\":\"https:\/\/brasilnoticias.org\/site\/ministra-desembarca-na-bahia-nesta-segunda-feira-para-acompanhar-conflito-entre-ruralistas-e-indigenas\/#primaryimage\"},\"thumbnailUrl\":\"https:\/\/brasilnoticias.org\/site\/wp-content\/uploads\/2024\/01\/145404ministra-desembarca-na-bahia-nesta-segunda-feira-para-acompanhar-conflito-entre-ruralistas-e-indigenas-3.jpg\",\"datePublished\":\"2024-01-22T18:07:07+00:00\",\"breadcrumb\":{\"@id\":\"https:\/\/brasilnoticias.org\/site\/ministra-desembarca-na-bahia-nesta-segunda-feira-para-acompanhar-conflito-entre-ruralistas-e-indigenas\/#breadcrumb\"},\"inLanguage\":\"pt-PT\",\"potentialAction\":[{\"@type\":\"ReadAction\",\"target\":[\"https:\/\/brasilnoticias.org\/site\/ministra-desembarca-na-bahia-nesta-segunda-feira-para-acompanhar-conflito-entre-ruralistas-e-indigenas\/\"]}]},{\"@type\":\"ImageObject\",\"inLanguage\":\"pt-PT\",\"@id\":\"https:\/\/brasilnoticias.org\/site\/ministra-desembarca-na-bahia-nesta-segunda-feira-para-acompanhar-conflito-entre-ruralistas-e-indigenas\/#primaryimage\",\"url\":\"https:\/\/brasilnoticias.org\/site\/wp-content\/uploads\/2024\/01\/145404ministra-desembarca-na-bahia-nesta-segunda-feira-para-acompanhar-conflito-entre-ruralistas-e-indigenas-3.jpg\",\"contentUrl\":\"https:\/\/brasilnoticias.org\/site\/wp-content\/uploads\/2024\/01\/145404ministra-desembarca-na-bahia-nesta-segunda-feira-para-acompanhar-conflito-entre-ruralistas-e-indigenas-3.jpg\",\"width\":1600,\"height\":752},{\"@type\":\"BreadcrumbList\",\"@id\":\"https:\/\/brasilnoticias.org\/site\/ministra-desembarca-na-bahia-nesta-segunda-feira-para-acompanhar-conflito-entre-ruralistas-e-indigenas\/#breadcrumb\",\"itemListElement\":[{\"@type\":\"ListItem\",\"position\":1,\"name\":\"In\u00edcio\",\"item\":\"https:\/\/brasilnoticias.org\/site\/\"},{\"@type\":\"ListItem\",\"position\":2,\"name\":\"Ministra desembarca na Bahia nesta segunda-feira para acompanhar conflito entre ruralistas e ind\u00edgenas\"}]},{\"@type\":\"WebSite\",\"@id\":\"https:\/\/brasilnoticias.org\/site\/#website\",\"url\":\"https:\/\/brasilnoticias.org\/site\/\",\"name\":\"Brasil not\u00edcias\",\"description\":\"Brasil not\u00edcias\",\"publisher\":{\"@id\":\"https:\/\/brasilnoticias.org\/site\/#organization\"},\"potentialAction\":[{\"@type\":\"SearchAction\",\"target\":{\"@type\":\"EntryPoint\",\"urlTemplate\":\"https:\/\/brasilnoticias.org\/site\/?s={search_term_string}\"},\"query-input\":{\"@type\":\"PropertyValueSpecification\",\"valueRequired\":true,\"valueName\":\"search_term_string\"}}],\"inLanguage\":\"pt-PT\"},{\"@type\":\"Organization\",\"@id\":\"https:\/\/brasilnoticias.org\/site\/#organization\",\"name\":\"Brasil not\u00edcias\",\"url\":\"https:\/\/brasilnoticias.org\/site\/\",\"logo\":{\"@type\":\"ImageObject\",\"inLanguage\":\"pt-PT\",\"@id\":\"https:\/\/brasilnoticias.org\/site\/#\/schema\/logo\/image\/\",\"url\":\"https:\/\/brasilnoticias.org\/site\/wp-content\/uploads\/2022\/05\/cropped-brasilnoticias-mini.jpg\",\"contentUrl\":\"https:\/\/brasilnoticias.org\/site\/wp-content\/uploads\/2022\/05\/cropped-brasilnoticias-mini.jpg\",\"width\":314,\"height\":86,\"caption\":\"Brasil not\u00edcias\"},\"image\":{\"@id\":\"https:\/\/brasilnoticias.org\/site\/#\/schema\/logo\/image\/\"}},{\"@type\":\"Person\",\"@id\":\"https:\/\/brasilnoticias.org\/site\/#\/schema\/person\/03bbbfe6c7634ad18c26444ea39049fa\",\"name\":\"Reda\u00e7\u00e3o\",\"image\":{\"@type\":\"ImageObject\",\"inLanguage\":\"pt-PT\",\"@id\":\"https:\/\/brasilnoticias.org\/site\/#\/schema\/person\/image\/\",\"url\":\"https:\/\/secure.gravatar.com\/avatar\/9ecaf7327a696cb23ad926fedded5f1f04d7049de9e445375d55b48c001a6e42?s=96&d=mm&r=g\",\"contentUrl\":\"https:\/\/secure.gravatar.com\/avatar\/9ecaf7327a696cb23ad926fedded5f1f04d7049de9e445375d55b48c001a6e42?s=96&d=mm&r=g\",\"caption\":\"Reda\u00e7\u00e3o\"},\"url\":\"https:\/\/brasilnoticias.org\/site\/author\/henrique\/\"}]}<\/script>\n<!-- \/ Yoast SEO plugin. -->","yoast_head_json":{"title":"Ministra desembarca na Bahia nesta segunda-feira para acompanhar conflito entre ruralistas e ind\u00edgenas - Brasil not\u00edcias","robots":{"index":"index","follow":"follow","max-snippet":"max-snippet:-1","max-image-preview":"max-image-preview:large","max-video-preview":"max-video-preview:-1"},"canonical":"https:\/\/brasilnoticias.org\/site\/ministra-desembarca-na-bahia-nesta-segunda-feira-para-acompanhar-conflito-entre-ruralistas-e-indigenas\/","og_locale":"pt_PT","og_type":"article","og_title":"Ministra desembarca na Bahia nesta segunda-feira para acompanhar conflito entre ruralistas e ind\u00edgenas - Brasil not\u00edcias","og_description":"O governador Jer\u00f4nimo Rodrigues (PT) tamb\u00e9m se reuniu na noite de domingo para tratar do assunto e se comprometeu a","og_url":"https:\/\/brasilnoticias.org\/site\/ministra-desembarca-na-bahia-nesta-segunda-feira-para-acompanhar-conflito-entre-ruralistas-e-indigenas\/","og_site_name":"Brasil not\u00edcias","article_published_time":"2024-01-22T18:07:07+00:00","og_image":[{"width":1600,"height":752,"url":"https:\/\/brasilnoticias.org\/site\/wp-content\/uploads\/2024\/01\/145404ministra-desembarca-na-bahia-nesta-segunda-feira-para-acompanhar-conflito-entre-ruralistas-e-indigenas-3.jpg","type":"image\/jpeg"}],"author":"Reda\u00e7\u00e3o","twitter_card":"summary_large_image","twitter_misc":{"Escrito por":"Reda\u00e7\u00e3o","Tempo estimado de leitura":"1 minuto"},"schema":{"@context":"https:\/\/schema.org","@graph":[{"@type":"Article","@id":"https:\/\/brasilnoticias.org\/site\/ministra-desembarca-na-bahia-nesta-segunda-feira-para-acompanhar-conflito-entre-ruralistas-e-indigenas\/#article","isPartOf":{"@id":"https:\/\/brasilnoticias.org\/site\/ministra-desembarca-na-bahia-nesta-segunda-feira-para-acompanhar-conflito-entre-ruralistas-e-indigenas\/"},"author":{"name":"Reda\u00e7\u00e3o","@id":"https:\/\/brasilnoticias.org\/site\/#\/schema\/person\/03bbbfe6c7634ad18c26444ea39049fa"},"headline":"Ministra desembarca na Bahia nesta segunda-feira para acompanhar conflito entre ruralistas e ind\u00edgenas","datePublished":"2024-01-22T18:07:07+00:00","mainEntityOfPage":{"@id":"https:\/\/brasilnoticias.org\/site\/ministra-desembarca-na-bahia-nesta-segunda-feira-para-acompanhar-conflito-entre-ruralistas-e-indigenas\/"},"wordCount":401,"commentCount":0,"publisher":{"@id":"https:\/\/brasilnoticias.org\/site\/#organization"},"image":{"@id":"https:\/\/brasilnoticias.org\/site\/ministra-desembarca-na-bahia-nesta-segunda-feira-para-acompanhar-conflito-entre-ruralistas-e-indigenas\/#primaryimage"},"thumbnailUrl":"https:\/\/brasilnoticias.org\/site\/wp-content\/uploads\/2024\/01\/145404ministra-desembarca-na-bahia-nesta-segunda-feira-para-acompanhar-conflito-entre-ruralistas-e-indigenas-3.jpg","articleSection":["Pol\u00edtica","\u00daltimas"],"inLanguage":"pt-PT","potentialAction":[{"@type":"CommentAction","name":"Comment","target":["https:\/\/brasilnoticias.org\/site\/ministra-desembarca-na-bahia-nesta-segunda-feira-para-acompanhar-conflito-entre-ruralistas-e-indigenas\/#respond"]}]},{"@type":"WebPage","@id":"https:\/\/brasilnoticias.org\/site\/ministra-desembarca-na-bahia-nesta-segunda-feira-para-acompanhar-conflito-entre-ruralistas-e-indigenas\/","url":"https:\/\/brasilnoticias.org\/site\/ministra-desembarca-na-bahia-nesta-segunda-feira-para-acompanhar-conflito-entre-ruralistas-e-indigenas\/","name":"Ministra desembarca na Bahia nesta segunda-feira para acompanhar conflito entre ruralistas e ind\u00edgenas - Brasil not\u00edcias","isPartOf":{"@id":"https:\/\/brasilnoticias.org\/site\/#website"},"primaryImageOfPage":{"@id":"https:\/\/brasilnoticias.org\/site\/ministra-desembarca-na-bahia-nesta-segunda-feira-para-acompanhar-conflito-entre-ruralistas-e-indigenas\/#primaryimage"},"image":{"@id":"https:\/\/brasilnoticias.org\/site\/ministra-desembarca-na-bahia-nesta-segunda-feira-para-acompanhar-conflito-entre-ruralistas-e-indigenas\/#primaryimage"},"thumbnailUrl":"https:\/\/brasilnoticias.org\/site\/wp-content\/uploads\/2024\/01\/145404ministra-desembarca-na-bahia-nesta-segunda-feira-para-acompanhar-conflito-entre-ruralistas-e-indigenas-3.jpg","datePublished":"2024-01-22T18:07:07+00:00","breadcrumb":{"@id":"https:\/\/brasilnoticias.org\/site\/ministra-desembarca-na-bahia-nesta-segunda-feira-para-acompanhar-conflito-entre-ruralistas-e-indigenas\/#breadcrumb"},"inLanguage":"pt-PT","potentialAction":[{"@type":"ReadAction","target":["https:\/\/brasilnoticias.org\/site\/ministra-desembarca-na-bahia-nesta-segunda-feira-para-acompanhar-conflito-entre-ruralistas-e-indigenas\/"]}]},{"@type":"ImageObject","inLanguage":"pt-PT","@id":"https:\/\/brasilnoticias.org\/site\/ministra-desembarca-na-bahia-nesta-segunda-feira-para-acompanhar-conflito-entre-ruralistas-e-indigenas\/#primaryimage","url":"https:\/\/brasilnoticias.org\/site\/wp-content\/uploads\/2024\/01\/145404ministra-desembarca-na-bahia-nesta-segunda-feira-para-acompanhar-conflito-entre-ruralistas-e-indigenas-3.jpg","contentUrl":"https:\/\/brasilnoticias.org\/site\/wp-content\/uploads\/2024\/01\/145404ministra-desembarca-na-bahia-nesta-segunda-feira-para-acompanhar-conflito-entre-ruralistas-e-indigenas-3.jpg","width":1600,"height":752},{"@type":"BreadcrumbList","@id":"https:\/\/brasilnoticias.org\/site\/ministra-desembarca-na-bahia-nesta-segunda-feira-para-acompanhar-conflito-entre-ruralistas-e-indigenas\/#breadcrumb","itemListElement":[{"@type":"ListItem","position":1,"name":"In\u00edcio","item":"https:\/\/brasilnoticias.org\/site\/"},{"@type":"ListItem","position":2,"name":"Ministra desembarca na Bahia nesta segunda-feira para acompanhar conflito entre ruralistas e ind\u00edgenas"}]},{"@type":"WebSite","@id":"https:\/\/brasilnoticias.org\/site\/#website","url":"https:\/\/brasilnoticias.org\/site\/","name":"Brasil not\u00edcias","description":"Brasil not\u00edcias","publisher":{"@id":"https:\/\/brasilnoticias.org\/site\/#organization"},"potentialAction":[{"@type":"SearchAction","target":{"@type":"EntryPoint","urlTemplate":"https:\/\/brasilnoticias.org\/site\/?s={search_term_string}"},"query-input":{"@type":"PropertyValueSpecification","valueRequired":true,"valueName":"search_term_string"}}],"inLanguage":"pt-PT"},{"@type":"Organization","@id":"https:\/\/brasilnoticias.org\/site\/#organization","name":"Brasil not\u00edcias","url":"https:\/\/brasilnoticias.org\/site\/","logo":{"@type":"ImageObject","inLanguage":"pt-PT","@id":"https:\/\/brasilnoticias.org\/site\/#\/schema\/logo\/image\/","url":"https:\/\/brasilnoticias.org\/site\/wp-content\/uploads\/2022\/05\/cropped-brasilnoticias-mini.jpg","contentUrl":"https:\/\/brasilnoticias.org\/site\/wp-content\/uploads\/2022\/05\/cropped-brasilnoticias-mini.jpg","width":314,"height":86,"caption":"Brasil not\u00edcias"},"image":{"@id":"https:\/\/brasilnoticias.org\/site\/#\/schema\/logo\/image\/"}},{"@type":"Person","@id":"https:\/\/brasilnoticias.org\/site\/#\/schema\/person\/03bbbfe6c7634ad18c26444ea39049fa","name":"Reda\u00e7\u00e3o","image":{"@type":"ImageObject","inLanguage":"pt-PT","@id":"https:\/\/brasilnoticias.org\/site\/#\/schema\/person\/image\/","url":"https:\/\/secure.gravatar.com\/avatar\/9ecaf7327a696cb23ad926fedded5f1f04d7049de9e445375d55b48c001a6e42?s=96&d=mm&r=g","contentUrl":"https:\/\/secure.gravatar.com\/avatar\/9ecaf7327a696cb23ad926fedded5f1f04d7049de9e445375d55b48c001a6e42?s=96&d=mm&r=g","caption":"Reda\u00e7\u00e3o"},"url":"https:\/\/brasilnoticias.org\/site\/author\/henrique\/"}]}},"_links":{"self":[{"href":"https:\/\/brasilnoticias.org\/site\/wp-json\/wp\/v2\/posts\/12367","targetHints":{"allow":["GET"]}}],"collection":[{"href":"https:\/\/brasilnoticias.org\/site\/wp-json\/wp\/v2\/posts"}],"about":[{"href":"https:\/\/brasilnoticias.org\/site\/wp-json\/wp\/v2\/types\/post"}],"author":[{"embeddable":true,"href":"https:\/\/brasilnoticias.org\/site\/wp-json\/wp\/v2\/users\/4"}],"replies":[{"embeddable":true,"href":"https:\/\/brasilnoticias.org\/site\/wp-json\/wp\/v2\/comments?post=12367"}],"version-history":[{"count":1,"href":"https:\/\/brasilnoticias.org\/site\/wp-json\/wp\/v2\/posts\/12367\/revisions"}],"predecessor-version":[{"id":12369,"href":"https:\/\/brasilnoticias.org\/site\/wp-json\/wp\/v2\/posts\/12367\/revisions\/12369"}],"wp:featuredmedia":[{"embeddable":true,"href":"https:\/\/brasilnoticias.org\/site\/wp-json\/wp\/v2\/media\/12368"}],"wp:attachment":[{"href":"https:\/\/brasilnoticias.org\/site\/wp-json\/wp\/v2\/media?parent=12367"}],"wp:term":[{"taxonomy":"category","embeddable":true,"href":"https:\/\/brasilnoticias.org\/site\/wp-json\/wp\/v2\/categories?post=12367"},{"taxonomy":"post_tag","embeddable":true,"href":"https:\/\/brasilnoticias.org\/site\/wp-json\/wp\/v2\/tags?post=12367"}],"curies":[{"name":"wp","href":"https:\/\/api.w.org\/{rel}","templated":true}]}}