{"id":12382,"date":"2024-01-22T22:41:11","date_gmt":"2024-01-23T01:41:11","guid":{"rendered":"https:\/\/brasilnoticias.org\/site\/?p=12382"},"modified":"2024-01-22T22:41:11","modified_gmt":"2024-01-23T01:41:11","slug":"dupla-e-presa-em-onibus-de-viagem-com-3-500-papelotes-de-cocaina","status":"publish","type":"post","link":"https:\/\/brasilnoticias.org\/site\/dupla-e-presa-em-onibus-de-viagem-com-3-500-papelotes-de-cocaina\/","title":{"rendered":"Dupla \u00e9 presa em \u00f4nibus de viagem com 3.500 papelotes de coca\u00edna"},"content":{"rendered":"<p>A mulher de 21 anos e o homem de 53 anos foram presos e a ocorr\u00eancia foi encaminhada \u00e0 Delegacia de Pol\u00edcia Civil<\/p>\n<p>Dois homens foram presos pela Pol\u00edcia Rodovi\u00e1ria Federal (PRF) pelo crime de tr\u00e1fico de drogas, ap\u00f3s serem localizados transportando 3.500 papelotes de coca\u00edna em um \u00f4nibus de viagens, na noite deste domingo (21\/1). A a\u00e7\u00e3o ocorreu em frente ao posto da PRF de Humildes (Km 173 da BR 101).<\/p>\n<p>Os policiais pararam o \u00f4nibus, que saiu de Santos com destino final a cidade de Aracaju, e realizaram a checagem da documenta\u00e7\u00e3o dos ocupantes do ve\u00edculo. Durante a fiscaliza\u00e7\u00e3o e vistoria das bagagens, a equipe encontrou uma bolsa entre as poltronas de um casal e quando aberta, foram achados 3.500 papelotes de coca\u00edna prontas para o consumo, totalizando 3,5 kg da droga.<\/p>\n<p>Ap\u00f3s alguns minutos de conversa, a passageira informou que foi interceptada na rodovi\u00e1ria do Tiet\u00ea  com uma proposta financeira para transportar a coca\u00edna at\u00e9 a capital sergipana.<\/p>\n<p>Configurado o crime de tr\u00e1fico de drogas, a mulher de 21 anos e o homem de 53 anos foram presos e a ocorr\u00eancia foi encaminhada \u00e0 Delegacia de Pol\u00edcia Civil para lavratura do flagrante e demais procedimentos cab\u00edveis.<\/p>\n<p>Foto: Divulga\u00e7\u00e3o<br \/>\nAratu On<\/p>\n","protected":false},"excerpt":{"rendered":"<p>A mulher de 21 anos e o homem de 53 anos foram presos e a ocorr\u00eancia foi encaminhada \u00e0 Delegacia<\/p>\n","protected":false},"author":4,"featured_media":12383,"comment_status":"open","ping_status":"open","sticky":false,"template":"","format":"standard","meta":{"colormag_page_container_layout":"default_layout","colormag_page_sidebar_layout":"default_layout","_FSMCFIC_featured_image_caption":"","_FSMCFIC_featured_image_nocaption":"","_FSMCFIC_featured_image_hide":"","footnotes":""},"categories":[3,1],"tags":[],"class_list":["post-12382","post","type-post","status-publish","format-standard","has-post-thumbnail","hentry","category-policia","category-ultimas"],"yoast_head":"<!-- This site is optimized with the Yoast SEO plugin v27.1.1 - https:\/\/yoast.com\/product\/yoast-seo-wordpress\/ -->\n<title>Dupla \u00e9 presa em \u00f4nibus de viagem com 3.500 papelotes de coca\u00edna - Brasil not\u00edcias<\/title>\n<meta name=\"robots\" content=\"index, follow, max-snippet:-1, max-image-preview:large, max-video-preview:-1\" \/>\n<link rel=\"canonical\" href=\"https:\/\/brasilnoticias.org\/site\/dupla-e-presa-em-onibus-de-viagem-com-3-500-papelotes-de-cocaina\/\" \/>\n<meta property=\"og:locale\" content=\"pt_PT\" \/>\n<meta property=\"og:type\" content=\"article\" \/>\n<meta property=\"og:title\" content=\"Dupla \u00e9 presa em \u00f4nibus de viagem com 3.500 papelotes de coca\u00edna - Brasil not\u00edcias\" \/>\n<meta property=\"og:description\" content=\"A mulher de 21 anos e o homem de 53 anos foram presos e a ocorr\u00eancia foi encaminhada \u00e0 Delegacia\" \/>\n<meta property=\"og:url\" content=\"https:\/\/brasilnoticias.org\/site\/dupla-e-presa-em-onibus-de-viagem-com-3-500-papelotes-de-cocaina\/\" \/>\n<meta property=\"og:site_name\" content=\"Brasil not\u00edcias\" \/>\n<meta property=\"article:published_time\" content=\"2024-01-23T01:41:11+00:00\" \/>\n<meta property=\"og:image\" content=\"https:\/\/brasilnoticias.org\/site\/wp-content\/uploads\/2024\/01\/coca-prf.jpg\" \/>\n\t<meta property=\"og:image:width\" content=\"740\" \/>\n\t<meta property=\"og:image:height\" content=\"470\" \/>\n\t<meta property=\"og:image:type\" content=\"image\/jpeg\" \/>\n<meta name=\"author\" content=\"Reda\u00e7\u00e3o\" \/>\n<meta name=\"twitter:card\" content=\"summary_large_image\" \/>\n<meta name=\"twitter:label1\" content=\"Escrito por\" \/>\n\t<meta name=\"twitter:data1\" content=\"Reda\u00e7\u00e3o\" \/>\n\t<meta name=\"twitter:label2\" content=\"Tempo estimado de leitura\" \/>\n\t<meta name=\"twitter:data2\" content=\"1 minuto\" \/>\n<script type=\"application\/ld+json\" class=\"yoast-schema-graph\">{\"@context\":\"https:\/\/schema.org\",\"@graph\":[{\"@type\":\"Article\",\"@id\":\"https:\/\/brasilnoticias.org\/site\/dupla-e-presa-em-onibus-de-viagem-com-3-500-papelotes-de-cocaina\/#article\",\"isPartOf\":{\"@id\":\"https:\/\/brasilnoticias.org\/site\/dupla-e-presa-em-onibus-de-viagem-com-3-500-papelotes-de-cocaina\/\"},\"author\":{\"name\":\"Reda\u00e7\u00e3o\",\"@id\":\"https:\/\/brasilnoticias.org\/site\/#\/schema\/person\/03bbbfe6c7634ad18c26444ea39049fa\"},\"headline\":\"Dupla \u00e9 presa em \u00f4nibus de viagem com 3.500 papelotes de coca\u00edna\",\"datePublished\":\"2024-01-23T01:41:11+00:00\",\"mainEntityOfPage\":{\"@id\":\"https:\/\/brasilnoticias.org\/site\/dupla-e-presa-em-onibus-de-viagem-com-3-500-papelotes-de-cocaina\/\"},\"wordCount\":222,\"commentCount\":0,\"publisher\":{\"@id\":\"https:\/\/brasilnoticias.org\/site\/#organization\"},\"image\":{\"@id\":\"https:\/\/brasilnoticias.org\/site\/dupla-e-presa-em-onibus-de-viagem-com-3-500-papelotes-de-cocaina\/#primaryimage\"},\"thumbnailUrl\":\"https:\/\/brasilnoticias.org\/site\/wp-content\/uploads\/2024\/01\/coca-prf.jpg\",\"articleSection\":[\"Pol\u00edcia\",\"\u00daltimas\"],\"inLanguage\":\"pt-PT\",\"potentialAction\":[{\"@type\":\"CommentAction\",\"name\":\"Comment\",\"target\":[\"https:\/\/brasilnoticias.org\/site\/dupla-e-presa-em-onibus-de-viagem-com-3-500-papelotes-de-cocaina\/#respond\"]}]},{\"@type\":\"WebPage\",\"@id\":\"https:\/\/brasilnoticias.org\/site\/dupla-e-presa-em-onibus-de-viagem-com-3-500-papelotes-de-cocaina\/\",\"url\":\"https:\/\/brasilnoticias.org\/site\/dupla-e-presa-em-onibus-de-viagem-com-3-500-papelotes-de-cocaina\/\",\"name\":\"Dupla \u00e9 presa em \u00f4nibus de viagem com 3.500 papelotes de coca\u00edna - Brasil not\u00edcias\",\"isPartOf\":{\"@id\":\"https:\/\/brasilnoticias.org\/site\/#website\"},\"primaryImageOfPage\":{\"@id\":\"https:\/\/brasilnoticias.org\/site\/dupla-e-presa-em-onibus-de-viagem-com-3-500-papelotes-de-cocaina\/#primaryimage\"},\"image\":{\"@id\":\"https:\/\/brasilnoticias.org\/site\/dupla-e-presa-em-onibus-de-viagem-com-3-500-papelotes-de-cocaina\/#primaryimage\"},\"thumbnailUrl\":\"https:\/\/brasilnoticias.org\/site\/wp-content\/uploads\/2024\/01\/coca-prf.jpg\",\"datePublished\":\"2024-01-23T01:41:11+00:00\",\"breadcrumb\":{\"@id\":\"https:\/\/brasilnoticias.org\/site\/dupla-e-presa-em-onibus-de-viagem-com-3-500-papelotes-de-cocaina\/#breadcrumb\"},\"inLanguage\":\"pt-PT\",\"potentialAction\":[{\"@type\":\"ReadAction\",\"target\":[\"https:\/\/brasilnoticias.org\/site\/dupla-e-presa-em-onibus-de-viagem-com-3-500-papelotes-de-cocaina\/\"]}]},{\"@type\":\"ImageObject\",\"inLanguage\":\"pt-PT\",\"@id\":\"https:\/\/brasilnoticias.org\/site\/dupla-e-presa-em-onibus-de-viagem-com-3-500-papelotes-de-cocaina\/#primaryimage\",\"url\":\"https:\/\/brasilnoticias.org\/site\/wp-content\/uploads\/2024\/01\/coca-prf.jpg\",\"contentUrl\":\"https:\/\/brasilnoticias.org\/site\/wp-content\/uploads\/2024\/01\/coca-prf.jpg\",\"width\":740,\"height\":470},{\"@type\":\"BreadcrumbList\",\"@id\":\"https:\/\/brasilnoticias.org\/site\/dupla-e-presa-em-onibus-de-viagem-com-3-500-papelotes-de-cocaina\/#breadcrumb\",\"itemListElement\":[{\"@type\":\"ListItem\",\"position\":1,\"name\":\"In\u00edcio\",\"item\":\"https:\/\/brasilnoticias.org\/site\/\"},{\"@type\":\"ListItem\",\"position\":2,\"name\":\"Dupla \u00e9 presa em \u00f4nibus de viagem com 3.500 papelotes de coca\u00edna\"}]},{\"@type\":\"WebSite\",\"@id\":\"https:\/\/brasilnoticias.org\/site\/#website\",\"url\":\"https:\/\/brasilnoticias.org\/site\/\",\"name\":\"Brasil not\u00edcias\",\"description\":\"Brasil not\u00edcias\",\"publisher\":{\"@id\":\"https:\/\/brasilnoticias.org\/site\/#organization\"},\"potentialAction\":[{\"@type\":\"SearchAction\",\"target\":{\"@type\":\"EntryPoint\",\"urlTemplate\":\"https:\/\/brasilnoticias.org\/site\/?s={search_term_string}\"},\"query-input\":{\"@type\":\"PropertyValueSpecification\",\"valueRequired\":true,\"valueName\":\"search_term_string\"}}],\"inLanguage\":\"pt-PT\"},{\"@type\":\"Organization\",\"@id\":\"https:\/\/brasilnoticias.org\/site\/#organization\",\"name\":\"Brasil not\u00edcias\",\"url\":\"https:\/\/brasilnoticias.org\/site\/\",\"logo\":{\"@type\":\"ImageObject\",\"inLanguage\":\"pt-PT\",\"@id\":\"https:\/\/brasilnoticias.org\/site\/#\/schema\/logo\/image\/\",\"url\":\"https:\/\/brasilnoticias.org\/site\/wp-content\/uploads\/2022\/05\/cropped-brasilnoticias-mini.jpg\",\"contentUrl\":\"https:\/\/brasilnoticias.org\/site\/wp-content\/uploads\/2022\/05\/cropped-brasilnoticias-mini.jpg\",\"width\":314,\"height\":86,\"caption\":\"Brasil not\u00edcias\"},\"image\":{\"@id\":\"https:\/\/brasilnoticias.org\/site\/#\/schema\/logo\/image\/\"}},{\"@type\":\"Person\",\"@id\":\"https:\/\/brasilnoticias.org\/site\/#\/schema\/person\/03bbbfe6c7634ad18c26444ea39049fa\",\"name\":\"Reda\u00e7\u00e3o\",\"image\":{\"@type\":\"ImageObject\",\"inLanguage\":\"pt-PT\",\"@id\":\"https:\/\/brasilnoticias.org\/site\/#\/schema\/person\/image\/\",\"url\":\"https:\/\/secure.gravatar.com\/avatar\/9ecaf7327a696cb23ad926fedded5f1f04d7049de9e445375d55b48c001a6e42?s=96&d=mm&r=g\",\"contentUrl\":\"https:\/\/secure.gravatar.com\/avatar\/9ecaf7327a696cb23ad926fedded5f1f04d7049de9e445375d55b48c001a6e42?s=96&d=mm&r=g\",\"caption\":\"Reda\u00e7\u00e3o\"},\"url\":\"https:\/\/brasilnoticias.org\/site\/author\/henrique\/\"}]}<\/script>\n<!-- \/ Yoast SEO plugin. -->","yoast_head_json":{"title":"Dupla \u00e9 presa em \u00f4nibus de viagem com 3.500 papelotes de coca\u00edna - Brasil not\u00edcias","robots":{"index":"index","follow":"follow","max-snippet":"max-snippet:-1","max-image-preview":"max-image-preview:large","max-video-preview":"max-video-preview:-1"},"canonical":"https:\/\/brasilnoticias.org\/site\/dupla-e-presa-em-onibus-de-viagem-com-3-500-papelotes-de-cocaina\/","og_locale":"pt_PT","og_type":"article","og_title":"Dupla \u00e9 presa em \u00f4nibus de viagem com 3.500 papelotes de coca\u00edna - Brasil not\u00edcias","og_description":"A mulher de 21 anos e o homem de 53 anos foram presos e a ocorr\u00eancia foi encaminhada \u00e0 Delegacia","og_url":"https:\/\/brasilnoticias.org\/site\/dupla-e-presa-em-onibus-de-viagem-com-3-500-papelotes-de-cocaina\/","og_site_name":"Brasil not\u00edcias","article_published_time":"2024-01-23T01:41:11+00:00","og_image":[{"width":740,"height":470,"url":"https:\/\/brasilnoticias.org\/site\/wp-content\/uploads\/2024\/01\/coca-prf.jpg","type":"image\/jpeg"}],"author":"Reda\u00e7\u00e3o","twitter_card":"summary_large_image","twitter_misc":{"Escrito por":"Reda\u00e7\u00e3o","Tempo estimado de leitura":"1 minuto"},"schema":{"@context":"https:\/\/schema.org","@graph":[{"@type":"Article","@id":"https:\/\/brasilnoticias.org\/site\/dupla-e-presa-em-onibus-de-viagem-com-3-500-papelotes-de-cocaina\/#article","isPartOf":{"@id":"https:\/\/brasilnoticias.org\/site\/dupla-e-presa-em-onibus-de-viagem-com-3-500-papelotes-de-cocaina\/"},"author":{"name":"Reda\u00e7\u00e3o","@id":"https:\/\/brasilnoticias.org\/site\/#\/schema\/person\/03bbbfe6c7634ad18c26444ea39049fa"},"headline":"Dupla \u00e9 presa em \u00f4nibus de viagem com 3.500 papelotes de coca\u00edna","datePublished":"2024-01-23T01:41:11+00:00","mainEntityOfPage":{"@id":"https:\/\/brasilnoticias.org\/site\/dupla-e-presa-em-onibus-de-viagem-com-3-500-papelotes-de-cocaina\/"},"wordCount":222,"commentCount":0,"publisher":{"@id":"https:\/\/brasilnoticias.org\/site\/#organization"},"image":{"@id":"https:\/\/brasilnoticias.org\/site\/dupla-e-presa-em-onibus-de-viagem-com-3-500-papelotes-de-cocaina\/#primaryimage"},"thumbnailUrl":"https:\/\/brasilnoticias.org\/site\/wp-content\/uploads\/2024\/01\/coca-prf.jpg","articleSection":["Pol\u00edcia","\u00daltimas"],"inLanguage":"pt-PT","potentialAction":[{"@type":"CommentAction","name":"Comment","target":["https:\/\/brasilnoticias.org\/site\/dupla-e-presa-em-onibus-de-viagem-com-3-500-papelotes-de-cocaina\/#respond"]}]},{"@type":"WebPage","@id":"https:\/\/brasilnoticias.org\/site\/dupla-e-presa-em-onibus-de-viagem-com-3-500-papelotes-de-cocaina\/","url":"https:\/\/brasilnoticias.org\/site\/dupla-e-presa-em-onibus-de-viagem-com-3-500-papelotes-de-cocaina\/","name":"Dupla \u00e9 presa em \u00f4nibus de viagem com 3.500 papelotes de coca\u00edna - Brasil not\u00edcias","isPartOf":{"@id":"https:\/\/brasilnoticias.org\/site\/#website"},"primaryImageOfPage":{"@id":"https:\/\/brasilnoticias.org\/site\/dupla-e-presa-em-onibus-de-viagem-com-3-500-papelotes-de-cocaina\/#primaryimage"},"image":{"@id":"https:\/\/brasilnoticias.org\/site\/dupla-e-presa-em-onibus-de-viagem-com-3-500-papelotes-de-cocaina\/#primaryimage"},"thumbnailUrl":"https:\/\/brasilnoticias.org\/site\/wp-content\/uploads\/2024\/01\/coca-prf.jpg","datePublished":"2024-01-23T01:41:11+00:00","breadcrumb":{"@id":"https:\/\/brasilnoticias.org\/site\/dupla-e-presa-em-onibus-de-viagem-com-3-500-papelotes-de-cocaina\/#breadcrumb"},"inLanguage":"pt-PT","potentialAction":[{"@type":"ReadAction","target":["https:\/\/brasilnoticias.org\/site\/dupla-e-presa-em-onibus-de-viagem-com-3-500-papelotes-de-cocaina\/"]}]},{"@type":"ImageObject","inLanguage":"pt-PT","@id":"https:\/\/brasilnoticias.org\/site\/dupla-e-presa-em-onibus-de-viagem-com-3-500-papelotes-de-cocaina\/#primaryimage","url":"https:\/\/brasilnoticias.org\/site\/wp-content\/uploads\/2024\/01\/coca-prf.jpg","contentUrl":"https:\/\/brasilnoticias.org\/site\/wp-content\/uploads\/2024\/01\/coca-prf.jpg","width":740,"height":470},{"@type":"BreadcrumbList","@id":"https:\/\/brasilnoticias.org\/site\/dupla-e-presa-em-onibus-de-viagem-com-3-500-papelotes-de-cocaina\/#breadcrumb","itemListElement":[{"@type":"ListItem","position":1,"name":"In\u00edcio","item":"https:\/\/brasilnoticias.org\/site\/"},{"@type":"ListItem","position":2,"name":"Dupla \u00e9 presa em \u00f4nibus de viagem com 3.500 papelotes de coca\u00edna"}]},{"@type":"WebSite","@id":"https:\/\/brasilnoticias.org\/site\/#website","url":"https:\/\/brasilnoticias.org\/site\/","name":"Brasil not\u00edcias","description":"Brasil not\u00edcias","publisher":{"@id":"https:\/\/brasilnoticias.org\/site\/#organization"},"potentialAction":[{"@type":"SearchAction","target":{"@type":"EntryPoint","urlTemplate":"https:\/\/brasilnoticias.org\/site\/?s={search_term_string}"},"query-input":{"@type":"PropertyValueSpecification","valueRequired":true,"valueName":"search_term_string"}}],"inLanguage":"pt-PT"},{"@type":"Organization","@id":"https:\/\/brasilnoticias.org\/site\/#organization","name":"Brasil not\u00edcias","url":"https:\/\/brasilnoticias.org\/site\/","logo":{"@type":"ImageObject","inLanguage":"pt-PT","@id":"https:\/\/brasilnoticias.org\/site\/#\/schema\/logo\/image\/","url":"https:\/\/brasilnoticias.org\/site\/wp-content\/uploads\/2022\/05\/cropped-brasilnoticias-mini.jpg","contentUrl":"https:\/\/brasilnoticias.org\/site\/wp-content\/uploads\/2022\/05\/cropped-brasilnoticias-mini.jpg","width":314,"height":86,"caption":"Brasil not\u00edcias"},"image":{"@id":"https:\/\/brasilnoticias.org\/site\/#\/schema\/logo\/image\/"}},{"@type":"Person","@id":"https:\/\/brasilnoticias.org\/site\/#\/schema\/person\/03bbbfe6c7634ad18c26444ea39049fa","name":"Reda\u00e7\u00e3o","image":{"@type":"ImageObject","inLanguage":"pt-PT","@id":"https:\/\/brasilnoticias.org\/site\/#\/schema\/person\/image\/","url":"https:\/\/secure.gravatar.com\/avatar\/9ecaf7327a696cb23ad926fedded5f1f04d7049de9e445375d55b48c001a6e42?s=96&d=mm&r=g","contentUrl":"https:\/\/secure.gravatar.com\/avatar\/9ecaf7327a696cb23ad926fedded5f1f04d7049de9e445375d55b48c001a6e42?s=96&d=mm&r=g","caption":"Reda\u00e7\u00e3o"},"url":"https:\/\/brasilnoticias.org\/site\/author\/henrique\/"}]}},"_links":{"self":[{"href":"https:\/\/brasilnoticias.org\/site\/wp-json\/wp\/v2\/posts\/12382","targetHints":{"allow":["GET"]}}],"collection":[{"href":"https:\/\/brasilnoticias.org\/site\/wp-json\/wp\/v2\/posts"}],"about":[{"href":"https:\/\/brasilnoticias.org\/site\/wp-json\/wp\/v2\/types\/post"}],"author":[{"embeddable":true,"href":"https:\/\/brasilnoticias.org\/site\/wp-json\/wp\/v2\/users\/4"}],"replies":[{"embeddable":true,"href":"https:\/\/brasilnoticias.org\/site\/wp-json\/wp\/v2\/comments?post=12382"}],"version-history":[{"count":1,"href":"https:\/\/brasilnoticias.org\/site\/wp-json\/wp\/v2\/posts\/12382\/revisions"}],"predecessor-version":[{"id":12384,"href":"https:\/\/brasilnoticias.org\/site\/wp-json\/wp\/v2\/posts\/12382\/revisions\/12384"}],"wp:featuredmedia":[{"embeddable":true,"href":"https:\/\/brasilnoticias.org\/site\/wp-json\/wp\/v2\/media\/12383"}],"wp:attachment":[{"href":"https:\/\/brasilnoticias.org\/site\/wp-json\/wp\/v2\/media?parent=12382"}],"wp:term":[{"taxonomy":"category","embeddable":true,"href":"https:\/\/brasilnoticias.org\/site\/wp-json\/wp\/v2\/categories?post=12382"},{"taxonomy":"post_tag","embeddable":true,"href":"https:\/\/brasilnoticias.org\/site\/wp-json\/wp\/v2\/tags?post=12382"}],"curies":[{"name":"wp","href":"https:\/\/api.w.org\/{rel}","templated":true}]}}