{"id":12385,"date":"2024-01-22T22:43:20","date_gmt":"2024-01-23T01:43:20","guid":{"rendered":"https:\/\/brasilnoticias.org\/site\/?p=12385"},"modified":"2024-01-22T22:43:20","modified_gmt":"2024-01-23T01:43:20","slug":"india-e-morta-a-tiros-em-conflito-violento-entre-indigenas-e-fazendeiros-no-sul-da-bahia","status":"publish","type":"post","link":"https:\/\/brasilnoticias.org\/site\/india-e-morta-a-tiros-em-conflito-violento-entre-indigenas-e-fazendeiros-no-sul-da-bahia\/","title":{"rendered":"\u00cdndia \u00e9 morta a tiros em conflito violento entre ind\u00edgenas e fazendeiros no sul da Bahia"},"content":{"rendered":"<p>Na tarde de domingo (21), a ind\u00edgena Nega Patax\u00f3, irm\u00e3 do cacique Nailton Muniz Patax\u00f3, do povo H\u00e3-h\u00e3-h\u00e3e, foi morta a tiros em um conflito entre ind\u00edgenas, policiais militares e fazendeiros no territ\u00f3rio Caramuru, munic\u00edpio de Potiragu\u00e1, no sul da Bahia.<\/p>\n<p>Ainda de acordo com a Articula\u00e7\u00e3o dos Povos Ind\u00edgenas do Brasil (Apib), al\u00e9m de Nega Patax\u00f3, o cacique Nailton Muniz Patax\u00f3 e outra lideran\u00e7a ind\u00edgena foram baleados.<\/p>\n<p>A ind\u00edgena que morreu foi identificada como Maria F\u00e1tima Muniz de Andrade, de 45 anos, e o cacique baleado como Nailton Muniz Patax\u00f3, de 40 anos. Ele foi atingido no rim e passou por cirurgia no Hospital Cristo Redentor, em Itapetinga.<\/p>\n<p>Entre os feridos est\u00e1 uma mulher que teve o bra\u00e7o quebrado. Outras pessoas que se machucaram foram hospitalizadas, mas n\u00e3o correm risco de morte.<\/p>\n<p>De acordo com a Apib, a retomada de uma fazenda por parte dos ind\u00edgenas como parte do territ\u00f3rio Caramuru come\u00e7ou na madrugada de s\u00e1bado (20). Ap\u00f3s mobiliza\u00e7\u00e3o de ruralistas da regi\u00e3o por meio de um aplicativo de mensagens, que convocava fazendeiros e comerciantes retomar a fazenda com as pr\u00f3prias m\u00e3os, os ind\u00edgenas teriam sido cercados.<\/p>\n<p>A Secretaria de Seguran\u00e7a P\u00fablica da Bahia (SSP-BA) informou que a situa\u00e7\u00e3o aconteceu durante a a\u00e7\u00e3o de um grupo intitulado Movimento Invas\u00e3o Zero.<\/p>\n<p>Segundo o Minist\u00e9rio dos Povos Ind\u00edgenas (MPI), a situa\u00e7\u00e3o aconteceu por causa de disputa de terras entre ind\u00edgenas e fazendeiros.<\/p>\n<p>Cerca de 200 ruralistas da regi\u00e3o se organizaram atrav\u00e9s de um aplicativo de mensagens e convocaram os fazendeiros e comerciantes para recuperar por meios pr\u00f3prios, sem decis\u00e3o judicial, a posse da Fazenda Inhuma, ocupada por ind\u00edgenas no \u00faltimo s\u00e1bado (20). Eles teriam cercado a \u00e1rea com dezenas de ve\u00edculos.<\/p>\n<p>Al\u00e9m dos fazendeiros que foram detidos, um ind\u00edgena que portava uma arma artesanal tamb\u00e9m foi preso. Segundo a Pol\u00edcia Militar, um ruralista foi ferido com uma flechada no bra\u00e7o, mas est\u00e1 est\u00e1vel.<\/p>\n<p>O Minist\u00e9rio dos Povos Ind\u00edgenas informou que vai enviar uma comiss\u00e3o, liderada pela ministra Sonia Guajajara, ao local na segunda-feira (22).<\/p>\n<p>Informa\u00e7\u00f5es da Gazeta Brasil \/ Foto: Reprodu\u00e7\u00e3o\/Redes Sociais<\/p>\n","protected":false},"excerpt":{"rendered":"<p>Na tarde de domingo (21), a ind\u00edgena Nega Patax\u00f3, irm\u00e3 do cacique Nailton Muniz Patax\u00f3, do povo H\u00e3-h\u00e3-h\u00e3e, foi morta<\/p>\n","protected":false},"author":4,"featured_media":12386,"comment_status":"open","ping_status":"open","sticky":false,"template":"","format":"standard","meta":{"colormag_page_container_layout":"default_layout","colormag_page_sidebar_layout":"default_layout","_FSMCFIC_featured_image_caption":"","_FSMCFIC_featured_image_nocaption":"","_FSMCFIC_featured_image_hide":"","footnotes":""},"categories":[3,1],"tags":[],"class_list":["post-12385","post","type-post","status-publish","format-standard","has-post-thumbnail","hentry","category-policia","category-ultimas"],"yoast_head":"<!-- This site is optimized with the Yoast SEO plugin v27.1.1 - https:\/\/yoast.com\/product\/yoast-seo-wordpress\/ -->\n<title>\u00cdndia \u00e9 morta a tiros em conflito violento entre ind\u00edgenas e fazendeiros no sul da Bahia - Brasil not\u00edcias<\/title>\n<meta name=\"robots\" content=\"index, follow, max-snippet:-1, max-image-preview:large, max-video-preview:-1\" \/>\n<link rel=\"canonical\" href=\"https:\/\/brasilnoticias.org\/site\/india-e-morta-a-tiros-em-conflito-violento-entre-indigenas-e-fazendeiros-no-sul-da-bahia\/\" \/>\n<meta property=\"og:locale\" content=\"pt_PT\" \/>\n<meta property=\"og:type\" content=\"article\" \/>\n<meta property=\"og:title\" content=\"\u00cdndia \u00e9 morta a tiros em conflito violento entre ind\u00edgenas e fazendeiros no sul da Bahia - Brasil not\u00edcias\" \/>\n<meta property=\"og:description\" content=\"Na tarde de domingo (21), a ind\u00edgena Nega Patax\u00f3, irm\u00e3 do cacique Nailton Muniz Patax\u00f3, do povo H\u00e3-h\u00e3-h\u00e3e, foi morta\" \/>\n<meta property=\"og:url\" content=\"https:\/\/brasilnoticias.org\/site\/india-e-morta-a-tiros-em-conflito-violento-entre-indigenas-e-fazendeiros-no-sul-da-bahia\/\" \/>\n<meta property=\"og:site_name\" content=\"Brasil not\u00edcias\" \/>\n<meta property=\"article:published_time\" content=\"2024-01-23T01:43:20+00:00\" \/>\n<meta property=\"og:image\" content=\"https:\/\/brasilnoticias.org\/site\/wp-content\/uploads\/2024\/01\/Screenshot_1818.png\" \/>\n\t<meta property=\"og:image:width\" content=\"640\" \/>\n\t<meta property=\"og:image:height\" content=\"440\" \/>\n\t<meta property=\"og:image:type\" content=\"image\/png\" \/>\n<meta name=\"author\" content=\"Reda\u00e7\u00e3o\" \/>\n<meta name=\"twitter:card\" content=\"summary_large_image\" \/>\n<meta name=\"twitter:label1\" content=\"Escrito por\" \/>\n\t<meta name=\"twitter:data1\" content=\"Reda\u00e7\u00e3o\" \/>\n\t<meta name=\"twitter:label2\" content=\"Tempo estimado de leitura\" \/>\n\t<meta name=\"twitter:data2\" content=\"1 minuto\" \/>\n<script type=\"application\/ld+json\" class=\"yoast-schema-graph\">{\"@context\":\"https:\/\/schema.org\",\"@graph\":[{\"@type\":\"Article\",\"@id\":\"https:\/\/brasilnoticias.org\/site\/india-e-morta-a-tiros-em-conflito-violento-entre-indigenas-e-fazendeiros-no-sul-da-bahia\/#article\",\"isPartOf\":{\"@id\":\"https:\/\/brasilnoticias.org\/site\/india-e-morta-a-tiros-em-conflito-violento-entre-indigenas-e-fazendeiros-no-sul-da-bahia\/\"},\"author\":{\"name\":\"Reda\u00e7\u00e3o\",\"@id\":\"https:\/\/brasilnoticias.org\/site\/#\/schema\/person\/03bbbfe6c7634ad18c26444ea39049fa\"},\"headline\":\"\u00cdndia \u00e9 morta a tiros em conflito violento entre ind\u00edgenas e fazendeiros no sul da Bahia\",\"datePublished\":\"2024-01-23T01:43:20+00:00\",\"mainEntityOfPage\":{\"@id\":\"https:\/\/brasilnoticias.org\/site\/india-e-morta-a-tiros-em-conflito-violento-entre-indigenas-e-fazendeiros-no-sul-da-bahia\/\"},\"wordCount\":403,\"commentCount\":0,\"publisher\":{\"@id\":\"https:\/\/brasilnoticias.org\/site\/#organization\"},\"image\":{\"@id\":\"https:\/\/brasilnoticias.org\/site\/india-e-morta-a-tiros-em-conflito-violento-entre-indigenas-e-fazendeiros-no-sul-da-bahia\/#primaryimage\"},\"thumbnailUrl\":\"https:\/\/brasilnoticias.org\/site\/wp-content\/uploads\/2024\/01\/Screenshot_1818.png\",\"articleSection\":[\"Pol\u00edcia\",\"\u00daltimas\"],\"inLanguage\":\"pt-PT\",\"potentialAction\":[{\"@type\":\"CommentAction\",\"name\":\"Comment\",\"target\":[\"https:\/\/brasilnoticias.org\/site\/india-e-morta-a-tiros-em-conflito-violento-entre-indigenas-e-fazendeiros-no-sul-da-bahia\/#respond\"]}]},{\"@type\":\"WebPage\",\"@id\":\"https:\/\/brasilnoticias.org\/site\/india-e-morta-a-tiros-em-conflito-violento-entre-indigenas-e-fazendeiros-no-sul-da-bahia\/\",\"url\":\"https:\/\/brasilnoticias.org\/site\/india-e-morta-a-tiros-em-conflito-violento-entre-indigenas-e-fazendeiros-no-sul-da-bahia\/\",\"name\":\"\u00cdndia \u00e9 morta a tiros em conflito violento entre ind\u00edgenas e fazendeiros no sul da Bahia - Brasil not\u00edcias\",\"isPartOf\":{\"@id\":\"https:\/\/brasilnoticias.org\/site\/#website\"},\"primaryImageOfPage\":{\"@id\":\"https:\/\/brasilnoticias.org\/site\/india-e-morta-a-tiros-em-conflito-violento-entre-indigenas-e-fazendeiros-no-sul-da-bahia\/#primaryimage\"},\"image\":{\"@id\":\"https:\/\/brasilnoticias.org\/site\/india-e-morta-a-tiros-em-conflito-violento-entre-indigenas-e-fazendeiros-no-sul-da-bahia\/#primaryimage\"},\"thumbnailUrl\":\"https:\/\/brasilnoticias.org\/site\/wp-content\/uploads\/2024\/01\/Screenshot_1818.png\",\"datePublished\":\"2024-01-23T01:43:20+00:00\",\"breadcrumb\":{\"@id\":\"https:\/\/brasilnoticias.org\/site\/india-e-morta-a-tiros-em-conflito-violento-entre-indigenas-e-fazendeiros-no-sul-da-bahia\/#breadcrumb\"},\"inLanguage\":\"pt-PT\",\"potentialAction\":[{\"@type\":\"ReadAction\",\"target\":[\"https:\/\/brasilnoticias.org\/site\/india-e-morta-a-tiros-em-conflito-violento-entre-indigenas-e-fazendeiros-no-sul-da-bahia\/\"]}]},{\"@type\":\"ImageObject\",\"inLanguage\":\"pt-PT\",\"@id\":\"https:\/\/brasilnoticias.org\/site\/india-e-morta-a-tiros-em-conflito-violento-entre-indigenas-e-fazendeiros-no-sul-da-bahia\/#primaryimage\",\"url\":\"https:\/\/brasilnoticias.org\/site\/wp-content\/uploads\/2024\/01\/Screenshot_1818.png\",\"contentUrl\":\"https:\/\/brasilnoticias.org\/site\/wp-content\/uploads\/2024\/01\/Screenshot_1818.png\",\"width\":640,\"height\":440},{\"@type\":\"BreadcrumbList\",\"@id\":\"https:\/\/brasilnoticias.org\/site\/india-e-morta-a-tiros-em-conflito-violento-entre-indigenas-e-fazendeiros-no-sul-da-bahia\/#breadcrumb\",\"itemListElement\":[{\"@type\":\"ListItem\",\"position\":1,\"name\":\"In\u00edcio\",\"item\":\"https:\/\/brasilnoticias.org\/site\/\"},{\"@type\":\"ListItem\",\"position\":2,\"name\":\"\u00cdndia \u00e9 morta a tiros em conflito violento entre ind\u00edgenas e fazendeiros no sul da Bahia\"}]},{\"@type\":\"WebSite\",\"@id\":\"https:\/\/brasilnoticias.org\/site\/#website\",\"url\":\"https:\/\/brasilnoticias.org\/site\/\",\"name\":\"Brasil not\u00edcias\",\"description\":\"Brasil not\u00edcias\",\"publisher\":{\"@id\":\"https:\/\/brasilnoticias.org\/site\/#organization\"},\"potentialAction\":[{\"@type\":\"SearchAction\",\"target\":{\"@type\":\"EntryPoint\",\"urlTemplate\":\"https:\/\/brasilnoticias.org\/site\/?s={search_term_string}\"},\"query-input\":{\"@type\":\"PropertyValueSpecification\",\"valueRequired\":true,\"valueName\":\"search_term_string\"}}],\"inLanguage\":\"pt-PT\"},{\"@type\":\"Organization\",\"@id\":\"https:\/\/brasilnoticias.org\/site\/#organization\",\"name\":\"Brasil not\u00edcias\",\"url\":\"https:\/\/brasilnoticias.org\/site\/\",\"logo\":{\"@type\":\"ImageObject\",\"inLanguage\":\"pt-PT\",\"@id\":\"https:\/\/brasilnoticias.org\/site\/#\/schema\/logo\/image\/\",\"url\":\"https:\/\/brasilnoticias.org\/site\/wp-content\/uploads\/2022\/05\/cropped-brasilnoticias-mini.jpg\",\"contentUrl\":\"https:\/\/brasilnoticias.org\/site\/wp-content\/uploads\/2022\/05\/cropped-brasilnoticias-mini.jpg\",\"width\":314,\"height\":86,\"caption\":\"Brasil not\u00edcias\"},\"image\":{\"@id\":\"https:\/\/brasilnoticias.org\/site\/#\/schema\/logo\/image\/\"}},{\"@type\":\"Person\",\"@id\":\"https:\/\/brasilnoticias.org\/site\/#\/schema\/person\/03bbbfe6c7634ad18c26444ea39049fa\",\"name\":\"Reda\u00e7\u00e3o\",\"image\":{\"@type\":\"ImageObject\",\"inLanguage\":\"pt-PT\",\"@id\":\"https:\/\/brasilnoticias.org\/site\/#\/schema\/person\/image\/\",\"url\":\"https:\/\/secure.gravatar.com\/avatar\/9ecaf7327a696cb23ad926fedded5f1f04d7049de9e445375d55b48c001a6e42?s=96&d=mm&r=g\",\"contentUrl\":\"https:\/\/secure.gravatar.com\/avatar\/9ecaf7327a696cb23ad926fedded5f1f04d7049de9e445375d55b48c001a6e42?s=96&d=mm&r=g\",\"caption\":\"Reda\u00e7\u00e3o\"},\"url\":\"https:\/\/brasilnoticias.org\/site\/author\/henrique\/\"}]}<\/script>\n<!-- \/ Yoast SEO plugin. -->","yoast_head_json":{"title":"\u00cdndia \u00e9 morta a tiros em conflito violento entre ind\u00edgenas e fazendeiros no sul da Bahia - Brasil not\u00edcias","robots":{"index":"index","follow":"follow","max-snippet":"max-snippet:-1","max-image-preview":"max-image-preview:large","max-video-preview":"max-video-preview:-1"},"canonical":"https:\/\/brasilnoticias.org\/site\/india-e-morta-a-tiros-em-conflito-violento-entre-indigenas-e-fazendeiros-no-sul-da-bahia\/","og_locale":"pt_PT","og_type":"article","og_title":"\u00cdndia \u00e9 morta a tiros em conflito violento entre ind\u00edgenas e fazendeiros no sul da Bahia - Brasil not\u00edcias","og_description":"Na tarde de domingo (21), a ind\u00edgena Nega Patax\u00f3, irm\u00e3 do cacique Nailton Muniz Patax\u00f3, do povo H\u00e3-h\u00e3-h\u00e3e, foi morta","og_url":"https:\/\/brasilnoticias.org\/site\/india-e-morta-a-tiros-em-conflito-violento-entre-indigenas-e-fazendeiros-no-sul-da-bahia\/","og_site_name":"Brasil not\u00edcias","article_published_time":"2024-01-23T01:43:20+00:00","og_image":[{"width":640,"height":440,"url":"https:\/\/brasilnoticias.org\/site\/wp-content\/uploads\/2024\/01\/Screenshot_1818.png","type":"image\/png"}],"author":"Reda\u00e7\u00e3o","twitter_card":"summary_large_image","twitter_misc":{"Escrito por":"Reda\u00e7\u00e3o","Tempo estimado de leitura":"1 minuto"},"schema":{"@context":"https:\/\/schema.org","@graph":[{"@type":"Article","@id":"https:\/\/brasilnoticias.org\/site\/india-e-morta-a-tiros-em-conflito-violento-entre-indigenas-e-fazendeiros-no-sul-da-bahia\/#article","isPartOf":{"@id":"https:\/\/brasilnoticias.org\/site\/india-e-morta-a-tiros-em-conflito-violento-entre-indigenas-e-fazendeiros-no-sul-da-bahia\/"},"author":{"name":"Reda\u00e7\u00e3o","@id":"https:\/\/brasilnoticias.org\/site\/#\/schema\/person\/03bbbfe6c7634ad18c26444ea39049fa"},"headline":"\u00cdndia \u00e9 morta a tiros em conflito violento entre ind\u00edgenas e fazendeiros no sul da Bahia","datePublished":"2024-01-23T01:43:20+00:00","mainEntityOfPage":{"@id":"https:\/\/brasilnoticias.org\/site\/india-e-morta-a-tiros-em-conflito-violento-entre-indigenas-e-fazendeiros-no-sul-da-bahia\/"},"wordCount":403,"commentCount":0,"publisher":{"@id":"https:\/\/brasilnoticias.org\/site\/#organization"},"image":{"@id":"https:\/\/brasilnoticias.org\/site\/india-e-morta-a-tiros-em-conflito-violento-entre-indigenas-e-fazendeiros-no-sul-da-bahia\/#primaryimage"},"thumbnailUrl":"https:\/\/brasilnoticias.org\/site\/wp-content\/uploads\/2024\/01\/Screenshot_1818.png","articleSection":["Pol\u00edcia","\u00daltimas"],"inLanguage":"pt-PT","potentialAction":[{"@type":"CommentAction","name":"Comment","target":["https:\/\/brasilnoticias.org\/site\/india-e-morta-a-tiros-em-conflito-violento-entre-indigenas-e-fazendeiros-no-sul-da-bahia\/#respond"]}]},{"@type":"WebPage","@id":"https:\/\/brasilnoticias.org\/site\/india-e-morta-a-tiros-em-conflito-violento-entre-indigenas-e-fazendeiros-no-sul-da-bahia\/","url":"https:\/\/brasilnoticias.org\/site\/india-e-morta-a-tiros-em-conflito-violento-entre-indigenas-e-fazendeiros-no-sul-da-bahia\/","name":"\u00cdndia \u00e9 morta a tiros em conflito violento entre ind\u00edgenas e fazendeiros no sul da Bahia - Brasil not\u00edcias","isPartOf":{"@id":"https:\/\/brasilnoticias.org\/site\/#website"},"primaryImageOfPage":{"@id":"https:\/\/brasilnoticias.org\/site\/india-e-morta-a-tiros-em-conflito-violento-entre-indigenas-e-fazendeiros-no-sul-da-bahia\/#primaryimage"},"image":{"@id":"https:\/\/brasilnoticias.org\/site\/india-e-morta-a-tiros-em-conflito-violento-entre-indigenas-e-fazendeiros-no-sul-da-bahia\/#primaryimage"},"thumbnailUrl":"https:\/\/brasilnoticias.org\/site\/wp-content\/uploads\/2024\/01\/Screenshot_1818.png","datePublished":"2024-01-23T01:43:20+00:00","breadcrumb":{"@id":"https:\/\/brasilnoticias.org\/site\/india-e-morta-a-tiros-em-conflito-violento-entre-indigenas-e-fazendeiros-no-sul-da-bahia\/#breadcrumb"},"inLanguage":"pt-PT","potentialAction":[{"@type":"ReadAction","target":["https:\/\/brasilnoticias.org\/site\/india-e-morta-a-tiros-em-conflito-violento-entre-indigenas-e-fazendeiros-no-sul-da-bahia\/"]}]},{"@type":"ImageObject","inLanguage":"pt-PT","@id":"https:\/\/brasilnoticias.org\/site\/india-e-morta-a-tiros-em-conflito-violento-entre-indigenas-e-fazendeiros-no-sul-da-bahia\/#primaryimage","url":"https:\/\/brasilnoticias.org\/site\/wp-content\/uploads\/2024\/01\/Screenshot_1818.png","contentUrl":"https:\/\/brasilnoticias.org\/site\/wp-content\/uploads\/2024\/01\/Screenshot_1818.png","width":640,"height":440},{"@type":"BreadcrumbList","@id":"https:\/\/brasilnoticias.org\/site\/india-e-morta-a-tiros-em-conflito-violento-entre-indigenas-e-fazendeiros-no-sul-da-bahia\/#breadcrumb","itemListElement":[{"@type":"ListItem","position":1,"name":"In\u00edcio","item":"https:\/\/brasilnoticias.org\/site\/"},{"@type":"ListItem","position":2,"name":"\u00cdndia \u00e9 morta a tiros em conflito violento entre ind\u00edgenas e fazendeiros no sul da Bahia"}]},{"@type":"WebSite","@id":"https:\/\/brasilnoticias.org\/site\/#website","url":"https:\/\/brasilnoticias.org\/site\/","name":"Brasil not\u00edcias","description":"Brasil not\u00edcias","publisher":{"@id":"https:\/\/brasilnoticias.org\/site\/#organization"},"potentialAction":[{"@type":"SearchAction","target":{"@type":"EntryPoint","urlTemplate":"https:\/\/brasilnoticias.org\/site\/?s={search_term_string}"},"query-input":{"@type":"PropertyValueSpecification","valueRequired":true,"valueName":"search_term_string"}}],"inLanguage":"pt-PT"},{"@type":"Organization","@id":"https:\/\/brasilnoticias.org\/site\/#organization","name":"Brasil not\u00edcias","url":"https:\/\/brasilnoticias.org\/site\/","logo":{"@type":"ImageObject","inLanguage":"pt-PT","@id":"https:\/\/brasilnoticias.org\/site\/#\/schema\/logo\/image\/","url":"https:\/\/brasilnoticias.org\/site\/wp-content\/uploads\/2022\/05\/cropped-brasilnoticias-mini.jpg","contentUrl":"https:\/\/brasilnoticias.org\/site\/wp-content\/uploads\/2022\/05\/cropped-brasilnoticias-mini.jpg","width":314,"height":86,"caption":"Brasil not\u00edcias"},"image":{"@id":"https:\/\/brasilnoticias.org\/site\/#\/schema\/logo\/image\/"}},{"@type":"Person","@id":"https:\/\/brasilnoticias.org\/site\/#\/schema\/person\/03bbbfe6c7634ad18c26444ea39049fa","name":"Reda\u00e7\u00e3o","image":{"@type":"ImageObject","inLanguage":"pt-PT","@id":"https:\/\/brasilnoticias.org\/site\/#\/schema\/person\/image\/","url":"https:\/\/secure.gravatar.com\/avatar\/9ecaf7327a696cb23ad926fedded5f1f04d7049de9e445375d55b48c001a6e42?s=96&d=mm&r=g","contentUrl":"https:\/\/secure.gravatar.com\/avatar\/9ecaf7327a696cb23ad926fedded5f1f04d7049de9e445375d55b48c001a6e42?s=96&d=mm&r=g","caption":"Reda\u00e7\u00e3o"},"url":"https:\/\/brasilnoticias.org\/site\/author\/henrique\/"}]}},"_links":{"self":[{"href":"https:\/\/brasilnoticias.org\/site\/wp-json\/wp\/v2\/posts\/12385","targetHints":{"allow":["GET"]}}],"collection":[{"href":"https:\/\/brasilnoticias.org\/site\/wp-json\/wp\/v2\/posts"}],"about":[{"href":"https:\/\/brasilnoticias.org\/site\/wp-json\/wp\/v2\/types\/post"}],"author":[{"embeddable":true,"href":"https:\/\/brasilnoticias.org\/site\/wp-json\/wp\/v2\/users\/4"}],"replies":[{"embeddable":true,"href":"https:\/\/brasilnoticias.org\/site\/wp-json\/wp\/v2\/comments?post=12385"}],"version-history":[{"count":1,"href":"https:\/\/brasilnoticias.org\/site\/wp-json\/wp\/v2\/posts\/12385\/revisions"}],"predecessor-version":[{"id":12387,"href":"https:\/\/brasilnoticias.org\/site\/wp-json\/wp\/v2\/posts\/12385\/revisions\/12387"}],"wp:featuredmedia":[{"embeddable":true,"href":"https:\/\/brasilnoticias.org\/site\/wp-json\/wp\/v2\/media\/12386"}],"wp:attachment":[{"href":"https:\/\/brasilnoticias.org\/site\/wp-json\/wp\/v2\/media?parent=12385"}],"wp:term":[{"taxonomy":"category","embeddable":true,"href":"https:\/\/brasilnoticias.org\/site\/wp-json\/wp\/v2\/categories?post=12385"},{"taxonomy":"post_tag","embeddable":true,"href":"https:\/\/brasilnoticias.org\/site\/wp-json\/wp\/v2\/tags?post=12385"}],"curies":[{"name":"wp","href":"https:\/\/api.w.org\/{rel}","templated":true}]}}