{"id":12388,"date":"2024-01-22T22:45:40","date_gmt":"2024-01-23T01:45:40","guid":{"rendered":"https:\/\/brasilnoticias.org\/site\/?p=12388"},"modified":"2024-01-22T22:45:40","modified_gmt":"2024-01-23T01:45:40","slug":"governo-da-argentina-cancela-beneficios-sociais-de-mais-de-27-mil-pessoas-por-incompatibilidades","status":"publish","type":"post","link":"https:\/\/brasilnoticias.org\/site\/governo-da-argentina-cancela-beneficios-sociais-de-mais-de-27-mil-pessoas-por-incompatibilidades\/","title":{"rendered":"Governo da Argentina cancela benef\u00edcios sociais de mais de 27 mil pessoas por \u201cincompatibilidades\u201d"},"content":{"rendered":"<p>O Minist\u00e9rio de Capital Humano da Argentina anunciou neste s\u00e1bado (20) que mais de 27 mil benefici\u00e1rios dos programas Potenciar Trabalho e Potenciar Empleo ser\u00e3o exclu\u00eddos, ap\u00f3s a realiza\u00e7\u00e3o de uma verifica\u00e7\u00e3o de dados e do cumprimento dos requisitos por parte de todos os titulares.<\/p>\n<p>\u201cForam identificados 27.208 casos de incompatibilidade nos planos Potenciar Trabalho e 12 no Potenciar Empleo, nos quais os pagamentos foram imediatamente suspensos, evitando assim uma despesa incorreta de R$ 2 bilh\u00f5es do Estado nacional\u201d, informou o \u00f3rg\u00e3o liderado por Sandra Pettovello.<\/p>\n<p>De acordo com fontes oficiais, algumas das incompatibilidades, identificadas por meio do cruzamento de informa\u00e7\u00f5es entre o INSS e o Sistema de Identifica\u00e7\u00e3o Nacional Tribut\u00e1ria e Social (SINTyS), incluem:<\/p>\n<p>Benef\u00edcios de aposentadoria ou pens\u00e3o;<br \/>\nRecebimento de presta\u00e7\u00f5es por desemprego;<br \/>\nContribuintes individuais da categoria C ou superior do Simples Nacional;<br \/>\nTrabalhadores aut\u00f4nomos;<br \/>\nIncompatibilidade por resid\u00eancia no exterior;<br \/>\nCasos de falecimento;<br \/>\nPossuir um autom\u00f3vel com menos de 10 anos de idade.<br \/>\nA atual exclus\u00e3o de 27.220 benefici\u00e1rios se junta \u00e0 anterior, divulgada pelo governo, de 159.919 titulares do Potenciar Trabalho que estavam viajando ao exterior em iates, avi\u00f5es privados, companhias a\u00e9reas e carros, enquanto recebiam o benef\u00edcio social. Essa \u00faltima exclus\u00e3o ainda n\u00e3o foi efetivada at\u00e9 o momento.<\/p>\n<p>Desde a segunda-feira (8), o governo de Javier Milei ficou habilitado a tomar a decis\u00e3o de suspender preventivamente os quase 160 mil planos sociais destinados a benefici\u00e1rios de extrema vulnerabilidade social, mas que estavam sendo recebidos por pessoas que viajaram ao exterior. Esse corte representaria cerca de R$ 12 bilh\u00f5es mensais.<\/p>\n<p>Na \u00faltima ter\u00e7a-feira (16), o porta-voz presidencial, Manuel Adorni, assegurou que os dados est\u00e3o sendo cruzados e que a exclus\u00e3o ser\u00e1 efetivada em breve. A investiga\u00e7\u00e3o foi iniciada pelo procurador Guillermo Marijuan.<\/p>\n<p>\u201cEsse plano assistencial n\u00e3o \u00e9 compat\u00edvel e, consequentemente, n\u00e3o pode ser recebido por indiv\u00edduos que possuem condi\u00e7\u00f5es econ\u00f4micas de realizar viagens ao exterior. Acreditamos que aqueles que viajaram, especialmente por meio de meios de transporte onerosos, como avi\u00f5es e cruzeiros, n\u00e3o precisariam de assist\u00eancia estatal\u201d, afirmou o procurador.<\/p>\n<p>O cruzamento de dados entre o Minist\u00e9rio do Desenvolvimento Social, a Migra\u00e7\u00e3o e o Sistema de Identifica\u00e7\u00e3o Nacional Tribut\u00e1ria e Social (SINTyS) confirmou que cerca de 1 a cada 10 benefici\u00e1rios desse plano social sa\u00edram do pa\u00eds:<\/p>\n<p>817 pessoas viajaram em cruzeiros;<br \/>\n29.076 em avi\u00f5es;<br \/>\n83.974 em embarca\u00e7\u00f5es;<br \/>\n199.977 em \u00f4nibus;<br \/>\n349.835 por meio de transporte particular por carro;<br \/>\nOs restantes 149.227 utilizaram meio de transporte n\u00e3o especificado.<br \/>\nA\u00e9rea, 20.832 benefici\u00e1rios viajaram do Aeroporto Internacional de Ezeiza, 6.595 do Aeroparque Jorge Newbery, e os restantes 1.649 utilizaram outros aeroportos nacionais.<\/p>\n<p>Toda essa investiga\u00e7\u00e3o detalhada, que foi divulgada h\u00e1 mais de dois meses e que envolve 1 a cada 10 subs\u00eddios, n\u00e3o havia tido at\u00e9 agora nenhum resultado.<\/p>\n<p>Os nomes dos benefici\u00e1rios estavam em bases de dados que estavam em suporte magn\u00e9tico tanto no Tribunal Federal n\u00ba 11, sob a dire\u00e7\u00e3o interina de Marcelo Mart\u00ednez De Giorgi, como na Unidade Fiscal para a Investiga\u00e7\u00e3o de Crimes Relacionados \u00e0 Seguran\u00e7a Social de Marijuan, e no Sistema de Identifica\u00e7\u00e3o Nacional Tribut\u00e1ria e Social (SINTyS). Eles t\u00eam o resultado do cruzamento dos benefici\u00e1rios do Potenciar Trabalho com a Migra\u00e7\u00e3o.<\/p>\n<p>Informa\u00e7\u00f5es da Gazeta Brasil \/ Foto: @JMilei<\/p>\n","protected":false},"excerpt":{"rendered":"<p>O Minist\u00e9rio de Capital Humano da Argentina anunciou neste s\u00e1bado (20) que mais de 27 mil benefici\u00e1rios dos programas Potenciar<\/p>\n","protected":false},"author":4,"featured_media":12389,"comment_status":"open","ping_status":"open","sticky":false,"template":"","format":"standard","meta":{"colormag_page_container_layout":"default_layout","colormag_page_sidebar_layout":"default_layout","_FSMCFIC_featured_image_caption":"","_FSMCFIC_featured_image_nocaption":"","_FSMCFIC_featured_image_hide":"","footnotes":""},"categories":[6,1],"tags":[],"class_list":["post-12388","post","type-post","status-publish","format-standard","has-post-thumbnail","hentry","category-mundo","category-ultimas"],"yoast_head":"<!-- This site is optimized with the Yoast SEO plugin v27.1.1 - https:\/\/yoast.com\/product\/yoast-seo-wordpress\/ -->\n<title>Governo da Argentina cancela benef\u00edcios sociais de mais de 27 mil pessoas por \u201cincompatibilidades\u201d - Brasil not\u00edcias<\/title>\n<meta name=\"robots\" content=\"index, follow, max-snippet:-1, max-image-preview:large, max-video-preview:-1\" \/>\n<link rel=\"canonical\" href=\"https:\/\/brasilnoticias.org\/site\/governo-da-argentina-cancela-beneficios-sociais-de-mais-de-27-mil-pessoas-por-incompatibilidades\/\" \/>\n<meta property=\"og:locale\" content=\"pt_PT\" \/>\n<meta property=\"og:type\" content=\"article\" \/>\n<meta property=\"og:title\" content=\"Governo da Argentina cancela benef\u00edcios sociais de mais de 27 mil pessoas por \u201cincompatibilidades\u201d - Brasil not\u00edcias\" \/>\n<meta property=\"og:description\" content=\"O Minist\u00e9rio de Capital Humano da Argentina anunciou neste s\u00e1bado (20) que mais de 27 mil benefici\u00e1rios dos programas Potenciar\" \/>\n<meta property=\"og:url\" content=\"https:\/\/brasilnoticias.org\/site\/governo-da-argentina-cancela-beneficios-sociais-de-mais-de-27-mil-pessoas-por-incompatibilidades\/\" \/>\n<meta property=\"og:site_name\" content=\"Brasil not\u00edcias\" \/>\n<meta property=\"article:published_time\" content=\"2024-01-23T01:45:40+00:00\" \/>\n<meta property=\"og:image\" content=\"https:\/\/brasilnoticias.org\/site\/wp-content\/uploads\/2024\/01\/milei.jpg\" \/>\n\t<meta property=\"og:image:width\" content=\"640\" \/>\n\t<meta property=\"og:image:height\" content=\"360\" \/>\n\t<meta property=\"og:image:type\" content=\"image\/jpeg\" \/>\n<meta name=\"author\" content=\"Reda\u00e7\u00e3o\" \/>\n<meta name=\"twitter:card\" content=\"summary_large_image\" \/>\n<meta name=\"twitter:label1\" content=\"Escrito por\" \/>\n\t<meta name=\"twitter:data1\" content=\"Reda\u00e7\u00e3o\" \/>\n<script type=\"application\/ld+json\" class=\"yoast-schema-graph\">{\"@context\":\"https:\/\/schema.org\",\"@graph\":[{\"@type\":\"Article\",\"@id\":\"https:\/\/brasilnoticias.org\/site\/governo-da-argentina-cancela-beneficios-sociais-de-mais-de-27-mil-pessoas-por-incompatibilidades\/#article\",\"isPartOf\":{\"@id\":\"https:\/\/brasilnoticias.org\/site\/governo-da-argentina-cancela-beneficios-sociais-de-mais-de-27-mil-pessoas-por-incompatibilidades\/\"},\"author\":{\"name\":\"Reda\u00e7\u00e3o\",\"@id\":\"https:\/\/brasilnoticias.org\/site\/#\/schema\/person\/03bbbfe6c7634ad18c26444ea39049fa\"},\"headline\":\"Governo da Argentina cancela benef\u00edcios sociais de mais de 27 mil pessoas por \u201cincompatibilidades\u201d\",\"datePublished\":\"2024-01-23T01:45:40+00:00\",\"mainEntityOfPage\":{\"@id\":\"https:\/\/brasilnoticias.org\/site\/governo-da-argentina-cancela-beneficios-sociais-de-mais-de-27-mil-pessoas-por-incompatibilidades\/\"},\"wordCount\":578,\"commentCount\":0,\"publisher\":{\"@id\":\"https:\/\/brasilnoticias.org\/site\/#organization\"},\"image\":{\"@id\":\"https:\/\/brasilnoticias.org\/site\/governo-da-argentina-cancela-beneficios-sociais-de-mais-de-27-mil-pessoas-por-incompatibilidades\/#primaryimage\"},\"thumbnailUrl\":\"https:\/\/brasilnoticias.org\/site\/wp-content\/uploads\/2024\/01\/milei.jpg\",\"articleSection\":[\"Mundo\",\"\u00daltimas\"],\"inLanguage\":\"pt-PT\",\"potentialAction\":[{\"@type\":\"CommentAction\",\"name\":\"Comment\",\"target\":[\"https:\/\/brasilnoticias.org\/site\/governo-da-argentina-cancela-beneficios-sociais-de-mais-de-27-mil-pessoas-por-incompatibilidades\/#respond\"]}]},{\"@type\":\"WebPage\",\"@id\":\"https:\/\/brasilnoticias.org\/site\/governo-da-argentina-cancela-beneficios-sociais-de-mais-de-27-mil-pessoas-por-incompatibilidades\/\",\"url\":\"https:\/\/brasilnoticias.org\/site\/governo-da-argentina-cancela-beneficios-sociais-de-mais-de-27-mil-pessoas-por-incompatibilidades\/\",\"name\":\"Governo da Argentina cancela benef\u00edcios sociais de mais de 27 mil pessoas por \u201cincompatibilidades\u201d - Brasil not\u00edcias\",\"isPartOf\":{\"@id\":\"https:\/\/brasilnoticias.org\/site\/#website\"},\"primaryImageOfPage\":{\"@id\":\"https:\/\/brasilnoticias.org\/site\/governo-da-argentina-cancela-beneficios-sociais-de-mais-de-27-mil-pessoas-por-incompatibilidades\/#primaryimage\"},\"image\":{\"@id\":\"https:\/\/brasilnoticias.org\/site\/governo-da-argentina-cancela-beneficios-sociais-de-mais-de-27-mil-pessoas-por-incompatibilidades\/#primaryimage\"},\"thumbnailUrl\":\"https:\/\/brasilnoticias.org\/site\/wp-content\/uploads\/2024\/01\/milei.jpg\",\"datePublished\":\"2024-01-23T01:45:40+00:00\",\"breadcrumb\":{\"@id\":\"https:\/\/brasilnoticias.org\/site\/governo-da-argentina-cancela-beneficios-sociais-de-mais-de-27-mil-pessoas-por-incompatibilidades\/#breadcrumb\"},\"inLanguage\":\"pt-PT\",\"potentialAction\":[{\"@type\":\"ReadAction\",\"target\":[\"https:\/\/brasilnoticias.org\/site\/governo-da-argentina-cancela-beneficios-sociais-de-mais-de-27-mil-pessoas-por-incompatibilidades\/\"]}]},{\"@type\":\"ImageObject\",\"inLanguage\":\"pt-PT\",\"@id\":\"https:\/\/brasilnoticias.org\/site\/governo-da-argentina-cancela-beneficios-sociais-de-mais-de-27-mil-pessoas-por-incompatibilidades\/#primaryimage\",\"url\":\"https:\/\/brasilnoticias.org\/site\/wp-content\/uploads\/2024\/01\/milei.jpg\",\"contentUrl\":\"https:\/\/brasilnoticias.org\/site\/wp-content\/uploads\/2024\/01\/milei.jpg\",\"width\":640,\"height\":360},{\"@type\":\"BreadcrumbList\",\"@id\":\"https:\/\/brasilnoticias.org\/site\/governo-da-argentina-cancela-beneficios-sociais-de-mais-de-27-mil-pessoas-por-incompatibilidades\/#breadcrumb\",\"itemListElement\":[{\"@type\":\"ListItem\",\"position\":1,\"name\":\"In\u00edcio\",\"item\":\"https:\/\/brasilnoticias.org\/site\/\"},{\"@type\":\"ListItem\",\"position\":2,\"name\":\"Governo da Argentina cancela benef\u00edcios sociais de mais de 27 mil pessoas por \u201cincompatibilidades\u201d\"}]},{\"@type\":\"WebSite\",\"@id\":\"https:\/\/brasilnoticias.org\/site\/#website\",\"url\":\"https:\/\/brasilnoticias.org\/site\/\",\"name\":\"Brasil not\u00edcias\",\"description\":\"Brasil not\u00edcias\",\"publisher\":{\"@id\":\"https:\/\/brasilnoticias.org\/site\/#organization\"},\"potentialAction\":[{\"@type\":\"SearchAction\",\"target\":{\"@type\":\"EntryPoint\",\"urlTemplate\":\"https:\/\/brasilnoticias.org\/site\/?s={search_term_string}\"},\"query-input\":{\"@type\":\"PropertyValueSpecification\",\"valueRequired\":true,\"valueName\":\"search_term_string\"}}],\"inLanguage\":\"pt-PT\"},{\"@type\":\"Organization\",\"@id\":\"https:\/\/brasilnoticias.org\/site\/#organization\",\"name\":\"Brasil not\u00edcias\",\"url\":\"https:\/\/brasilnoticias.org\/site\/\",\"logo\":{\"@type\":\"ImageObject\",\"inLanguage\":\"pt-PT\",\"@id\":\"https:\/\/brasilnoticias.org\/site\/#\/schema\/logo\/image\/\",\"url\":\"https:\/\/brasilnoticias.org\/site\/wp-content\/uploads\/2022\/05\/cropped-brasilnoticias-mini.jpg\",\"contentUrl\":\"https:\/\/brasilnoticias.org\/site\/wp-content\/uploads\/2022\/05\/cropped-brasilnoticias-mini.jpg\",\"width\":314,\"height\":86,\"caption\":\"Brasil not\u00edcias\"},\"image\":{\"@id\":\"https:\/\/brasilnoticias.org\/site\/#\/schema\/logo\/image\/\"}},{\"@type\":\"Person\",\"@id\":\"https:\/\/brasilnoticias.org\/site\/#\/schema\/person\/03bbbfe6c7634ad18c26444ea39049fa\",\"name\":\"Reda\u00e7\u00e3o\",\"image\":{\"@type\":\"ImageObject\",\"inLanguage\":\"pt-PT\",\"@id\":\"https:\/\/brasilnoticias.org\/site\/#\/schema\/person\/image\/\",\"url\":\"https:\/\/secure.gravatar.com\/avatar\/9ecaf7327a696cb23ad926fedded5f1f04d7049de9e445375d55b48c001a6e42?s=96&d=mm&r=g\",\"contentUrl\":\"https:\/\/secure.gravatar.com\/avatar\/9ecaf7327a696cb23ad926fedded5f1f04d7049de9e445375d55b48c001a6e42?s=96&d=mm&r=g\",\"caption\":\"Reda\u00e7\u00e3o\"},\"url\":\"https:\/\/brasilnoticias.org\/site\/author\/henrique\/\"}]}<\/script>\n<!-- \/ Yoast SEO plugin. -->","yoast_head_json":{"title":"Governo da Argentina cancela benef\u00edcios sociais de mais de 27 mil pessoas por \u201cincompatibilidades\u201d - Brasil not\u00edcias","robots":{"index":"index","follow":"follow","max-snippet":"max-snippet:-1","max-image-preview":"max-image-preview:large","max-video-preview":"max-video-preview:-1"},"canonical":"https:\/\/brasilnoticias.org\/site\/governo-da-argentina-cancela-beneficios-sociais-de-mais-de-27-mil-pessoas-por-incompatibilidades\/","og_locale":"pt_PT","og_type":"article","og_title":"Governo da Argentina cancela benef\u00edcios sociais de mais de 27 mil pessoas por \u201cincompatibilidades\u201d - Brasil not\u00edcias","og_description":"O Minist\u00e9rio de Capital Humano da Argentina anunciou neste s\u00e1bado (20) que mais de 27 mil benefici\u00e1rios dos programas Potenciar","og_url":"https:\/\/brasilnoticias.org\/site\/governo-da-argentina-cancela-beneficios-sociais-de-mais-de-27-mil-pessoas-por-incompatibilidades\/","og_site_name":"Brasil not\u00edcias","article_published_time":"2024-01-23T01:45:40+00:00","og_image":[{"width":640,"height":360,"url":"https:\/\/brasilnoticias.org\/site\/wp-content\/uploads\/2024\/01\/milei.jpg","type":"image\/jpeg"}],"author":"Reda\u00e7\u00e3o","twitter_card":"summary_large_image","twitter_misc":{"Escrito por":"Reda\u00e7\u00e3o"},"schema":{"@context":"https:\/\/schema.org","@graph":[{"@type":"Article","@id":"https:\/\/brasilnoticias.org\/site\/governo-da-argentina-cancela-beneficios-sociais-de-mais-de-27-mil-pessoas-por-incompatibilidades\/#article","isPartOf":{"@id":"https:\/\/brasilnoticias.org\/site\/governo-da-argentina-cancela-beneficios-sociais-de-mais-de-27-mil-pessoas-por-incompatibilidades\/"},"author":{"name":"Reda\u00e7\u00e3o","@id":"https:\/\/brasilnoticias.org\/site\/#\/schema\/person\/03bbbfe6c7634ad18c26444ea39049fa"},"headline":"Governo da Argentina cancela benef\u00edcios sociais de mais de 27 mil pessoas por \u201cincompatibilidades\u201d","datePublished":"2024-01-23T01:45:40+00:00","mainEntityOfPage":{"@id":"https:\/\/brasilnoticias.org\/site\/governo-da-argentina-cancela-beneficios-sociais-de-mais-de-27-mil-pessoas-por-incompatibilidades\/"},"wordCount":578,"commentCount":0,"publisher":{"@id":"https:\/\/brasilnoticias.org\/site\/#organization"},"image":{"@id":"https:\/\/brasilnoticias.org\/site\/governo-da-argentina-cancela-beneficios-sociais-de-mais-de-27-mil-pessoas-por-incompatibilidades\/#primaryimage"},"thumbnailUrl":"https:\/\/brasilnoticias.org\/site\/wp-content\/uploads\/2024\/01\/milei.jpg","articleSection":["Mundo","\u00daltimas"],"inLanguage":"pt-PT","potentialAction":[{"@type":"CommentAction","name":"Comment","target":["https:\/\/brasilnoticias.org\/site\/governo-da-argentina-cancela-beneficios-sociais-de-mais-de-27-mil-pessoas-por-incompatibilidades\/#respond"]}]},{"@type":"WebPage","@id":"https:\/\/brasilnoticias.org\/site\/governo-da-argentina-cancela-beneficios-sociais-de-mais-de-27-mil-pessoas-por-incompatibilidades\/","url":"https:\/\/brasilnoticias.org\/site\/governo-da-argentina-cancela-beneficios-sociais-de-mais-de-27-mil-pessoas-por-incompatibilidades\/","name":"Governo da Argentina cancela benef\u00edcios sociais de mais de 27 mil pessoas por \u201cincompatibilidades\u201d - Brasil not\u00edcias","isPartOf":{"@id":"https:\/\/brasilnoticias.org\/site\/#website"},"primaryImageOfPage":{"@id":"https:\/\/brasilnoticias.org\/site\/governo-da-argentina-cancela-beneficios-sociais-de-mais-de-27-mil-pessoas-por-incompatibilidades\/#primaryimage"},"image":{"@id":"https:\/\/brasilnoticias.org\/site\/governo-da-argentina-cancela-beneficios-sociais-de-mais-de-27-mil-pessoas-por-incompatibilidades\/#primaryimage"},"thumbnailUrl":"https:\/\/brasilnoticias.org\/site\/wp-content\/uploads\/2024\/01\/milei.jpg","datePublished":"2024-01-23T01:45:40+00:00","breadcrumb":{"@id":"https:\/\/brasilnoticias.org\/site\/governo-da-argentina-cancela-beneficios-sociais-de-mais-de-27-mil-pessoas-por-incompatibilidades\/#breadcrumb"},"inLanguage":"pt-PT","potentialAction":[{"@type":"ReadAction","target":["https:\/\/brasilnoticias.org\/site\/governo-da-argentina-cancela-beneficios-sociais-de-mais-de-27-mil-pessoas-por-incompatibilidades\/"]}]},{"@type":"ImageObject","inLanguage":"pt-PT","@id":"https:\/\/brasilnoticias.org\/site\/governo-da-argentina-cancela-beneficios-sociais-de-mais-de-27-mil-pessoas-por-incompatibilidades\/#primaryimage","url":"https:\/\/brasilnoticias.org\/site\/wp-content\/uploads\/2024\/01\/milei.jpg","contentUrl":"https:\/\/brasilnoticias.org\/site\/wp-content\/uploads\/2024\/01\/milei.jpg","width":640,"height":360},{"@type":"BreadcrumbList","@id":"https:\/\/brasilnoticias.org\/site\/governo-da-argentina-cancela-beneficios-sociais-de-mais-de-27-mil-pessoas-por-incompatibilidades\/#breadcrumb","itemListElement":[{"@type":"ListItem","position":1,"name":"In\u00edcio","item":"https:\/\/brasilnoticias.org\/site\/"},{"@type":"ListItem","position":2,"name":"Governo da Argentina cancela benef\u00edcios sociais de mais de 27 mil pessoas por \u201cincompatibilidades\u201d"}]},{"@type":"WebSite","@id":"https:\/\/brasilnoticias.org\/site\/#website","url":"https:\/\/brasilnoticias.org\/site\/","name":"Brasil not\u00edcias","description":"Brasil not\u00edcias","publisher":{"@id":"https:\/\/brasilnoticias.org\/site\/#organization"},"potentialAction":[{"@type":"SearchAction","target":{"@type":"EntryPoint","urlTemplate":"https:\/\/brasilnoticias.org\/site\/?s={search_term_string}"},"query-input":{"@type":"PropertyValueSpecification","valueRequired":true,"valueName":"search_term_string"}}],"inLanguage":"pt-PT"},{"@type":"Organization","@id":"https:\/\/brasilnoticias.org\/site\/#organization","name":"Brasil not\u00edcias","url":"https:\/\/brasilnoticias.org\/site\/","logo":{"@type":"ImageObject","inLanguage":"pt-PT","@id":"https:\/\/brasilnoticias.org\/site\/#\/schema\/logo\/image\/","url":"https:\/\/brasilnoticias.org\/site\/wp-content\/uploads\/2022\/05\/cropped-brasilnoticias-mini.jpg","contentUrl":"https:\/\/brasilnoticias.org\/site\/wp-content\/uploads\/2022\/05\/cropped-brasilnoticias-mini.jpg","width":314,"height":86,"caption":"Brasil not\u00edcias"},"image":{"@id":"https:\/\/brasilnoticias.org\/site\/#\/schema\/logo\/image\/"}},{"@type":"Person","@id":"https:\/\/brasilnoticias.org\/site\/#\/schema\/person\/03bbbfe6c7634ad18c26444ea39049fa","name":"Reda\u00e7\u00e3o","image":{"@type":"ImageObject","inLanguage":"pt-PT","@id":"https:\/\/brasilnoticias.org\/site\/#\/schema\/person\/image\/","url":"https:\/\/secure.gravatar.com\/avatar\/9ecaf7327a696cb23ad926fedded5f1f04d7049de9e445375d55b48c001a6e42?s=96&d=mm&r=g","contentUrl":"https:\/\/secure.gravatar.com\/avatar\/9ecaf7327a696cb23ad926fedded5f1f04d7049de9e445375d55b48c001a6e42?s=96&d=mm&r=g","caption":"Reda\u00e7\u00e3o"},"url":"https:\/\/brasilnoticias.org\/site\/author\/henrique\/"}]}},"_links":{"self":[{"href":"https:\/\/brasilnoticias.org\/site\/wp-json\/wp\/v2\/posts\/12388","targetHints":{"allow":["GET"]}}],"collection":[{"href":"https:\/\/brasilnoticias.org\/site\/wp-json\/wp\/v2\/posts"}],"about":[{"href":"https:\/\/brasilnoticias.org\/site\/wp-json\/wp\/v2\/types\/post"}],"author":[{"embeddable":true,"href":"https:\/\/brasilnoticias.org\/site\/wp-json\/wp\/v2\/users\/4"}],"replies":[{"embeddable":true,"href":"https:\/\/brasilnoticias.org\/site\/wp-json\/wp\/v2\/comments?post=12388"}],"version-history":[{"count":1,"href":"https:\/\/brasilnoticias.org\/site\/wp-json\/wp\/v2\/posts\/12388\/revisions"}],"predecessor-version":[{"id":12390,"href":"https:\/\/brasilnoticias.org\/site\/wp-json\/wp\/v2\/posts\/12388\/revisions\/12390"}],"wp:featuredmedia":[{"embeddable":true,"href":"https:\/\/brasilnoticias.org\/site\/wp-json\/wp\/v2\/media\/12389"}],"wp:attachment":[{"href":"https:\/\/brasilnoticias.org\/site\/wp-json\/wp\/v2\/media?parent=12388"}],"wp:term":[{"taxonomy":"category","embeddable":true,"href":"https:\/\/brasilnoticias.org\/site\/wp-json\/wp\/v2\/categories?post=12388"},{"taxonomy":"post_tag","embeddable":true,"href":"https:\/\/brasilnoticias.org\/site\/wp-json\/wp\/v2\/tags?post=12388"}],"curies":[{"name":"wp","href":"https:\/\/api.w.org\/{rel}","templated":true}]}}