{"id":124,"date":"2022-04-13T16:49:44","date_gmt":"2022-04-13T19:49:44","guid":{"rendered":"https:\/\/brasilnoticias.org\/site\/?p=124"},"modified":"2022-05-03T16:50:43","modified_gmt":"2022-05-03T19:50:43","slug":"principal-suspeito-de-ataque-a-tiros-no-metro-de-ny-e-identificado","status":"publish","type":"post","link":"https:\/\/brasilnoticias.org\/site\/principal-suspeito-de-ataque-a-tiros-no-metro-de-ny-e-identificado\/","title":{"rendered":"Principal suspeito de ataque a tiros no metr\u00f4 de NY \u00e9 identificado"},"content":{"rendered":"<div id=\"content\" class=\"clearfix\">\n<article id=\"post-14519\" class=\"post-14519 post type-post status-publish format-standard has-post-thumbnail hentry category-mundo category-ultimas\">\n<div class=\"article-content clearfix\">\n<div class=\"entry-content clearfix\">\n<p>\u00a0Na ocasi\u00e3o, 29 pessoas ficaram feridas e outras 10 foram baleadas. Ele ainda n\u00e3o foi localizado. Frank James est\u00e1 sendo apontado com o principal suspeito pelas autoridades americanas ap\u00f3s agentes encontrarem na cena do crime uma chave de um carro alugado, modelo furg\u00e3o. A partir do objeto, policiais encontraram o ve\u00edculo em uma rua no Brooklyn.<\/p>\n<p>Um cart\u00e3o de cr\u00e9dito com o nome do homem tamb\u00e9m foi encontrado, ele foi utilizado para locar o furg\u00e3o. Os respons\u00e1veis pelas investiga\u00e7\u00f5es dizem que o autor do ataque lan\u00e7ou duas bombas de fuma\u00e7a em um dos vag\u00f5es do trem e, logo em seguida, atirou cerca de 30 vezes com uma arma 9 mm. Os tiros acertaram diretamente 10 pessoas.<\/p>\n<p>No momento do crime, a pessoa respons\u00e1vel pelos tiros estaria usando uma m\u00e1scara facial, uma blusa cinza e um colete refletor de cor verde, similar aqueles usados por profissionais da constru\u00e7\u00e3o civil. As autoridades norte-americanas est\u00e3o oferecendo uma recompensa de 50 mil d\u00f3lares (cerca de R$ 233 mil, de acordo com a cota\u00e7\u00e3o desta quarta) a quem tiver informa\u00e7\u00f5es sobre o paradeiro de Frank<\/p>\n<p>&nbsp;<\/p>\n<p>&nbsp;<\/p>\n<p>&nbsp;<\/p>\n<p>Bnews<\/p>\n<\/div>\n<\/div>\n<\/article>\n<\/div>\n","protected":false},"excerpt":{"rendered":"<p>\u00a0Na ocasi\u00e3o, 29 pessoas ficaram feridas e outras 10 foram baleadas. Ele ainda n\u00e3o foi localizado. Frank James est\u00e1 sendo<\/p>\n","protected":false},"author":1,"featured_media":125,"comment_status":"open","ping_status":"open","sticky":false,"template":"","format":"standard","meta":{"colormag_page_container_layout":"default_layout","colormag_page_sidebar_layout":"default_layout","_FSMCFIC_featured_image_caption":"","_FSMCFIC_featured_image_nocaption":"","_FSMCFIC_featured_image_hide":"","footnotes":""},"categories":[6,1],"tags":[],"class_list":["post-124","post","type-post","status-publish","format-standard","has-post-thumbnail","hentry","category-mundo","category-ultimas"],"yoast_head":"<!-- This site is optimized with the Yoast SEO plugin v27.1.1 - https:\/\/yoast.com\/product\/yoast-seo-wordpress\/ -->\n<title>Principal suspeito de ataque a tiros no metr\u00f4 de NY \u00e9 identificado - Brasil not\u00edcias<\/title>\n<meta name=\"robots\" content=\"index, follow, max-snippet:-1, max-image-preview:large, max-video-preview:-1\" \/>\n<link rel=\"canonical\" href=\"https:\/\/brasilnoticias.org\/site\/principal-suspeito-de-ataque-a-tiros-no-metro-de-ny-e-identificado\/\" \/>\n<meta property=\"og:locale\" content=\"pt_PT\" \/>\n<meta property=\"og:type\" content=\"article\" \/>\n<meta property=\"og:title\" content=\"Principal suspeito de ataque a tiros no metr\u00f4 de NY \u00e9 identificado - Brasil not\u00edcias\" \/>\n<meta property=\"og:description\" content=\"\u00a0Na ocasi\u00e3o, 29 pessoas ficaram feridas e outras 10 foram baleadas. Ele ainda n\u00e3o foi localizado. Frank James est\u00e1 sendo\" \/>\n<meta property=\"og:url\" content=\"https:\/\/brasilnoticias.org\/site\/principal-suspeito-de-ataque-a-tiros-no-metro-de-ny-e-identificado\/\" \/>\n<meta property=\"og:site_name\" content=\"Brasil not\u00edcias\" \/>\n<meta property=\"article:published_time\" content=\"2022-04-13T19:49:44+00:00\" \/>\n<meta property=\"article:modified_time\" content=\"2022-05-03T19:50:43+00:00\" \/>\n<meta property=\"og:image\" content=\"https:\/\/brasilnoticias.org\/site\/wp-content\/uploads\/2022\/05\/capturar_7kCCk7b_widelg.png\" \/>\n\t<meta property=\"og:image:width\" content=\"503\" \/>\n\t<meta property=\"og:image:height\" content=\"345\" \/>\n\t<meta property=\"og:image:type\" content=\"image\/png\" \/>\n<meta name=\"author\" content=\"Reda\u00e7\u00e3o\" \/>\n<meta name=\"twitter:card\" content=\"summary_large_image\" \/>\n<meta name=\"twitter:label1\" content=\"Escrito por\" \/>\n\t<meta name=\"twitter:data1\" content=\"Reda\u00e7\u00e3o\" \/>\n\t<meta name=\"twitter:label2\" content=\"Tempo estimado de leitura\" \/>\n\t<meta name=\"twitter:data2\" content=\"1 minuto\" \/>\n<script type=\"application\/ld+json\" class=\"yoast-schema-graph\">{\"@context\":\"https:\/\/schema.org\",\"@graph\":[{\"@type\":\"Article\",\"@id\":\"https:\/\/brasilnoticias.org\/site\/principal-suspeito-de-ataque-a-tiros-no-metro-de-ny-e-identificado\/#article\",\"isPartOf\":{\"@id\":\"https:\/\/brasilnoticias.org\/site\/principal-suspeito-de-ataque-a-tiros-no-metro-de-ny-e-identificado\/\"},\"author\":{\"name\":\"Reda\u00e7\u00e3o\",\"@id\":\"https:\/\/brasilnoticias.org\/site\/#\/schema\/person\/a0e05b973ec4d15c658d51911e53507b\"},\"headline\":\"Principal suspeito de ataque a tiros no metr\u00f4 de NY \u00e9 identificado\",\"datePublished\":\"2022-04-13T19:49:44+00:00\",\"dateModified\":\"2022-05-03T19:50:43+00:00\",\"mainEntityOfPage\":{\"@id\":\"https:\/\/brasilnoticias.org\/site\/principal-suspeito-de-ataque-a-tiros-no-metro-de-ny-e-identificado\/\"},\"wordCount\":209,\"commentCount\":0,\"publisher\":{\"@id\":\"https:\/\/brasilnoticias.org\/site\/#organization\"},\"image\":{\"@id\":\"https:\/\/brasilnoticias.org\/site\/principal-suspeito-de-ataque-a-tiros-no-metro-de-ny-e-identificado\/#primaryimage\"},\"thumbnailUrl\":\"https:\/\/brasilnoticias.org\/site\/wp-content\/uploads\/2022\/05\/capturar_7kCCk7b_widelg.png\",\"articleSection\":[\"Mundo\",\"\u00daltimas\"],\"inLanguage\":\"pt-PT\",\"potentialAction\":[{\"@type\":\"CommentAction\",\"name\":\"Comment\",\"target\":[\"https:\/\/brasilnoticias.org\/site\/principal-suspeito-de-ataque-a-tiros-no-metro-de-ny-e-identificado\/#respond\"]}]},{\"@type\":\"WebPage\",\"@id\":\"https:\/\/brasilnoticias.org\/site\/principal-suspeito-de-ataque-a-tiros-no-metro-de-ny-e-identificado\/\",\"url\":\"https:\/\/brasilnoticias.org\/site\/principal-suspeito-de-ataque-a-tiros-no-metro-de-ny-e-identificado\/\",\"name\":\"Principal suspeito de ataque a tiros no metr\u00f4 de NY \u00e9 identificado - Brasil not\u00edcias\",\"isPartOf\":{\"@id\":\"https:\/\/brasilnoticias.org\/site\/#website\"},\"primaryImageOfPage\":{\"@id\":\"https:\/\/brasilnoticias.org\/site\/principal-suspeito-de-ataque-a-tiros-no-metro-de-ny-e-identificado\/#primaryimage\"},\"image\":{\"@id\":\"https:\/\/brasilnoticias.org\/site\/principal-suspeito-de-ataque-a-tiros-no-metro-de-ny-e-identificado\/#primaryimage\"},\"thumbnailUrl\":\"https:\/\/brasilnoticias.org\/site\/wp-content\/uploads\/2022\/05\/capturar_7kCCk7b_widelg.png\",\"datePublished\":\"2022-04-13T19:49:44+00:00\",\"dateModified\":\"2022-05-03T19:50:43+00:00\",\"breadcrumb\":{\"@id\":\"https:\/\/brasilnoticias.org\/site\/principal-suspeito-de-ataque-a-tiros-no-metro-de-ny-e-identificado\/#breadcrumb\"},\"inLanguage\":\"pt-PT\",\"potentialAction\":[{\"@type\":\"ReadAction\",\"target\":[\"https:\/\/brasilnoticias.org\/site\/principal-suspeito-de-ataque-a-tiros-no-metro-de-ny-e-identificado\/\"]}]},{\"@type\":\"ImageObject\",\"inLanguage\":\"pt-PT\",\"@id\":\"https:\/\/brasilnoticias.org\/site\/principal-suspeito-de-ataque-a-tiros-no-metro-de-ny-e-identificado\/#primaryimage\",\"url\":\"https:\/\/brasilnoticias.org\/site\/wp-content\/uploads\/2022\/05\/capturar_7kCCk7b_widelg.png\",\"contentUrl\":\"https:\/\/brasilnoticias.org\/site\/wp-content\/uploads\/2022\/05\/capturar_7kCCk7b_widelg.png\",\"width\":503,\"height\":345},{\"@type\":\"BreadcrumbList\",\"@id\":\"https:\/\/brasilnoticias.org\/site\/principal-suspeito-de-ataque-a-tiros-no-metro-de-ny-e-identificado\/#breadcrumb\",\"itemListElement\":[{\"@type\":\"ListItem\",\"position\":1,\"name\":\"In\u00edcio\",\"item\":\"https:\/\/brasilnoticias.org\/site\/\"},{\"@type\":\"ListItem\",\"position\":2,\"name\":\"Principal suspeito de ataque a tiros no metr\u00f4 de NY \u00e9 identificado\"}]},{\"@type\":\"WebSite\",\"@id\":\"https:\/\/brasilnoticias.org\/site\/#website\",\"url\":\"https:\/\/brasilnoticias.org\/site\/\",\"name\":\"Brasil not\u00edcias\",\"description\":\"Brasil not\u00edcias\",\"publisher\":{\"@id\":\"https:\/\/brasilnoticias.org\/site\/#organization\"},\"potentialAction\":[{\"@type\":\"SearchAction\",\"target\":{\"@type\":\"EntryPoint\",\"urlTemplate\":\"https:\/\/brasilnoticias.org\/site\/?s={search_term_string}\"},\"query-input\":{\"@type\":\"PropertyValueSpecification\",\"valueRequired\":true,\"valueName\":\"search_term_string\"}}],\"inLanguage\":\"pt-PT\"},{\"@type\":\"Organization\",\"@id\":\"https:\/\/brasilnoticias.org\/site\/#organization\",\"name\":\"Brasil not\u00edcias\",\"url\":\"https:\/\/brasilnoticias.org\/site\/\",\"logo\":{\"@type\":\"ImageObject\",\"inLanguage\":\"pt-PT\",\"@id\":\"https:\/\/brasilnoticias.org\/site\/#\/schema\/logo\/image\/\",\"url\":\"https:\/\/brasilnoticias.org\/site\/wp-content\/uploads\/2022\/05\/cropped-brasilnoticias-mini.jpg\",\"contentUrl\":\"https:\/\/brasilnoticias.org\/site\/wp-content\/uploads\/2022\/05\/cropped-brasilnoticias-mini.jpg\",\"width\":314,\"height\":86,\"caption\":\"Brasil not\u00edcias\"},\"image\":{\"@id\":\"https:\/\/brasilnoticias.org\/site\/#\/schema\/logo\/image\/\"}},{\"@type\":\"Person\",\"@id\":\"https:\/\/brasilnoticias.org\/site\/#\/schema\/person\/a0e05b973ec4d15c658d51911e53507b\",\"name\":\"Reda\u00e7\u00e3o\",\"image\":{\"@type\":\"ImageObject\",\"inLanguage\":\"pt-PT\",\"@id\":\"https:\/\/brasilnoticias.org\/site\/#\/schema\/person\/image\/\",\"url\":\"https:\/\/secure.gravatar.com\/avatar\/75d8b050df2de108b08ae78dfb8e374892df24a383c67db9c46a9c604f6aee9c?s=96&d=mm&r=g\",\"contentUrl\":\"https:\/\/secure.gravatar.com\/avatar\/75d8b050df2de108b08ae78dfb8e374892df24a383c67db9c46a9c604f6aee9c?s=96&d=mm&r=g\",\"caption\":\"Reda\u00e7\u00e3o\"},\"sameAs\":[\"https:\/\/brasilnoticias.org\/site\"],\"url\":\"https:\/\/brasilnoticias.org\/site\/author\/fernandozsngmail-com\/\"}]}<\/script>\n<!-- \/ Yoast SEO plugin. -->","yoast_head_json":{"title":"Principal suspeito de ataque a tiros no metr\u00f4 de NY \u00e9 identificado - Brasil not\u00edcias","robots":{"index":"index","follow":"follow","max-snippet":"max-snippet:-1","max-image-preview":"max-image-preview:large","max-video-preview":"max-video-preview:-1"},"canonical":"https:\/\/brasilnoticias.org\/site\/principal-suspeito-de-ataque-a-tiros-no-metro-de-ny-e-identificado\/","og_locale":"pt_PT","og_type":"article","og_title":"Principal suspeito de ataque a tiros no metr\u00f4 de NY \u00e9 identificado - Brasil not\u00edcias","og_description":"\u00a0Na ocasi\u00e3o, 29 pessoas ficaram feridas e outras 10 foram baleadas. Ele ainda n\u00e3o foi localizado. Frank James est\u00e1 sendo","og_url":"https:\/\/brasilnoticias.org\/site\/principal-suspeito-de-ataque-a-tiros-no-metro-de-ny-e-identificado\/","og_site_name":"Brasil not\u00edcias","article_published_time":"2022-04-13T19:49:44+00:00","article_modified_time":"2022-05-03T19:50:43+00:00","og_image":[{"width":503,"height":345,"url":"https:\/\/brasilnoticias.org\/site\/wp-content\/uploads\/2022\/05\/capturar_7kCCk7b_widelg.png","type":"image\/png"}],"author":"Reda\u00e7\u00e3o","twitter_card":"summary_large_image","twitter_misc":{"Escrito por":"Reda\u00e7\u00e3o","Tempo estimado de leitura":"1 minuto"},"schema":{"@context":"https:\/\/schema.org","@graph":[{"@type":"Article","@id":"https:\/\/brasilnoticias.org\/site\/principal-suspeito-de-ataque-a-tiros-no-metro-de-ny-e-identificado\/#article","isPartOf":{"@id":"https:\/\/brasilnoticias.org\/site\/principal-suspeito-de-ataque-a-tiros-no-metro-de-ny-e-identificado\/"},"author":{"name":"Reda\u00e7\u00e3o","@id":"https:\/\/brasilnoticias.org\/site\/#\/schema\/person\/a0e05b973ec4d15c658d51911e53507b"},"headline":"Principal suspeito de ataque a tiros no metr\u00f4 de NY \u00e9 identificado","datePublished":"2022-04-13T19:49:44+00:00","dateModified":"2022-05-03T19:50:43+00:00","mainEntityOfPage":{"@id":"https:\/\/brasilnoticias.org\/site\/principal-suspeito-de-ataque-a-tiros-no-metro-de-ny-e-identificado\/"},"wordCount":209,"commentCount":0,"publisher":{"@id":"https:\/\/brasilnoticias.org\/site\/#organization"},"image":{"@id":"https:\/\/brasilnoticias.org\/site\/principal-suspeito-de-ataque-a-tiros-no-metro-de-ny-e-identificado\/#primaryimage"},"thumbnailUrl":"https:\/\/brasilnoticias.org\/site\/wp-content\/uploads\/2022\/05\/capturar_7kCCk7b_widelg.png","articleSection":["Mundo","\u00daltimas"],"inLanguage":"pt-PT","potentialAction":[{"@type":"CommentAction","name":"Comment","target":["https:\/\/brasilnoticias.org\/site\/principal-suspeito-de-ataque-a-tiros-no-metro-de-ny-e-identificado\/#respond"]}]},{"@type":"WebPage","@id":"https:\/\/brasilnoticias.org\/site\/principal-suspeito-de-ataque-a-tiros-no-metro-de-ny-e-identificado\/","url":"https:\/\/brasilnoticias.org\/site\/principal-suspeito-de-ataque-a-tiros-no-metro-de-ny-e-identificado\/","name":"Principal suspeito de ataque a tiros no metr\u00f4 de NY \u00e9 identificado - Brasil not\u00edcias","isPartOf":{"@id":"https:\/\/brasilnoticias.org\/site\/#website"},"primaryImageOfPage":{"@id":"https:\/\/brasilnoticias.org\/site\/principal-suspeito-de-ataque-a-tiros-no-metro-de-ny-e-identificado\/#primaryimage"},"image":{"@id":"https:\/\/brasilnoticias.org\/site\/principal-suspeito-de-ataque-a-tiros-no-metro-de-ny-e-identificado\/#primaryimage"},"thumbnailUrl":"https:\/\/brasilnoticias.org\/site\/wp-content\/uploads\/2022\/05\/capturar_7kCCk7b_widelg.png","datePublished":"2022-04-13T19:49:44+00:00","dateModified":"2022-05-03T19:50:43+00:00","breadcrumb":{"@id":"https:\/\/brasilnoticias.org\/site\/principal-suspeito-de-ataque-a-tiros-no-metro-de-ny-e-identificado\/#breadcrumb"},"inLanguage":"pt-PT","potentialAction":[{"@type":"ReadAction","target":["https:\/\/brasilnoticias.org\/site\/principal-suspeito-de-ataque-a-tiros-no-metro-de-ny-e-identificado\/"]}]},{"@type":"ImageObject","inLanguage":"pt-PT","@id":"https:\/\/brasilnoticias.org\/site\/principal-suspeito-de-ataque-a-tiros-no-metro-de-ny-e-identificado\/#primaryimage","url":"https:\/\/brasilnoticias.org\/site\/wp-content\/uploads\/2022\/05\/capturar_7kCCk7b_widelg.png","contentUrl":"https:\/\/brasilnoticias.org\/site\/wp-content\/uploads\/2022\/05\/capturar_7kCCk7b_widelg.png","width":503,"height":345},{"@type":"BreadcrumbList","@id":"https:\/\/brasilnoticias.org\/site\/principal-suspeito-de-ataque-a-tiros-no-metro-de-ny-e-identificado\/#breadcrumb","itemListElement":[{"@type":"ListItem","position":1,"name":"In\u00edcio","item":"https:\/\/brasilnoticias.org\/site\/"},{"@type":"ListItem","position":2,"name":"Principal suspeito de ataque a tiros no metr\u00f4 de NY \u00e9 identificado"}]},{"@type":"WebSite","@id":"https:\/\/brasilnoticias.org\/site\/#website","url":"https:\/\/brasilnoticias.org\/site\/","name":"Brasil not\u00edcias","description":"Brasil not\u00edcias","publisher":{"@id":"https:\/\/brasilnoticias.org\/site\/#organization"},"potentialAction":[{"@type":"SearchAction","target":{"@type":"EntryPoint","urlTemplate":"https:\/\/brasilnoticias.org\/site\/?s={search_term_string}"},"query-input":{"@type":"PropertyValueSpecification","valueRequired":true,"valueName":"search_term_string"}}],"inLanguage":"pt-PT"},{"@type":"Organization","@id":"https:\/\/brasilnoticias.org\/site\/#organization","name":"Brasil not\u00edcias","url":"https:\/\/brasilnoticias.org\/site\/","logo":{"@type":"ImageObject","inLanguage":"pt-PT","@id":"https:\/\/brasilnoticias.org\/site\/#\/schema\/logo\/image\/","url":"https:\/\/brasilnoticias.org\/site\/wp-content\/uploads\/2022\/05\/cropped-brasilnoticias-mini.jpg","contentUrl":"https:\/\/brasilnoticias.org\/site\/wp-content\/uploads\/2022\/05\/cropped-brasilnoticias-mini.jpg","width":314,"height":86,"caption":"Brasil not\u00edcias"},"image":{"@id":"https:\/\/brasilnoticias.org\/site\/#\/schema\/logo\/image\/"}},{"@type":"Person","@id":"https:\/\/brasilnoticias.org\/site\/#\/schema\/person\/a0e05b973ec4d15c658d51911e53507b","name":"Reda\u00e7\u00e3o","image":{"@type":"ImageObject","inLanguage":"pt-PT","@id":"https:\/\/brasilnoticias.org\/site\/#\/schema\/person\/image\/","url":"https:\/\/secure.gravatar.com\/avatar\/75d8b050df2de108b08ae78dfb8e374892df24a383c67db9c46a9c604f6aee9c?s=96&d=mm&r=g","contentUrl":"https:\/\/secure.gravatar.com\/avatar\/75d8b050df2de108b08ae78dfb8e374892df24a383c67db9c46a9c604f6aee9c?s=96&d=mm&r=g","caption":"Reda\u00e7\u00e3o"},"sameAs":["https:\/\/brasilnoticias.org\/site"],"url":"https:\/\/brasilnoticias.org\/site\/author\/fernandozsngmail-com\/"}]}},"_links":{"self":[{"href":"https:\/\/brasilnoticias.org\/site\/wp-json\/wp\/v2\/posts\/124","targetHints":{"allow":["GET"]}}],"collection":[{"href":"https:\/\/brasilnoticias.org\/site\/wp-json\/wp\/v2\/posts"}],"about":[{"href":"https:\/\/brasilnoticias.org\/site\/wp-json\/wp\/v2\/types\/post"}],"author":[{"embeddable":true,"href":"https:\/\/brasilnoticias.org\/site\/wp-json\/wp\/v2\/users\/1"}],"replies":[{"embeddable":true,"href":"https:\/\/brasilnoticias.org\/site\/wp-json\/wp\/v2\/comments?post=124"}],"version-history":[{"count":1,"href":"https:\/\/brasilnoticias.org\/site\/wp-json\/wp\/v2\/posts\/124\/revisions"}],"predecessor-version":[{"id":126,"href":"https:\/\/brasilnoticias.org\/site\/wp-json\/wp\/v2\/posts\/124\/revisions\/126"}],"wp:featuredmedia":[{"embeddable":true,"href":"https:\/\/brasilnoticias.org\/site\/wp-json\/wp\/v2\/media\/125"}],"wp:attachment":[{"href":"https:\/\/brasilnoticias.org\/site\/wp-json\/wp\/v2\/media?parent=124"}],"wp:term":[{"taxonomy":"category","embeddable":true,"href":"https:\/\/brasilnoticias.org\/site\/wp-json\/wp\/v2\/categories?post=124"},{"taxonomy":"post_tag","embeddable":true,"href":"https:\/\/brasilnoticias.org\/site\/wp-json\/wp\/v2\/tags?post=124"}],"curies":[{"name":"wp","href":"https:\/\/api.w.org\/{rel}","templated":true}]}}