{"id":12409,"date":"2024-01-25T12:09:15","date_gmt":"2024-01-25T15:09:15","guid":{"rendered":"https:\/\/brasilnoticias.org\/site\/?p=12409"},"modified":"2024-01-25T12:09:15","modified_gmt":"2024-01-25T15:09:15","slug":"tony-salles-vai-deixar-parangole-apos-dez-anos","status":"publish","type":"post","link":"https:\/\/brasilnoticias.org\/site\/tony-salles-vai-deixar-parangole-apos-dez-anos\/","title":{"rendered":"Tony Salles vai deixar Parangol\u00e9 ap\u00f3s dez anos"},"content":{"rendered":"<p>O cantor Tony Salles vai deixar a banda &#8220;Parangol\u00e9&#8221; ap\u00f3s 10 anos para seguir carreira solo. Segundo o colunista Kadu Brand\u00e3o, do Portal iG, o contrato do artista com o grupo vai at\u00e9 o ano de 2025 e os empres\u00e1rios da banda ir\u00e3o tentar uma transi\u00e7\u00e3o tranquila durante o ano de 2024.<\/p>\n<p>Ainda de acordo com a coluna, o contrato com Parangol\u00e9 poderia at\u00e9 mesmo encerrar antes do fim do contrato, caso dependesse exclusivamente de Salles.<\/p>\n<p>O artista entrou no grupo em 2014 ap\u00f3s a sa\u00edda do vocalista L\u00e9o Santana. Neste ano, os cantores se uniram e lan\u00e7aram o hit de Carnaval &#8220;Perna Bamba&#8221;. O clipe oficial foi lan\u00e7ado em dezembro e j\u00e1 conta com mais de 4 milh\u00f5es de visualiza\u00e7\u00f5es no Youtube.<\/p>\n<p>Foto: Reprodu\u00e7\u00e3o\/ Instagram<br \/>\nPor: Metro1 <\/p>\n","protected":false},"excerpt":{"rendered":"<p>O cantor Tony Salles vai deixar a banda &#8220;Parangol\u00e9&#8221; ap\u00f3s 10 anos para seguir carreira solo. Segundo o colunista Kadu<\/p>\n","protected":false},"author":4,"featured_media":12410,"comment_status":"open","ping_status":"open","sticky":false,"template":"","format":"standard","meta":{"colormag_page_container_layout":"default_layout","colormag_page_sidebar_layout":"default_layout","_FSMCFIC_featured_image_caption":"","_FSMCFIC_featured_image_nocaption":"","_FSMCFIC_featured_image_hide":"","footnotes":""},"categories":[8,1],"tags":[],"class_list":["post-12409","post","type-post","status-publish","format-standard","has-post-thumbnail","hentry","category-entretenimento","category-ultimas"],"yoast_head":"<!-- This site is optimized with the Yoast SEO plugin v27.1.1 - https:\/\/yoast.com\/product\/yoast-seo-wordpress\/ -->\n<title>Tony Salles vai deixar Parangol\u00e9 ap\u00f3s dez anos - Brasil not\u00edcias<\/title>\n<meta name=\"robots\" content=\"index, follow, max-snippet:-1, max-image-preview:large, max-video-preview:-1\" \/>\n<link rel=\"canonical\" href=\"https:\/\/brasilnoticias.org\/site\/tony-salles-vai-deixar-parangole-apos-dez-anos\/\" \/>\n<meta property=\"og:locale\" content=\"pt_PT\" \/>\n<meta property=\"og:type\" content=\"article\" \/>\n<meta property=\"og:title\" content=\"Tony Salles vai deixar Parangol\u00e9 ap\u00f3s dez anos - Brasil not\u00edcias\" \/>\n<meta property=\"og:description\" content=\"O cantor Tony Salles vai deixar a banda &#8220;Parangol\u00e9&#8221; ap\u00f3s 10 anos para seguir carreira solo. Segundo o colunista Kadu\" \/>\n<meta property=\"og:url\" content=\"https:\/\/brasilnoticias.org\/site\/tony-salles-vai-deixar-parangole-apos-dez-anos\/\" \/>\n<meta property=\"og:site_name\" content=\"Brasil not\u00edcias\" \/>\n<meta property=\"article:published_time\" content=\"2024-01-25T15:09:15+00:00\" \/>\n<meta property=\"og:image\" content=\"https:\/\/brasilnoticias.org\/site\/wp-content\/uploads\/2024\/01\/145537tony-salles-vai-deixar-parangole-apos-dez-anos-3.jpg\" \/>\n\t<meta property=\"og:image:width\" content=\"1600\" \/>\n\t<meta property=\"og:image:height\" content=\"752\" \/>\n\t<meta property=\"og:image:type\" content=\"image\/jpeg\" \/>\n<meta name=\"author\" content=\"Reda\u00e7\u00e3o\" \/>\n<meta name=\"twitter:card\" content=\"summary_large_image\" \/>\n<meta name=\"twitter:label1\" content=\"Escrito por\" \/>\n\t<meta name=\"twitter:data1\" content=\"Reda\u00e7\u00e3o\" \/>\n\t<meta name=\"twitter:label2\" content=\"Tempo estimado de leitura\" \/>\n\t<meta name=\"twitter:data2\" content=\"1 minuto\" \/>\n<script type=\"application\/ld+json\" class=\"yoast-schema-graph\">{\"@context\":\"https:\/\/schema.org\",\"@graph\":[{\"@type\":\"Article\",\"@id\":\"https:\/\/brasilnoticias.org\/site\/tony-salles-vai-deixar-parangole-apos-dez-anos\/#article\",\"isPartOf\":{\"@id\":\"https:\/\/brasilnoticias.org\/site\/tony-salles-vai-deixar-parangole-apos-dez-anos\/\"},\"author\":{\"name\":\"Reda\u00e7\u00e3o\",\"@id\":\"https:\/\/brasilnoticias.org\/site\/#\/schema\/person\/03bbbfe6c7634ad18c26444ea39049fa\"},\"headline\":\"Tony Salles vai deixar Parangol\u00e9 ap\u00f3s dez anos\",\"datePublished\":\"2024-01-25T15:09:15+00:00\",\"mainEntityOfPage\":{\"@id\":\"https:\/\/brasilnoticias.org\/site\/tony-salles-vai-deixar-parangole-apos-dez-anos\/\"},\"wordCount\":145,\"commentCount\":0,\"publisher\":{\"@id\":\"https:\/\/brasilnoticias.org\/site\/#organization\"},\"image\":{\"@id\":\"https:\/\/brasilnoticias.org\/site\/tony-salles-vai-deixar-parangole-apos-dez-anos\/#primaryimage\"},\"thumbnailUrl\":\"https:\/\/brasilnoticias.org\/site\/wp-content\/uploads\/2024\/01\/145537tony-salles-vai-deixar-parangole-apos-dez-anos-3.jpg\",\"articleSection\":[\"Entretenimento\",\"\u00daltimas\"],\"inLanguage\":\"pt-PT\",\"potentialAction\":[{\"@type\":\"CommentAction\",\"name\":\"Comment\",\"target\":[\"https:\/\/brasilnoticias.org\/site\/tony-salles-vai-deixar-parangole-apos-dez-anos\/#respond\"]}]},{\"@type\":\"WebPage\",\"@id\":\"https:\/\/brasilnoticias.org\/site\/tony-salles-vai-deixar-parangole-apos-dez-anos\/\",\"url\":\"https:\/\/brasilnoticias.org\/site\/tony-salles-vai-deixar-parangole-apos-dez-anos\/\",\"name\":\"Tony Salles vai deixar Parangol\u00e9 ap\u00f3s dez anos - Brasil not\u00edcias\",\"isPartOf\":{\"@id\":\"https:\/\/brasilnoticias.org\/site\/#website\"},\"primaryImageOfPage\":{\"@id\":\"https:\/\/brasilnoticias.org\/site\/tony-salles-vai-deixar-parangole-apos-dez-anos\/#primaryimage\"},\"image\":{\"@id\":\"https:\/\/brasilnoticias.org\/site\/tony-salles-vai-deixar-parangole-apos-dez-anos\/#primaryimage\"},\"thumbnailUrl\":\"https:\/\/brasilnoticias.org\/site\/wp-content\/uploads\/2024\/01\/145537tony-salles-vai-deixar-parangole-apos-dez-anos-3.jpg\",\"datePublished\":\"2024-01-25T15:09:15+00:00\",\"breadcrumb\":{\"@id\":\"https:\/\/brasilnoticias.org\/site\/tony-salles-vai-deixar-parangole-apos-dez-anos\/#breadcrumb\"},\"inLanguage\":\"pt-PT\",\"potentialAction\":[{\"@type\":\"ReadAction\",\"target\":[\"https:\/\/brasilnoticias.org\/site\/tony-salles-vai-deixar-parangole-apos-dez-anos\/\"]}]},{\"@type\":\"ImageObject\",\"inLanguage\":\"pt-PT\",\"@id\":\"https:\/\/brasilnoticias.org\/site\/tony-salles-vai-deixar-parangole-apos-dez-anos\/#primaryimage\",\"url\":\"https:\/\/brasilnoticias.org\/site\/wp-content\/uploads\/2024\/01\/145537tony-salles-vai-deixar-parangole-apos-dez-anos-3.jpg\",\"contentUrl\":\"https:\/\/brasilnoticias.org\/site\/wp-content\/uploads\/2024\/01\/145537tony-salles-vai-deixar-parangole-apos-dez-anos-3.jpg\",\"width\":1600,\"height\":752},{\"@type\":\"BreadcrumbList\",\"@id\":\"https:\/\/brasilnoticias.org\/site\/tony-salles-vai-deixar-parangole-apos-dez-anos\/#breadcrumb\",\"itemListElement\":[{\"@type\":\"ListItem\",\"position\":1,\"name\":\"In\u00edcio\",\"item\":\"https:\/\/brasilnoticias.org\/site\/\"},{\"@type\":\"ListItem\",\"position\":2,\"name\":\"Tony Salles vai deixar Parangol\u00e9 ap\u00f3s dez anos\"}]},{\"@type\":\"WebSite\",\"@id\":\"https:\/\/brasilnoticias.org\/site\/#website\",\"url\":\"https:\/\/brasilnoticias.org\/site\/\",\"name\":\"Brasil not\u00edcias\",\"description\":\"Brasil not\u00edcias\",\"publisher\":{\"@id\":\"https:\/\/brasilnoticias.org\/site\/#organization\"},\"potentialAction\":[{\"@type\":\"SearchAction\",\"target\":{\"@type\":\"EntryPoint\",\"urlTemplate\":\"https:\/\/brasilnoticias.org\/site\/?s={search_term_string}\"},\"query-input\":{\"@type\":\"PropertyValueSpecification\",\"valueRequired\":true,\"valueName\":\"search_term_string\"}}],\"inLanguage\":\"pt-PT\"},{\"@type\":\"Organization\",\"@id\":\"https:\/\/brasilnoticias.org\/site\/#organization\",\"name\":\"Brasil not\u00edcias\",\"url\":\"https:\/\/brasilnoticias.org\/site\/\",\"logo\":{\"@type\":\"ImageObject\",\"inLanguage\":\"pt-PT\",\"@id\":\"https:\/\/brasilnoticias.org\/site\/#\/schema\/logo\/image\/\",\"url\":\"https:\/\/brasilnoticias.org\/site\/wp-content\/uploads\/2022\/05\/cropped-brasilnoticias-mini.jpg\",\"contentUrl\":\"https:\/\/brasilnoticias.org\/site\/wp-content\/uploads\/2022\/05\/cropped-brasilnoticias-mini.jpg\",\"width\":314,\"height\":86,\"caption\":\"Brasil not\u00edcias\"},\"image\":{\"@id\":\"https:\/\/brasilnoticias.org\/site\/#\/schema\/logo\/image\/\"}},{\"@type\":\"Person\",\"@id\":\"https:\/\/brasilnoticias.org\/site\/#\/schema\/person\/03bbbfe6c7634ad18c26444ea39049fa\",\"name\":\"Reda\u00e7\u00e3o\",\"image\":{\"@type\":\"ImageObject\",\"inLanguage\":\"pt-PT\",\"@id\":\"https:\/\/brasilnoticias.org\/site\/#\/schema\/person\/image\/\",\"url\":\"https:\/\/secure.gravatar.com\/avatar\/9ecaf7327a696cb23ad926fedded5f1f04d7049de9e445375d55b48c001a6e42?s=96&d=mm&r=g\",\"contentUrl\":\"https:\/\/secure.gravatar.com\/avatar\/9ecaf7327a696cb23ad926fedded5f1f04d7049de9e445375d55b48c001a6e42?s=96&d=mm&r=g\",\"caption\":\"Reda\u00e7\u00e3o\"},\"url\":\"https:\/\/brasilnoticias.org\/site\/author\/henrique\/\"}]}<\/script>\n<!-- \/ Yoast SEO plugin. -->","yoast_head_json":{"title":"Tony Salles vai deixar Parangol\u00e9 ap\u00f3s dez anos - Brasil not\u00edcias","robots":{"index":"index","follow":"follow","max-snippet":"max-snippet:-1","max-image-preview":"max-image-preview:large","max-video-preview":"max-video-preview:-1"},"canonical":"https:\/\/brasilnoticias.org\/site\/tony-salles-vai-deixar-parangole-apos-dez-anos\/","og_locale":"pt_PT","og_type":"article","og_title":"Tony Salles vai deixar Parangol\u00e9 ap\u00f3s dez anos - Brasil not\u00edcias","og_description":"O cantor Tony Salles vai deixar a banda &#8220;Parangol\u00e9&#8221; ap\u00f3s 10 anos para seguir carreira solo. Segundo o colunista Kadu","og_url":"https:\/\/brasilnoticias.org\/site\/tony-salles-vai-deixar-parangole-apos-dez-anos\/","og_site_name":"Brasil not\u00edcias","article_published_time":"2024-01-25T15:09:15+00:00","og_image":[{"width":1600,"height":752,"url":"https:\/\/brasilnoticias.org\/site\/wp-content\/uploads\/2024\/01\/145537tony-salles-vai-deixar-parangole-apos-dez-anos-3.jpg","type":"image\/jpeg"}],"author":"Reda\u00e7\u00e3o","twitter_card":"summary_large_image","twitter_misc":{"Escrito por":"Reda\u00e7\u00e3o","Tempo estimado de leitura":"1 minuto"},"schema":{"@context":"https:\/\/schema.org","@graph":[{"@type":"Article","@id":"https:\/\/brasilnoticias.org\/site\/tony-salles-vai-deixar-parangole-apos-dez-anos\/#article","isPartOf":{"@id":"https:\/\/brasilnoticias.org\/site\/tony-salles-vai-deixar-parangole-apos-dez-anos\/"},"author":{"name":"Reda\u00e7\u00e3o","@id":"https:\/\/brasilnoticias.org\/site\/#\/schema\/person\/03bbbfe6c7634ad18c26444ea39049fa"},"headline":"Tony Salles vai deixar Parangol\u00e9 ap\u00f3s dez anos","datePublished":"2024-01-25T15:09:15+00:00","mainEntityOfPage":{"@id":"https:\/\/brasilnoticias.org\/site\/tony-salles-vai-deixar-parangole-apos-dez-anos\/"},"wordCount":145,"commentCount":0,"publisher":{"@id":"https:\/\/brasilnoticias.org\/site\/#organization"},"image":{"@id":"https:\/\/brasilnoticias.org\/site\/tony-salles-vai-deixar-parangole-apos-dez-anos\/#primaryimage"},"thumbnailUrl":"https:\/\/brasilnoticias.org\/site\/wp-content\/uploads\/2024\/01\/145537tony-salles-vai-deixar-parangole-apos-dez-anos-3.jpg","articleSection":["Entretenimento","\u00daltimas"],"inLanguage":"pt-PT","potentialAction":[{"@type":"CommentAction","name":"Comment","target":["https:\/\/brasilnoticias.org\/site\/tony-salles-vai-deixar-parangole-apos-dez-anos\/#respond"]}]},{"@type":"WebPage","@id":"https:\/\/brasilnoticias.org\/site\/tony-salles-vai-deixar-parangole-apos-dez-anos\/","url":"https:\/\/brasilnoticias.org\/site\/tony-salles-vai-deixar-parangole-apos-dez-anos\/","name":"Tony Salles vai deixar Parangol\u00e9 ap\u00f3s dez anos - Brasil not\u00edcias","isPartOf":{"@id":"https:\/\/brasilnoticias.org\/site\/#website"},"primaryImageOfPage":{"@id":"https:\/\/brasilnoticias.org\/site\/tony-salles-vai-deixar-parangole-apos-dez-anos\/#primaryimage"},"image":{"@id":"https:\/\/brasilnoticias.org\/site\/tony-salles-vai-deixar-parangole-apos-dez-anos\/#primaryimage"},"thumbnailUrl":"https:\/\/brasilnoticias.org\/site\/wp-content\/uploads\/2024\/01\/145537tony-salles-vai-deixar-parangole-apos-dez-anos-3.jpg","datePublished":"2024-01-25T15:09:15+00:00","breadcrumb":{"@id":"https:\/\/brasilnoticias.org\/site\/tony-salles-vai-deixar-parangole-apos-dez-anos\/#breadcrumb"},"inLanguage":"pt-PT","potentialAction":[{"@type":"ReadAction","target":["https:\/\/brasilnoticias.org\/site\/tony-salles-vai-deixar-parangole-apos-dez-anos\/"]}]},{"@type":"ImageObject","inLanguage":"pt-PT","@id":"https:\/\/brasilnoticias.org\/site\/tony-salles-vai-deixar-parangole-apos-dez-anos\/#primaryimage","url":"https:\/\/brasilnoticias.org\/site\/wp-content\/uploads\/2024\/01\/145537tony-salles-vai-deixar-parangole-apos-dez-anos-3.jpg","contentUrl":"https:\/\/brasilnoticias.org\/site\/wp-content\/uploads\/2024\/01\/145537tony-salles-vai-deixar-parangole-apos-dez-anos-3.jpg","width":1600,"height":752},{"@type":"BreadcrumbList","@id":"https:\/\/brasilnoticias.org\/site\/tony-salles-vai-deixar-parangole-apos-dez-anos\/#breadcrumb","itemListElement":[{"@type":"ListItem","position":1,"name":"In\u00edcio","item":"https:\/\/brasilnoticias.org\/site\/"},{"@type":"ListItem","position":2,"name":"Tony Salles vai deixar Parangol\u00e9 ap\u00f3s dez anos"}]},{"@type":"WebSite","@id":"https:\/\/brasilnoticias.org\/site\/#website","url":"https:\/\/brasilnoticias.org\/site\/","name":"Brasil not\u00edcias","description":"Brasil not\u00edcias","publisher":{"@id":"https:\/\/brasilnoticias.org\/site\/#organization"},"potentialAction":[{"@type":"SearchAction","target":{"@type":"EntryPoint","urlTemplate":"https:\/\/brasilnoticias.org\/site\/?s={search_term_string}"},"query-input":{"@type":"PropertyValueSpecification","valueRequired":true,"valueName":"search_term_string"}}],"inLanguage":"pt-PT"},{"@type":"Organization","@id":"https:\/\/brasilnoticias.org\/site\/#organization","name":"Brasil not\u00edcias","url":"https:\/\/brasilnoticias.org\/site\/","logo":{"@type":"ImageObject","inLanguage":"pt-PT","@id":"https:\/\/brasilnoticias.org\/site\/#\/schema\/logo\/image\/","url":"https:\/\/brasilnoticias.org\/site\/wp-content\/uploads\/2022\/05\/cropped-brasilnoticias-mini.jpg","contentUrl":"https:\/\/brasilnoticias.org\/site\/wp-content\/uploads\/2022\/05\/cropped-brasilnoticias-mini.jpg","width":314,"height":86,"caption":"Brasil not\u00edcias"},"image":{"@id":"https:\/\/brasilnoticias.org\/site\/#\/schema\/logo\/image\/"}},{"@type":"Person","@id":"https:\/\/brasilnoticias.org\/site\/#\/schema\/person\/03bbbfe6c7634ad18c26444ea39049fa","name":"Reda\u00e7\u00e3o","image":{"@type":"ImageObject","inLanguage":"pt-PT","@id":"https:\/\/brasilnoticias.org\/site\/#\/schema\/person\/image\/","url":"https:\/\/secure.gravatar.com\/avatar\/9ecaf7327a696cb23ad926fedded5f1f04d7049de9e445375d55b48c001a6e42?s=96&d=mm&r=g","contentUrl":"https:\/\/secure.gravatar.com\/avatar\/9ecaf7327a696cb23ad926fedded5f1f04d7049de9e445375d55b48c001a6e42?s=96&d=mm&r=g","caption":"Reda\u00e7\u00e3o"},"url":"https:\/\/brasilnoticias.org\/site\/author\/henrique\/"}]}},"_links":{"self":[{"href":"https:\/\/brasilnoticias.org\/site\/wp-json\/wp\/v2\/posts\/12409","targetHints":{"allow":["GET"]}}],"collection":[{"href":"https:\/\/brasilnoticias.org\/site\/wp-json\/wp\/v2\/posts"}],"about":[{"href":"https:\/\/brasilnoticias.org\/site\/wp-json\/wp\/v2\/types\/post"}],"author":[{"embeddable":true,"href":"https:\/\/brasilnoticias.org\/site\/wp-json\/wp\/v2\/users\/4"}],"replies":[{"embeddable":true,"href":"https:\/\/brasilnoticias.org\/site\/wp-json\/wp\/v2\/comments?post=12409"}],"version-history":[{"count":1,"href":"https:\/\/brasilnoticias.org\/site\/wp-json\/wp\/v2\/posts\/12409\/revisions"}],"predecessor-version":[{"id":12411,"href":"https:\/\/brasilnoticias.org\/site\/wp-json\/wp\/v2\/posts\/12409\/revisions\/12411"}],"wp:featuredmedia":[{"embeddable":true,"href":"https:\/\/brasilnoticias.org\/site\/wp-json\/wp\/v2\/media\/12410"}],"wp:attachment":[{"href":"https:\/\/brasilnoticias.org\/site\/wp-json\/wp\/v2\/media?parent=12409"}],"wp:term":[{"taxonomy":"category","embeddable":true,"href":"https:\/\/brasilnoticias.org\/site\/wp-json\/wp\/v2\/categories?post=12409"},{"taxonomy":"post_tag","embeddable":true,"href":"https:\/\/brasilnoticias.org\/site\/wp-json\/wp\/v2\/tags?post=12409"}],"curies":[{"name":"wp","href":"https:\/\/api.w.org\/{rel}","templated":true}]}}