{"id":12418,"date":"2024-01-25T12:22:11","date_gmt":"2024-01-25T15:22:11","guid":{"rendered":"https:\/\/brasilnoticias.org\/site\/?p=12418"},"modified":"2024-01-25T12:22:11","modified_gmt":"2024-01-25T15:22:11","slug":"operacao-da-pf-mira-deputado-ramagem-e-policiais-federais-por-grampos-ilegais-na-abin","status":"publish","type":"post","link":"https:\/\/brasilnoticias.org\/site\/operacao-da-pf-mira-deputado-ramagem-e-policiais-federais-por-grampos-ilegais-na-abin\/","title":{"rendered":"Opera\u00e7\u00e3o da PF mira deputado Ramagem e policiais federais por grampos ilegais na Abin"},"content":{"rendered":"<p>O deputado federal Alexandre Ramagem (PL-RJ) e agentes da Pol\u00edcia Federal s\u00e3o alvos de uma opera\u00e7\u00e3o da PF deflagrada na manh\u00e3 desta quinta (24) contra um grupo que, segundo as investiga\u00e7\u00f5es, atuava dentro da Ag\u00eancia Brasileira de Intelig\u00eancia (Abin) para monitorar monitorar ilegalmente autoridades p\u00fablicas e outras pessoas.<\/p>\n<p>A opera\u00e7\u00e3o Vigil\u00e2ncia Aproximada \u00e9 um desdobramento da a\u00e7\u00e3o \u00daltima Milha, desencadeada em outubro do ano passado para apurar o uso de ferramentas de geolocaliza\u00e7\u00e3o de celulares e tablets para monitorar pol\u00edticos, ju\u00edzes, entre outras pessoas, sem autoriza\u00e7\u00e3o judicial.<\/p>\n<p>O gabinete de Ramagem na C\u00e2mara dos Deputados e o apartamento funcional dele s\u00e3o alvos de buscas da PF. A Gazeta do Povo tenta contato com o deputado e com a Abin para comentar a nova investiga\u00e7\u00e3o.<\/p>\n<p>Alexandre Ramagem (PL-RJ) foi o diretor-geral da Abin no governo do ex-presidente Jair Bolsonaro (PL). Ele tamb\u00e9m j\u00e1 atuou como delegado da Pol\u00edcia Federal. Ramagem \u00e9 pr\u00e9-candidato do PL \u00e0 prefeitura do Rio de Janeiro nas elei\u00e7\u00f5es municipais deste ano.<\/p>\n<p>Ao todo s\u00e3o cumpridos 21 mandados de busca e apreens\u00e3o, al\u00e9m de medidas cautelares diversas da pris\u00e3o, incluindo a suspens\u00e3o imediata do exerc\u00edcio das fun\u00e7\u00f5es p\u00fablicas de sete policiais federais. As dilig\u00eancias de busca e apreens\u00e3o ocorrem em Bras\u00edlia, Juiz de Fora (MG), S\u00e3o Jo\u00e3o Del Rei (MG) e Rio de Janeiro.<\/p>\n<p>&#8220;As provas obtidas a partir das dilig\u00eancias executadas pela Pol\u00edcia Federal \u00e0 \u00e9poca [da opera\u00e7\u00e3o \u00daltima Milha] indicam que o grupo criminoso criou uma estrutura paralela na ABIN e utilizou ferramentas e servi\u00e7os daquela ag\u00eancia de intelig\u00eancia do Estado para a\u00e7\u00f5es il\u00edcitas, produzindo informa\u00e7\u00f5es para uso pol\u00edtico e midi\u00e1tico, para a obten\u00e7\u00e3o de proveitos pessoais e at\u00e9 mesmo para interferir em investiga\u00e7\u00f5es da Pol\u00edcia Federal&#8221;, disse a corpora\u00e7\u00e3o em nota.<\/p>\n<p>Na \u00e9poca, a PF prendeu dois servidores da Abin e afastou o &#8220;n\u00famero 3&#8221; da ag\u00eancia, Paulo Maur\u00edcio Fortunato Pinto, por envolvimento no esquema de rastreio irregular de celulares.<\/p>\n<p>A investiga\u00e7\u00e3o apontou que o monitoramento era feito atrav\u00e9s de um software israelense chamado FirstMile comprado pelo governo e que utilizava dados de GPS para monitorar irregularmente a localiza\u00e7\u00e3o de celulares de servidores p\u00fablicos, pol\u00edticos, policiais, advogados, jornalistas e ju\u00edzes.<\/p>\n<p>O programa foi adquirido no final da gest\u00e3o de Michel Temer (MDB) em 2018 e utilizado at\u00e9 parte do terceiro ano do governo Bolsonaro. Na \u00e9poca da opera\u00e7\u00e3o \u00daltima Milha, a Abin informou que o contrato para uso do software foi encerrado em maio de 2021 e &#8220;n\u00e3o est\u00e1 mais em uso&#8221;.<\/p>\n<p>A ag\u00eancia informou, ainda, que instaurou um procedimento para apurar o caso e que atendeu a todas as solicita\u00e7\u00f5es feitas pela PF e pelo Supremo Tribunal Federal (STF).<\/p>\n<p>Segundo a PF, os investigados podem responder pelos crimes de invas\u00e3o de dispositivo inform\u00e1tico alheio, organiza\u00e7\u00e3o criminosa e intercepta\u00e7\u00e3o de comunica\u00e7\u00f5es telef\u00f4nicas, de inform\u00e1tica ou telem\u00e1tica sem autoriza\u00e7\u00e3o judicial ou com objetivos n\u00e3o autorizados em lei.<\/p>\n<p>Informa\u00e7\u00f5es da Gazeta do Povo \/ Foto:Tomaz Silva\/Ag\u00eancia Brasil<\/p>\n","protected":false},"excerpt":{"rendered":"<p>O deputado federal Alexandre Ramagem (PL-RJ) e agentes da Pol\u00edcia Federal s\u00e3o alvos de uma opera\u00e7\u00e3o da PF deflagrada na<\/p>\n","protected":false},"author":4,"featured_media":12419,"comment_status":"open","ping_status":"open","sticky":false,"template":"","format":"standard","meta":{"colormag_page_container_layout":"default_layout","colormag_page_sidebar_layout":"default_layout","_FSMCFIC_featured_image_caption":"","_FSMCFIC_featured_image_nocaption":"","_FSMCFIC_featured_image_hide":"","footnotes":""},"categories":[5,1],"tags":[],"class_list":["post-12418","post","type-post","status-publish","format-standard","has-post-thumbnail","hentry","category-politica","category-ultimas"],"yoast_head":"<!-- This site is optimized with the Yoast SEO plugin v27.1.1 - https:\/\/yoast.com\/product\/yoast-seo-wordpress\/ -->\n<title>Opera\u00e7\u00e3o da PF mira deputado Ramagem e policiais federais por grampos ilegais na Abin - Brasil not\u00edcias<\/title>\n<meta name=\"robots\" content=\"index, follow, max-snippet:-1, max-image-preview:large, max-video-preview:-1\" \/>\n<link rel=\"canonical\" href=\"https:\/\/brasilnoticias.org\/site\/operacao-da-pf-mira-deputado-ramagem-e-policiais-federais-por-grampos-ilegais-na-abin\/\" \/>\n<meta property=\"og:locale\" content=\"pt_PT\" \/>\n<meta property=\"og:type\" content=\"article\" \/>\n<meta property=\"og:title\" content=\"Opera\u00e7\u00e3o da PF mira deputado Ramagem e policiais federais por grampos ilegais na Abin - Brasil not\u00edcias\" \/>\n<meta property=\"og:description\" content=\"O deputado federal Alexandre Ramagem (PL-RJ) e agentes da Pol\u00edcia Federal s\u00e3o alvos de uma opera\u00e7\u00e3o da PF deflagrada na\" \/>\n<meta property=\"og:url\" content=\"https:\/\/brasilnoticias.org\/site\/operacao-da-pf-mira-deputado-ramagem-e-policiais-federais-por-grampos-ilegais-na-abin\/\" \/>\n<meta property=\"og:site_name\" content=\"Brasil not\u00edcias\" \/>\n<meta property=\"article:published_time\" content=\"2024-01-25T15:22:11+00:00\" \/>\n<meta property=\"og:image\" content=\"https:\/\/brasilnoticias.org\/site\/wp-content\/uploads\/2024\/01\/th.jpg\" \/>\n\t<meta property=\"og:image:width\" content=\"474\" \/>\n\t<meta property=\"og:image:height\" content=\"266\" \/>\n\t<meta property=\"og:image:type\" content=\"image\/jpeg\" \/>\n<meta name=\"author\" content=\"Reda\u00e7\u00e3o\" \/>\n<meta name=\"twitter:card\" content=\"summary_large_image\" \/>\n<meta name=\"twitter:label1\" content=\"Escrito por\" \/>\n\t<meta name=\"twitter:data1\" content=\"Reda\u00e7\u00e3o\" \/>\n\t<meta name=\"twitter:label2\" content=\"Tempo estimado de leitura\" \/>\n\t<meta name=\"twitter:data2\" content=\"1 minuto\" \/>\n<script type=\"application\/ld+json\" class=\"yoast-schema-graph\">{\"@context\":\"https:\/\/schema.org\",\"@graph\":[{\"@type\":\"Article\",\"@id\":\"https:\/\/brasilnoticias.org\/site\/operacao-da-pf-mira-deputado-ramagem-e-policiais-federais-por-grampos-ilegais-na-abin\/#article\",\"isPartOf\":{\"@id\":\"https:\/\/brasilnoticias.org\/site\/operacao-da-pf-mira-deputado-ramagem-e-policiais-federais-por-grampos-ilegais-na-abin\/\"},\"author\":{\"name\":\"Reda\u00e7\u00e3o\",\"@id\":\"https:\/\/brasilnoticias.org\/site\/#\/schema\/person\/03bbbfe6c7634ad18c26444ea39049fa\"},\"headline\":\"Opera\u00e7\u00e3o da PF mira deputado Ramagem e policiais federais por grampos ilegais na Abin\",\"datePublished\":\"2024-01-25T15:22:11+00:00\",\"mainEntityOfPage\":{\"@id\":\"https:\/\/brasilnoticias.org\/site\/operacao-da-pf-mira-deputado-ramagem-e-policiais-federais-por-grampos-ilegais-na-abin\/\"},\"wordCount\":562,\"commentCount\":0,\"publisher\":{\"@id\":\"https:\/\/brasilnoticias.org\/site\/#organization\"},\"image\":{\"@id\":\"https:\/\/brasilnoticias.org\/site\/operacao-da-pf-mira-deputado-ramagem-e-policiais-federais-por-grampos-ilegais-na-abin\/#primaryimage\"},\"thumbnailUrl\":\"https:\/\/brasilnoticias.org\/site\/wp-content\/uploads\/2024\/01\/th.jpg\",\"articleSection\":[\"Pol\u00edtica\",\"\u00daltimas\"],\"inLanguage\":\"pt-PT\",\"potentialAction\":[{\"@type\":\"CommentAction\",\"name\":\"Comment\",\"target\":[\"https:\/\/brasilnoticias.org\/site\/operacao-da-pf-mira-deputado-ramagem-e-policiais-federais-por-grampos-ilegais-na-abin\/#respond\"]}]},{\"@type\":\"WebPage\",\"@id\":\"https:\/\/brasilnoticias.org\/site\/operacao-da-pf-mira-deputado-ramagem-e-policiais-federais-por-grampos-ilegais-na-abin\/\",\"url\":\"https:\/\/brasilnoticias.org\/site\/operacao-da-pf-mira-deputado-ramagem-e-policiais-federais-por-grampos-ilegais-na-abin\/\",\"name\":\"Opera\u00e7\u00e3o da PF mira deputado Ramagem e policiais federais por grampos ilegais na Abin - Brasil not\u00edcias\",\"isPartOf\":{\"@id\":\"https:\/\/brasilnoticias.org\/site\/#website\"},\"primaryImageOfPage\":{\"@id\":\"https:\/\/brasilnoticias.org\/site\/operacao-da-pf-mira-deputado-ramagem-e-policiais-federais-por-grampos-ilegais-na-abin\/#primaryimage\"},\"image\":{\"@id\":\"https:\/\/brasilnoticias.org\/site\/operacao-da-pf-mira-deputado-ramagem-e-policiais-federais-por-grampos-ilegais-na-abin\/#primaryimage\"},\"thumbnailUrl\":\"https:\/\/brasilnoticias.org\/site\/wp-content\/uploads\/2024\/01\/th.jpg\",\"datePublished\":\"2024-01-25T15:22:11+00:00\",\"breadcrumb\":{\"@id\":\"https:\/\/brasilnoticias.org\/site\/operacao-da-pf-mira-deputado-ramagem-e-policiais-federais-por-grampos-ilegais-na-abin\/#breadcrumb\"},\"inLanguage\":\"pt-PT\",\"potentialAction\":[{\"@type\":\"ReadAction\",\"target\":[\"https:\/\/brasilnoticias.org\/site\/operacao-da-pf-mira-deputado-ramagem-e-policiais-federais-por-grampos-ilegais-na-abin\/\"]}]},{\"@type\":\"ImageObject\",\"inLanguage\":\"pt-PT\",\"@id\":\"https:\/\/brasilnoticias.org\/site\/operacao-da-pf-mira-deputado-ramagem-e-policiais-federais-por-grampos-ilegais-na-abin\/#primaryimage\",\"url\":\"https:\/\/brasilnoticias.org\/site\/wp-content\/uploads\/2024\/01\/th.jpg\",\"contentUrl\":\"https:\/\/brasilnoticias.org\/site\/wp-content\/uploads\/2024\/01\/th.jpg\",\"width\":474,\"height\":266},{\"@type\":\"BreadcrumbList\",\"@id\":\"https:\/\/brasilnoticias.org\/site\/operacao-da-pf-mira-deputado-ramagem-e-policiais-federais-por-grampos-ilegais-na-abin\/#breadcrumb\",\"itemListElement\":[{\"@type\":\"ListItem\",\"position\":1,\"name\":\"In\u00edcio\",\"item\":\"https:\/\/brasilnoticias.org\/site\/\"},{\"@type\":\"ListItem\",\"position\":2,\"name\":\"Opera\u00e7\u00e3o da PF mira deputado Ramagem e policiais federais por grampos ilegais na Abin\"}]},{\"@type\":\"WebSite\",\"@id\":\"https:\/\/brasilnoticias.org\/site\/#website\",\"url\":\"https:\/\/brasilnoticias.org\/site\/\",\"name\":\"Brasil not\u00edcias\",\"description\":\"Brasil not\u00edcias\",\"publisher\":{\"@id\":\"https:\/\/brasilnoticias.org\/site\/#organization\"},\"potentialAction\":[{\"@type\":\"SearchAction\",\"target\":{\"@type\":\"EntryPoint\",\"urlTemplate\":\"https:\/\/brasilnoticias.org\/site\/?s={search_term_string}\"},\"query-input\":{\"@type\":\"PropertyValueSpecification\",\"valueRequired\":true,\"valueName\":\"search_term_string\"}}],\"inLanguage\":\"pt-PT\"},{\"@type\":\"Organization\",\"@id\":\"https:\/\/brasilnoticias.org\/site\/#organization\",\"name\":\"Brasil not\u00edcias\",\"url\":\"https:\/\/brasilnoticias.org\/site\/\",\"logo\":{\"@type\":\"ImageObject\",\"inLanguage\":\"pt-PT\",\"@id\":\"https:\/\/brasilnoticias.org\/site\/#\/schema\/logo\/image\/\",\"url\":\"https:\/\/brasilnoticias.org\/site\/wp-content\/uploads\/2022\/05\/cropped-brasilnoticias-mini.jpg\",\"contentUrl\":\"https:\/\/brasilnoticias.org\/site\/wp-content\/uploads\/2022\/05\/cropped-brasilnoticias-mini.jpg\",\"width\":314,\"height\":86,\"caption\":\"Brasil not\u00edcias\"},\"image\":{\"@id\":\"https:\/\/brasilnoticias.org\/site\/#\/schema\/logo\/image\/\"}},{\"@type\":\"Person\",\"@id\":\"https:\/\/brasilnoticias.org\/site\/#\/schema\/person\/03bbbfe6c7634ad18c26444ea39049fa\",\"name\":\"Reda\u00e7\u00e3o\",\"image\":{\"@type\":\"ImageObject\",\"inLanguage\":\"pt-PT\",\"@id\":\"https:\/\/brasilnoticias.org\/site\/#\/schema\/person\/image\/\",\"url\":\"https:\/\/secure.gravatar.com\/avatar\/9ecaf7327a696cb23ad926fedded5f1f04d7049de9e445375d55b48c001a6e42?s=96&d=mm&r=g\",\"contentUrl\":\"https:\/\/secure.gravatar.com\/avatar\/9ecaf7327a696cb23ad926fedded5f1f04d7049de9e445375d55b48c001a6e42?s=96&d=mm&r=g\",\"caption\":\"Reda\u00e7\u00e3o\"},\"url\":\"https:\/\/brasilnoticias.org\/site\/author\/henrique\/\"}]}<\/script>\n<!-- \/ Yoast SEO plugin. -->","yoast_head_json":{"title":"Opera\u00e7\u00e3o da PF mira deputado Ramagem e policiais federais por grampos ilegais na Abin - Brasil not\u00edcias","robots":{"index":"index","follow":"follow","max-snippet":"max-snippet:-1","max-image-preview":"max-image-preview:large","max-video-preview":"max-video-preview:-1"},"canonical":"https:\/\/brasilnoticias.org\/site\/operacao-da-pf-mira-deputado-ramagem-e-policiais-federais-por-grampos-ilegais-na-abin\/","og_locale":"pt_PT","og_type":"article","og_title":"Opera\u00e7\u00e3o da PF mira deputado Ramagem e policiais federais por grampos ilegais na Abin - Brasil not\u00edcias","og_description":"O deputado federal Alexandre Ramagem (PL-RJ) e agentes da Pol\u00edcia Federal s\u00e3o alvos de uma opera\u00e7\u00e3o da PF deflagrada na","og_url":"https:\/\/brasilnoticias.org\/site\/operacao-da-pf-mira-deputado-ramagem-e-policiais-federais-por-grampos-ilegais-na-abin\/","og_site_name":"Brasil not\u00edcias","article_published_time":"2024-01-25T15:22:11+00:00","og_image":[{"width":474,"height":266,"url":"https:\/\/brasilnoticias.org\/site\/wp-content\/uploads\/2024\/01\/th.jpg","type":"image\/jpeg"}],"author":"Reda\u00e7\u00e3o","twitter_card":"summary_large_image","twitter_misc":{"Escrito por":"Reda\u00e7\u00e3o","Tempo estimado de leitura":"1 minuto"},"schema":{"@context":"https:\/\/schema.org","@graph":[{"@type":"Article","@id":"https:\/\/brasilnoticias.org\/site\/operacao-da-pf-mira-deputado-ramagem-e-policiais-federais-por-grampos-ilegais-na-abin\/#article","isPartOf":{"@id":"https:\/\/brasilnoticias.org\/site\/operacao-da-pf-mira-deputado-ramagem-e-policiais-federais-por-grampos-ilegais-na-abin\/"},"author":{"name":"Reda\u00e7\u00e3o","@id":"https:\/\/brasilnoticias.org\/site\/#\/schema\/person\/03bbbfe6c7634ad18c26444ea39049fa"},"headline":"Opera\u00e7\u00e3o da PF mira deputado Ramagem e policiais federais por grampos ilegais na Abin","datePublished":"2024-01-25T15:22:11+00:00","mainEntityOfPage":{"@id":"https:\/\/brasilnoticias.org\/site\/operacao-da-pf-mira-deputado-ramagem-e-policiais-federais-por-grampos-ilegais-na-abin\/"},"wordCount":562,"commentCount":0,"publisher":{"@id":"https:\/\/brasilnoticias.org\/site\/#organization"},"image":{"@id":"https:\/\/brasilnoticias.org\/site\/operacao-da-pf-mira-deputado-ramagem-e-policiais-federais-por-grampos-ilegais-na-abin\/#primaryimage"},"thumbnailUrl":"https:\/\/brasilnoticias.org\/site\/wp-content\/uploads\/2024\/01\/th.jpg","articleSection":["Pol\u00edtica","\u00daltimas"],"inLanguage":"pt-PT","potentialAction":[{"@type":"CommentAction","name":"Comment","target":["https:\/\/brasilnoticias.org\/site\/operacao-da-pf-mira-deputado-ramagem-e-policiais-federais-por-grampos-ilegais-na-abin\/#respond"]}]},{"@type":"WebPage","@id":"https:\/\/brasilnoticias.org\/site\/operacao-da-pf-mira-deputado-ramagem-e-policiais-federais-por-grampos-ilegais-na-abin\/","url":"https:\/\/brasilnoticias.org\/site\/operacao-da-pf-mira-deputado-ramagem-e-policiais-federais-por-grampos-ilegais-na-abin\/","name":"Opera\u00e7\u00e3o da PF mira deputado Ramagem e policiais federais por grampos ilegais na Abin - Brasil not\u00edcias","isPartOf":{"@id":"https:\/\/brasilnoticias.org\/site\/#website"},"primaryImageOfPage":{"@id":"https:\/\/brasilnoticias.org\/site\/operacao-da-pf-mira-deputado-ramagem-e-policiais-federais-por-grampos-ilegais-na-abin\/#primaryimage"},"image":{"@id":"https:\/\/brasilnoticias.org\/site\/operacao-da-pf-mira-deputado-ramagem-e-policiais-federais-por-grampos-ilegais-na-abin\/#primaryimage"},"thumbnailUrl":"https:\/\/brasilnoticias.org\/site\/wp-content\/uploads\/2024\/01\/th.jpg","datePublished":"2024-01-25T15:22:11+00:00","breadcrumb":{"@id":"https:\/\/brasilnoticias.org\/site\/operacao-da-pf-mira-deputado-ramagem-e-policiais-federais-por-grampos-ilegais-na-abin\/#breadcrumb"},"inLanguage":"pt-PT","potentialAction":[{"@type":"ReadAction","target":["https:\/\/brasilnoticias.org\/site\/operacao-da-pf-mira-deputado-ramagem-e-policiais-federais-por-grampos-ilegais-na-abin\/"]}]},{"@type":"ImageObject","inLanguage":"pt-PT","@id":"https:\/\/brasilnoticias.org\/site\/operacao-da-pf-mira-deputado-ramagem-e-policiais-federais-por-grampos-ilegais-na-abin\/#primaryimage","url":"https:\/\/brasilnoticias.org\/site\/wp-content\/uploads\/2024\/01\/th.jpg","contentUrl":"https:\/\/brasilnoticias.org\/site\/wp-content\/uploads\/2024\/01\/th.jpg","width":474,"height":266},{"@type":"BreadcrumbList","@id":"https:\/\/brasilnoticias.org\/site\/operacao-da-pf-mira-deputado-ramagem-e-policiais-federais-por-grampos-ilegais-na-abin\/#breadcrumb","itemListElement":[{"@type":"ListItem","position":1,"name":"In\u00edcio","item":"https:\/\/brasilnoticias.org\/site\/"},{"@type":"ListItem","position":2,"name":"Opera\u00e7\u00e3o da PF mira deputado Ramagem e policiais federais por grampos ilegais na Abin"}]},{"@type":"WebSite","@id":"https:\/\/brasilnoticias.org\/site\/#website","url":"https:\/\/brasilnoticias.org\/site\/","name":"Brasil not\u00edcias","description":"Brasil not\u00edcias","publisher":{"@id":"https:\/\/brasilnoticias.org\/site\/#organization"},"potentialAction":[{"@type":"SearchAction","target":{"@type":"EntryPoint","urlTemplate":"https:\/\/brasilnoticias.org\/site\/?s={search_term_string}"},"query-input":{"@type":"PropertyValueSpecification","valueRequired":true,"valueName":"search_term_string"}}],"inLanguage":"pt-PT"},{"@type":"Organization","@id":"https:\/\/brasilnoticias.org\/site\/#organization","name":"Brasil not\u00edcias","url":"https:\/\/brasilnoticias.org\/site\/","logo":{"@type":"ImageObject","inLanguage":"pt-PT","@id":"https:\/\/brasilnoticias.org\/site\/#\/schema\/logo\/image\/","url":"https:\/\/brasilnoticias.org\/site\/wp-content\/uploads\/2022\/05\/cropped-brasilnoticias-mini.jpg","contentUrl":"https:\/\/brasilnoticias.org\/site\/wp-content\/uploads\/2022\/05\/cropped-brasilnoticias-mini.jpg","width":314,"height":86,"caption":"Brasil not\u00edcias"},"image":{"@id":"https:\/\/brasilnoticias.org\/site\/#\/schema\/logo\/image\/"}},{"@type":"Person","@id":"https:\/\/brasilnoticias.org\/site\/#\/schema\/person\/03bbbfe6c7634ad18c26444ea39049fa","name":"Reda\u00e7\u00e3o","image":{"@type":"ImageObject","inLanguage":"pt-PT","@id":"https:\/\/brasilnoticias.org\/site\/#\/schema\/person\/image\/","url":"https:\/\/secure.gravatar.com\/avatar\/9ecaf7327a696cb23ad926fedded5f1f04d7049de9e445375d55b48c001a6e42?s=96&d=mm&r=g","contentUrl":"https:\/\/secure.gravatar.com\/avatar\/9ecaf7327a696cb23ad926fedded5f1f04d7049de9e445375d55b48c001a6e42?s=96&d=mm&r=g","caption":"Reda\u00e7\u00e3o"},"url":"https:\/\/brasilnoticias.org\/site\/author\/henrique\/"}]}},"_links":{"self":[{"href":"https:\/\/brasilnoticias.org\/site\/wp-json\/wp\/v2\/posts\/12418","targetHints":{"allow":["GET"]}}],"collection":[{"href":"https:\/\/brasilnoticias.org\/site\/wp-json\/wp\/v2\/posts"}],"about":[{"href":"https:\/\/brasilnoticias.org\/site\/wp-json\/wp\/v2\/types\/post"}],"author":[{"embeddable":true,"href":"https:\/\/brasilnoticias.org\/site\/wp-json\/wp\/v2\/users\/4"}],"replies":[{"embeddable":true,"href":"https:\/\/brasilnoticias.org\/site\/wp-json\/wp\/v2\/comments?post=12418"}],"version-history":[{"count":1,"href":"https:\/\/brasilnoticias.org\/site\/wp-json\/wp\/v2\/posts\/12418\/revisions"}],"predecessor-version":[{"id":12420,"href":"https:\/\/brasilnoticias.org\/site\/wp-json\/wp\/v2\/posts\/12418\/revisions\/12420"}],"wp:featuredmedia":[{"embeddable":true,"href":"https:\/\/brasilnoticias.org\/site\/wp-json\/wp\/v2\/media\/12419"}],"wp:attachment":[{"href":"https:\/\/brasilnoticias.org\/site\/wp-json\/wp\/v2\/media?parent=12418"}],"wp:term":[{"taxonomy":"category","embeddable":true,"href":"https:\/\/brasilnoticias.org\/site\/wp-json\/wp\/v2\/categories?post=12418"},{"taxonomy":"post_tag","embeddable":true,"href":"https:\/\/brasilnoticias.org\/site\/wp-json\/wp\/v2\/tags?post=12418"}],"curies":[{"name":"wp","href":"https:\/\/api.w.org\/{rel}","templated":true}]}}