{"id":1242,"date":"2022-08-22T11:06:00","date_gmt":"2022-08-22T14:06:00","guid":{"rendered":"https:\/\/brasilnoticias.org\/site\/?p=1242"},"modified":"2022-08-22T11:06:00","modified_gmt":"2022-08-22T14:06:00","slug":"advogado-leva-filho-para-sessao-do-stj-e-chama-a-atencao-de-ministros","status":"publish","type":"post","link":"https:\/\/brasilnoticias.org\/site\/advogado-leva-filho-para-sessao-do-stj-e-chama-a-atencao-de-ministros\/","title":{"rendered":"Advogado leva filho para sess\u00e3o do STJ e chama a aten\u00e7\u00e3o de ministros"},"content":{"rendered":"<p dir=\"ltr\">Uma cena fofa chamou a aten\u00e7\u00e3o dos participantes da sess\u00e3o de julgamento da Segunda Turma do Superior Tribunal de Justi\u00e7a (STJ) na tarde desta quinta-feira (18). O advogado \u00a0Felipe Cavallazzi, que \u00e9 pai, levou o filho beb\u00ea para o plen\u00e1rio da Corte. Ele estava com uma causa pautada para a sess\u00e3o e era o dia de ficar com seu filho. Ao ver a presen\u00e7a da crian\u00e7a, o ministro Mauro Campbell antecipou o julgamento, invocando o Estatuto da Crian\u00e7a e do Adolescente (ECA).<\/p>\n<div id=\"div-gpt-ad-bn_justica_conteudo\"><\/div>\n<p>&nbsp;<\/p>\n<p dir=\"ltr\">Ao antecipar o julgamento, o ministro afirmou que a Turma estava \u201csendo honrada pela presen\u00e7a do Lorenzo, [que est\u00e1] muito bem comportado, que j\u00e1 se agasalhou por causa do frio\u201d. A sugest\u00e3o foi aceita na hora pelos demais ministros. \u201cObservo que o Lorenzo, na hora que o nome dele foi citado, olhou pro pai. Est\u00e1 atento\u201d, disse o ministro Herman Benjamin. \u201cSe comportou brilhantemente\u201d, elogiou Mauro Campbell.\n<\/p>\n<p dir=\"ltr\">De acordo com o Portal Metr\u00f3poles, parceiro do Bahia Not\u00edcias, o advogado est\u00e1 divorciado. \u201cComo era meu dia, trouxe para um dia de trabalho meu. N\u00e3o queria abrir m\u00e3o desse momento\u201d, disse ele, que fez o experimento pela primeira vez. \u201cLorenzo sempre foi muito comportado. Sempre vamos \u00e0 missa e ele n\u00e3o chora. \u00c9 uma crian\u00e7a tranquila\u201d, disse o advogado. \u201cCostuma dar mais trabalho quando est\u00e1 com sono ou com fome, mas ele veio dormindo no caminho\u201d, completou ele, que ainda agradeceu ao ministro Mauro Campbell. \u201cN\u00e3o esperava isso do ministro, dar prefer\u00eancia ao meu caso. Fico muito agradecido\u201d, disse o defensor.\n<\/p>\n<p dir=\"ltr\">No Instagram, o advogado relatou mais sobre a experi\u00eancia, que \u201cser um pai \u00e0 dist\u00e2ncia, nunca foi uma op\u00e7\u00e3o\u201d e, que, na inf\u00e2ncia, por vezes, acompanhou os pais e av\u00f3s no trabalho. \u201cEste contato dos filhos com o ambiente de trabalho de sua fam\u00edlia \u00e9 saud\u00e1vel, n\u00e3o s\u00f3 pelo tempo de conviv\u00eancia. Em primeiro lugar, os filhos precisam entender que, como disse Cortella, o dinheiro n\u00e3o \u00e9 algo que simplesmente sai de uma m\u00e1quina depois de apertar alguns bot\u00f5ezinhos. Depois, porque \u00e9 importante nossos filhos terem este contato com o ambiente profissional, para saberem se portar em diferentes locais. Por fim, para poderem aprender sobre o quais profiss\u00f5es e ambientes gostam ou n\u00e3o e conseguirem desenvolver sua voca\u00e7\u00e3o (o prof. Eduardo Mello e Souza sobre isso)\u201d, narrou. Al\u00e9m disso, acrescentou que, atrav\u00e9s da atitude do ministro Mauro Campbell, o STJ, mais uma vez, \u201cse prova como o tribunal da cidadania\u201d, e contextualizou que levar filhos para o trabalho \u00e9 a realidade de muitas m\u00e3es.<\/p>\n<p dir=\"ltr\">\n<p dir=\"ltr\">\n<p dir=\"ltr\">\n<p dir=\"ltr\">\n<p dir=\"ltr\">Bnews<\/p>\n<p dir=\"ltr\">\n","protected":false},"excerpt":{"rendered":"<p>Uma cena fofa chamou a aten\u00e7\u00e3o dos participantes da sess\u00e3o de julgamento da Segunda Turma do Superior Tribunal de Justi\u00e7a<\/p>\n","protected":false},"author":2,"featured_media":1243,"comment_status":"open","ping_status":"open","sticky":false,"template":"","format":"standard","meta":{"colormag_page_container_layout":"default_layout","colormag_page_sidebar_layout":"default_layout","_FSMCFIC_featured_image_caption":"","_FSMCFIC_featured_image_nocaption":"","_FSMCFIC_featured_image_hide":"","footnotes":""},"categories":[7],"tags":[],"class_list":["post-1242","post","type-post","status-publish","format-standard","has-post-thumbnail","hentry","category-justica"],"yoast_head":"<!-- This site is optimized with the Yoast SEO plugin v27.1.1 - https:\/\/yoast.com\/product\/yoast-seo-wordpress\/ -->\n<title>Advogado leva filho para sess\u00e3o do STJ e chama a aten\u00e7\u00e3o de ministros - Brasil not\u00edcias<\/title>\n<meta name=\"robots\" content=\"index, follow, max-snippet:-1, max-image-preview:large, max-video-preview:-1\" \/>\n<link rel=\"canonical\" href=\"https:\/\/brasilnoticias.org\/site\/advogado-leva-filho-para-sessao-do-stj-e-chama-a-atencao-de-ministros\/\" \/>\n<meta property=\"og:locale\" content=\"pt_PT\" \/>\n<meta property=\"og:type\" content=\"article\" \/>\n<meta property=\"og:title\" content=\"Advogado leva filho para sess\u00e3o do STJ e chama a aten\u00e7\u00e3o de ministros - Brasil not\u00edcias\" \/>\n<meta property=\"og:description\" content=\"Uma cena fofa chamou a aten\u00e7\u00e3o dos participantes da sess\u00e3o de julgamento da Segunda Turma do Superior Tribunal de Justi\u00e7a\" \/>\n<meta property=\"og:url\" content=\"https:\/\/brasilnoticias.org\/site\/advogado-leva-filho-para-sessao-do-stj-e-chama-a-atencao-de-ministros\/\" \/>\n<meta property=\"og:site_name\" content=\"Brasil not\u00edcias\" \/>\n<meta property=\"article:published_time\" content=\"2022-08-22T14:06:00+00:00\" \/>\n<meta property=\"og:image\" content=\"https:\/\/brasilnoticias.org\/site\/wp-content\/uploads\/2022\/08\/IMAGEM_NOTICIA_5.jpg\" \/>\n\t<meta property=\"og:image:width\" content=\"380\" \/>\n\t<meta property=\"og:image:height\" content=\"280\" \/>\n\t<meta property=\"og:image:type\" content=\"image\/jpeg\" \/>\n<meta name=\"author\" content=\"Reda\u00e7\u00e3o\" \/>\n<meta name=\"twitter:card\" content=\"summary_large_image\" \/>\n<meta name=\"twitter:label1\" content=\"Escrito por\" \/>\n\t<meta name=\"twitter:data1\" content=\"Reda\u00e7\u00e3o\" \/>\n\t<meta name=\"twitter:label2\" content=\"Tempo estimado de leitura\" \/>\n\t<meta name=\"twitter:data2\" content=\"2 minutos\" \/>\n<script type=\"application\/ld+json\" class=\"yoast-schema-graph\">{\"@context\":\"https:\/\/schema.org\",\"@graph\":[{\"@type\":\"Article\",\"@id\":\"https:\/\/brasilnoticias.org\/site\/advogado-leva-filho-para-sessao-do-stj-e-chama-a-atencao-de-ministros\/#article\",\"isPartOf\":{\"@id\":\"https:\/\/brasilnoticias.org\/site\/advogado-leva-filho-para-sessao-do-stj-e-chama-a-atencao-de-ministros\/\"},\"author\":{\"name\":\"Reda\u00e7\u00e3o\",\"@id\":\"https:\/\/brasilnoticias.org\/site\/#\/schema\/person\/f609fa847b5314f1c8b983342f34c798\"},\"headline\":\"Advogado leva filho para sess\u00e3o do STJ e chama a aten\u00e7\u00e3o de ministros\",\"datePublished\":\"2022-08-22T14:06:00+00:00\",\"mainEntityOfPage\":{\"@id\":\"https:\/\/brasilnoticias.org\/site\/advogado-leva-filho-para-sessao-do-stj-e-chama-a-atencao-de-ministros\/\"},\"wordCount\":459,\"commentCount\":0,\"publisher\":{\"@id\":\"https:\/\/brasilnoticias.org\/site\/#organization\"},\"image\":{\"@id\":\"https:\/\/brasilnoticias.org\/site\/advogado-leva-filho-para-sessao-do-stj-e-chama-a-atencao-de-ministros\/#primaryimage\"},\"thumbnailUrl\":\"https:\/\/brasilnoticias.org\/site\/wp-content\/uploads\/2022\/08\/IMAGEM_NOTICIA_5.jpg\",\"articleSection\":[\"Justi\u00e7a\"],\"inLanguage\":\"pt-PT\",\"potentialAction\":[{\"@type\":\"CommentAction\",\"name\":\"Comment\",\"target\":[\"https:\/\/brasilnoticias.org\/site\/advogado-leva-filho-para-sessao-do-stj-e-chama-a-atencao-de-ministros\/#respond\"]}]},{\"@type\":\"WebPage\",\"@id\":\"https:\/\/brasilnoticias.org\/site\/advogado-leva-filho-para-sessao-do-stj-e-chama-a-atencao-de-ministros\/\",\"url\":\"https:\/\/brasilnoticias.org\/site\/advogado-leva-filho-para-sessao-do-stj-e-chama-a-atencao-de-ministros\/\",\"name\":\"Advogado leva filho para sess\u00e3o do STJ e chama a aten\u00e7\u00e3o de ministros - Brasil not\u00edcias\",\"isPartOf\":{\"@id\":\"https:\/\/brasilnoticias.org\/site\/#website\"},\"primaryImageOfPage\":{\"@id\":\"https:\/\/brasilnoticias.org\/site\/advogado-leva-filho-para-sessao-do-stj-e-chama-a-atencao-de-ministros\/#primaryimage\"},\"image\":{\"@id\":\"https:\/\/brasilnoticias.org\/site\/advogado-leva-filho-para-sessao-do-stj-e-chama-a-atencao-de-ministros\/#primaryimage\"},\"thumbnailUrl\":\"https:\/\/brasilnoticias.org\/site\/wp-content\/uploads\/2022\/08\/IMAGEM_NOTICIA_5.jpg\",\"datePublished\":\"2022-08-22T14:06:00+00:00\",\"breadcrumb\":{\"@id\":\"https:\/\/brasilnoticias.org\/site\/advogado-leva-filho-para-sessao-do-stj-e-chama-a-atencao-de-ministros\/#breadcrumb\"},\"inLanguage\":\"pt-PT\",\"potentialAction\":[{\"@type\":\"ReadAction\",\"target\":[\"https:\/\/brasilnoticias.org\/site\/advogado-leva-filho-para-sessao-do-stj-e-chama-a-atencao-de-ministros\/\"]}]},{\"@type\":\"ImageObject\",\"inLanguage\":\"pt-PT\",\"@id\":\"https:\/\/brasilnoticias.org\/site\/advogado-leva-filho-para-sessao-do-stj-e-chama-a-atencao-de-ministros\/#primaryimage\",\"url\":\"https:\/\/brasilnoticias.org\/site\/wp-content\/uploads\/2022\/08\/IMAGEM_NOTICIA_5.jpg\",\"contentUrl\":\"https:\/\/brasilnoticias.org\/site\/wp-content\/uploads\/2022\/08\/IMAGEM_NOTICIA_5.jpg\",\"width\":380,\"height\":280},{\"@type\":\"BreadcrumbList\",\"@id\":\"https:\/\/brasilnoticias.org\/site\/advogado-leva-filho-para-sessao-do-stj-e-chama-a-atencao-de-ministros\/#breadcrumb\",\"itemListElement\":[{\"@type\":\"ListItem\",\"position\":1,\"name\":\"In\u00edcio\",\"item\":\"https:\/\/brasilnoticias.org\/site\/\"},{\"@type\":\"ListItem\",\"position\":2,\"name\":\"Advogado leva filho para sess\u00e3o do STJ e chama a aten\u00e7\u00e3o de ministros\"}]},{\"@type\":\"WebSite\",\"@id\":\"https:\/\/brasilnoticias.org\/site\/#website\",\"url\":\"https:\/\/brasilnoticias.org\/site\/\",\"name\":\"Brasil not\u00edcias\",\"description\":\"Brasil not\u00edcias\",\"publisher\":{\"@id\":\"https:\/\/brasilnoticias.org\/site\/#organization\"},\"potentialAction\":[{\"@type\":\"SearchAction\",\"target\":{\"@type\":\"EntryPoint\",\"urlTemplate\":\"https:\/\/brasilnoticias.org\/site\/?s={search_term_string}\"},\"query-input\":{\"@type\":\"PropertyValueSpecification\",\"valueRequired\":true,\"valueName\":\"search_term_string\"}}],\"inLanguage\":\"pt-PT\"},{\"@type\":\"Organization\",\"@id\":\"https:\/\/brasilnoticias.org\/site\/#organization\",\"name\":\"Brasil not\u00edcias\",\"url\":\"https:\/\/brasilnoticias.org\/site\/\",\"logo\":{\"@type\":\"ImageObject\",\"inLanguage\":\"pt-PT\",\"@id\":\"https:\/\/brasilnoticias.org\/site\/#\/schema\/logo\/image\/\",\"url\":\"https:\/\/brasilnoticias.org\/site\/wp-content\/uploads\/2022\/05\/cropped-brasilnoticias-mini.jpg\",\"contentUrl\":\"https:\/\/brasilnoticias.org\/site\/wp-content\/uploads\/2022\/05\/cropped-brasilnoticias-mini.jpg\",\"width\":314,\"height\":86,\"caption\":\"Brasil not\u00edcias\"},\"image\":{\"@id\":\"https:\/\/brasilnoticias.org\/site\/#\/schema\/logo\/image\/\"}},{\"@type\":\"Person\",\"@id\":\"https:\/\/brasilnoticias.org\/site\/#\/schema\/person\/f609fa847b5314f1c8b983342f34c798\",\"name\":\"Reda\u00e7\u00e3o\",\"image\":{\"@type\":\"ImageObject\",\"inLanguage\":\"pt-PT\",\"@id\":\"https:\/\/brasilnoticias.org\/site\/#\/schema\/person\/image\/\",\"url\":\"https:\/\/secure.gravatar.com\/avatar\/447284c06c1ad8b46465a36de9cd0d8326b73387a22799b8b1ffb1fbcff2ed0c?s=96&d=mm&r=g\",\"contentUrl\":\"https:\/\/secure.gravatar.com\/avatar\/447284c06c1ad8b46465a36de9cd0d8326b73387a22799b8b1ffb1fbcff2ed0c?s=96&d=mm&r=g\",\"caption\":\"Reda\u00e7\u00e3o\"},\"url\":\"https:\/\/brasilnoticias.org\/site\/author\/redacao\/\"}]}<\/script>\n<!-- \/ Yoast SEO plugin. -->","yoast_head_json":{"title":"Advogado leva filho para sess\u00e3o do STJ e chama a aten\u00e7\u00e3o de ministros - Brasil not\u00edcias","robots":{"index":"index","follow":"follow","max-snippet":"max-snippet:-1","max-image-preview":"max-image-preview:large","max-video-preview":"max-video-preview:-1"},"canonical":"https:\/\/brasilnoticias.org\/site\/advogado-leva-filho-para-sessao-do-stj-e-chama-a-atencao-de-ministros\/","og_locale":"pt_PT","og_type":"article","og_title":"Advogado leva filho para sess\u00e3o do STJ e chama a aten\u00e7\u00e3o de ministros - Brasil not\u00edcias","og_description":"Uma cena fofa chamou a aten\u00e7\u00e3o dos participantes da sess\u00e3o de julgamento da Segunda Turma do Superior Tribunal de Justi\u00e7a","og_url":"https:\/\/brasilnoticias.org\/site\/advogado-leva-filho-para-sessao-do-stj-e-chama-a-atencao-de-ministros\/","og_site_name":"Brasil not\u00edcias","article_published_time":"2022-08-22T14:06:00+00:00","og_image":[{"width":380,"height":280,"url":"https:\/\/brasilnoticias.org\/site\/wp-content\/uploads\/2022\/08\/IMAGEM_NOTICIA_5.jpg","type":"image\/jpeg"}],"author":"Reda\u00e7\u00e3o","twitter_card":"summary_large_image","twitter_misc":{"Escrito por":"Reda\u00e7\u00e3o","Tempo estimado de leitura":"2 minutos"},"schema":{"@context":"https:\/\/schema.org","@graph":[{"@type":"Article","@id":"https:\/\/brasilnoticias.org\/site\/advogado-leva-filho-para-sessao-do-stj-e-chama-a-atencao-de-ministros\/#article","isPartOf":{"@id":"https:\/\/brasilnoticias.org\/site\/advogado-leva-filho-para-sessao-do-stj-e-chama-a-atencao-de-ministros\/"},"author":{"name":"Reda\u00e7\u00e3o","@id":"https:\/\/brasilnoticias.org\/site\/#\/schema\/person\/f609fa847b5314f1c8b983342f34c798"},"headline":"Advogado leva filho para sess\u00e3o do STJ e chama a aten\u00e7\u00e3o de ministros","datePublished":"2022-08-22T14:06:00+00:00","mainEntityOfPage":{"@id":"https:\/\/brasilnoticias.org\/site\/advogado-leva-filho-para-sessao-do-stj-e-chama-a-atencao-de-ministros\/"},"wordCount":459,"commentCount":0,"publisher":{"@id":"https:\/\/brasilnoticias.org\/site\/#organization"},"image":{"@id":"https:\/\/brasilnoticias.org\/site\/advogado-leva-filho-para-sessao-do-stj-e-chama-a-atencao-de-ministros\/#primaryimage"},"thumbnailUrl":"https:\/\/brasilnoticias.org\/site\/wp-content\/uploads\/2022\/08\/IMAGEM_NOTICIA_5.jpg","articleSection":["Justi\u00e7a"],"inLanguage":"pt-PT","potentialAction":[{"@type":"CommentAction","name":"Comment","target":["https:\/\/brasilnoticias.org\/site\/advogado-leva-filho-para-sessao-do-stj-e-chama-a-atencao-de-ministros\/#respond"]}]},{"@type":"WebPage","@id":"https:\/\/brasilnoticias.org\/site\/advogado-leva-filho-para-sessao-do-stj-e-chama-a-atencao-de-ministros\/","url":"https:\/\/brasilnoticias.org\/site\/advogado-leva-filho-para-sessao-do-stj-e-chama-a-atencao-de-ministros\/","name":"Advogado leva filho para sess\u00e3o do STJ e chama a aten\u00e7\u00e3o de ministros - Brasil not\u00edcias","isPartOf":{"@id":"https:\/\/brasilnoticias.org\/site\/#website"},"primaryImageOfPage":{"@id":"https:\/\/brasilnoticias.org\/site\/advogado-leva-filho-para-sessao-do-stj-e-chama-a-atencao-de-ministros\/#primaryimage"},"image":{"@id":"https:\/\/brasilnoticias.org\/site\/advogado-leva-filho-para-sessao-do-stj-e-chama-a-atencao-de-ministros\/#primaryimage"},"thumbnailUrl":"https:\/\/brasilnoticias.org\/site\/wp-content\/uploads\/2022\/08\/IMAGEM_NOTICIA_5.jpg","datePublished":"2022-08-22T14:06:00+00:00","breadcrumb":{"@id":"https:\/\/brasilnoticias.org\/site\/advogado-leva-filho-para-sessao-do-stj-e-chama-a-atencao-de-ministros\/#breadcrumb"},"inLanguage":"pt-PT","potentialAction":[{"@type":"ReadAction","target":["https:\/\/brasilnoticias.org\/site\/advogado-leva-filho-para-sessao-do-stj-e-chama-a-atencao-de-ministros\/"]}]},{"@type":"ImageObject","inLanguage":"pt-PT","@id":"https:\/\/brasilnoticias.org\/site\/advogado-leva-filho-para-sessao-do-stj-e-chama-a-atencao-de-ministros\/#primaryimage","url":"https:\/\/brasilnoticias.org\/site\/wp-content\/uploads\/2022\/08\/IMAGEM_NOTICIA_5.jpg","contentUrl":"https:\/\/brasilnoticias.org\/site\/wp-content\/uploads\/2022\/08\/IMAGEM_NOTICIA_5.jpg","width":380,"height":280},{"@type":"BreadcrumbList","@id":"https:\/\/brasilnoticias.org\/site\/advogado-leva-filho-para-sessao-do-stj-e-chama-a-atencao-de-ministros\/#breadcrumb","itemListElement":[{"@type":"ListItem","position":1,"name":"In\u00edcio","item":"https:\/\/brasilnoticias.org\/site\/"},{"@type":"ListItem","position":2,"name":"Advogado leva filho para sess\u00e3o do STJ e chama a aten\u00e7\u00e3o de ministros"}]},{"@type":"WebSite","@id":"https:\/\/brasilnoticias.org\/site\/#website","url":"https:\/\/brasilnoticias.org\/site\/","name":"Brasil not\u00edcias","description":"Brasil not\u00edcias","publisher":{"@id":"https:\/\/brasilnoticias.org\/site\/#organization"},"potentialAction":[{"@type":"SearchAction","target":{"@type":"EntryPoint","urlTemplate":"https:\/\/brasilnoticias.org\/site\/?s={search_term_string}"},"query-input":{"@type":"PropertyValueSpecification","valueRequired":true,"valueName":"search_term_string"}}],"inLanguage":"pt-PT"},{"@type":"Organization","@id":"https:\/\/brasilnoticias.org\/site\/#organization","name":"Brasil not\u00edcias","url":"https:\/\/brasilnoticias.org\/site\/","logo":{"@type":"ImageObject","inLanguage":"pt-PT","@id":"https:\/\/brasilnoticias.org\/site\/#\/schema\/logo\/image\/","url":"https:\/\/brasilnoticias.org\/site\/wp-content\/uploads\/2022\/05\/cropped-brasilnoticias-mini.jpg","contentUrl":"https:\/\/brasilnoticias.org\/site\/wp-content\/uploads\/2022\/05\/cropped-brasilnoticias-mini.jpg","width":314,"height":86,"caption":"Brasil not\u00edcias"},"image":{"@id":"https:\/\/brasilnoticias.org\/site\/#\/schema\/logo\/image\/"}},{"@type":"Person","@id":"https:\/\/brasilnoticias.org\/site\/#\/schema\/person\/f609fa847b5314f1c8b983342f34c798","name":"Reda\u00e7\u00e3o","image":{"@type":"ImageObject","inLanguage":"pt-PT","@id":"https:\/\/brasilnoticias.org\/site\/#\/schema\/person\/image\/","url":"https:\/\/secure.gravatar.com\/avatar\/447284c06c1ad8b46465a36de9cd0d8326b73387a22799b8b1ffb1fbcff2ed0c?s=96&d=mm&r=g","contentUrl":"https:\/\/secure.gravatar.com\/avatar\/447284c06c1ad8b46465a36de9cd0d8326b73387a22799b8b1ffb1fbcff2ed0c?s=96&d=mm&r=g","caption":"Reda\u00e7\u00e3o"},"url":"https:\/\/brasilnoticias.org\/site\/author\/redacao\/"}]}},"_links":{"self":[{"href":"https:\/\/brasilnoticias.org\/site\/wp-json\/wp\/v2\/posts\/1242","targetHints":{"allow":["GET"]}}],"collection":[{"href":"https:\/\/brasilnoticias.org\/site\/wp-json\/wp\/v2\/posts"}],"about":[{"href":"https:\/\/brasilnoticias.org\/site\/wp-json\/wp\/v2\/types\/post"}],"author":[{"embeddable":true,"href":"https:\/\/brasilnoticias.org\/site\/wp-json\/wp\/v2\/users\/2"}],"replies":[{"embeddable":true,"href":"https:\/\/brasilnoticias.org\/site\/wp-json\/wp\/v2\/comments?post=1242"}],"version-history":[{"count":1,"href":"https:\/\/brasilnoticias.org\/site\/wp-json\/wp\/v2\/posts\/1242\/revisions"}],"predecessor-version":[{"id":1244,"href":"https:\/\/brasilnoticias.org\/site\/wp-json\/wp\/v2\/posts\/1242\/revisions\/1244"}],"wp:featuredmedia":[{"embeddable":true,"href":"https:\/\/brasilnoticias.org\/site\/wp-json\/wp\/v2\/media\/1243"}],"wp:attachment":[{"href":"https:\/\/brasilnoticias.org\/site\/wp-json\/wp\/v2\/media?parent=1242"}],"wp:term":[{"taxonomy":"category","embeddable":true,"href":"https:\/\/brasilnoticias.org\/site\/wp-json\/wp\/v2\/categories?post=1242"},{"taxonomy":"post_tag","embeddable":true,"href":"https:\/\/brasilnoticias.org\/site\/wp-json\/wp\/v2\/tags?post=1242"}],"curies":[{"name":"wp","href":"https:\/\/api.w.org\/{rel}","templated":true}]}}