{"id":12421,"date":"2024-01-25T12:24:26","date_gmt":"2024-01-25T15:24:26","guid":{"rendered":"https:\/\/brasilnoticias.org\/site\/?p=12421"},"modified":"2024-01-25T12:24:26","modified_gmt":"2024-01-25T15:24:26","slug":"governo-lula-pressiona-para-emplacar-guido-mantega-na-vale","status":"publish","type":"post","link":"https:\/\/brasilnoticias.org\/site\/governo-lula-pressiona-para-emplacar-guido-mantega-na-vale\/","title":{"rendered":"Governo Lula pressiona para emplacar Guido Mantega na Vale"},"content":{"rendered":"<p>O presidente Luiz In\u00e1cio Lula da Silva (PT) est\u00e1 persistindo em sua tentativa de emplacar o ex-ministro da Fazenda, Guido Mantega, como CEO da Vale, iniciando uma nova fase da sucess\u00e3o na mineradora que promete cap\u00edtulos decisivos nos pr\u00f3ximos dias.<\/p>\n<p>A Vale, privatizada h\u00e1 quase tr\u00eas d\u00e9cadas, \u00e9 alvo da interfer\u00eancia direta de Lula, que busca influenciar os rumos da empresa. O atual presidente, Eduardo Bartolomeo, tem seu mandato expirando apenas em maio, mas, conforme o estatuto da companhia, o conselho de administra\u00e7\u00e3o deve anunciar com pelo menos quatro meses de anteced\u00eancia se o CEO ser\u00e1 mantido ou se ser\u00e1 iniciado um processo para escolher um novo executivo. Em 31 de janeiro, o colegiado tomar\u00e1 essa decis\u00e3o crucial.<\/p>\n<p>O governo, h\u00e1 mais de um ano, vem pressionando pela indica\u00e7\u00e3o de Guido Mantega para o posto. Em 2023, na primeira tentativa, a rea\u00e7\u00e3o do mercado foi negativa, resultando em uma queda nas a\u00e7\u00f5es da Vale na Bolsa de Valores (B3). Agora, com o fim iminente do mandato de Bartolomeo, a press\u00e3o do Planalto para emplacar Mantega se intensificou.<\/p>\n<p>O ministro de Minas e Energia, Alexandre Silveira, teria, segundo o jornalista Lauro Jardim, entrado em contato com acionistas da Vale, afirmando que Lula est\u00e1 firme em sua decis\u00e3o de ter Mantega no comando da mineradora. No entanto, Silveira afirmou publicamente que o governo n\u00e3o tentar\u00e1 impor o nome do ex-ministro, respeitando a governan\u00e7a da empresa.<\/p>\n<p>Durante o F\u00f3rum Econ\u00f4mico Mundial, em Davos, na Su\u00ed\u00e7a, Silveira destacou que o governo quer participar da discuss\u00e3o sobre o futuro da maior mineradora do pa\u00eds, buscando reconquistar sua posi\u00e7\u00e3o como a maior do mundo.<\/p>\n<p>Eduardo Bartolomeo assumiu a presid\u00eancia em 2019, sucedendo Fabio Schvartsman, afastado ap\u00f3s o colapso da barragem de rejeitos de Brumadinho (MG). O conselho, atualmente, encontra-se dividido sobre a continuidade de Bartolomeo. Cr\u00edticas em rela\u00e7\u00e3o \u00e0 sua postura discreta e distante do governo, que est\u00e1 focado na gest\u00e3o profissional, t\u00eam surgido tanto no governo federal quanto no PT. O executivo foi reeleito em 2021, mas o futuro da lideran\u00e7a da Vale permanece incerto diante das press\u00f5es pol\u00edticas e dos interesses no conselho da mineradora.<\/p>\n<p>Informa\u00e7\u00f5es da Gazeta Brasil \/Foto: Antonio Cruz\/Agencia Brasil<\/p>\n","protected":false},"excerpt":{"rendered":"<p>O presidente Luiz In\u00e1cio Lula da Silva (PT) est\u00e1 persistindo em sua tentativa de emplacar o ex-ministro da Fazenda, Guido<\/p>\n","protected":false},"author":4,"featured_media":12422,"comment_status":"open","ping_status":"open","sticky":false,"template":"","format":"standard","meta":{"colormag_page_container_layout":"default_layout","colormag_page_sidebar_layout":"default_layout","_FSMCFIC_featured_image_caption":"","_FSMCFIC_featured_image_nocaption":"","_FSMCFIC_featured_image_hide":"","footnotes":""},"categories":[5,1],"tags":[],"class_list":["post-12421","post","type-post","status-publish","format-standard","has-post-thumbnail","hentry","category-politica","category-ultimas"],"yoast_head":"<!-- This site is optimized with the Yoast SEO plugin v27.1.1 - https:\/\/yoast.com\/product\/yoast-seo-wordpress\/ -->\n<title>Governo Lula pressiona para emplacar Guido Mantega na Vale - Brasil not\u00edcias<\/title>\n<meta name=\"robots\" content=\"index, follow, max-snippet:-1, max-image-preview:large, max-video-preview:-1\" \/>\n<link rel=\"canonical\" href=\"https:\/\/brasilnoticias.org\/site\/governo-lula-pressiona-para-emplacar-guido-mantega-na-vale\/\" \/>\n<meta property=\"og:locale\" content=\"pt_PT\" \/>\n<meta property=\"og:type\" content=\"article\" \/>\n<meta property=\"og:title\" content=\"Governo Lula pressiona para emplacar Guido Mantega na Vale - Brasil not\u00edcias\" \/>\n<meta property=\"og:description\" content=\"O presidente Luiz In\u00e1cio Lula da Silva (PT) est\u00e1 persistindo em sua tentativa de emplacar o ex-ministro da Fazenda, Guido\" \/>\n<meta property=\"og:url\" content=\"https:\/\/brasilnoticias.org\/site\/governo-lula-pressiona-para-emplacar-guido-mantega-na-vale\/\" \/>\n<meta property=\"og:site_name\" content=\"Brasil not\u00edcias\" \/>\n<meta property=\"article:published_time\" content=\"2024-01-25T15:24:26+00:00\" \/>\n<meta property=\"og:image\" content=\"https:\/\/brasilnoticias.org\/site\/wp-content\/uploads\/2024\/01\/OIP.jpg\" \/>\n\t<meta property=\"og:image:width\" content=\"474\" \/>\n\t<meta property=\"og:image:height\" content=\"237\" \/>\n\t<meta property=\"og:image:type\" content=\"image\/jpeg\" \/>\n<meta name=\"author\" content=\"Reda\u00e7\u00e3o\" \/>\n<meta name=\"twitter:card\" content=\"summary_large_image\" \/>\n<meta name=\"twitter:label1\" content=\"Escrito por\" \/>\n\t<meta name=\"twitter:data1\" content=\"Reda\u00e7\u00e3o\" \/>\n\t<meta name=\"twitter:label2\" content=\"Tempo estimado de leitura\" \/>\n\t<meta name=\"twitter:data2\" content=\"1 minuto\" \/>\n<script type=\"application\/ld+json\" class=\"yoast-schema-graph\">{\"@context\":\"https:\/\/schema.org\",\"@graph\":[{\"@type\":\"Article\",\"@id\":\"https:\/\/brasilnoticias.org\/site\/governo-lula-pressiona-para-emplacar-guido-mantega-na-vale\/#article\",\"isPartOf\":{\"@id\":\"https:\/\/brasilnoticias.org\/site\/governo-lula-pressiona-para-emplacar-guido-mantega-na-vale\/\"},\"author\":{\"name\":\"Reda\u00e7\u00e3o\",\"@id\":\"https:\/\/brasilnoticias.org\/site\/#\/schema\/person\/03bbbfe6c7634ad18c26444ea39049fa\"},\"headline\":\"Governo Lula pressiona para emplacar Guido Mantega na Vale\",\"datePublished\":\"2024-01-25T15:24:26+00:00\",\"mainEntityOfPage\":{\"@id\":\"https:\/\/brasilnoticias.org\/site\/governo-lula-pressiona-para-emplacar-guido-mantega-na-vale\/\"},\"wordCount\":396,\"commentCount\":0,\"publisher\":{\"@id\":\"https:\/\/brasilnoticias.org\/site\/#organization\"},\"image\":{\"@id\":\"https:\/\/brasilnoticias.org\/site\/governo-lula-pressiona-para-emplacar-guido-mantega-na-vale\/#primaryimage\"},\"thumbnailUrl\":\"https:\/\/brasilnoticias.org\/site\/wp-content\/uploads\/2024\/01\/OIP.jpg\",\"articleSection\":[\"Pol\u00edtica\",\"\u00daltimas\"],\"inLanguage\":\"pt-PT\",\"potentialAction\":[{\"@type\":\"CommentAction\",\"name\":\"Comment\",\"target\":[\"https:\/\/brasilnoticias.org\/site\/governo-lula-pressiona-para-emplacar-guido-mantega-na-vale\/#respond\"]}]},{\"@type\":\"WebPage\",\"@id\":\"https:\/\/brasilnoticias.org\/site\/governo-lula-pressiona-para-emplacar-guido-mantega-na-vale\/\",\"url\":\"https:\/\/brasilnoticias.org\/site\/governo-lula-pressiona-para-emplacar-guido-mantega-na-vale\/\",\"name\":\"Governo Lula pressiona para emplacar Guido Mantega na Vale - Brasil not\u00edcias\",\"isPartOf\":{\"@id\":\"https:\/\/brasilnoticias.org\/site\/#website\"},\"primaryImageOfPage\":{\"@id\":\"https:\/\/brasilnoticias.org\/site\/governo-lula-pressiona-para-emplacar-guido-mantega-na-vale\/#primaryimage\"},\"image\":{\"@id\":\"https:\/\/brasilnoticias.org\/site\/governo-lula-pressiona-para-emplacar-guido-mantega-na-vale\/#primaryimage\"},\"thumbnailUrl\":\"https:\/\/brasilnoticias.org\/site\/wp-content\/uploads\/2024\/01\/OIP.jpg\",\"datePublished\":\"2024-01-25T15:24:26+00:00\",\"breadcrumb\":{\"@id\":\"https:\/\/brasilnoticias.org\/site\/governo-lula-pressiona-para-emplacar-guido-mantega-na-vale\/#breadcrumb\"},\"inLanguage\":\"pt-PT\",\"potentialAction\":[{\"@type\":\"ReadAction\",\"target\":[\"https:\/\/brasilnoticias.org\/site\/governo-lula-pressiona-para-emplacar-guido-mantega-na-vale\/\"]}]},{\"@type\":\"ImageObject\",\"inLanguage\":\"pt-PT\",\"@id\":\"https:\/\/brasilnoticias.org\/site\/governo-lula-pressiona-para-emplacar-guido-mantega-na-vale\/#primaryimage\",\"url\":\"https:\/\/brasilnoticias.org\/site\/wp-content\/uploads\/2024\/01\/OIP.jpg\",\"contentUrl\":\"https:\/\/brasilnoticias.org\/site\/wp-content\/uploads\/2024\/01\/OIP.jpg\",\"width\":474,\"height\":237},{\"@type\":\"BreadcrumbList\",\"@id\":\"https:\/\/brasilnoticias.org\/site\/governo-lula-pressiona-para-emplacar-guido-mantega-na-vale\/#breadcrumb\",\"itemListElement\":[{\"@type\":\"ListItem\",\"position\":1,\"name\":\"In\u00edcio\",\"item\":\"https:\/\/brasilnoticias.org\/site\/\"},{\"@type\":\"ListItem\",\"position\":2,\"name\":\"Governo Lula pressiona para emplacar Guido Mantega na Vale\"}]},{\"@type\":\"WebSite\",\"@id\":\"https:\/\/brasilnoticias.org\/site\/#website\",\"url\":\"https:\/\/brasilnoticias.org\/site\/\",\"name\":\"Brasil not\u00edcias\",\"description\":\"Brasil not\u00edcias\",\"publisher\":{\"@id\":\"https:\/\/brasilnoticias.org\/site\/#organization\"},\"potentialAction\":[{\"@type\":\"SearchAction\",\"target\":{\"@type\":\"EntryPoint\",\"urlTemplate\":\"https:\/\/brasilnoticias.org\/site\/?s={search_term_string}\"},\"query-input\":{\"@type\":\"PropertyValueSpecification\",\"valueRequired\":true,\"valueName\":\"search_term_string\"}}],\"inLanguage\":\"pt-PT\"},{\"@type\":\"Organization\",\"@id\":\"https:\/\/brasilnoticias.org\/site\/#organization\",\"name\":\"Brasil not\u00edcias\",\"url\":\"https:\/\/brasilnoticias.org\/site\/\",\"logo\":{\"@type\":\"ImageObject\",\"inLanguage\":\"pt-PT\",\"@id\":\"https:\/\/brasilnoticias.org\/site\/#\/schema\/logo\/image\/\",\"url\":\"https:\/\/brasilnoticias.org\/site\/wp-content\/uploads\/2022\/05\/cropped-brasilnoticias-mini.jpg\",\"contentUrl\":\"https:\/\/brasilnoticias.org\/site\/wp-content\/uploads\/2022\/05\/cropped-brasilnoticias-mini.jpg\",\"width\":314,\"height\":86,\"caption\":\"Brasil not\u00edcias\"},\"image\":{\"@id\":\"https:\/\/brasilnoticias.org\/site\/#\/schema\/logo\/image\/\"}},{\"@type\":\"Person\",\"@id\":\"https:\/\/brasilnoticias.org\/site\/#\/schema\/person\/03bbbfe6c7634ad18c26444ea39049fa\",\"name\":\"Reda\u00e7\u00e3o\",\"image\":{\"@type\":\"ImageObject\",\"inLanguage\":\"pt-PT\",\"@id\":\"https:\/\/brasilnoticias.org\/site\/#\/schema\/person\/image\/\",\"url\":\"https:\/\/secure.gravatar.com\/avatar\/9ecaf7327a696cb23ad926fedded5f1f04d7049de9e445375d55b48c001a6e42?s=96&d=mm&r=g\",\"contentUrl\":\"https:\/\/secure.gravatar.com\/avatar\/9ecaf7327a696cb23ad926fedded5f1f04d7049de9e445375d55b48c001a6e42?s=96&d=mm&r=g\",\"caption\":\"Reda\u00e7\u00e3o\"},\"url\":\"https:\/\/brasilnoticias.org\/site\/author\/henrique\/\"}]}<\/script>\n<!-- \/ Yoast SEO plugin. -->","yoast_head_json":{"title":"Governo Lula pressiona para emplacar Guido Mantega na Vale - Brasil not\u00edcias","robots":{"index":"index","follow":"follow","max-snippet":"max-snippet:-1","max-image-preview":"max-image-preview:large","max-video-preview":"max-video-preview:-1"},"canonical":"https:\/\/brasilnoticias.org\/site\/governo-lula-pressiona-para-emplacar-guido-mantega-na-vale\/","og_locale":"pt_PT","og_type":"article","og_title":"Governo Lula pressiona para emplacar Guido Mantega na Vale - Brasil not\u00edcias","og_description":"O presidente Luiz In\u00e1cio Lula da Silva (PT) est\u00e1 persistindo em sua tentativa de emplacar o ex-ministro da Fazenda, Guido","og_url":"https:\/\/brasilnoticias.org\/site\/governo-lula-pressiona-para-emplacar-guido-mantega-na-vale\/","og_site_name":"Brasil not\u00edcias","article_published_time":"2024-01-25T15:24:26+00:00","og_image":[{"width":474,"height":237,"url":"https:\/\/brasilnoticias.org\/site\/wp-content\/uploads\/2024\/01\/OIP.jpg","type":"image\/jpeg"}],"author":"Reda\u00e7\u00e3o","twitter_card":"summary_large_image","twitter_misc":{"Escrito por":"Reda\u00e7\u00e3o","Tempo estimado de leitura":"1 minuto"},"schema":{"@context":"https:\/\/schema.org","@graph":[{"@type":"Article","@id":"https:\/\/brasilnoticias.org\/site\/governo-lula-pressiona-para-emplacar-guido-mantega-na-vale\/#article","isPartOf":{"@id":"https:\/\/brasilnoticias.org\/site\/governo-lula-pressiona-para-emplacar-guido-mantega-na-vale\/"},"author":{"name":"Reda\u00e7\u00e3o","@id":"https:\/\/brasilnoticias.org\/site\/#\/schema\/person\/03bbbfe6c7634ad18c26444ea39049fa"},"headline":"Governo Lula pressiona para emplacar Guido Mantega na Vale","datePublished":"2024-01-25T15:24:26+00:00","mainEntityOfPage":{"@id":"https:\/\/brasilnoticias.org\/site\/governo-lula-pressiona-para-emplacar-guido-mantega-na-vale\/"},"wordCount":396,"commentCount":0,"publisher":{"@id":"https:\/\/brasilnoticias.org\/site\/#organization"},"image":{"@id":"https:\/\/brasilnoticias.org\/site\/governo-lula-pressiona-para-emplacar-guido-mantega-na-vale\/#primaryimage"},"thumbnailUrl":"https:\/\/brasilnoticias.org\/site\/wp-content\/uploads\/2024\/01\/OIP.jpg","articleSection":["Pol\u00edtica","\u00daltimas"],"inLanguage":"pt-PT","potentialAction":[{"@type":"CommentAction","name":"Comment","target":["https:\/\/brasilnoticias.org\/site\/governo-lula-pressiona-para-emplacar-guido-mantega-na-vale\/#respond"]}]},{"@type":"WebPage","@id":"https:\/\/brasilnoticias.org\/site\/governo-lula-pressiona-para-emplacar-guido-mantega-na-vale\/","url":"https:\/\/brasilnoticias.org\/site\/governo-lula-pressiona-para-emplacar-guido-mantega-na-vale\/","name":"Governo Lula pressiona para emplacar Guido Mantega na Vale - Brasil not\u00edcias","isPartOf":{"@id":"https:\/\/brasilnoticias.org\/site\/#website"},"primaryImageOfPage":{"@id":"https:\/\/brasilnoticias.org\/site\/governo-lula-pressiona-para-emplacar-guido-mantega-na-vale\/#primaryimage"},"image":{"@id":"https:\/\/brasilnoticias.org\/site\/governo-lula-pressiona-para-emplacar-guido-mantega-na-vale\/#primaryimage"},"thumbnailUrl":"https:\/\/brasilnoticias.org\/site\/wp-content\/uploads\/2024\/01\/OIP.jpg","datePublished":"2024-01-25T15:24:26+00:00","breadcrumb":{"@id":"https:\/\/brasilnoticias.org\/site\/governo-lula-pressiona-para-emplacar-guido-mantega-na-vale\/#breadcrumb"},"inLanguage":"pt-PT","potentialAction":[{"@type":"ReadAction","target":["https:\/\/brasilnoticias.org\/site\/governo-lula-pressiona-para-emplacar-guido-mantega-na-vale\/"]}]},{"@type":"ImageObject","inLanguage":"pt-PT","@id":"https:\/\/brasilnoticias.org\/site\/governo-lula-pressiona-para-emplacar-guido-mantega-na-vale\/#primaryimage","url":"https:\/\/brasilnoticias.org\/site\/wp-content\/uploads\/2024\/01\/OIP.jpg","contentUrl":"https:\/\/brasilnoticias.org\/site\/wp-content\/uploads\/2024\/01\/OIP.jpg","width":474,"height":237},{"@type":"BreadcrumbList","@id":"https:\/\/brasilnoticias.org\/site\/governo-lula-pressiona-para-emplacar-guido-mantega-na-vale\/#breadcrumb","itemListElement":[{"@type":"ListItem","position":1,"name":"In\u00edcio","item":"https:\/\/brasilnoticias.org\/site\/"},{"@type":"ListItem","position":2,"name":"Governo Lula pressiona para emplacar Guido Mantega na Vale"}]},{"@type":"WebSite","@id":"https:\/\/brasilnoticias.org\/site\/#website","url":"https:\/\/brasilnoticias.org\/site\/","name":"Brasil not\u00edcias","description":"Brasil not\u00edcias","publisher":{"@id":"https:\/\/brasilnoticias.org\/site\/#organization"},"potentialAction":[{"@type":"SearchAction","target":{"@type":"EntryPoint","urlTemplate":"https:\/\/brasilnoticias.org\/site\/?s={search_term_string}"},"query-input":{"@type":"PropertyValueSpecification","valueRequired":true,"valueName":"search_term_string"}}],"inLanguage":"pt-PT"},{"@type":"Organization","@id":"https:\/\/brasilnoticias.org\/site\/#organization","name":"Brasil not\u00edcias","url":"https:\/\/brasilnoticias.org\/site\/","logo":{"@type":"ImageObject","inLanguage":"pt-PT","@id":"https:\/\/brasilnoticias.org\/site\/#\/schema\/logo\/image\/","url":"https:\/\/brasilnoticias.org\/site\/wp-content\/uploads\/2022\/05\/cropped-brasilnoticias-mini.jpg","contentUrl":"https:\/\/brasilnoticias.org\/site\/wp-content\/uploads\/2022\/05\/cropped-brasilnoticias-mini.jpg","width":314,"height":86,"caption":"Brasil not\u00edcias"},"image":{"@id":"https:\/\/brasilnoticias.org\/site\/#\/schema\/logo\/image\/"}},{"@type":"Person","@id":"https:\/\/brasilnoticias.org\/site\/#\/schema\/person\/03bbbfe6c7634ad18c26444ea39049fa","name":"Reda\u00e7\u00e3o","image":{"@type":"ImageObject","inLanguage":"pt-PT","@id":"https:\/\/brasilnoticias.org\/site\/#\/schema\/person\/image\/","url":"https:\/\/secure.gravatar.com\/avatar\/9ecaf7327a696cb23ad926fedded5f1f04d7049de9e445375d55b48c001a6e42?s=96&d=mm&r=g","contentUrl":"https:\/\/secure.gravatar.com\/avatar\/9ecaf7327a696cb23ad926fedded5f1f04d7049de9e445375d55b48c001a6e42?s=96&d=mm&r=g","caption":"Reda\u00e7\u00e3o"},"url":"https:\/\/brasilnoticias.org\/site\/author\/henrique\/"}]}},"_links":{"self":[{"href":"https:\/\/brasilnoticias.org\/site\/wp-json\/wp\/v2\/posts\/12421","targetHints":{"allow":["GET"]}}],"collection":[{"href":"https:\/\/brasilnoticias.org\/site\/wp-json\/wp\/v2\/posts"}],"about":[{"href":"https:\/\/brasilnoticias.org\/site\/wp-json\/wp\/v2\/types\/post"}],"author":[{"embeddable":true,"href":"https:\/\/brasilnoticias.org\/site\/wp-json\/wp\/v2\/users\/4"}],"replies":[{"embeddable":true,"href":"https:\/\/brasilnoticias.org\/site\/wp-json\/wp\/v2\/comments?post=12421"}],"version-history":[{"count":1,"href":"https:\/\/brasilnoticias.org\/site\/wp-json\/wp\/v2\/posts\/12421\/revisions"}],"predecessor-version":[{"id":12423,"href":"https:\/\/brasilnoticias.org\/site\/wp-json\/wp\/v2\/posts\/12421\/revisions\/12423"}],"wp:featuredmedia":[{"embeddable":true,"href":"https:\/\/brasilnoticias.org\/site\/wp-json\/wp\/v2\/media\/12422"}],"wp:attachment":[{"href":"https:\/\/brasilnoticias.org\/site\/wp-json\/wp\/v2\/media?parent=12421"}],"wp:term":[{"taxonomy":"category","embeddable":true,"href":"https:\/\/brasilnoticias.org\/site\/wp-json\/wp\/v2\/categories?post=12421"},{"taxonomy":"post_tag","embeddable":true,"href":"https:\/\/brasilnoticias.org\/site\/wp-json\/wp\/v2\/tags?post=12421"}],"curies":[{"name":"wp","href":"https:\/\/api.w.org\/{rel}","templated":true}]}}