{"id":12434,"date":"2024-01-27T20:28:13","date_gmt":"2024-01-27T23:28:13","guid":{"rendered":"https:\/\/brasilnoticias.org\/site\/?p=12434"},"modified":"2024-01-27T20:28:13","modified_gmt":"2024-01-27T23:28:13","slug":"javier-milei-elimina-pasta-e-demite-ministro-em-menos-de-2-meses-de-governo","status":"publish","type":"post","link":"https:\/\/brasilnoticias.org\/site\/javier-milei-elimina-pasta-e-demite-ministro-em-menos-de-2-meses-de-governo\/","title":{"rendered":"Javier Milei elimina pasta e demite ministro em menos de 2 meses de governo"},"content":{"rendered":"<p>A informa\u00e7\u00e3o foi confirmada pelo Gabinete da Presid\u00eancia<\/p>\n<p>O presidente ultraliberal Javier Milei cortou a pasta da Infraestrutura que ser\u00e1 absorvida pela da Economia, o n\u00famero de minist\u00e9rios diminuiu pela metade com rela\u00e7\u00e3o ao governo anterior ao da Argentina. A fus\u00e3o veio ap\u00f3s a demiss\u00e3o do ministro Guillermo Ferraro, que ficou menos de dois meses no cargo. <\/p>\n<p>A informa\u00e7\u00e3o foi confirmada neste s\u00e1bado (27) pelo Gabinete da Presid\u00eancia. &#8220;Nos pr\u00f3ximos dias, o ministro da Infraestrutura, Guillermo Ferraro, apresentar\u00e1 sua ren\u00fancia por motivos pessoais&#8221;, comunicou o \u00f3rg\u00e3o em uma publica\u00e7\u00e3o em seu perfil oficial no X.<\/p>\n<p>Anteriormente, na sexta-feira (26), Milei interagiu com uma postagem na mesma rede social que fazia alus\u00e3o \u00e0 mudan\u00e7a. &#8220;Milei se livrou de um infiltrado, premiou o ministro que mais trabalha e fechou um Minist\u00e9rio. Tudo na mesma jogada. Infraestrutura passa a ser Secretaria e fica sob Caputo, que ganha mais poder no governo&#8221;, diz a mensagem curtida pelo presidente.<\/p>\n<p>Ferraro, que \u00e9 conhecido de Milei h\u00e1 mais de 15 anos,  foi um dos primeiros nomes confirmados para o primeiro escal\u00e3o do governo, ainda antes do segundo turno das elei\u00e7\u00f5es. <\/p>\n<p>Foto: Divulga\u00e7\u00e3o\/Agencia Brasil<br \/>\nPor: Metro1<\/p>\n","protected":false},"excerpt":{"rendered":"<p>A informa\u00e7\u00e3o foi confirmada pelo Gabinete da Presid\u00eancia O presidente ultraliberal Javier Milei cortou a pasta da Infraestrutura que ser\u00e1<\/p>\n","protected":false},"author":4,"featured_media":12435,"comment_status":"open","ping_status":"open","sticky":false,"template":"","format":"standard","meta":{"colormag_page_container_layout":"default_layout","colormag_page_sidebar_layout":"default_layout","_FSMCFIC_featured_image_caption":"","_FSMCFIC_featured_image_nocaption":"","_FSMCFIC_featured_image_hide":"","footnotes":""},"categories":[6,1],"tags":[],"class_list":["post-12434","post","type-post","status-publish","format-standard","has-post-thumbnail","hentry","category-mundo","category-ultimas"],"yoast_head":"<!-- This site is optimized with the Yoast SEO plugin v27.1.1 - https:\/\/yoast.com\/product\/yoast-seo-wordpress\/ -->\n<title>Javier Milei elimina pasta e demite ministro em menos de 2 meses de governo - Brasil not\u00edcias<\/title>\n<meta name=\"robots\" content=\"index, follow, max-snippet:-1, max-image-preview:large, max-video-preview:-1\" \/>\n<link rel=\"canonical\" href=\"https:\/\/brasilnoticias.org\/site\/javier-milei-elimina-pasta-e-demite-ministro-em-menos-de-2-meses-de-governo\/\" \/>\n<meta property=\"og:locale\" content=\"pt_PT\" \/>\n<meta property=\"og:type\" content=\"article\" \/>\n<meta property=\"og:title\" content=\"Javier Milei elimina pasta e demite ministro em menos de 2 meses de governo - Brasil not\u00edcias\" \/>\n<meta property=\"og:description\" content=\"A informa\u00e7\u00e3o foi confirmada pelo Gabinete da Presid\u00eancia O presidente ultraliberal Javier Milei cortou a pasta da Infraestrutura que ser\u00e1\" \/>\n<meta property=\"og:url\" content=\"https:\/\/brasilnoticias.org\/site\/javier-milei-elimina-pasta-e-demite-ministro-em-menos-de-2-meses-de-governo\/\" \/>\n<meta property=\"og:site_name\" content=\"Brasil not\u00edcias\" \/>\n<meta property=\"article:published_time\" content=\"2024-01-27T23:28:13+00:00\" \/>\n<meta property=\"og:image\" content=\"https:\/\/brasilnoticias.org\/site\/wp-content\/uploads\/2024\/01\/145618javier-milei-elimina-pasta-e-demite-ministro-em-menos-de-2-meses-de-governo-3.jpg\" \/>\n\t<meta property=\"og:image:width\" content=\"1600\" \/>\n\t<meta property=\"og:image:height\" content=\"752\" \/>\n\t<meta property=\"og:image:type\" content=\"image\/jpeg\" \/>\n<meta name=\"author\" content=\"Reda\u00e7\u00e3o\" \/>\n<meta name=\"twitter:card\" content=\"summary_large_image\" \/>\n<meta name=\"twitter:label1\" content=\"Escrito por\" \/>\n\t<meta name=\"twitter:data1\" content=\"Reda\u00e7\u00e3o\" \/>\n\t<meta name=\"twitter:label2\" content=\"Tempo estimado de leitura\" \/>\n\t<meta name=\"twitter:data2\" content=\"1 minuto\" \/>\n<script type=\"application\/ld+json\" class=\"yoast-schema-graph\">{\"@context\":\"https:\/\/schema.org\",\"@graph\":[{\"@type\":\"Article\",\"@id\":\"https:\/\/brasilnoticias.org\/site\/javier-milei-elimina-pasta-e-demite-ministro-em-menos-de-2-meses-de-governo\/#article\",\"isPartOf\":{\"@id\":\"https:\/\/brasilnoticias.org\/site\/javier-milei-elimina-pasta-e-demite-ministro-em-menos-de-2-meses-de-governo\/\"},\"author\":{\"name\":\"Reda\u00e7\u00e3o\",\"@id\":\"https:\/\/brasilnoticias.org\/site\/#\/schema\/person\/03bbbfe6c7634ad18c26444ea39049fa\"},\"headline\":\"Javier Milei elimina pasta e demite ministro em menos de 2 meses de governo\",\"datePublished\":\"2024-01-27T23:28:13+00:00\",\"mainEntityOfPage\":{\"@id\":\"https:\/\/brasilnoticias.org\/site\/javier-milei-elimina-pasta-e-demite-ministro-em-menos-de-2-meses-de-governo\/\"},\"wordCount\":219,\"commentCount\":0,\"publisher\":{\"@id\":\"https:\/\/brasilnoticias.org\/site\/#organization\"},\"image\":{\"@id\":\"https:\/\/brasilnoticias.org\/site\/javier-milei-elimina-pasta-e-demite-ministro-em-menos-de-2-meses-de-governo\/#primaryimage\"},\"thumbnailUrl\":\"https:\/\/brasilnoticias.org\/site\/wp-content\/uploads\/2024\/01\/145618javier-milei-elimina-pasta-e-demite-ministro-em-menos-de-2-meses-de-governo-3.jpg\",\"articleSection\":[\"Mundo\",\"\u00daltimas\"],\"inLanguage\":\"pt-PT\",\"potentialAction\":[{\"@type\":\"CommentAction\",\"name\":\"Comment\",\"target\":[\"https:\/\/brasilnoticias.org\/site\/javier-milei-elimina-pasta-e-demite-ministro-em-menos-de-2-meses-de-governo\/#respond\"]}]},{\"@type\":\"WebPage\",\"@id\":\"https:\/\/brasilnoticias.org\/site\/javier-milei-elimina-pasta-e-demite-ministro-em-menos-de-2-meses-de-governo\/\",\"url\":\"https:\/\/brasilnoticias.org\/site\/javier-milei-elimina-pasta-e-demite-ministro-em-menos-de-2-meses-de-governo\/\",\"name\":\"Javier Milei elimina pasta e demite ministro em menos de 2 meses de governo - Brasil not\u00edcias\",\"isPartOf\":{\"@id\":\"https:\/\/brasilnoticias.org\/site\/#website\"},\"primaryImageOfPage\":{\"@id\":\"https:\/\/brasilnoticias.org\/site\/javier-milei-elimina-pasta-e-demite-ministro-em-menos-de-2-meses-de-governo\/#primaryimage\"},\"image\":{\"@id\":\"https:\/\/brasilnoticias.org\/site\/javier-milei-elimina-pasta-e-demite-ministro-em-menos-de-2-meses-de-governo\/#primaryimage\"},\"thumbnailUrl\":\"https:\/\/brasilnoticias.org\/site\/wp-content\/uploads\/2024\/01\/145618javier-milei-elimina-pasta-e-demite-ministro-em-menos-de-2-meses-de-governo-3.jpg\",\"datePublished\":\"2024-01-27T23:28:13+00:00\",\"breadcrumb\":{\"@id\":\"https:\/\/brasilnoticias.org\/site\/javier-milei-elimina-pasta-e-demite-ministro-em-menos-de-2-meses-de-governo\/#breadcrumb\"},\"inLanguage\":\"pt-PT\",\"potentialAction\":[{\"@type\":\"ReadAction\",\"target\":[\"https:\/\/brasilnoticias.org\/site\/javier-milei-elimina-pasta-e-demite-ministro-em-menos-de-2-meses-de-governo\/\"]}]},{\"@type\":\"ImageObject\",\"inLanguage\":\"pt-PT\",\"@id\":\"https:\/\/brasilnoticias.org\/site\/javier-milei-elimina-pasta-e-demite-ministro-em-menos-de-2-meses-de-governo\/#primaryimage\",\"url\":\"https:\/\/brasilnoticias.org\/site\/wp-content\/uploads\/2024\/01\/145618javier-milei-elimina-pasta-e-demite-ministro-em-menos-de-2-meses-de-governo-3.jpg\",\"contentUrl\":\"https:\/\/brasilnoticias.org\/site\/wp-content\/uploads\/2024\/01\/145618javier-milei-elimina-pasta-e-demite-ministro-em-menos-de-2-meses-de-governo-3.jpg\",\"width\":1600,\"height\":752},{\"@type\":\"BreadcrumbList\",\"@id\":\"https:\/\/brasilnoticias.org\/site\/javier-milei-elimina-pasta-e-demite-ministro-em-menos-de-2-meses-de-governo\/#breadcrumb\",\"itemListElement\":[{\"@type\":\"ListItem\",\"position\":1,\"name\":\"In\u00edcio\",\"item\":\"https:\/\/brasilnoticias.org\/site\/\"},{\"@type\":\"ListItem\",\"position\":2,\"name\":\"Javier Milei elimina pasta e demite ministro em menos de 2 meses de governo\"}]},{\"@type\":\"WebSite\",\"@id\":\"https:\/\/brasilnoticias.org\/site\/#website\",\"url\":\"https:\/\/brasilnoticias.org\/site\/\",\"name\":\"Brasil not\u00edcias\",\"description\":\"Brasil not\u00edcias\",\"publisher\":{\"@id\":\"https:\/\/brasilnoticias.org\/site\/#organization\"},\"potentialAction\":[{\"@type\":\"SearchAction\",\"target\":{\"@type\":\"EntryPoint\",\"urlTemplate\":\"https:\/\/brasilnoticias.org\/site\/?s={search_term_string}\"},\"query-input\":{\"@type\":\"PropertyValueSpecification\",\"valueRequired\":true,\"valueName\":\"search_term_string\"}}],\"inLanguage\":\"pt-PT\"},{\"@type\":\"Organization\",\"@id\":\"https:\/\/brasilnoticias.org\/site\/#organization\",\"name\":\"Brasil not\u00edcias\",\"url\":\"https:\/\/brasilnoticias.org\/site\/\",\"logo\":{\"@type\":\"ImageObject\",\"inLanguage\":\"pt-PT\",\"@id\":\"https:\/\/brasilnoticias.org\/site\/#\/schema\/logo\/image\/\",\"url\":\"https:\/\/brasilnoticias.org\/site\/wp-content\/uploads\/2022\/05\/cropped-brasilnoticias-mini.jpg\",\"contentUrl\":\"https:\/\/brasilnoticias.org\/site\/wp-content\/uploads\/2022\/05\/cropped-brasilnoticias-mini.jpg\",\"width\":314,\"height\":86,\"caption\":\"Brasil not\u00edcias\"},\"image\":{\"@id\":\"https:\/\/brasilnoticias.org\/site\/#\/schema\/logo\/image\/\"}},{\"@type\":\"Person\",\"@id\":\"https:\/\/brasilnoticias.org\/site\/#\/schema\/person\/03bbbfe6c7634ad18c26444ea39049fa\",\"name\":\"Reda\u00e7\u00e3o\",\"image\":{\"@type\":\"ImageObject\",\"inLanguage\":\"pt-PT\",\"@id\":\"https:\/\/brasilnoticias.org\/site\/#\/schema\/person\/image\/\",\"url\":\"https:\/\/secure.gravatar.com\/avatar\/9ecaf7327a696cb23ad926fedded5f1f04d7049de9e445375d55b48c001a6e42?s=96&d=mm&r=g\",\"contentUrl\":\"https:\/\/secure.gravatar.com\/avatar\/9ecaf7327a696cb23ad926fedded5f1f04d7049de9e445375d55b48c001a6e42?s=96&d=mm&r=g\",\"caption\":\"Reda\u00e7\u00e3o\"},\"url\":\"https:\/\/brasilnoticias.org\/site\/author\/henrique\/\"}]}<\/script>\n<!-- \/ Yoast SEO plugin. -->","yoast_head_json":{"title":"Javier Milei elimina pasta e demite ministro em menos de 2 meses de governo - Brasil not\u00edcias","robots":{"index":"index","follow":"follow","max-snippet":"max-snippet:-1","max-image-preview":"max-image-preview:large","max-video-preview":"max-video-preview:-1"},"canonical":"https:\/\/brasilnoticias.org\/site\/javier-milei-elimina-pasta-e-demite-ministro-em-menos-de-2-meses-de-governo\/","og_locale":"pt_PT","og_type":"article","og_title":"Javier Milei elimina pasta e demite ministro em menos de 2 meses de governo - Brasil not\u00edcias","og_description":"A informa\u00e7\u00e3o foi confirmada pelo Gabinete da Presid\u00eancia O presidente ultraliberal Javier Milei cortou a pasta da Infraestrutura que ser\u00e1","og_url":"https:\/\/brasilnoticias.org\/site\/javier-milei-elimina-pasta-e-demite-ministro-em-menos-de-2-meses-de-governo\/","og_site_name":"Brasil not\u00edcias","article_published_time":"2024-01-27T23:28:13+00:00","og_image":[{"width":1600,"height":752,"url":"https:\/\/brasilnoticias.org\/site\/wp-content\/uploads\/2024\/01\/145618javier-milei-elimina-pasta-e-demite-ministro-em-menos-de-2-meses-de-governo-3.jpg","type":"image\/jpeg"}],"author":"Reda\u00e7\u00e3o","twitter_card":"summary_large_image","twitter_misc":{"Escrito por":"Reda\u00e7\u00e3o","Tempo estimado de leitura":"1 minuto"},"schema":{"@context":"https:\/\/schema.org","@graph":[{"@type":"Article","@id":"https:\/\/brasilnoticias.org\/site\/javier-milei-elimina-pasta-e-demite-ministro-em-menos-de-2-meses-de-governo\/#article","isPartOf":{"@id":"https:\/\/brasilnoticias.org\/site\/javier-milei-elimina-pasta-e-demite-ministro-em-menos-de-2-meses-de-governo\/"},"author":{"name":"Reda\u00e7\u00e3o","@id":"https:\/\/brasilnoticias.org\/site\/#\/schema\/person\/03bbbfe6c7634ad18c26444ea39049fa"},"headline":"Javier Milei elimina pasta e demite ministro em menos de 2 meses de governo","datePublished":"2024-01-27T23:28:13+00:00","mainEntityOfPage":{"@id":"https:\/\/brasilnoticias.org\/site\/javier-milei-elimina-pasta-e-demite-ministro-em-menos-de-2-meses-de-governo\/"},"wordCount":219,"commentCount":0,"publisher":{"@id":"https:\/\/brasilnoticias.org\/site\/#organization"},"image":{"@id":"https:\/\/brasilnoticias.org\/site\/javier-milei-elimina-pasta-e-demite-ministro-em-menos-de-2-meses-de-governo\/#primaryimage"},"thumbnailUrl":"https:\/\/brasilnoticias.org\/site\/wp-content\/uploads\/2024\/01\/145618javier-milei-elimina-pasta-e-demite-ministro-em-menos-de-2-meses-de-governo-3.jpg","articleSection":["Mundo","\u00daltimas"],"inLanguage":"pt-PT","potentialAction":[{"@type":"CommentAction","name":"Comment","target":["https:\/\/brasilnoticias.org\/site\/javier-milei-elimina-pasta-e-demite-ministro-em-menos-de-2-meses-de-governo\/#respond"]}]},{"@type":"WebPage","@id":"https:\/\/brasilnoticias.org\/site\/javier-milei-elimina-pasta-e-demite-ministro-em-menos-de-2-meses-de-governo\/","url":"https:\/\/brasilnoticias.org\/site\/javier-milei-elimina-pasta-e-demite-ministro-em-menos-de-2-meses-de-governo\/","name":"Javier Milei elimina pasta e demite ministro em menos de 2 meses de governo - Brasil not\u00edcias","isPartOf":{"@id":"https:\/\/brasilnoticias.org\/site\/#website"},"primaryImageOfPage":{"@id":"https:\/\/brasilnoticias.org\/site\/javier-milei-elimina-pasta-e-demite-ministro-em-menos-de-2-meses-de-governo\/#primaryimage"},"image":{"@id":"https:\/\/brasilnoticias.org\/site\/javier-milei-elimina-pasta-e-demite-ministro-em-menos-de-2-meses-de-governo\/#primaryimage"},"thumbnailUrl":"https:\/\/brasilnoticias.org\/site\/wp-content\/uploads\/2024\/01\/145618javier-milei-elimina-pasta-e-demite-ministro-em-menos-de-2-meses-de-governo-3.jpg","datePublished":"2024-01-27T23:28:13+00:00","breadcrumb":{"@id":"https:\/\/brasilnoticias.org\/site\/javier-milei-elimina-pasta-e-demite-ministro-em-menos-de-2-meses-de-governo\/#breadcrumb"},"inLanguage":"pt-PT","potentialAction":[{"@type":"ReadAction","target":["https:\/\/brasilnoticias.org\/site\/javier-milei-elimina-pasta-e-demite-ministro-em-menos-de-2-meses-de-governo\/"]}]},{"@type":"ImageObject","inLanguage":"pt-PT","@id":"https:\/\/brasilnoticias.org\/site\/javier-milei-elimina-pasta-e-demite-ministro-em-menos-de-2-meses-de-governo\/#primaryimage","url":"https:\/\/brasilnoticias.org\/site\/wp-content\/uploads\/2024\/01\/145618javier-milei-elimina-pasta-e-demite-ministro-em-menos-de-2-meses-de-governo-3.jpg","contentUrl":"https:\/\/brasilnoticias.org\/site\/wp-content\/uploads\/2024\/01\/145618javier-milei-elimina-pasta-e-demite-ministro-em-menos-de-2-meses-de-governo-3.jpg","width":1600,"height":752},{"@type":"BreadcrumbList","@id":"https:\/\/brasilnoticias.org\/site\/javier-milei-elimina-pasta-e-demite-ministro-em-menos-de-2-meses-de-governo\/#breadcrumb","itemListElement":[{"@type":"ListItem","position":1,"name":"In\u00edcio","item":"https:\/\/brasilnoticias.org\/site\/"},{"@type":"ListItem","position":2,"name":"Javier Milei elimina pasta e demite ministro em menos de 2 meses de governo"}]},{"@type":"WebSite","@id":"https:\/\/brasilnoticias.org\/site\/#website","url":"https:\/\/brasilnoticias.org\/site\/","name":"Brasil not\u00edcias","description":"Brasil not\u00edcias","publisher":{"@id":"https:\/\/brasilnoticias.org\/site\/#organization"},"potentialAction":[{"@type":"SearchAction","target":{"@type":"EntryPoint","urlTemplate":"https:\/\/brasilnoticias.org\/site\/?s={search_term_string}"},"query-input":{"@type":"PropertyValueSpecification","valueRequired":true,"valueName":"search_term_string"}}],"inLanguage":"pt-PT"},{"@type":"Organization","@id":"https:\/\/brasilnoticias.org\/site\/#organization","name":"Brasil not\u00edcias","url":"https:\/\/brasilnoticias.org\/site\/","logo":{"@type":"ImageObject","inLanguage":"pt-PT","@id":"https:\/\/brasilnoticias.org\/site\/#\/schema\/logo\/image\/","url":"https:\/\/brasilnoticias.org\/site\/wp-content\/uploads\/2022\/05\/cropped-brasilnoticias-mini.jpg","contentUrl":"https:\/\/brasilnoticias.org\/site\/wp-content\/uploads\/2022\/05\/cropped-brasilnoticias-mini.jpg","width":314,"height":86,"caption":"Brasil not\u00edcias"},"image":{"@id":"https:\/\/brasilnoticias.org\/site\/#\/schema\/logo\/image\/"}},{"@type":"Person","@id":"https:\/\/brasilnoticias.org\/site\/#\/schema\/person\/03bbbfe6c7634ad18c26444ea39049fa","name":"Reda\u00e7\u00e3o","image":{"@type":"ImageObject","inLanguage":"pt-PT","@id":"https:\/\/brasilnoticias.org\/site\/#\/schema\/person\/image\/","url":"https:\/\/secure.gravatar.com\/avatar\/9ecaf7327a696cb23ad926fedded5f1f04d7049de9e445375d55b48c001a6e42?s=96&d=mm&r=g","contentUrl":"https:\/\/secure.gravatar.com\/avatar\/9ecaf7327a696cb23ad926fedded5f1f04d7049de9e445375d55b48c001a6e42?s=96&d=mm&r=g","caption":"Reda\u00e7\u00e3o"},"url":"https:\/\/brasilnoticias.org\/site\/author\/henrique\/"}]}},"_links":{"self":[{"href":"https:\/\/brasilnoticias.org\/site\/wp-json\/wp\/v2\/posts\/12434","targetHints":{"allow":["GET"]}}],"collection":[{"href":"https:\/\/brasilnoticias.org\/site\/wp-json\/wp\/v2\/posts"}],"about":[{"href":"https:\/\/brasilnoticias.org\/site\/wp-json\/wp\/v2\/types\/post"}],"author":[{"embeddable":true,"href":"https:\/\/brasilnoticias.org\/site\/wp-json\/wp\/v2\/users\/4"}],"replies":[{"embeddable":true,"href":"https:\/\/brasilnoticias.org\/site\/wp-json\/wp\/v2\/comments?post=12434"}],"version-history":[{"count":1,"href":"https:\/\/brasilnoticias.org\/site\/wp-json\/wp\/v2\/posts\/12434\/revisions"}],"predecessor-version":[{"id":12436,"href":"https:\/\/brasilnoticias.org\/site\/wp-json\/wp\/v2\/posts\/12434\/revisions\/12436"}],"wp:featuredmedia":[{"embeddable":true,"href":"https:\/\/brasilnoticias.org\/site\/wp-json\/wp\/v2\/media\/12435"}],"wp:attachment":[{"href":"https:\/\/brasilnoticias.org\/site\/wp-json\/wp\/v2\/media?parent=12434"}],"wp:term":[{"taxonomy":"category","embeddable":true,"href":"https:\/\/brasilnoticias.org\/site\/wp-json\/wp\/v2\/categories?post=12434"},{"taxonomy":"post_tag","embeddable":true,"href":"https:\/\/brasilnoticias.org\/site\/wp-json\/wp\/v2\/tags?post=12434"}],"curies":[{"name":"wp","href":"https:\/\/api.w.org\/{rel}","templated":true}]}}