{"id":12437,"date":"2024-01-27T20:31:45","date_gmt":"2024-01-27T23:31:45","guid":{"rendered":"https:\/\/brasilnoticias.org\/site\/?p=12437"},"modified":"2024-01-27T20:31:45","modified_gmt":"2024-01-27T23:31:45","slug":"pgr-propoe-punicao-a-policiais-que-nao-usarem-cameras-corporais-devidamente","status":"publish","type":"post","link":"https:\/\/brasilnoticias.org\/site\/pgr-propoe-punicao-a-policiais-que-nao-usarem-cameras-corporais-devidamente\/","title":{"rendered":"PGR prop\u00f5e puni\u00e7\u00e3o a policiais que n\u00e3o usarem c\u00e2meras corporais devidamente"},"content":{"rendered":"<p>A proposta foi feita ao Minist\u00e9rio de Seguran\u00e7a P\u00fablico e Trabalho<\/p>\n<p>A Procuradoria-Geral da Rep\u00fablica (PGR) encaminhou ao Minist\u00e9rio da Justi\u00e7a e Seguran\u00e7a P\u00fablica (MPF) uma recomenda\u00e7\u00e3o que sugere uma puni\u00e7\u00e3o aos policiais que n\u00e3o usarem as c\u00e2meras corporais nas fardas. A PRG defende que o uso das c\u00e2meras deve ser um crit\u00e9rio obrigat\u00f3rio.<\/p>\n<p>\u201cO uso indevido das c\u00e2meras sem a devida san\u00e7\u00e3o dificilmente acarretar\u00e1 a efetividade de sua implementa\u00e7\u00e3o\u201d, alerta o Minist\u00e9rio P\u00fablico Federal.<\/p>\n<p>No documento, o MPF argumenta que a utiliza\u00e7\u00e3o das c\u00e2meras de forma obrigat\u00f3ria, \u201cseria uma medida eficaz para a redu\u00e7\u00e3o da letalidade policial e para a transpar\u00eancia e preven\u00e7\u00e3o da corrup\u00e7\u00e3o e recomenda-se que essa modalidade seja a \u00fanica cab\u00edvel, sobretudo em caso de policiamento ostensivo&#8221;, diz o texto.<\/p>\n<p>O per\u00edodo do armazenamento dos registros das c\u00e2meras tamb\u00e9m entrou em pauta. Rascunhos apontam um intervalo de 90 dias, por\u00e9m o MPF alega a amplia\u00e7\u00e3o do prazo sob a justificativa de que, em caso de investiga\u00e7\u00f5es em curso, ele deve corresponder, no m\u00ednimo, \u00e0 dura\u00e7\u00e3o do inqu\u00e9rito e eventual processo judicial. H\u00e1 uma proposta para que esse intervalo seja de cinco anos em ocorr\u00eancias com resultado morte e les\u00e3o corporal grave.<\/p>\n<p>O Minist\u00e9rio est\u00e1 vivenciando uma mudan\u00e7a de dire\u00e7\u00e3o. Fl\u00e1vio Dino deixar\u00e1 o comando da pasta para assumir uma cadeira no Supremo Tribunal Federal. Ele ser\u00e1 substitu\u00eddo por Ricardo Lewandowski, que ser\u00e1 o respons\u00e1vel por analisar as recomenda\u00e7\u00f5es enviadas pela PGR. <\/p>\n<p>Foto: Divulga\u00e7\u00e3o\/FVG<br \/>\nPor: Metro1<\/p>\n","protected":false},"excerpt":{"rendered":"<p>A proposta foi feita ao Minist\u00e9rio de Seguran\u00e7a P\u00fablico e Trabalho A Procuradoria-Geral da Rep\u00fablica (PGR) encaminhou ao Minist\u00e9rio da<\/p>\n","protected":false},"author":4,"featured_media":12438,"comment_status":"open","ping_status":"open","sticky":false,"template":"","format":"standard","meta":{"colormag_page_container_layout":"default_layout","colormag_page_sidebar_layout":"default_layout","_FSMCFIC_featured_image_caption":"","_FSMCFIC_featured_image_nocaption":"","_FSMCFIC_featured_image_hide":"","footnotes":""},"categories":[5,1],"tags":[],"class_list":["post-12437","post","type-post","status-publish","format-standard","has-post-thumbnail","hentry","category-politica","category-ultimas"],"yoast_head":"<!-- This site is optimized with the Yoast SEO plugin v27.1.1 - https:\/\/yoast.com\/product\/yoast-seo-wordpress\/ -->\n<title>PGR prop\u00f5e puni\u00e7\u00e3o a policiais que n\u00e3o usarem c\u00e2meras corporais devidamente - Brasil not\u00edcias<\/title>\n<meta name=\"robots\" content=\"index, follow, max-snippet:-1, max-image-preview:large, max-video-preview:-1\" \/>\n<link rel=\"canonical\" href=\"https:\/\/brasilnoticias.org\/site\/pgr-propoe-punicao-a-policiais-que-nao-usarem-cameras-corporais-devidamente\/\" \/>\n<meta property=\"og:locale\" content=\"pt_PT\" \/>\n<meta property=\"og:type\" content=\"article\" \/>\n<meta property=\"og:title\" content=\"PGR prop\u00f5e puni\u00e7\u00e3o a policiais que n\u00e3o usarem c\u00e2meras corporais devidamente - Brasil not\u00edcias\" \/>\n<meta property=\"og:description\" content=\"A proposta foi feita ao Minist\u00e9rio de Seguran\u00e7a P\u00fablico e Trabalho A Procuradoria-Geral da Rep\u00fablica (PGR) encaminhou ao Minist\u00e9rio da\" \/>\n<meta property=\"og:url\" content=\"https:\/\/brasilnoticias.org\/site\/pgr-propoe-punicao-a-policiais-que-nao-usarem-cameras-corporais-devidamente\/\" \/>\n<meta property=\"og:site_name\" content=\"Brasil not\u00edcias\" \/>\n<meta property=\"article:published_time\" content=\"2024-01-27T23:31:45+00:00\" \/>\n<meta property=\"og:image\" content=\"https:\/\/brasilnoticias.org\/site\/wp-content\/uploads\/2024\/01\/145615pgr-propoe-punicao-a-policiais-que-nao-usarem-cameras-corporais-devidamente-3.jpg\" \/>\n\t<meta property=\"og:image:width\" content=\"1600\" \/>\n\t<meta property=\"og:image:height\" content=\"752\" \/>\n\t<meta property=\"og:image:type\" content=\"image\/jpeg\" \/>\n<meta name=\"author\" content=\"Reda\u00e7\u00e3o\" \/>\n<meta name=\"twitter:card\" content=\"summary_large_image\" \/>\n<meta name=\"twitter:label1\" content=\"Escrito por\" \/>\n\t<meta name=\"twitter:data1\" content=\"Reda\u00e7\u00e3o\" \/>\n\t<meta name=\"twitter:label2\" content=\"Tempo estimado de leitura\" \/>\n\t<meta name=\"twitter:data2\" content=\"1 minuto\" \/>\n<script type=\"application\/ld+json\" class=\"yoast-schema-graph\">{\"@context\":\"https:\/\/schema.org\",\"@graph\":[{\"@type\":\"Article\",\"@id\":\"https:\/\/brasilnoticias.org\/site\/pgr-propoe-punicao-a-policiais-que-nao-usarem-cameras-corporais-devidamente\/#article\",\"isPartOf\":{\"@id\":\"https:\/\/brasilnoticias.org\/site\/pgr-propoe-punicao-a-policiais-que-nao-usarem-cameras-corporais-devidamente\/\"},\"author\":{\"name\":\"Reda\u00e7\u00e3o\",\"@id\":\"https:\/\/brasilnoticias.org\/site\/#\/schema\/person\/03bbbfe6c7634ad18c26444ea39049fa\"},\"headline\":\"PGR prop\u00f5e puni\u00e7\u00e3o a policiais que n\u00e3o usarem c\u00e2meras corporais devidamente\",\"datePublished\":\"2024-01-27T23:31:45+00:00\",\"mainEntityOfPage\":{\"@id\":\"https:\/\/brasilnoticias.org\/site\/pgr-propoe-punicao-a-policiais-que-nao-usarem-cameras-corporais-devidamente\/\"},\"wordCount\":300,\"commentCount\":0,\"publisher\":{\"@id\":\"https:\/\/brasilnoticias.org\/site\/#organization\"},\"image\":{\"@id\":\"https:\/\/brasilnoticias.org\/site\/pgr-propoe-punicao-a-policiais-que-nao-usarem-cameras-corporais-devidamente\/#primaryimage\"},\"thumbnailUrl\":\"https:\/\/brasilnoticias.org\/site\/wp-content\/uploads\/2024\/01\/145615pgr-propoe-punicao-a-policiais-que-nao-usarem-cameras-corporais-devidamente-3.jpg\",\"articleSection\":[\"Pol\u00edtica\",\"\u00daltimas\"],\"inLanguage\":\"pt-PT\",\"potentialAction\":[{\"@type\":\"CommentAction\",\"name\":\"Comment\",\"target\":[\"https:\/\/brasilnoticias.org\/site\/pgr-propoe-punicao-a-policiais-que-nao-usarem-cameras-corporais-devidamente\/#respond\"]}]},{\"@type\":\"WebPage\",\"@id\":\"https:\/\/brasilnoticias.org\/site\/pgr-propoe-punicao-a-policiais-que-nao-usarem-cameras-corporais-devidamente\/\",\"url\":\"https:\/\/brasilnoticias.org\/site\/pgr-propoe-punicao-a-policiais-que-nao-usarem-cameras-corporais-devidamente\/\",\"name\":\"PGR prop\u00f5e puni\u00e7\u00e3o a policiais que n\u00e3o usarem c\u00e2meras corporais devidamente - Brasil not\u00edcias\",\"isPartOf\":{\"@id\":\"https:\/\/brasilnoticias.org\/site\/#website\"},\"primaryImageOfPage\":{\"@id\":\"https:\/\/brasilnoticias.org\/site\/pgr-propoe-punicao-a-policiais-que-nao-usarem-cameras-corporais-devidamente\/#primaryimage\"},\"image\":{\"@id\":\"https:\/\/brasilnoticias.org\/site\/pgr-propoe-punicao-a-policiais-que-nao-usarem-cameras-corporais-devidamente\/#primaryimage\"},\"thumbnailUrl\":\"https:\/\/brasilnoticias.org\/site\/wp-content\/uploads\/2024\/01\/145615pgr-propoe-punicao-a-policiais-que-nao-usarem-cameras-corporais-devidamente-3.jpg\",\"datePublished\":\"2024-01-27T23:31:45+00:00\",\"breadcrumb\":{\"@id\":\"https:\/\/brasilnoticias.org\/site\/pgr-propoe-punicao-a-policiais-que-nao-usarem-cameras-corporais-devidamente\/#breadcrumb\"},\"inLanguage\":\"pt-PT\",\"potentialAction\":[{\"@type\":\"ReadAction\",\"target\":[\"https:\/\/brasilnoticias.org\/site\/pgr-propoe-punicao-a-policiais-que-nao-usarem-cameras-corporais-devidamente\/\"]}]},{\"@type\":\"ImageObject\",\"inLanguage\":\"pt-PT\",\"@id\":\"https:\/\/brasilnoticias.org\/site\/pgr-propoe-punicao-a-policiais-que-nao-usarem-cameras-corporais-devidamente\/#primaryimage\",\"url\":\"https:\/\/brasilnoticias.org\/site\/wp-content\/uploads\/2024\/01\/145615pgr-propoe-punicao-a-policiais-que-nao-usarem-cameras-corporais-devidamente-3.jpg\",\"contentUrl\":\"https:\/\/brasilnoticias.org\/site\/wp-content\/uploads\/2024\/01\/145615pgr-propoe-punicao-a-policiais-que-nao-usarem-cameras-corporais-devidamente-3.jpg\",\"width\":1600,\"height\":752},{\"@type\":\"BreadcrumbList\",\"@id\":\"https:\/\/brasilnoticias.org\/site\/pgr-propoe-punicao-a-policiais-que-nao-usarem-cameras-corporais-devidamente\/#breadcrumb\",\"itemListElement\":[{\"@type\":\"ListItem\",\"position\":1,\"name\":\"In\u00edcio\",\"item\":\"https:\/\/brasilnoticias.org\/site\/\"},{\"@type\":\"ListItem\",\"position\":2,\"name\":\"PGR prop\u00f5e puni\u00e7\u00e3o a policiais que n\u00e3o usarem c\u00e2meras corporais devidamente\"}]},{\"@type\":\"WebSite\",\"@id\":\"https:\/\/brasilnoticias.org\/site\/#website\",\"url\":\"https:\/\/brasilnoticias.org\/site\/\",\"name\":\"Brasil not\u00edcias\",\"description\":\"Brasil not\u00edcias\",\"publisher\":{\"@id\":\"https:\/\/brasilnoticias.org\/site\/#organization\"},\"potentialAction\":[{\"@type\":\"SearchAction\",\"target\":{\"@type\":\"EntryPoint\",\"urlTemplate\":\"https:\/\/brasilnoticias.org\/site\/?s={search_term_string}\"},\"query-input\":{\"@type\":\"PropertyValueSpecification\",\"valueRequired\":true,\"valueName\":\"search_term_string\"}}],\"inLanguage\":\"pt-PT\"},{\"@type\":\"Organization\",\"@id\":\"https:\/\/brasilnoticias.org\/site\/#organization\",\"name\":\"Brasil not\u00edcias\",\"url\":\"https:\/\/brasilnoticias.org\/site\/\",\"logo\":{\"@type\":\"ImageObject\",\"inLanguage\":\"pt-PT\",\"@id\":\"https:\/\/brasilnoticias.org\/site\/#\/schema\/logo\/image\/\",\"url\":\"https:\/\/brasilnoticias.org\/site\/wp-content\/uploads\/2022\/05\/cropped-brasilnoticias-mini.jpg\",\"contentUrl\":\"https:\/\/brasilnoticias.org\/site\/wp-content\/uploads\/2022\/05\/cropped-brasilnoticias-mini.jpg\",\"width\":314,\"height\":86,\"caption\":\"Brasil not\u00edcias\"},\"image\":{\"@id\":\"https:\/\/brasilnoticias.org\/site\/#\/schema\/logo\/image\/\"}},{\"@type\":\"Person\",\"@id\":\"https:\/\/brasilnoticias.org\/site\/#\/schema\/person\/03bbbfe6c7634ad18c26444ea39049fa\",\"name\":\"Reda\u00e7\u00e3o\",\"image\":{\"@type\":\"ImageObject\",\"inLanguage\":\"pt-PT\",\"@id\":\"https:\/\/brasilnoticias.org\/site\/#\/schema\/person\/image\/\",\"url\":\"https:\/\/secure.gravatar.com\/avatar\/9ecaf7327a696cb23ad926fedded5f1f04d7049de9e445375d55b48c001a6e42?s=96&d=mm&r=g\",\"contentUrl\":\"https:\/\/secure.gravatar.com\/avatar\/9ecaf7327a696cb23ad926fedded5f1f04d7049de9e445375d55b48c001a6e42?s=96&d=mm&r=g\",\"caption\":\"Reda\u00e7\u00e3o\"},\"url\":\"https:\/\/brasilnoticias.org\/site\/author\/henrique\/\"}]}<\/script>\n<!-- \/ Yoast SEO plugin. -->","yoast_head_json":{"title":"PGR prop\u00f5e puni\u00e7\u00e3o a policiais que n\u00e3o usarem c\u00e2meras corporais devidamente - Brasil not\u00edcias","robots":{"index":"index","follow":"follow","max-snippet":"max-snippet:-1","max-image-preview":"max-image-preview:large","max-video-preview":"max-video-preview:-1"},"canonical":"https:\/\/brasilnoticias.org\/site\/pgr-propoe-punicao-a-policiais-que-nao-usarem-cameras-corporais-devidamente\/","og_locale":"pt_PT","og_type":"article","og_title":"PGR prop\u00f5e puni\u00e7\u00e3o a policiais que n\u00e3o usarem c\u00e2meras corporais devidamente - Brasil not\u00edcias","og_description":"A proposta foi feita ao Minist\u00e9rio de Seguran\u00e7a P\u00fablico e Trabalho A Procuradoria-Geral da Rep\u00fablica (PGR) encaminhou ao Minist\u00e9rio da","og_url":"https:\/\/brasilnoticias.org\/site\/pgr-propoe-punicao-a-policiais-que-nao-usarem-cameras-corporais-devidamente\/","og_site_name":"Brasil not\u00edcias","article_published_time":"2024-01-27T23:31:45+00:00","og_image":[{"width":1600,"height":752,"url":"https:\/\/brasilnoticias.org\/site\/wp-content\/uploads\/2024\/01\/145615pgr-propoe-punicao-a-policiais-que-nao-usarem-cameras-corporais-devidamente-3.jpg","type":"image\/jpeg"}],"author":"Reda\u00e7\u00e3o","twitter_card":"summary_large_image","twitter_misc":{"Escrito por":"Reda\u00e7\u00e3o","Tempo estimado de leitura":"1 minuto"},"schema":{"@context":"https:\/\/schema.org","@graph":[{"@type":"Article","@id":"https:\/\/brasilnoticias.org\/site\/pgr-propoe-punicao-a-policiais-que-nao-usarem-cameras-corporais-devidamente\/#article","isPartOf":{"@id":"https:\/\/brasilnoticias.org\/site\/pgr-propoe-punicao-a-policiais-que-nao-usarem-cameras-corporais-devidamente\/"},"author":{"name":"Reda\u00e7\u00e3o","@id":"https:\/\/brasilnoticias.org\/site\/#\/schema\/person\/03bbbfe6c7634ad18c26444ea39049fa"},"headline":"PGR prop\u00f5e puni\u00e7\u00e3o a policiais que n\u00e3o usarem c\u00e2meras corporais devidamente","datePublished":"2024-01-27T23:31:45+00:00","mainEntityOfPage":{"@id":"https:\/\/brasilnoticias.org\/site\/pgr-propoe-punicao-a-policiais-que-nao-usarem-cameras-corporais-devidamente\/"},"wordCount":300,"commentCount":0,"publisher":{"@id":"https:\/\/brasilnoticias.org\/site\/#organization"},"image":{"@id":"https:\/\/brasilnoticias.org\/site\/pgr-propoe-punicao-a-policiais-que-nao-usarem-cameras-corporais-devidamente\/#primaryimage"},"thumbnailUrl":"https:\/\/brasilnoticias.org\/site\/wp-content\/uploads\/2024\/01\/145615pgr-propoe-punicao-a-policiais-que-nao-usarem-cameras-corporais-devidamente-3.jpg","articleSection":["Pol\u00edtica","\u00daltimas"],"inLanguage":"pt-PT","potentialAction":[{"@type":"CommentAction","name":"Comment","target":["https:\/\/brasilnoticias.org\/site\/pgr-propoe-punicao-a-policiais-que-nao-usarem-cameras-corporais-devidamente\/#respond"]}]},{"@type":"WebPage","@id":"https:\/\/brasilnoticias.org\/site\/pgr-propoe-punicao-a-policiais-que-nao-usarem-cameras-corporais-devidamente\/","url":"https:\/\/brasilnoticias.org\/site\/pgr-propoe-punicao-a-policiais-que-nao-usarem-cameras-corporais-devidamente\/","name":"PGR prop\u00f5e puni\u00e7\u00e3o a policiais que n\u00e3o usarem c\u00e2meras corporais devidamente - Brasil not\u00edcias","isPartOf":{"@id":"https:\/\/brasilnoticias.org\/site\/#website"},"primaryImageOfPage":{"@id":"https:\/\/brasilnoticias.org\/site\/pgr-propoe-punicao-a-policiais-que-nao-usarem-cameras-corporais-devidamente\/#primaryimage"},"image":{"@id":"https:\/\/brasilnoticias.org\/site\/pgr-propoe-punicao-a-policiais-que-nao-usarem-cameras-corporais-devidamente\/#primaryimage"},"thumbnailUrl":"https:\/\/brasilnoticias.org\/site\/wp-content\/uploads\/2024\/01\/145615pgr-propoe-punicao-a-policiais-que-nao-usarem-cameras-corporais-devidamente-3.jpg","datePublished":"2024-01-27T23:31:45+00:00","breadcrumb":{"@id":"https:\/\/brasilnoticias.org\/site\/pgr-propoe-punicao-a-policiais-que-nao-usarem-cameras-corporais-devidamente\/#breadcrumb"},"inLanguage":"pt-PT","potentialAction":[{"@type":"ReadAction","target":["https:\/\/brasilnoticias.org\/site\/pgr-propoe-punicao-a-policiais-que-nao-usarem-cameras-corporais-devidamente\/"]}]},{"@type":"ImageObject","inLanguage":"pt-PT","@id":"https:\/\/brasilnoticias.org\/site\/pgr-propoe-punicao-a-policiais-que-nao-usarem-cameras-corporais-devidamente\/#primaryimage","url":"https:\/\/brasilnoticias.org\/site\/wp-content\/uploads\/2024\/01\/145615pgr-propoe-punicao-a-policiais-que-nao-usarem-cameras-corporais-devidamente-3.jpg","contentUrl":"https:\/\/brasilnoticias.org\/site\/wp-content\/uploads\/2024\/01\/145615pgr-propoe-punicao-a-policiais-que-nao-usarem-cameras-corporais-devidamente-3.jpg","width":1600,"height":752},{"@type":"BreadcrumbList","@id":"https:\/\/brasilnoticias.org\/site\/pgr-propoe-punicao-a-policiais-que-nao-usarem-cameras-corporais-devidamente\/#breadcrumb","itemListElement":[{"@type":"ListItem","position":1,"name":"In\u00edcio","item":"https:\/\/brasilnoticias.org\/site\/"},{"@type":"ListItem","position":2,"name":"PGR prop\u00f5e puni\u00e7\u00e3o a policiais que n\u00e3o usarem c\u00e2meras corporais devidamente"}]},{"@type":"WebSite","@id":"https:\/\/brasilnoticias.org\/site\/#website","url":"https:\/\/brasilnoticias.org\/site\/","name":"Brasil not\u00edcias","description":"Brasil not\u00edcias","publisher":{"@id":"https:\/\/brasilnoticias.org\/site\/#organization"},"potentialAction":[{"@type":"SearchAction","target":{"@type":"EntryPoint","urlTemplate":"https:\/\/brasilnoticias.org\/site\/?s={search_term_string}"},"query-input":{"@type":"PropertyValueSpecification","valueRequired":true,"valueName":"search_term_string"}}],"inLanguage":"pt-PT"},{"@type":"Organization","@id":"https:\/\/brasilnoticias.org\/site\/#organization","name":"Brasil not\u00edcias","url":"https:\/\/brasilnoticias.org\/site\/","logo":{"@type":"ImageObject","inLanguage":"pt-PT","@id":"https:\/\/brasilnoticias.org\/site\/#\/schema\/logo\/image\/","url":"https:\/\/brasilnoticias.org\/site\/wp-content\/uploads\/2022\/05\/cropped-brasilnoticias-mini.jpg","contentUrl":"https:\/\/brasilnoticias.org\/site\/wp-content\/uploads\/2022\/05\/cropped-brasilnoticias-mini.jpg","width":314,"height":86,"caption":"Brasil not\u00edcias"},"image":{"@id":"https:\/\/brasilnoticias.org\/site\/#\/schema\/logo\/image\/"}},{"@type":"Person","@id":"https:\/\/brasilnoticias.org\/site\/#\/schema\/person\/03bbbfe6c7634ad18c26444ea39049fa","name":"Reda\u00e7\u00e3o","image":{"@type":"ImageObject","inLanguage":"pt-PT","@id":"https:\/\/brasilnoticias.org\/site\/#\/schema\/person\/image\/","url":"https:\/\/secure.gravatar.com\/avatar\/9ecaf7327a696cb23ad926fedded5f1f04d7049de9e445375d55b48c001a6e42?s=96&d=mm&r=g","contentUrl":"https:\/\/secure.gravatar.com\/avatar\/9ecaf7327a696cb23ad926fedded5f1f04d7049de9e445375d55b48c001a6e42?s=96&d=mm&r=g","caption":"Reda\u00e7\u00e3o"},"url":"https:\/\/brasilnoticias.org\/site\/author\/henrique\/"}]}},"_links":{"self":[{"href":"https:\/\/brasilnoticias.org\/site\/wp-json\/wp\/v2\/posts\/12437","targetHints":{"allow":["GET"]}}],"collection":[{"href":"https:\/\/brasilnoticias.org\/site\/wp-json\/wp\/v2\/posts"}],"about":[{"href":"https:\/\/brasilnoticias.org\/site\/wp-json\/wp\/v2\/types\/post"}],"author":[{"embeddable":true,"href":"https:\/\/brasilnoticias.org\/site\/wp-json\/wp\/v2\/users\/4"}],"replies":[{"embeddable":true,"href":"https:\/\/brasilnoticias.org\/site\/wp-json\/wp\/v2\/comments?post=12437"}],"version-history":[{"count":1,"href":"https:\/\/brasilnoticias.org\/site\/wp-json\/wp\/v2\/posts\/12437\/revisions"}],"predecessor-version":[{"id":12439,"href":"https:\/\/brasilnoticias.org\/site\/wp-json\/wp\/v2\/posts\/12437\/revisions\/12439"}],"wp:featuredmedia":[{"embeddable":true,"href":"https:\/\/brasilnoticias.org\/site\/wp-json\/wp\/v2\/media\/12438"}],"wp:attachment":[{"href":"https:\/\/brasilnoticias.org\/site\/wp-json\/wp\/v2\/media?parent=12437"}],"wp:term":[{"taxonomy":"category","embeddable":true,"href":"https:\/\/brasilnoticias.org\/site\/wp-json\/wp\/v2\/categories?post=12437"},{"taxonomy":"post_tag","embeddable":true,"href":"https:\/\/brasilnoticias.org\/site\/wp-json\/wp\/v2\/tags?post=12437"}],"curies":[{"name":"wp","href":"https:\/\/api.w.org\/{rel}","templated":true}]}}