{"id":12443,"date":"2024-01-27T20:36:12","date_gmt":"2024-01-27T23:36:12","guid":{"rendered":"https:\/\/brasilnoticias.org\/site\/?p=12443"},"modified":"2024-01-27T20:36:12","modified_gmt":"2024-01-27T23:36:12","slug":"minas-gerais-decreta-estado-de-emergencia-apos-alta-no-numero-de-casos-de-arboviroses","status":"publish","type":"post","link":"https:\/\/brasilnoticias.org\/site\/minas-gerais-decreta-estado-de-emergencia-apos-alta-no-numero-de-casos-de-arboviroses\/","title":{"rendered":"Minas Gerais decreta estado de emerg\u00eancia ap\u00f3s alta no n\u00famero de casos de arboviroses"},"content":{"rendered":"<p>A predomin\u00e2ncia nos casos da dengue \u00e9 pelo sorotipo 1<\/p>\n<p>O governo de Minas Gerais anunciou situa\u00e7\u00e3o de emerg\u00eancia em sa\u00fade p\u00fablica, devido ao cen\u00e1rio epidemiol\u00f3gico de arboviroses no estado, principalmente dengue e chikungunya. A informa\u00e7\u00e3o publicada neste s\u00e1bado (27), pelo Di\u00e1rio Oficial de Minas Gerais, tamb\u00e9m diz que o decreto vai prevalecer durante 180 dias. <\/p>\n<p>At\u00e9 o momento da publica\u00e7\u00e3o, foram registrados 11.490 casos confirmados de dengue e 3.067 casos confirmados de chikungunya durante as primeiras tr\u00eas semanas deste ano no estado. <\/p>\n<p>No texto \u00e9 destacado que especificamente no caso da dengue, existe uma predomin\u00e2ncia de infec\u00e7\u00f5es pelo sorotipo 1, por\u00e9m casos pelo sorotipo 3, que n\u00e3o circulavam de forma epid\u00eamica pelo Brasil h\u00e1 cerca de 15 anos, tamb\u00e9m foram registrados. <\/p>\n<p>O governador de Minas Gerais, Romeu Zema, foi autorizado pela publica\u00e7\u00e3o a tomar medidas administrativas para conter os casos de arboviroses, inclusive a aquisi\u00e7\u00e3o de insumos e materiais e a contrata\u00e7\u00e3o de servi\u00e7os necess\u00e1rios ao atendimento da situa\u00e7\u00e3o emergencial.  <\/p>\n<p>Foto: Divulga\u00e7\u00e3o\/Freepick<br \/>\nPor: Metro1 <\/p>\n","protected":false},"excerpt":{"rendered":"<p>A predomin\u00e2ncia nos casos da dengue \u00e9 pelo sorotipo 1 O governo de Minas Gerais anunciou situa\u00e7\u00e3o de emerg\u00eancia em<\/p>\n","protected":false},"author":4,"featured_media":12444,"comment_status":"open","ping_status":"open","sticky":false,"template":"","format":"standard","meta":{"colormag_page_container_layout":"default_layout","colormag_page_sidebar_layout":"default_layout","_FSMCFIC_featured_image_caption":"","_FSMCFIC_featured_image_nocaption":"","_FSMCFIC_featured_image_hide":"","footnotes":""},"categories":[5,1],"tags":[],"class_list":["post-12443","post","type-post","status-publish","format-standard","has-post-thumbnail","hentry","category-politica","category-ultimas"],"yoast_head":"<!-- This site is optimized with the Yoast SEO plugin v27.1.1 - https:\/\/yoast.com\/product\/yoast-seo-wordpress\/ -->\n<title>Minas Gerais decreta estado de emerg\u00eancia ap\u00f3s alta no n\u00famero de casos de arboviroses - Brasil not\u00edcias<\/title>\n<meta name=\"robots\" content=\"index, follow, max-snippet:-1, max-image-preview:large, max-video-preview:-1\" \/>\n<link rel=\"canonical\" href=\"https:\/\/brasilnoticias.org\/site\/minas-gerais-decreta-estado-de-emergencia-apos-alta-no-numero-de-casos-de-arboviroses\/\" \/>\n<meta property=\"og:locale\" content=\"pt_PT\" \/>\n<meta property=\"og:type\" content=\"article\" \/>\n<meta property=\"og:title\" content=\"Minas Gerais decreta estado de emerg\u00eancia ap\u00f3s alta no n\u00famero de casos de arboviroses - Brasil not\u00edcias\" \/>\n<meta property=\"og:description\" content=\"A predomin\u00e2ncia nos casos da dengue \u00e9 pelo sorotipo 1 O governo de Minas Gerais anunciou situa\u00e7\u00e3o de emerg\u00eancia em\" \/>\n<meta property=\"og:url\" content=\"https:\/\/brasilnoticias.org\/site\/minas-gerais-decreta-estado-de-emergencia-apos-alta-no-numero-de-casos-de-arboviroses\/\" \/>\n<meta property=\"og:site_name\" content=\"Brasil not\u00edcias\" \/>\n<meta property=\"article:published_time\" content=\"2024-01-27T23:36:12+00:00\" \/>\n<meta property=\"og:image\" content=\"https:\/\/brasilnoticias.org\/site\/wp-content\/uploads\/2024\/01\/145609minas-gerais-decreta-estado-de-emergencia-apos-alta-no-numero-de-casos-de-arboviroses-3.jpg\" \/>\n\t<meta property=\"og:image:width\" content=\"1600\" \/>\n\t<meta property=\"og:image:height\" content=\"752\" \/>\n\t<meta property=\"og:image:type\" content=\"image\/jpeg\" \/>\n<meta name=\"author\" content=\"Reda\u00e7\u00e3o\" \/>\n<meta name=\"twitter:card\" content=\"summary_large_image\" \/>\n<meta name=\"twitter:label1\" content=\"Escrito por\" \/>\n\t<meta name=\"twitter:data1\" content=\"Reda\u00e7\u00e3o\" \/>\n\t<meta name=\"twitter:label2\" content=\"Tempo estimado de leitura\" \/>\n\t<meta name=\"twitter:data2\" content=\"1 minuto\" \/>\n<script type=\"application\/ld+json\" class=\"yoast-schema-graph\">{\"@context\":\"https:\/\/schema.org\",\"@graph\":[{\"@type\":\"Article\",\"@id\":\"https:\/\/brasilnoticias.org\/site\/minas-gerais-decreta-estado-de-emergencia-apos-alta-no-numero-de-casos-de-arboviroses\/#article\",\"isPartOf\":{\"@id\":\"https:\/\/brasilnoticias.org\/site\/minas-gerais-decreta-estado-de-emergencia-apos-alta-no-numero-de-casos-de-arboviroses\/\"},\"author\":{\"name\":\"Reda\u00e7\u00e3o\",\"@id\":\"https:\/\/brasilnoticias.org\/site\/#\/schema\/person\/03bbbfe6c7634ad18c26444ea39049fa\"},\"headline\":\"Minas Gerais decreta estado de emerg\u00eancia ap\u00f3s alta no n\u00famero de casos de arboviroses\",\"datePublished\":\"2024-01-27T23:36:12+00:00\",\"mainEntityOfPage\":{\"@id\":\"https:\/\/brasilnoticias.org\/site\/minas-gerais-decreta-estado-de-emergencia-apos-alta-no-numero-de-casos-de-arboviroses\/\"},\"wordCount\":199,\"commentCount\":0,\"publisher\":{\"@id\":\"https:\/\/brasilnoticias.org\/site\/#organization\"},\"image\":{\"@id\":\"https:\/\/brasilnoticias.org\/site\/minas-gerais-decreta-estado-de-emergencia-apos-alta-no-numero-de-casos-de-arboviroses\/#primaryimage\"},\"thumbnailUrl\":\"https:\/\/brasilnoticias.org\/site\/wp-content\/uploads\/2024\/01\/145609minas-gerais-decreta-estado-de-emergencia-apos-alta-no-numero-de-casos-de-arboviroses-3.jpg\",\"articleSection\":[\"Pol\u00edtica\",\"\u00daltimas\"],\"inLanguage\":\"pt-PT\",\"potentialAction\":[{\"@type\":\"CommentAction\",\"name\":\"Comment\",\"target\":[\"https:\/\/brasilnoticias.org\/site\/minas-gerais-decreta-estado-de-emergencia-apos-alta-no-numero-de-casos-de-arboviroses\/#respond\"]}]},{\"@type\":\"WebPage\",\"@id\":\"https:\/\/brasilnoticias.org\/site\/minas-gerais-decreta-estado-de-emergencia-apos-alta-no-numero-de-casos-de-arboviroses\/\",\"url\":\"https:\/\/brasilnoticias.org\/site\/minas-gerais-decreta-estado-de-emergencia-apos-alta-no-numero-de-casos-de-arboviroses\/\",\"name\":\"Minas Gerais decreta estado de emerg\u00eancia ap\u00f3s alta no n\u00famero de casos de arboviroses - Brasil not\u00edcias\",\"isPartOf\":{\"@id\":\"https:\/\/brasilnoticias.org\/site\/#website\"},\"primaryImageOfPage\":{\"@id\":\"https:\/\/brasilnoticias.org\/site\/minas-gerais-decreta-estado-de-emergencia-apos-alta-no-numero-de-casos-de-arboviroses\/#primaryimage\"},\"image\":{\"@id\":\"https:\/\/brasilnoticias.org\/site\/minas-gerais-decreta-estado-de-emergencia-apos-alta-no-numero-de-casos-de-arboviroses\/#primaryimage\"},\"thumbnailUrl\":\"https:\/\/brasilnoticias.org\/site\/wp-content\/uploads\/2024\/01\/145609minas-gerais-decreta-estado-de-emergencia-apos-alta-no-numero-de-casos-de-arboviroses-3.jpg\",\"datePublished\":\"2024-01-27T23:36:12+00:00\",\"breadcrumb\":{\"@id\":\"https:\/\/brasilnoticias.org\/site\/minas-gerais-decreta-estado-de-emergencia-apos-alta-no-numero-de-casos-de-arboviroses\/#breadcrumb\"},\"inLanguage\":\"pt-PT\",\"potentialAction\":[{\"@type\":\"ReadAction\",\"target\":[\"https:\/\/brasilnoticias.org\/site\/minas-gerais-decreta-estado-de-emergencia-apos-alta-no-numero-de-casos-de-arboviroses\/\"]}]},{\"@type\":\"ImageObject\",\"inLanguage\":\"pt-PT\",\"@id\":\"https:\/\/brasilnoticias.org\/site\/minas-gerais-decreta-estado-de-emergencia-apos-alta-no-numero-de-casos-de-arboviroses\/#primaryimage\",\"url\":\"https:\/\/brasilnoticias.org\/site\/wp-content\/uploads\/2024\/01\/145609minas-gerais-decreta-estado-de-emergencia-apos-alta-no-numero-de-casos-de-arboviroses-3.jpg\",\"contentUrl\":\"https:\/\/brasilnoticias.org\/site\/wp-content\/uploads\/2024\/01\/145609minas-gerais-decreta-estado-de-emergencia-apos-alta-no-numero-de-casos-de-arboviroses-3.jpg\",\"width\":1600,\"height\":752},{\"@type\":\"BreadcrumbList\",\"@id\":\"https:\/\/brasilnoticias.org\/site\/minas-gerais-decreta-estado-de-emergencia-apos-alta-no-numero-de-casos-de-arboviroses\/#breadcrumb\",\"itemListElement\":[{\"@type\":\"ListItem\",\"position\":1,\"name\":\"In\u00edcio\",\"item\":\"https:\/\/brasilnoticias.org\/site\/\"},{\"@type\":\"ListItem\",\"position\":2,\"name\":\"Minas Gerais decreta estado de emerg\u00eancia ap\u00f3s alta no n\u00famero de casos de arboviroses\"}]},{\"@type\":\"WebSite\",\"@id\":\"https:\/\/brasilnoticias.org\/site\/#website\",\"url\":\"https:\/\/brasilnoticias.org\/site\/\",\"name\":\"Brasil not\u00edcias\",\"description\":\"Brasil not\u00edcias\",\"publisher\":{\"@id\":\"https:\/\/brasilnoticias.org\/site\/#organization\"},\"potentialAction\":[{\"@type\":\"SearchAction\",\"target\":{\"@type\":\"EntryPoint\",\"urlTemplate\":\"https:\/\/brasilnoticias.org\/site\/?s={search_term_string}\"},\"query-input\":{\"@type\":\"PropertyValueSpecification\",\"valueRequired\":true,\"valueName\":\"search_term_string\"}}],\"inLanguage\":\"pt-PT\"},{\"@type\":\"Organization\",\"@id\":\"https:\/\/brasilnoticias.org\/site\/#organization\",\"name\":\"Brasil not\u00edcias\",\"url\":\"https:\/\/brasilnoticias.org\/site\/\",\"logo\":{\"@type\":\"ImageObject\",\"inLanguage\":\"pt-PT\",\"@id\":\"https:\/\/brasilnoticias.org\/site\/#\/schema\/logo\/image\/\",\"url\":\"https:\/\/brasilnoticias.org\/site\/wp-content\/uploads\/2022\/05\/cropped-brasilnoticias-mini.jpg\",\"contentUrl\":\"https:\/\/brasilnoticias.org\/site\/wp-content\/uploads\/2022\/05\/cropped-brasilnoticias-mini.jpg\",\"width\":314,\"height\":86,\"caption\":\"Brasil not\u00edcias\"},\"image\":{\"@id\":\"https:\/\/brasilnoticias.org\/site\/#\/schema\/logo\/image\/\"}},{\"@type\":\"Person\",\"@id\":\"https:\/\/brasilnoticias.org\/site\/#\/schema\/person\/03bbbfe6c7634ad18c26444ea39049fa\",\"name\":\"Reda\u00e7\u00e3o\",\"image\":{\"@type\":\"ImageObject\",\"inLanguage\":\"pt-PT\",\"@id\":\"https:\/\/brasilnoticias.org\/site\/#\/schema\/person\/image\/\",\"url\":\"https:\/\/secure.gravatar.com\/avatar\/9ecaf7327a696cb23ad926fedded5f1f04d7049de9e445375d55b48c001a6e42?s=96&d=mm&r=g\",\"contentUrl\":\"https:\/\/secure.gravatar.com\/avatar\/9ecaf7327a696cb23ad926fedded5f1f04d7049de9e445375d55b48c001a6e42?s=96&d=mm&r=g\",\"caption\":\"Reda\u00e7\u00e3o\"},\"url\":\"https:\/\/brasilnoticias.org\/site\/author\/henrique\/\"}]}<\/script>\n<!-- \/ Yoast SEO plugin. -->","yoast_head_json":{"title":"Minas Gerais decreta estado de emerg\u00eancia ap\u00f3s alta no n\u00famero de casos de arboviroses - Brasil not\u00edcias","robots":{"index":"index","follow":"follow","max-snippet":"max-snippet:-1","max-image-preview":"max-image-preview:large","max-video-preview":"max-video-preview:-1"},"canonical":"https:\/\/brasilnoticias.org\/site\/minas-gerais-decreta-estado-de-emergencia-apos-alta-no-numero-de-casos-de-arboviroses\/","og_locale":"pt_PT","og_type":"article","og_title":"Minas Gerais decreta estado de emerg\u00eancia ap\u00f3s alta no n\u00famero de casos de arboviroses - Brasil not\u00edcias","og_description":"A predomin\u00e2ncia nos casos da dengue \u00e9 pelo sorotipo 1 O governo de Minas Gerais anunciou situa\u00e7\u00e3o de emerg\u00eancia em","og_url":"https:\/\/brasilnoticias.org\/site\/minas-gerais-decreta-estado-de-emergencia-apos-alta-no-numero-de-casos-de-arboviroses\/","og_site_name":"Brasil not\u00edcias","article_published_time":"2024-01-27T23:36:12+00:00","og_image":[{"width":1600,"height":752,"url":"https:\/\/brasilnoticias.org\/site\/wp-content\/uploads\/2024\/01\/145609minas-gerais-decreta-estado-de-emergencia-apos-alta-no-numero-de-casos-de-arboviroses-3.jpg","type":"image\/jpeg"}],"author":"Reda\u00e7\u00e3o","twitter_card":"summary_large_image","twitter_misc":{"Escrito por":"Reda\u00e7\u00e3o","Tempo estimado de leitura":"1 minuto"},"schema":{"@context":"https:\/\/schema.org","@graph":[{"@type":"Article","@id":"https:\/\/brasilnoticias.org\/site\/minas-gerais-decreta-estado-de-emergencia-apos-alta-no-numero-de-casos-de-arboviroses\/#article","isPartOf":{"@id":"https:\/\/brasilnoticias.org\/site\/minas-gerais-decreta-estado-de-emergencia-apos-alta-no-numero-de-casos-de-arboviroses\/"},"author":{"name":"Reda\u00e7\u00e3o","@id":"https:\/\/brasilnoticias.org\/site\/#\/schema\/person\/03bbbfe6c7634ad18c26444ea39049fa"},"headline":"Minas Gerais decreta estado de emerg\u00eancia ap\u00f3s alta no n\u00famero de casos de arboviroses","datePublished":"2024-01-27T23:36:12+00:00","mainEntityOfPage":{"@id":"https:\/\/brasilnoticias.org\/site\/minas-gerais-decreta-estado-de-emergencia-apos-alta-no-numero-de-casos-de-arboviroses\/"},"wordCount":199,"commentCount":0,"publisher":{"@id":"https:\/\/brasilnoticias.org\/site\/#organization"},"image":{"@id":"https:\/\/brasilnoticias.org\/site\/minas-gerais-decreta-estado-de-emergencia-apos-alta-no-numero-de-casos-de-arboviroses\/#primaryimage"},"thumbnailUrl":"https:\/\/brasilnoticias.org\/site\/wp-content\/uploads\/2024\/01\/145609minas-gerais-decreta-estado-de-emergencia-apos-alta-no-numero-de-casos-de-arboviroses-3.jpg","articleSection":["Pol\u00edtica","\u00daltimas"],"inLanguage":"pt-PT","potentialAction":[{"@type":"CommentAction","name":"Comment","target":["https:\/\/brasilnoticias.org\/site\/minas-gerais-decreta-estado-de-emergencia-apos-alta-no-numero-de-casos-de-arboviroses\/#respond"]}]},{"@type":"WebPage","@id":"https:\/\/brasilnoticias.org\/site\/minas-gerais-decreta-estado-de-emergencia-apos-alta-no-numero-de-casos-de-arboviroses\/","url":"https:\/\/brasilnoticias.org\/site\/minas-gerais-decreta-estado-de-emergencia-apos-alta-no-numero-de-casos-de-arboviroses\/","name":"Minas Gerais decreta estado de emerg\u00eancia ap\u00f3s alta no n\u00famero de casos de arboviroses - Brasil not\u00edcias","isPartOf":{"@id":"https:\/\/brasilnoticias.org\/site\/#website"},"primaryImageOfPage":{"@id":"https:\/\/brasilnoticias.org\/site\/minas-gerais-decreta-estado-de-emergencia-apos-alta-no-numero-de-casos-de-arboviroses\/#primaryimage"},"image":{"@id":"https:\/\/brasilnoticias.org\/site\/minas-gerais-decreta-estado-de-emergencia-apos-alta-no-numero-de-casos-de-arboviroses\/#primaryimage"},"thumbnailUrl":"https:\/\/brasilnoticias.org\/site\/wp-content\/uploads\/2024\/01\/145609minas-gerais-decreta-estado-de-emergencia-apos-alta-no-numero-de-casos-de-arboviroses-3.jpg","datePublished":"2024-01-27T23:36:12+00:00","breadcrumb":{"@id":"https:\/\/brasilnoticias.org\/site\/minas-gerais-decreta-estado-de-emergencia-apos-alta-no-numero-de-casos-de-arboviroses\/#breadcrumb"},"inLanguage":"pt-PT","potentialAction":[{"@type":"ReadAction","target":["https:\/\/brasilnoticias.org\/site\/minas-gerais-decreta-estado-de-emergencia-apos-alta-no-numero-de-casos-de-arboviroses\/"]}]},{"@type":"ImageObject","inLanguage":"pt-PT","@id":"https:\/\/brasilnoticias.org\/site\/minas-gerais-decreta-estado-de-emergencia-apos-alta-no-numero-de-casos-de-arboviroses\/#primaryimage","url":"https:\/\/brasilnoticias.org\/site\/wp-content\/uploads\/2024\/01\/145609minas-gerais-decreta-estado-de-emergencia-apos-alta-no-numero-de-casos-de-arboviroses-3.jpg","contentUrl":"https:\/\/brasilnoticias.org\/site\/wp-content\/uploads\/2024\/01\/145609minas-gerais-decreta-estado-de-emergencia-apos-alta-no-numero-de-casos-de-arboviroses-3.jpg","width":1600,"height":752},{"@type":"BreadcrumbList","@id":"https:\/\/brasilnoticias.org\/site\/minas-gerais-decreta-estado-de-emergencia-apos-alta-no-numero-de-casos-de-arboviroses\/#breadcrumb","itemListElement":[{"@type":"ListItem","position":1,"name":"In\u00edcio","item":"https:\/\/brasilnoticias.org\/site\/"},{"@type":"ListItem","position":2,"name":"Minas Gerais decreta estado de emerg\u00eancia ap\u00f3s alta no n\u00famero de casos de arboviroses"}]},{"@type":"WebSite","@id":"https:\/\/brasilnoticias.org\/site\/#website","url":"https:\/\/brasilnoticias.org\/site\/","name":"Brasil not\u00edcias","description":"Brasil not\u00edcias","publisher":{"@id":"https:\/\/brasilnoticias.org\/site\/#organization"},"potentialAction":[{"@type":"SearchAction","target":{"@type":"EntryPoint","urlTemplate":"https:\/\/brasilnoticias.org\/site\/?s={search_term_string}"},"query-input":{"@type":"PropertyValueSpecification","valueRequired":true,"valueName":"search_term_string"}}],"inLanguage":"pt-PT"},{"@type":"Organization","@id":"https:\/\/brasilnoticias.org\/site\/#organization","name":"Brasil not\u00edcias","url":"https:\/\/brasilnoticias.org\/site\/","logo":{"@type":"ImageObject","inLanguage":"pt-PT","@id":"https:\/\/brasilnoticias.org\/site\/#\/schema\/logo\/image\/","url":"https:\/\/brasilnoticias.org\/site\/wp-content\/uploads\/2022\/05\/cropped-brasilnoticias-mini.jpg","contentUrl":"https:\/\/brasilnoticias.org\/site\/wp-content\/uploads\/2022\/05\/cropped-brasilnoticias-mini.jpg","width":314,"height":86,"caption":"Brasil not\u00edcias"},"image":{"@id":"https:\/\/brasilnoticias.org\/site\/#\/schema\/logo\/image\/"}},{"@type":"Person","@id":"https:\/\/brasilnoticias.org\/site\/#\/schema\/person\/03bbbfe6c7634ad18c26444ea39049fa","name":"Reda\u00e7\u00e3o","image":{"@type":"ImageObject","inLanguage":"pt-PT","@id":"https:\/\/brasilnoticias.org\/site\/#\/schema\/person\/image\/","url":"https:\/\/secure.gravatar.com\/avatar\/9ecaf7327a696cb23ad926fedded5f1f04d7049de9e445375d55b48c001a6e42?s=96&d=mm&r=g","contentUrl":"https:\/\/secure.gravatar.com\/avatar\/9ecaf7327a696cb23ad926fedded5f1f04d7049de9e445375d55b48c001a6e42?s=96&d=mm&r=g","caption":"Reda\u00e7\u00e3o"},"url":"https:\/\/brasilnoticias.org\/site\/author\/henrique\/"}]}},"_links":{"self":[{"href":"https:\/\/brasilnoticias.org\/site\/wp-json\/wp\/v2\/posts\/12443","targetHints":{"allow":["GET"]}}],"collection":[{"href":"https:\/\/brasilnoticias.org\/site\/wp-json\/wp\/v2\/posts"}],"about":[{"href":"https:\/\/brasilnoticias.org\/site\/wp-json\/wp\/v2\/types\/post"}],"author":[{"embeddable":true,"href":"https:\/\/brasilnoticias.org\/site\/wp-json\/wp\/v2\/users\/4"}],"replies":[{"embeddable":true,"href":"https:\/\/brasilnoticias.org\/site\/wp-json\/wp\/v2\/comments?post=12443"}],"version-history":[{"count":1,"href":"https:\/\/brasilnoticias.org\/site\/wp-json\/wp\/v2\/posts\/12443\/revisions"}],"predecessor-version":[{"id":12445,"href":"https:\/\/brasilnoticias.org\/site\/wp-json\/wp\/v2\/posts\/12443\/revisions\/12445"}],"wp:featuredmedia":[{"embeddable":true,"href":"https:\/\/brasilnoticias.org\/site\/wp-json\/wp\/v2\/media\/12444"}],"wp:attachment":[{"href":"https:\/\/brasilnoticias.org\/site\/wp-json\/wp\/v2\/media?parent=12443"}],"wp:term":[{"taxonomy":"category","embeddable":true,"href":"https:\/\/brasilnoticias.org\/site\/wp-json\/wp\/v2\/categories?post=12443"},{"taxonomy":"post_tag","embeddable":true,"href":"https:\/\/brasilnoticias.org\/site\/wp-json\/wp\/v2\/tags?post=12443"}],"curies":[{"name":"wp","href":"https:\/\/api.w.org\/{rel}","templated":true}]}}