{"id":12449,"date":"2024-01-29T13:54:56","date_gmt":"2024-01-29T16:54:56","guid":{"rendered":"https:\/\/brasilnoticias.org\/site\/?p=12449"},"modified":"2024-01-29T13:54:56","modified_gmt":"2024-01-29T16:54:56","slug":"vitoria-vence-a-juazeirense-e-retoma-a-lideranca-do-baianao","status":"publish","type":"post","link":"https:\/\/brasilnoticias.org\/site\/vitoria-vence-a-juazeirense-e-retoma-a-lideranca-do-baianao\/","title":{"rendered":"Vit\u00f3ria vence a Juazeirense e retoma a lideran\u00e7a do Baian\u00e3o"},"content":{"rendered":"<p>Camutanga, Alerrandro e Caio Dantas, de p\u00eanalti, marcaram para fechar a partida em 3 x 0 no Barrad\u00e3o; Rubro-Negro foi a nove pontos<\/p>\n<p>O Vit\u00f3ria derrotou a Juazeirense por 3 x 0 no Barrad\u00e3o e voltou a lideran\u00e7a do Campeonato Baiano. Neste domingo (28), o Rubro-Negro contou com a ajuda dos estreantes da tarde para marcar. Everaldo deu assist\u00eancia para Camutanga abrir o placar e Alerrandro fez o primeiro dele com a camisa rubro-negra para ampliar o marcador.<\/p>\n<p>No fim, Caio Dantas marcou de p\u00eanalti e fechou a contagem para o Le\u00e3o, que n\u00e3o vencia o Canc\u00e3o de Fogo desde 2017. Com o resultado, o Rubro-Negro foi a nove pontos e n\u00e3o corre o risco de perder a primeira posi\u00e7\u00e3o at\u00e9 o fim da quarta rodada.<\/p>\n<p>No pr\u00f3ximo confronto, o Vit\u00f3ria vai at\u00e9 o Est\u00e1dio Waldomiro Borges (BA) encarar o Jequi\u00e9. Na quarta-feira (31), as equipes se enfrentam \u00e0s 21h30, pela rodada cinco do Baian\u00e3o.<\/p>\n<p>O JOGO<\/p>\n<p>Primeiro tempo<\/p>\n<p>O Vit\u00f3ria foi melhor no primeiro tempo, por\u00e9m n\u00e3o conseguiu transformar a superioridade em gols. Com muita velocidade pelo lado esquerdo, o Le\u00e3o desperdi\u00e7ou \u00f3timas chances de inaugurar o marcador com Iury Castilho. A Juazeirense se defendia e tentava sair com liga\u00e7\u00f5es diretas para o ataque. O Rubro-Negro continuou com volume ofensivo, dominou as a\u00e7\u00f5es, mas n\u00e3o foi efetivo por conta das \u00f3timas defesas do goleiro Jo\u00e3o Guilherme. Fim da primeira etapa e zero a zero no placar.<\/p>\n<p>Aos seis minutos, Iury Castilho ganhou a dividida com a marca\u00e7\u00e3o e arriscou de longe, por\u00e9m Jo\u00e3o Guilherme pulou para defender.<\/p>\n<p>Chance perdida! Aos nove, ap\u00f3s Matheuzinho puxar o contra-ataque, Alerrandro deixou Castilho de cara com o goleiro, mas o camisa 7 tentou a cavadinha e mandou para fora.<\/p>\n<p>Aos 18 minutos, Iury Castilho assustou mais uma vez. Ap\u00f3s tabelar com Dudu, o atacante chutou da entrada da \u00e1rea e a bola passou rente \u00e0 trave direita.<\/p>\n<p>Aos 33, Dudu escorou para Alerrandro, o centroavante finalizou, mas Jo\u00e3o Guilherme foi no cantinho fazer a defesa.<\/p>\n<p>Segundo tempo<\/p>\n<p>Na volta do intervalo, o Vit\u00f3ria seguiu com for\u00e7a m\u00e1xima e chegou ao seu objetivo. Aos 11 minutos, Camutanga abriu o placar com passe do estreante Everaldo e depois Alerrandro marcou o primeiro dele com a camisa rubro-negra para ampliar o marcador. Com a desvantagem, a Juazeirense se lan\u00e7ou mais ao ataque, por\u00e9m sem criatividade. No fim, Caio Dantas marcou de p\u00eanalti e fechou a contagem para o Le\u00e3o.<\/p>\n<p>Antes de completar o primeiro minuto, Iury Castilho venceu o duelo com o defensor e chutou cruzado, mas a bola passou perto da trave.<\/p>\n<p>Aos dois, Camutanga perdeu a bola para Lu\u00eds Soares e deixou o centroavante de cara com Lucas Arcanjo. Por\u00e9m, o goleiro foi mais r\u00e1pido e conseguiu fazer o desarme.<\/p>\n<p>Na trave! Aos oito minutos, Alexsandro aproveitou a sobra da defesa e bateu colocado. A bola carimbou o poste esquerdo.<\/p>\n<p>Gol do Vit\u00f3ria! Aos 11, Matheuzinho cobrou escanteio fechado, direto no travess\u00e3o. No rebote, Everaldo tocou para Camutanga, que girou em cima da zaga e balan\u00e7ou as redes.<\/p>\n<p>Susto do Canc\u00e3o de Fogo! Aos 19, a defesa afastou mal e Janeudo soltou uma bomba no travess\u00e3o.<\/p>\n<p>Amplia o Le\u00e3o! Aos 20 minutos, ap\u00f3s troca de passes em velocidade, Osvaldo finalizou e Jo\u00e3o Guilherme defendeu. Na volta, Alerrandro driblou o marcador e chutou colocado para fazer o seu primeiro gol com a camisa rubro-negra.<\/p>\n<p>Terceiro do Rubro-Negro! Caio Dantas converteu p\u00eanalti que ele mesmo sofreu e fez mais um para o Vit\u00f3ria.<\/p>\n<p>FICHA T\u00c9CNICA<\/p>\n<p>Vit\u00f3ria 3 x 0 Juazeirense<br \/>\nCampeonato Baiano &#8211; 4\u00aa rodada<br \/>\nLocal: Est\u00e1dio Barrad\u00e3o, em Salvador (BA)<br \/>\nData: 28\/01\/2024 (domingo)<br \/>\nHor\u00e1rio: 16h<br \/>\n\u00c1rbitro: Bruno Pereira Vasconcelos (BA)<br \/>\nAssistentes: Paulo de Tarso Bregalda Gussen (BA) e Jucimar dos Santos Dias (BA)<br \/>\nQuarto \u00e1rbitro: Edvan Lima Silva (BA)<\/p>\n<p>Gols: Camutanga, Alerrandro e Caio Dantas (Vit\u00f3ria) <\/p>\n<p>Vit\u00f3ria: Lucas Arcanjo; Zeca \u00a9, Wagner Leonardo, Camutanga e Patric Calmon (Lucas Esteves); Willian Oliveira, Dudu (Caio Vinicius) e Matheuzinho; Iury Castilho (Everaldo), Osvaldo (Mateus Gon\u00e7alves) e Alerrandro (Caio Dantas). T\u00e9cnico: L\u00e9o Cond\u00e9<\/p>\n<p>Juazeirense: Jo\u00e3o Guilherme \u00a9; Edson, Z\u00e9 Rom\u00e1rio, Maur\u00edcio e Yan; Eliv\u00e9lton, Mauro (Romarinho) e Patrik (Felipe Fechale); Alexsandro (Janeudo), Ian Augusto (Pedro Henrique) e Luis Soares (Mateus). T\u00e9cnico: Carlos Rabello<\/p>\n<p>Foto: Victor Ferreira\/EC Vit\u00f3ria<br \/>\nPor: Jos\u00e9 Gabriel<\/p>\n","protected":false},"excerpt":{"rendered":"<p>Camutanga, Alerrandro e Caio Dantas, de p\u00eanalti, marcaram para fechar a partida em 3 x 0 no Barrad\u00e3o; Rubro-Negro foi<\/p>\n","protected":false},"author":4,"featured_media":12450,"comment_status":"open","ping_status":"open","sticky":false,"template":"","format":"standard","meta":{"colormag_page_container_layout":"default_layout","colormag_page_sidebar_layout":"default_layout","_FSMCFIC_featured_image_caption":"","_FSMCFIC_featured_image_nocaption":"","_FSMCFIC_featured_image_hide":"","footnotes":""},"categories":[4,1],"tags":[],"class_list":["post-12449","post","type-post","status-publish","format-standard","has-post-thumbnail","hentry","category-esporte","category-ultimas"],"yoast_head":"<!-- This site is optimized with the Yoast SEO plugin v27.1.1 - https:\/\/yoast.com\/product\/yoast-seo-wordpress\/ -->\n<title>Vit\u00f3ria vence a Juazeirense e retoma a lideran\u00e7a do Baian\u00e3o - Brasil not\u00edcias<\/title>\n<meta name=\"robots\" content=\"index, follow, max-snippet:-1, max-image-preview:large, max-video-preview:-1\" \/>\n<link rel=\"canonical\" href=\"https:\/\/brasilnoticias.org\/site\/vitoria-vence-a-juazeirense-e-retoma-a-lideranca-do-baianao\/\" \/>\n<meta property=\"og:locale\" content=\"pt_PT\" \/>\n<meta property=\"og:type\" content=\"article\" \/>\n<meta property=\"og:title\" content=\"Vit\u00f3ria vence a Juazeirense e retoma a lideran\u00e7a do Baian\u00e3o - Brasil not\u00edcias\" \/>\n<meta property=\"og:description\" content=\"Camutanga, Alerrandro e Caio Dantas, de p\u00eanalti, marcaram para fechar a partida em 3 x 0 no Barrad\u00e3o; Rubro-Negro foi\" \/>\n<meta property=\"og:url\" content=\"https:\/\/brasilnoticias.org\/site\/vitoria-vence-a-juazeirense-e-retoma-a-lideranca-do-baianao\/\" \/>\n<meta property=\"og:site_name\" content=\"Brasil not\u00edcias\" \/>\n<meta property=\"article:published_time\" content=\"2024-01-29T16:54:56+00:00\" \/>\n<meta property=\"og:image\" content=\"https:\/\/brasilnoticias.org\/site\/wp-content\/uploads\/2024\/01\/145635vitoria-vence-a-juazeirense-e-retoma-a-lideranca-do-baianao-3.jpg\" \/>\n\t<meta property=\"og:image:width\" content=\"1600\" \/>\n\t<meta property=\"og:image:height\" content=\"752\" \/>\n\t<meta property=\"og:image:type\" content=\"image\/jpeg\" \/>\n<meta name=\"author\" content=\"Reda\u00e7\u00e3o\" \/>\n<meta name=\"twitter:card\" content=\"summary_large_image\" \/>\n<meta name=\"twitter:label1\" content=\"Escrito por\" \/>\n\t<meta name=\"twitter:data1\" content=\"Reda\u00e7\u00e3o\" \/>\n<script type=\"application\/ld+json\" class=\"yoast-schema-graph\">{\"@context\":\"https:\/\/schema.org\",\"@graph\":[{\"@type\":\"Article\",\"@id\":\"https:\/\/brasilnoticias.org\/site\/vitoria-vence-a-juazeirense-e-retoma-a-lideranca-do-baianao\/#article\",\"isPartOf\":{\"@id\":\"https:\/\/brasilnoticias.org\/site\/vitoria-vence-a-juazeirense-e-retoma-a-lideranca-do-baianao\/\"},\"author\":{\"name\":\"Reda\u00e7\u00e3o\",\"@id\":\"https:\/\/brasilnoticias.org\/site\/#\/schema\/person\/03bbbfe6c7634ad18c26444ea39049fa\"},\"headline\":\"Vit\u00f3ria vence a Juazeirense e retoma a lideran\u00e7a do Baian\u00e3o\",\"datePublished\":\"2024-01-29T16:54:56+00:00\",\"mainEntityOfPage\":{\"@id\":\"https:\/\/brasilnoticias.org\/site\/vitoria-vence-a-juazeirense-e-retoma-a-lideranca-do-baianao\/\"},\"wordCount\":761,\"commentCount\":0,\"publisher\":{\"@id\":\"https:\/\/brasilnoticias.org\/site\/#organization\"},\"image\":{\"@id\":\"https:\/\/brasilnoticias.org\/site\/vitoria-vence-a-juazeirense-e-retoma-a-lideranca-do-baianao\/#primaryimage\"},\"thumbnailUrl\":\"https:\/\/brasilnoticias.org\/site\/wp-content\/uploads\/2024\/01\/145635vitoria-vence-a-juazeirense-e-retoma-a-lideranca-do-baianao-3.jpg\",\"articleSection\":[\"Esporte\",\"\u00daltimas\"],\"inLanguage\":\"pt-PT\",\"potentialAction\":[{\"@type\":\"CommentAction\",\"name\":\"Comment\",\"target\":[\"https:\/\/brasilnoticias.org\/site\/vitoria-vence-a-juazeirense-e-retoma-a-lideranca-do-baianao\/#respond\"]}]},{\"@type\":\"WebPage\",\"@id\":\"https:\/\/brasilnoticias.org\/site\/vitoria-vence-a-juazeirense-e-retoma-a-lideranca-do-baianao\/\",\"url\":\"https:\/\/brasilnoticias.org\/site\/vitoria-vence-a-juazeirense-e-retoma-a-lideranca-do-baianao\/\",\"name\":\"Vit\u00f3ria vence a Juazeirense e retoma a lideran\u00e7a do Baian\u00e3o - Brasil not\u00edcias\",\"isPartOf\":{\"@id\":\"https:\/\/brasilnoticias.org\/site\/#website\"},\"primaryImageOfPage\":{\"@id\":\"https:\/\/brasilnoticias.org\/site\/vitoria-vence-a-juazeirense-e-retoma-a-lideranca-do-baianao\/#primaryimage\"},\"image\":{\"@id\":\"https:\/\/brasilnoticias.org\/site\/vitoria-vence-a-juazeirense-e-retoma-a-lideranca-do-baianao\/#primaryimage\"},\"thumbnailUrl\":\"https:\/\/brasilnoticias.org\/site\/wp-content\/uploads\/2024\/01\/145635vitoria-vence-a-juazeirense-e-retoma-a-lideranca-do-baianao-3.jpg\",\"datePublished\":\"2024-01-29T16:54:56+00:00\",\"breadcrumb\":{\"@id\":\"https:\/\/brasilnoticias.org\/site\/vitoria-vence-a-juazeirense-e-retoma-a-lideranca-do-baianao\/#breadcrumb\"},\"inLanguage\":\"pt-PT\",\"potentialAction\":[{\"@type\":\"ReadAction\",\"target\":[\"https:\/\/brasilnoticias.org\/site\/vitoria-vence-a-juazeirense-e-retoma-a-lideranca-do-baianao\/\"]}]},{\"@type\":\"ImageObject\",\"inLanguage\":\"pt-PT\",\"@id\":\"https:\/\/brasilnoticias.org\/site\/vitoria-vence-a-juazeirense-e-retoma-a-lideranca-do-baianao\/#primaryimage\",\"url\":\"https:\/\/brasilnoticias.org\/site\/wp-content\/uploads\/2024\/01\/145635vitoria-vence-a-juazeirense-e-retoma-a-lideranca-do-baianao-3.jpg\",\"contentUrl\":\"https:\/\/brasilnoticias.org\/site\/wp-content\/uploads\/2024\/01\/145635vitoria-vence-a-juazeirense-e-retoma-a-lideranca-do-baianao-3.jpg\",\"width\":1600,\"height\":752},{\"@type\":\"BreadcrumbList\",\"@id\":\"https:\/\/brasilnoticias.org\/site\/vitoria-vence-a-juazeirense-e-retoma-a-lideranca-do-baianao\/#breadcrumb\",\"itemListElement\":[{\"@type\":\"ListItem\",\"position\":1,\"name\":\"In\u00edcio\",\"item\":\"https:\/\/brasilnoticias.org\/site\/\"},{\"@type\":\"ListItem\",\"position\":2,\"name\":\"Vit\u00f3ria vence a Juazeirense e retoma a lideran\u00e7a do Baian\u00e3o\"}]},{\"@type\":\"WebSite\",\"@id\":\"https:\/\/brasilnoticias.org\/site\/#website\",\"url\":\"https:\/\/brasilnoticias.org\/site\/\",\"name\":\"Brasil not\u00edcias\",\"description\":\"Brasil not\u00edcias\",\"publisher\":{\"@id\":\"https:\/\/brasilnoticias.org\/site\/#organization\"},\"potentialAction\":[{\"@type\":\"SearchAction\",\"target\":{\"@type\":\"EntryPoint\",\"urlTemplate\":\"https:\/\/brasilnoticias.org\/site\/?s={search_term_string}\"},\"query-input\":{\"@type\":\"PropertyValueSpecification\",\"valueRequired\":true,\"valueName\":\"search_term_string\"}}],\"inLanguage\":\"pt-PT\"},{\"@type\":\"Organization\",\"@id\":\"https:\/\/brasilnoticias.org\/site\/#organization\",\"name\":\"Brasil not\u00edcias\",\"url\":\"https:\/\/brasilnoticias.org\/site\/\",\"logo\":{\"@type\":\"ImageObject\",\"inLanguage\":\"pt-PT\",\"@id\":\"https:\/\/brasilnoticias.org\/site\/#\/schema\/logo\/image\/\",\"url\":\"https:\/\/brasilnoticias.org\/site\/wp-content\/uploads\/2022\/05\/cropped-brasilnoticias-mini.jpg\",\"contentUrl\":\"https:\/\/brasilnoticias.org\/site\/wp-content\/uploads\/2022\/05\/cropped-brasilnoticias-mini.jpg\",\"width\":314,\"height\":86,\"caption\":\"Brasil not\u00edcias\"},\"image\":{\"@id\":\"https:\/\/brasilnoticias.org\/site\/#\/schema\/logo\/image\/\"}},{\"@type\":\"Person\",\"@id\":\"https:\/\/brasilnoticias.org\/site\/#\/schema\/person\/03bbbfe6c7634ad18c26444ea39049fa\",\"name\":\"Reda\u00e7\u00e3o\",\"image\":{\"@type\":\"ImageObject\",\"inLanguage\":\"pt-PT\",\"@id\":\"https:\/\/brasilnoticias.org\/site\/#\/schema\/person\/image\/\",\"url\":\"https:\/\/secure.gravatar.com\/avatar\/9ecaf7327a696cb23ad926fedded5f1f04d7049de9e445375d55b48c001a6e42?s=96&d=mm&r=g\",\"contentUrl\":\"https:\/\/secure.gravatar.com\/avatar\/9ecaf7327a696cb23ad926fedded5f1f04d7049de9e445375d55b48c001a6e42?s=96&d=mm&r=g\",\"caption\":\"Reda\u00e7\u00e3o\"},\"url\":\"https:\/\/brasilnoticias.org\/site\/author\/henrique\/\"}]}<\/script>\n<!-- \/ Yoast SEO plugin. -->","yoast_head_json":{"title":"Vit\u00f3ria vence a Juazeirense e retoma a lideran\u00e7a do Baian\u00e3o - Brasil not\u00edcias","robots":{"index":"index","follow":"follow","max-snippet":"max-snippet:-1","max-image-preview":"max-image-preview:large","max-video-preview":"max-video-preview:-1"},"canonical":"https:\/\/brasilnoticias.org\/site\/vitoria-vence-a-juazeirense-e-retoma-a-lideranca-do-baianao\/","og_locale":"pt_PT","og_type":"article","og_title":"Vit\u00f3ria vence a Juazeirense e retoma a lideran\u00e7a do Baian\u00e3o - Brasil not\u00edcias","og_description":"Camutanga, Alerrandro e Caio Dantas, de p\u00eanalti, marcaram para fechar a partida em 3 x 0 no Barrad\u00e3o; Rubro-Negro foi","og_url":"https:\/\/brasilnoticias.org\/site\/vitoria-vence-a-juazeirense-e-retoma-a-lideranca-do-baianao\/","og_site_name":"Brasil not\u00edcias","article_published_time":"2024-01-29T16:54:56+00:00","og_image":[{"width":1600,"height":752,"url":"https:\/\/brasilnoticias.org\/site\/wp-content\/uploads\/2024\/01\/145635vitoria-vence-a-juazeirense-e-retoma-a-lideranca-do-baianao-3.jpg","type":"image\/jpeg"}],"author":"Reda\u00e7\u00e3o","twitter_card":"summary_large_image","twitter_misc":{"Escrito por":"Reda\u00e7\u00e3o"},"schema":{"@context":"https:\/\/schema.org","@graph":[{"@type":"Article","@id":"https:\/\/brasilnoticias.org\/site\/vitoria-vence-a-juazeirense-e-retoma-a-lideranca-do-baianao\/#article","isPartOf":{"@id":"https:\/\/brasilnoticias.org\/site\/vitoria-vence-a-juazeirense-e-retoma-a-lideranca-do-baianao\/"},"author":{"name":"Reda\u00e7\u00e3o","@id":"https:\/\/brasilnoticias.org\/site\/#\/schema\/person\/03bbbfe6c7634ad18c26444ea39049fa"},"headline":"Vit\u00f3ria vence a Juazeirense e retoma a lideran\u00e7a do Baian\u00e3o","datePublished":"2024-01-29T16:54:56+00:00","mainEntityOfPage":{"@id":"https:\/\/brasilnoticias.org\/site\/vitoria-vence-a-juazeirense-e-retoma-a-lideranca-do-baianao\/"},"wordCount":761,"commentCount":0,"publisher":{"@id":"https:\/\/brasilnoticias.org\/site\/#organization"},"image":{"@id":"https:\/\/brasilnoticias.org\/site\/vitoria-vence-a-juazeirense-e-retoma-a-lideranca-do-baianao\/#primaryimage"},"thumbnailUrl":"https:\/\/brasilnoticias.org\/site\/wp-content\/uploads\/2024\/01\/145635vitoria-vence-a-juazeirense-e-retoma-a-lideranca-do-baianao-3.jpg","articleSection":["Esporte","\u00daltimas"],"inLanguage":"pt-PT","potentialAction":[{"@type":"CommentAction","name":"Comment","target":["https:\/\/brasilnoticias.org\/site\/vitoria-vence-a-juazeirense-e-retoma-a-lideranca-do-baianao\/#respond"]}]},{"@type":"WebPage","@id":"https:\/\/brasilnoticias.org\/site\/vitoria-vence-a-juazeirense-e-retoma-a-lideranca-do-baianao\/","url":"https:\/\/brasilnoticias.org\/site\/vitoria-vence-a-juazeirense-e-retoma-a-lideranca-do-baianao\/","name":"Vit\u00f3ria vence a Juazeirense e retoma a lideran\u00e7a do Baian\u00e3o - Brasil not\u00edcias","isPartOf":{"@id":"https:\/\/brasilnoticias.org\/site\/#website"},"primaryImageOfPage":{"@id":"https:\/\/brasilnoticias.org\/site\/vitoria-vence-a-juazeirense-e-retoma-a-lideranca-do-baianao\/#primaryimage"},"image":{"@id":"https:\/\/brasilnoticias.org\/site\/vitoria-vence-a-juazeirense-e-retoma-a-lideranca-do-baianao\/#primaryimage"},"thumbnailUrl":"https:\/\/brasilnoticias.org\/site\/wp-content\/uploads\/2024\/01\/145635vitoria-vence-a-juazeirense-e-retoma-a-lideranca-do-baianao-3.jpg","datePublished":"2024-01-29T16:54:56+00:00","breadcrumb":{"@id":"https:\/\/brasilnoticias.org\/site\/vitoria-vence-a-juazeirense-e-retoma-a-lideranca-do-baianao\/#breadcrumb"},"inLanguage":"pt-PT","potentialAction":[{"@type":"ReadAction","target":["https:\/\/brasilnoticias.org\/site\/vitoria-vence-a-juazeirense-e-retoma-a-lideranca-do-baianao\/"]}]},{"@type":"ImageObject","inLanguage":"pt-PT","@id":"https:\/\/brasilnoticias.org\/site\/vitoria-vence-a-juazeirense-e-retoma-a-lideranca-do-baianao\/#primaryimage","url":"https:\/\/brasilnoticias.org\/site\/wp-content\/uploads\/2024\/01\/145635vitoria-vence-a-juazeirense-e-retoma-a-lideranca-do-baianao-3.jpg","contentUrl":"https:\/\/brasilnoticias.org\/site\/wp-content\/uploads\/2024\/01\/145635vitoria-vence-a-juazeirense-e-retoma-a-lideranca-do-baianao-3.jpg","width":1600,"height":752},{"@type":"BreadcrumbList","@id":"https:\/\/brasilnoticias.org\/site\/vitoria-vence-a-juazeirense-e-retoma-a-lideranca-do-baianao\/#breadcrumb","itemListElement":[{"@type":"ListItem","position":1,"name":"In\u00edcio","item":"https:\/\/brasilnoticias.org\/site\/"},{"@type":"ListItem","position":2,"name":"Vit\u00f3ria vence a Juazeirense e retoma a lideran\u00e7a do Baian\u00e3o"}]},{"@type":"WebSite","@id":"https:\/\/brasilnoticias.org\/site\/#website","url":"https:\/\/brasilnoticias.org\/site\/","name":"Brasil not\u00edcias","description":"Brasil not\u00edcias","publisher":{"@id":"https:\/\/brasilnoticias.org\/site\/#organization"},"potentialAction":[{"@type":"SearchAction","target":{"@type":"EntryPoint","urlTemplate":"https:\/\/brasilnoticias.org\/site\/?s={search_term_string}"},"query-input":{"@type":"PropertyValueSpecification","valueRequired":true,"valueName":"search_term_string"}}],"inLanguage":"pt-PT"},{"@type":"Organization","@id":"https:\/\/brasilnoticias.org\/site\/#organization","name":"Brasil not\u00edcias","url":"https:\/\/brasilnoticias.org\/site\/","logo":{"@type":"ImageObject","inLanguage":"pt-PT","@id":"https:\/\/brasilnoticias.org\/site\/#\/schema\/logo\/image\/","url":"https:\/\/brasilnoticias.org\/site\/wp-content\/uploads\/2022\/05\/cropped-brasilnoticias-mini.jpg","contentUrl":"https:\/\/brasilnoticias.org\/site\/wp-content\/uploads\/2022\/05\/cropped-brasilnoticias-mini.jpg","width":314,"height":86,"caption":"Brasil not\u00edcias"},"image":{"@id":"https:\/\/brasilnoticias.org\/site\/#\/schema\/logo\/image\/"}},{"@type":"Person","@id":"https:\/\/brasilnoticias.org\/site\/#\/schema\/person\/03bbbfe6c7634ad18c26444ea39049fa","name":"Reda\u00e7\u00e3o","image":{"@type":"ImageObject","inLanguage":"pt-PT","@id":"https:\/\/brasilnoticias.org\/site\/#\/schema\/person\/image\/","url":"https:\/\/secure.gravatar.com\/avatar\/9ecaf7327a696cb23ad926fedded5f1f04d7049de9e445375d55b48c001a6e42?s=96&d=mm&r=g","contentUrl":"https:\/\/secure.gravatar.com\/avatar\/9ecaf7327a696cb23ad926fedded5f1f04d7049de9e445375d55b48c001a6e42?s=96&d=mm&r=g","caption":"Reda\u00e7\u00e3o"},"url":"https:\/\/brasilnoticias.org\/site\/author\/henrique\/"}]}},"_links":{"self":[{"href":"https:\/\/brasilnoticias.org\/site\/wp-json\/wp\/v2\/posts\/12449","targetHints":{"allow":["GET"]}}],"collection":[{"href":"https:\/\/brasilnoticias.org\/site\/wp-json\/wp\/v2\/posts"}],"about":[{"href":"https:\/\/brasilnoticias.org\/site\/wp-json\/wp\/v2\/types\/post"}],"author":[{"embeddable":true,"href":"https:\/\/brasilnoticias.org\/site\/wp-json\/wp\/v2\/users\/4"}],"replies":[{"embeddable":true,"href":"https:\/\/brasilnoticias.org\/site\/wp-json\/wp\/v2\/comments?post=12449"}],"version-history":[{"count":1,"href":"https:\/\/brasilnoticias.org\/site\/wp-json\/wp\/v2\/posts\/12449\/revisions"}],"predecessor-version":[{"id":12451,"href":"https:\/\/brasilnoticias.org\/site\/wp-json\/wp\/v2\/posts\/12449\/revisions\/12451"}],"wp:featuredmedia":[{"embeddable":true,"href":"https:\/\/brasilnoticias.org\/site\/wp-json\/wp\/v2\/media\/12450"}],"wp:attachment":[{"href":"https:\/\/brasilnoticias.org\/site\/wp-json\/wp\/v2\/media?parent=12449"}],"wp:term":[{"taxonomy":"category","embeddable":true,"href":"https:\/\/brasilnoticias.org\/site\/wp-json\/wp\/v2\/categories?post=12449"},{"taxonomy":"post_tag","embeddable":true,"href":"https:\/\/brasilnoticias.org\/site\/wp-json\/wp\/v2\/tags?post=12449"}],"curies":[{"name":"wp","href":"https:\/\/api.w.org\/{rel}","templated":true}]}}